{"id":48455,"date":"2020-05-01T18:46:16","date_gmt":"2020-05-01T23:46:16","guid":{"rendered":"http:\/\/www.grieta.org.mx\/?p=48455"},"modified":"2020-05-01T23:54:16","modified_gmt":"2020-05-02T04:54:16","slug":"tijuana-abre-mas-hoyos-en-sus-ya-concurridos-cementerios-baja-california","status":"publish","type":"post","link":"https:\/\/www.grieta.org.mx\/index.php\/2020\/05\/01\/tijuana-abre-mas-hoyos-en-sus-ya-concurridos-cementerios-baja-california\/","title":{"rendered":"Tijuana abre m\u00e1s hoyos en sus ya concurridos cementerios (Baja California)"},"content":{"rendered":"<p>El Pa\u00eds \/ Carmen Mor\u00e1n Bre\u00f1a y Hector Guerrero<\/p>\n<p>Tijuana.- Acostumbrada a la muerte, la ciudad de Tijuana tiene estos d\u00edas una raci\u00f3n extra. La pala excavadora ha abierto decenas de hoyos en la parte m\u00e1s alta de un cementerio que trepa monta\u00f1a arriba hasta llegar a un secarral inclemente donde el viento levanta tolvaneras de polvo que se mete en los ojos, se pega a la ropa y cubre los zapatos. Pante\u00f3n municipal n\u00famero 12. Eso es todo. El sol abrasa y los periodistas se re\u00fanen bajo la sombra de una furgoneta. Han tomado confianza con los enterradores para que les avisen cuando llegue un covid-19. Los obreros dan los \u00faltimos retoques a las tumbas. No se les ve, solo se oyen sus piquetas, que aparecen por encima del hoyo como la varilla de un metr\u00f3nomo. Cuando el primer coche f\u00fanebre abre su puerta trasera no hay duda: el virus que ha matado a Juan Velasco es el mismo del que habla el mundo entero. Los enterradores cargan el dep\u00f3sito de cloro y roc\u00edan el f\u00e9retro con el atomizador. Es el hisopo de las pandemias.<\/p>\n<p>A Juan Velasco le faltaron cuatro d\u00edas para cumplir 70 a\u00f1os. Trabajaba en una empacadora de fruta que le mand\u00f3 a casa por una semana cuando empezaron los s\u00edntomas y en ese tiempo se agrav\u00f3 su estado, lleg\u00f3 agonizando al hospital y muri\u00f3. \u201cSe fue en una silla de ruedas\u201d, dice su hija Nora, que ha dejado a su esposo en casa, tambi\u00e9n infectado, al cuidado de los ni\u00f1os. La acompa\u00f1an su hermano Manuel y su cu\u00f1ada. Tambi\u00e9n el primo Jaime, que se acerca para contar que el virus ha enterrado a su hermano de 47 a\u00f1os. Hizo el mismo recorrido: sin apenas respiraci\u00f3n lleg\u00f3 al hospital para morir de inmediato. En la lista oficial de fallecidos por SARS-coV-2 estos casos se registran como \u201csospechosos\u201d, porque ya nadie les hace una prueba fehaciente. Los que no lleguen al hospital no figurar\u00e1n ni como sospechosos.<\/p>\n<p>Tras la capital de M\u00e9xico, Tijuana, con cerca de 1,5 millones de habitantes, es la poblaci\u00f3n m\u00e1s afectada del pa\u00eds. De las 215 muertes contadas hasta el jueves 27 de abril en el Estado de Baja California, la inmensa mayor\u00eda se lloran en esta ciudad, en la cabeza de M\u00e9xico y a los pies de Estados Unidos. Fronteriza, su poblaci\u00f3n hermana es San Diego, y ambas se disputan la cuenta de fallecidos, pero un d\u00eda el r\u00e9cord cae a un lado de la valla migratoria y otro d\u00eda al otro. Los tres hospitales para la covid-19 de Tijuana suman 113 ventiladores, aunque la \u00faltima preocupaci\u00f3n en M\u00e9xico no parece ser la intubaci\u00f3n sino el n\u00famero de m\u00e9dicos capacitados para aplicarla. La ocupaci\u00f3n es desigual, pero a\u00fan hay margen para recibir pacientes: el hospital General est\u00e1 al 76%, el n\u00famero 1, al 68% y el 20, al 53% (con datos del pasado 27 de abril). El Gobernador del Estado ha pronunciado una de las frases que ser\u00e1n m\u00e1s c\u00e9lebres en la memoria de esta pandemia. Los m\u00e9dicos y el personal sanitario, dijo, \u201cest\u00e1n cayendo como moscas\u201d. Caus\u00f3 revuelo porque le reprochaba al Gobierno, de su mismo partido, la falta de equipos y material sanitario para garantizar su protecci\u00f3n.<\/p>\n<p>En cada hospital hacen lo que pueden. En el General, que depende del Estado de Baja California, el patronato, que tradicionalmente ha empe\u00f1ado su fuerza recaudatoria en el c\u00e1ncer infantil, estos d\u00edas se vuelca en la covid-19 y en dos semanas han conseguido cuatro millones de pesos, que \u201cnunca son suficientes\u201d, lamenta el presidente del patronato, Pedro Iv\u00e1n P\u00e9rez M\u00e9ndez. Cuentan con \u201cprotectores estrella\u201d, donantes de toda la vida, pero la solidaridad se reparte entre muchos que teclean en su tel\u00e9fono covid-19.phgt.org o entran en la p\u00e1gina phgt.org para dejar un donativo. \u201cLa comunidad est\u00e1 unida, y solo as\u00ed saldremos adelante\u201d. A pesar de todo, en las puertas del hospital los cad\u00e1veres pasan del coche privado a la funeraria sin m\u00e1s protocolo, y de ah\u00ed al crematorio. Los que tienen menos dinero hacen su \u00faltimo viaje hasta el Pante\u00f3n n\u00famero 12.<\/p>\n<p><img loading=\"lazy\" decoding=\"async\" data-attachment-id=\"48456\" data-permalink=\"https:\/\/www.grieta.org.mx\/index.php\/2020\/05\/01\/tijuana-abre-mas-hoyos-en-sus-ya-concurridos-cementerios-baja-california\/1-59\/\" data-orig-file=\"https:\/\/www.grieta.org.mx\/wp-content\/uploads\/2020\/05\/1.jpg\" data-orig-size=\"1500,1000\" data-comments-opened=\"0\" data-image-meta=\"{&quot;aperture&quot;:&quot;4&quot;,&quot;credit&quot;:&quot;&quot;,&quot;camera&quot;:&quot;DSC-RX100M5A&quot;,&quot;caption&quot;:&quot;&quot;,&quot;created_timestamp&quot;:&quot;1587993170&quot;,&quot;copyright&quot;:&quot;&quot;,&quot;focal_length&quot;:&quot;8.8&quot;,&quot;iso&quot;:&quot;80&quot;,&quot;shutter_speed&quot;:&quot;0.004&quot;,&quot;title&quot;:&quot;&quot;,&quot;orientation&quot;:&quot;1&quot;}\" data-image-title=\"1\" data-image-description=\"\" data-image-caption=\"\" data-medium-file=\"https:\/\/www.grieta.org.mx\/wp-content\/uploads\/2020\/05\/1-300x200.jpg\" data-large-file=\"https:\/\/www.grieta.org.mx\/wp-content\/uploads\/2020\/05\/1-1024x683.jpg\" class=\"aligncenter wp-image-48456\" src=\"http:\/\/www.grieta.org.mx\/wp-content\/uploads\/2020\/05\/1.jpg\" alt=\"\" width=\"800\" height=\"533\" srcset=\"https:\/\/www.grieta.org.mx\/wp-content\/uploads\/2020\/05\/1.jpg 1500w, https:\/\/www.grieta.org.mx\/wp-content\/uploads\/2020\/05\/1-300x200.jpg 300w, https:\/\/www.grieta.org.mx\/wp-content\/uploads\/2020\/05\/1-768x512.jpg 768w, https:\/\/www.grieta.org.mx\/wp-content\/uploads\/2020\/05\/1-1024x683.jpg 1024w, https:\/\/www.grieta.org.mx\/wp-content\/uploads\/2020\/05\/1-750x500.jpg 750w\" sizes=\"auto, (max-width: 800px) 100vw, 800px\" \/><br \/>\nFamiliares observan el entierro de su pariente a la distancia recomendada. En v\u00eddeo, im\u00e1genes de un funeral en Tijuana. (FOTO|VIDEO: HECTOR GUERRERO)<\/p>\n<p>A Juan Velasco lo est\u00e1n despidiendo cuatro familiares y un par de amigos. Los enterradores pelean con el ata\u00fad hasta encajarlo en el nicho abierto y la pala excavadora empuja el mont\u00f3n de tierra blanquecina para sepultarlo. El polvo obliga a volver la cara. No hay forma de escapar de \u00e9l. Ni del calor. Los zopilotes, o quiz\u00e1 son cuervos, planean m\u00e1s arriba de la monta\u00f1a. Lo m\u00e1s parecido es el cementerio de El Bueno, el feo y el malo: cientos de tumbas con una crucecita miserable, apenas dos palos con un nombre escrito a mano. T\u00famulo, cruz, t\u00famulo, cruz. Y as\u00ed una hect\u00e1rea tras otra, que ser\u00e1n 10 m\u00e1s en breve, \u201cpara otros tres a\u00f1os\u201d. A mano escribe tambi\u00e9n Nora el nombre de su padre y sobre la tierra amontonada clavan dos ramitos de flores que, dos horas despu\u00e9s, se habr\u00e1n vencido con el viento. Por 100 pesos (unos cinco euros), el Rorro y el Mu\u00f1eco, con sus sombreros blancos, echan unos cantes al funeral, como es costumbre norte\u00f1a. M\u00e1s all\u00e1 del sol, se titula la canci\u00f3n. El Mu\u00f1eco es un hombre achaparrado de 64 a\u00f1os que se llama Mario Salom\u00f3n. Es uno de los muchos que en estas tierras todav\u00eda preguntan si eso del virus es un invento del Gobierno. Y el Rorro es Hermelando Estrada, de la misma edad. Su madre lo abandon\u00f3 porque naci\u00f3 con cuatro dientes, dice sentado en una de las tumbas. \u201cPensaba que yo era un ser diab\u00f3lico. Me acogieron mis t\u00edos, que no ten\u00edan hijos. A los seis a\u00f1os supe que no eran mis padres y llor\u00e9 mucho, pero los he querido como si lo fueran\u201d. Durante toda la jornada arrastran el acorde\u00f3n y el tambor ladera abajo, ladera arriba, menos mal que llevan sombrero. La covid-19 tambi\u00e9n les ha afectado, \u201cporque ahora los entierros son r\u00e1pidos y no da tiempo ni a cantar\u201d. Pero cada vez que llega un coche f\u00fanebre se oyen unos acordes, a ver si a los deudos les da por encargar una despedida sonora.<\/p>\n<p>Entre las dos y las tres de la tarde se acumula el trabajo para los enterradores. De los 10 o 12 funerales que se celebran esa jornada, unos cuatro ser\u00e1n por covid-19. Si los cubren con tierra, se encargan profesionales con el equipo completo: buzo blanco, mascarilla, gafas. Pero si quieren cerrar con alba\u00f1iler\u00eda, los marmolistas lo har\u00e1n a pecho descubierto, aqu\u00ed no pasa nada. Algunas cajas vienen envueltas en pl\u00e1stico como las maletas de los aeropuertos. Cuando el finado no es de covid, la familia se consuela con apapachos y besos, muy lejos del protocolo establecido. E incluso los ni\u00f1os corretean por el camposanto. Muchas reglas para tan poco cumplimiento.<\/p>\n<p>Abajo en el hospital, los familiares se concentran en la explanada. Los madrugadores se adue\u00f1an de la p\u00edrrica sombra de unas palmeras. Esperan que salgan a nombrarles para recibir informaci\u00f3n de los ingresados. Muchos ya presienten lo peor. Pero antes, la param\u00e9dico del altavoz cita el n\u00famero de altas y se oye un aplauso. Despu\u00e9s vendr\u00e1n los llantos. Varios esperan ya el certificado de la defunci\u00f3n y las ropas del difunto. \u201cHa muerto mi pap\u00e1\u201d, dice Sergio Vela. A su lado est\u00e1 la madre, una anciana en silla de ruedas y la hermana. \u201cLo trajimos ayer y hoy nos llamaron, que hab\u00eda fallecido. Ten\u00eda una tosecilla de nada. Esos doctores de las farmacias son una porquer\u00eda, ni siquiera le checaron. Nunca cre\u00edmos que esa tos se agravar\u00eda, que ser\u00eda esto. Ayer me llam\u00f3 mi hermana. Lo trajimos con mucha dificultad para respirar y casi inconsciente. Mejoraba un poquito cuanto tomaba las medicinas y no quer\u00eda ingresar. Dicen que es neumon\u00eda\u201d. Otro caso \u201csospechoso\u201d.<\/p>\n<p><img loading=\"lazy\" decoding=\"async\" class=\"alignnone\" src=\"https:\/\/imagenes.elpais.com\/resizer\/7OlSRme2EQ8GlMtHvhgpKBKjAVQ=\/1500x0\/arc-anglerfish-eu-central-1-prod-prisa.s3.amazonaws.com\/public\/WEYJONNACFBXTKFJR6IN3PCGDQ.jpg\" alt=\"\" width=\"1500\" height=\"1000\" \/><br \/>\nSeguidores de una confesi\u00f3n rezan en el hospital regional n\u00famero 1. Hector Guerrero.<\/p>\n<p>El hospital es un puro drama. Hasta los que vuelven a su casa caminan con dificultad; salen con esa batita m\u00e1s de papel que de tela, y con los pies descalzos metidos en los patucos hospitalarios. As\u00ed montan en el auto entre el ir y venir de ambulancias. La explanada es como un tablero de ajedrez donde los familiares tratan de guardar la distancia debida siguiendo las marcas pegadas en el suelo. Ac\u00e1 un muchacho llora a espasmos y se lleva las manos a la cabeza sin consuelo. All\u00e1 una mujer ahoga el llanto abrazada a su pareja. Otros buscan refugio en s\u00ed mismos, sentados en el suelo, hechos un ovillo. Los hay que desconf\u00edan de lo que pasa tras esas puertas que no pueden franquear; y otros que, sin pruebas, dan por cierto un virus en el que no cre\u00edan. Muchos, demasiados siempre, como dec\u00eda el gobernador, \u201cvan cayendo como moscas\u201d.<\/p>\n<p><img loading=\"lazy\" decoding=\"async\" data-attachment-id=\"48457\" data-permalink=\"https:\/\/www.grieta.org.mx\/index.php\/2020\/05\/01\/tijuana-abre-mas-hoyos-en-sus-ya-concurridos-cementerios-baja-california\/3-40\/\" data-orig-file=\"https:\/\/www.grieta.org.mx\/wp-content\/uploads\/2020\/05\/3.jpg\" data-orig-size=\"1500,967\" data-comments-opened=\"0\" data-image-meta=\"{&quot;aperture&quot;:&quot;4&quot;,&quot;credit&quot;:&quot;&quot;,&quot;camera&quot;:&quot;DSC-RX100M5A&quot;,&quot;caption&quot;:&quot;&quot;,&quot;created_timestamp&quot;:&quot;1588086464&quot;,&quot;copyright&quot;:&quot;&quot;,&quot;focal_length&quot;:&quot;25.7&quot;,&quot;iso&quot;:&quot;400&quot;,&quot;shutter_speed&quot;:&quot;0.004&quot;,&quot;title&quot;:&quot;&quot;,&quot;orientation&quot;:&quot;1&quot;}\" data-image-title=\"3\" data-image-description=\"\" data-image-caption=\"\" data-medium-file=\"https:\/\/www.grieta.org.mx\/wp-content\/uploads\/2020\/05\/3-300x193.jpg\" data-large-file=\"https:\/\/www.grieta.org.mx\/wp-content\/uploads\/2020\/05\/3-1024x660.jpg\" class=\"aligncenter wp-image-48457\" src=\"http:\/\/www.grieta.org.mx\/wp-content\/uploads\/2020\/05\/3.jpg\" alt=\"\" width=\"800\" height=\"516\" srcset=\"https:\/\/www.grieta.org.mx\/wp-content\/uploads\/2020\/05\/3.jpg 1500w, https:\/\/www.grieta.org.mx\/wp-content\/uploads\/2020\/05\/3-300x193.jpg 300w, https:\/\/www.grieta.org.mx\/wp-content\/uploads\/2020\/05\/3-768x495.jpg 768w, https:\/\/www.grieta.org.mx\/wp-content\/uploads\/2020\/05\/3-1024x660.jpg 1024w, https:\/\/www.grieta.org.mx\/wp-content\/uploads\/2020\/05\/3-776x500.jpg 776w\" sizes=\"auto, (max-width: 800px) 100vw, 800px\" \/><br \/>\nUn joven llora tras conocer el fallecimiento de un familiar.Hector Guerrero \/ EL PAIS .<\/p>\n<p>Acostumbrada al ruido de las balas, Tijuana lucha hoy contra un mal silencioso, inveros\u00edmil, que llena los hospitales de impotencia y sube al cementerio levantando polvo en el camino. Como una tragedia en el pozo minero, los cad\u00e1veres van apareciendo uno tras otro. Cuando llega el tercero al Pante\u00f3n n\u00famero 12, en la camioneta de los sepultureros suena una canci\u00f3n melosa y machacona: \u201cqu\u00e9 bonita primavera\u201d, repite. Los periodistas siguen esperando en la estrecha sombra de la furgoneta.<\/p>\n<p><img loading=\"lazy\" decoding=\"async\" data-attachment-id=\"48458\" data-permalink=\"https:\/\/www.grieta.org.mx\/index.php\/2020\/05\/01\/tijuana-abre-mas-hoyos-en-sus-ya-concurridos-cementerios-baja-california\/4-38\/\" data-orig-file=\"https:\/\/www.grieta.org.mx\/wp-content\/uploads\/2020\/05\/4.jpg\" data-orig-size=\"1500,1000\" data-comments-opened=\"0\" data-image-meta=\"{&quot;aperture&quot;:&quot;4&quot;,&quot;credit&quot;:&quot;&quot;,&quot;camera&quot;:&quot;DSC-RX100M5A&quot;,&quot;caption&quot;:&quot;&quot;,&quot;created_timestamp&quot;:&quot;1588085343&quot;,&quot;copyright&quot;:&quot;&quot;,&quot;focal_length&quot;:&quot;21.19&quot;,&quot;iso&quot;:&quot;400&quot;,&quot;shutter_speed&quot;:&quot;0.0025&quot;,&quot;title&quot;:&quot;&quot;,&quot;orientation&quot;:&quot;1&quot;}\" data-image-title=\"4\" data-image-description=\"\" data-image-caption=\"\" data-medium-file=\"https:\/\/www.grieta.org.mx\/wp-content\/uploads\/2020\/05\/4-300x200.jpg\" data-large-file=\"https:\/\/www.grieta.org.mx\/wp-content\/uploads\/2020\/05\/4-1024x683.jpg\" class=\"aligncenter wp-image-48458\" src=\"http:\/\/www.grieta.org.mx\/wp-content\/uploads\/2020\/05\/4.jpg\" alt=\"\" width=\"800\" height=\"533\" srcset=\"https:\/\/www.grieta.org.mx\/wp-content\/uploads\/2020\/05\/4.jpg 1500w, https:\/\/www.grieta.org.mx\/wp-content\/uploads\/2020\/05\/4-300x200.jpg 300w, https:\/\/www.grieta.org.mx\/wp-content\/uploads\/2020\/05\/4-768x512.jpg 768w, https:\/\/www.grieta.org.mx\/wp-content\/uploads\/2020\/05\/4-1024x683.jpg 1024w, https:\/\/www.grieta.org.mx\/wp-content\/uploads\/2020\/05\/4-750x500.jpg 750w\" sizes=\"auto, (max-width: 800px) 100vw, 800px\" \/><br \/>\nUn paciente ingresa en el hospital n\u00famero 1 de Tijuana.Hector Guerrero.<\/p>\n<p>Una vacuna contra la violencia<\/p>\n<p>Las cifras de la violencia en Tijuana opacan una ciudad llena de vida cultural y con un rico paseo gastron\u00f3mico ba\u00f1ado por el Pac\u00edfico. A la morgue local llegan cada d\u00eda decenas de cad\u00e1veres, el 70% sin nombre, quiz\u00e1 migrantes, quiz\u00e1 indigentes. Nadie se llama a enga\u00f1o cuando en una caminata distra\u00edda por las calles principales le depara un cad\u00e1ver a la vuelta de la esquina. Un polic\u00eda custodia el cuerpo, indolente, tendido al sol tan largo es, mientras el puesto ambulante, a dos metros, sigue vendiendo tacos. Se trata de una muchacha habitual en la zona, dicen. Por la ma\u00f1ana amanecer\u00e1 en una sala helada de la sede forense, tan saturada, que antes de que se supiera qu\u00e9 significa covid-19 ya hab\u00edan ampliado en 120 plazas, a primeros de abril. A estas instalaciones entran 4.000 cuerpos al a\u00f1o, en tal estado muchos de ellos que se entiende por qu\u00e9 los gusanos crujen bajo los zapatos, el piso est\u00e1 sembrado. Las moscas oscurecen el techo. Y ese olor de otro mundo hace buenas las mascarillas, ya no aprietan, ni pican, anchas parecen. Cuerpos verdes, hinchados, cad\u00e1veres por el suelo y en las literas de metal. Si es que no caben. \u00bfCu\u00e1ntos de ellos llegan con covid-19? Qui\u00e9n sabe. \u201cLos certificados covid son muertes hospitalarias, en teor\u00eda, no implican la participaci\u00f3n forense\u201d, dice el jefe de estos servicios en Baja California, C\u00e9sar Vaca. Pero \u00e9l mismo menciona dos casos en la capital del Estado, Mexicali, en las \u00faltimas semanas, dos suicidios que cuando fueron analizados ten\u00edan covid-19. No est\u00e1n en las estad\u00edsticas de la pandemia porque otra muerte se adelant\u00f3 al virus. \u201cPero parece que eso perdura en los pulmones hasta 48 horas y estamos expuestos a ello. Tambi\u00e9n a tuberculosis y a hepatitis, y al sida\u2026 Siempre nos protegemos mucho. Tenemos equipos para ello\u201d, asegura. El problema vendr\u00e1, dice uno de los forenses del centro, cuando muchos de los enfermos de covid mueran en casa y acaben en estas instalaciones. Entonces quiz\u00e1 los equipos no sean suficientes. Y esas salas de luz blanca y olor nauseabundo, con puertas herrumbrosas de grandes cerrojos que hoy amontonan 270 cuerpos, se queden cortas. En Tijuana, a unos metros de San Diego, con miles de turistas que disfrutan del sol y la playa, hay calles a la orilla del infierno donde se oye el roce de pasos que se arrastran. Con los negocios cerrados, los mariachis dormitan a la espera de clientes y las prostitutas ya ni mienten el hambre; los drogadictos cruzan los puentes como zombis. Tijuana necesita con urgencia una vacuna que no es la de la covid-19.<\/p>\n<p><a href=\"https:\/\/elpais.com\/sociedad\/2020-05-01\/tijuana-abre-mas-hoyos-en-sus-ya-concurridos-cementerios.html\" target=\"_blank\" rel=\"noopener noreferrer\">https:\/\/elpais.com\/sociedad\/2020-05-01\/tijuana-abre-mas-hoyos-en-sus-ya-concurridos-cementerios.html<\/a><\/p>\n","protected":false},"excerpt":{"rendered":"<p>El Pa\u00eds \/ Carmen Mor\u00e1n Bre\u00f1a y Hector Guerrero Tijuana.- Acostumbrada a la muerte, la ciudad de Tijuana tiene estos d\u00edas una raci\u00f3n extra. La pala excavadora ha abierto decenas &hellip; <a href=\"https:\/\/www.grieta.org.mx\/index.php\/2020\/05\/01\/tijuana-abre-mas-hoyos-en-sus-ya-concurridos-cementerios-baja-california\/\" class=\"more-link\">Leer m\u00e1s<\/a><\/p>\n","protected":false},"author":2,"featured_media":48456,"comment_status":"closed","ping_status":"closed","sticky":false,"template":"","format":"standard","meta":{"ngg_post_thumbnail":0,"_jetpack_newsletter_access":"","_jetpack_dont_email_post_to_subs":false,"_jetpack_newsletter_tier_id":0,"_jetpack_memberships_contains_paywalled_content":false,"_jetpack_memberships_contains_paid_content":false,"footnotes":""},"categories":[5,80,3263,2438,2],"tags":[],"class_list":["post-48455","post","type-post","status-publish","format-standard","has-post-thumbnail","hentry","category-baja-california","category-cintillo","category-crisis-covid-19-en-baja-california","category-crisis-del-sector-salud-en-baja-california","category-noticias-nacionales","entry"],"jetpack_featured_media_url":"https:\/\/www.grieta.org.mx\/wp-content\/uploads\/2020\/05\/1.jpg","jetpack_sharing_enabled":true,"jetpack_shortlink":"https:\/\/wp.me\/p7ZJR4-cBx","jetpack_likes_enabled":false,"jetpack-related-posts":[{"id":47974,"url":"https:\/\/www.grieta.org.mx\/index.php\/2020\/04\/11\/una-zona-de-guerra-hospitales-de-tijuana-abrumados-por-pacientes-con-coronavirus-baja-california\/","url_meta":{"origin":48455,"position":0},"title":"Una zona de guerra: hospitales de Tijuana abrumados por pacientes con coronavirus (Baja California)","author":"grieta","date":"11 abril, 2020","format":false,"excerpt":"Tomado de The San Diego Union-Tribune \/ Por Vanguardia Por WENDY FRY \/ ALEXANDRA MENDOZA","rel":"","context":"En &quot;CINTILLO&quot;","block_context":{"text":"CINTILLO","link":"https:\/\/www.grieta.org.mx\/index.php\/category\/cintillo\/"},"img":{"alt_text":"","src":"https:\/\/i0.wp.com\/www.grieta.org.mx\/wp-content\/uploads\/2018\/03\/14524434_1106112876131411_958039263622046936_o.jpg?resize=350%2C200&ssl=1","width":350,"height":200,"srcset":"https:\/\/i0.wp.com\/www.grieta.org.mx\/wp-content\/uploads\/2018\/03\/14524434_1106112876131411_958039263622046936_o.jpg?resize=350%2C200&ssl=1 1x, https:\/\/i0.wp.com\/www.grieta.org.mx\/wp-content\/uploads\/2018\/03\/14524434_1106112876131411_958039263622046936_o.jpg?resize=525%2C300&ssl=1 1.5x, https:\/\/i0.wp.com\/www.grieta.org.mx\/wp-content\/uploads\/2018\/03\/14524434_1106112876131411_958039263622046936_o.jpg?resize=700%2C400&ssl=1 2x"},"classes":[]},{"id":48132,"url":"https:\/\/www.grieta.org.mx\/index.php\/2020\/04\/22\/baja-california-suma-60-contagios-de-covid-19-en-trabajadores-de-maquilas-en-tijuana-baja-california\/","url_meta":{"origin":48455,"position":1},"title":"Baja California suma 60 contagios de COVID-19 en trabajadores de maquilas en Tijuana","author":"grieta","date":"22 abril, 2020","format":false,"excerpt":"Sin Embargo \/ Redacci\u00f3n. Las personas contagiadas laboran en empresas instaladas en Tijuana. Foto: Zeta. Los 60 trabajadores enfermos laboran en empresas instaladas en el municipio de Tijuana, mismas ya que son supervisadas. Por Isabel Mercado. Tijuana, Baja California, 22 de abril (Zeta).\u2013 El n\u00famero contagiaos por COVID-19 en m\u00e9dicos\u2026","rel":"","context":"En &quot;Baja California&quot;","block_context":{"text":"Baja California","link":"https:\/\/www.grieta.org.mx\/index.php\/category\/noticias-nacionales\/baja-california\/"},"img":{"alt_text":"","src":"https:\/\/i0.wp.com\/www.grieta.org.mx\/wp-content\/uploads\/2020\/04\/photo4974342478853417218-1.jpg?resize=350%2C200&ssl=1","width":350,"height":200,"srcset":"https:\/\/i0.wp.com\/www.grieta.org.mx\/wp-content\/uploads\/2020\/04\/photo4974342478853417218-1.jpg?resize=350%2C200&ssl=1 1x, https:\/\/i0.wp.com\/www.grieta.org.mx\/wp-content\/uploads\/2020\/04\/photo4974342478853417218-1.jpg?resize=525%2C300&ssl=1 1.5x, https:\/\/i0.wp.com\/www.grieta.org.mx\/wp-content\/uploads\/2020\/04\/photo4974342478853417218-1.jpg?resize=700%2C400&ssl=1 2x, https:\/\/i0.wp.com\/www.grieta.org.mx\/wp-content\/uploads\/2020\/04\/photo4974342478853417218-1.jpg?resize=1050%2C600&ssl=1 3x"},"classes":[]},{"id":48135,"url":"https:\/\/www.grieta.org.mx\/index.php\/2020\/04\/23\/60-trabajadores-de-maquiladoras-de-tijuana-han-dado-positivo-a-coronavirus-el-contagio-en-el-personal-de-salud-de-baja-california-aumento-a-80\/","url_meta":{"origin":48455,"position":2},"title":"60 trabajadores de maquiladoras de Tijuana han dado positivo a coronavirus; el contagio en el personal de salud de Baja California aument\u00f3 a 80","author":"grieta","date":"23 abril, 2020","format":false,"excerpt":"Zeta Tijuana \/ Isabel Mercado. El n\u00famero contagiaos por COVID-19 en m\u00e9dicos y enfermeras de los hospitales de Baja California contin\u00faa en aumento, sumando hasta la fecha un total de 80, al igual que en las maquilas de Tijuana, sector que registra 60 casos positivos de coronavirus, dio a conocer\u2026","rel":"","context":"En &quot;Baja California&quot;","block_context":{"text":"Baja California","link":"https:\/\/www.grieta.org.mx\/index.php\/category\/noticias-nacionales\/baja-california\/"},"img":{"alt_text":"","src":"https:\/\/i0.wp.com\/www.grieta.org.mx\/wp-content\/uploads\/2020\/04\/WhatsApp-Image-2020-04-21-at-12.41.22.jpeg?resize=350%2C200&ssl=1","width":350,"height":200,"srcset":"https:\/\/i0.wp.com\/www.grieta.org.mx\/wp-content\/uploads\/2020\/04\/WhatsApp-Image-2020-04-21-at-12.41.22.jpeg?resize=350%2C200&ssl=1 1x, https:\/\/i0.wp.com\/www.grieta.org.mx\/wp-content\/uploads\/2020\/04\/WhatsApp-Image-2020-04-21-at-12.41.22.jpeg?resize=525%2C300&ssl=1 1.5x, https:\/\/i0.wp.com\/www.grieta.org.mx\/wp-content\/uploads\/2020\/04\/WhatsApp-Image-2020-04-21-at-12.41.22.jpeg?resize=700%2C400&ssl=1 2x, https:\/\/i0.wp.com\/www.grieta.org.mx\/wp-content\/uploads\/2020\/04\/WhatsApp-Image-2020-04-21-at-12.41.22.jpeg?resize=1050%2C600&ssl=1 3x"},"classes":[]},{"id":48467,"url":"https:\/\/www.grieta.org.mx\/index.php\/2020\/04\/27\/empresas-de-tijuana-y-mexicali-entre-las-que-incumplen-con-el-cierre-de-actividades-stps-baja-california\/","url_meta":{"origin":48455,"position":3},"title":"Empresas de Tijuana y Mexicali entre las que incumplen con el cierre de actividades: STPS (Baja California)","author":"grieta","date":"27 abril, 2020","format":false,"excerpt":"Colectivo grieta (con informaci\u00f3n de Lindero Norte \/ Antonio Heras) Baja California se encuentra entre las entidades del pa\u00eds donde m\u00e1s empresas rechazaron cerrar por el coronavirus; esto a pesar que dos de sus municipios se ubican entre los se mayor n\u00famero de contagios a nivel nacional, precisando que se\u2026","rel":"","context":"En &quot;Baja California&quot;","block_context":{"text":"Baja California","link":"https:\/\/www.grieta.org.mx\/index.php\/category\/noticias-nacionales\/baja-california\/"},"img":{"alt_text":"","src":"https:\/\/i0.wp.com\/www.grieta.org.mx\/wp-content\/uploads\/2018\/03\/14524434_1106112876131411_958039263622046936_o.jpg?resize=350%2C200&ssl=1","width":350,"height":200,"srcset":"https:\/\/i0.wp.com\/www.grieta.org.mx\/wp-content\/uploads\/2018\/03\/14524434_1106112876131411_958039263622046936_o.jpg?resize=350%2C200&ssl=1 1x, https:\/\/i0.wp.com\/www.grieta.org.mx\/wp-content\/uploads\/2018\/03\/14524434_1106112876131411_958039263622046936_o.jpg?resize=525%2C300&ssl=1 1.5x, https:\/\/i0.wp.com\/www.grieta.org.mx\/wp-content\/uploads\/2018\/03\/14524434_1106112876131411_958039263622046936_o.jpg?resize=700%2C400&ssl=1 2x"},"classes":[]},{"id":55915,"url":"https:\/\/www.grieta.org.mx\/index.php\/2020\/12\/19\/advierten-medicos-que-ya-no-hay-camas-covid19-en-hospital-general-de-tijuana-baja-california\/","url_meta":{"origin":48455,"position":4},"title":"Advierten m\u00e9dicos que ya no hay camas Covid19 en Hospital General de Tijuana (Baja California)","author":"grieta","date":"19 diciembre, 2020","format":false,"excerpt":"Lindero Norte \/ Antonio Heras *Qu\u00e9date en casa, piden Mexicali.- Personal m\u00e9dico y de enfermer\u00eda de la Secretar\u00eda de Salud de Baja California advirti\u00f3 la saturaci\u00f3n de hospitales p\u00fablicos de la entidad, en particular de Tijuana y Mexicali. Con leyendas en cartelones, expusieron la situaci\u00f3n que viven al interior de\u2026","rel":"","context":"En &quot;Baja California&quot;","block_context":{"text":"Baja California","link":"https:\/\/www.grieta.org.mx\/index.php\/category\/noticias-nacionales\/baja-california\/"},"img":{"alt_text":"","src":"https:\/\/i0.wp.com\/www.grieta.org.mx\/wp-content\/uploads\/2020\/12\/I.jpg?resize=350%2C200&ssl=1","width":350,"height":200,"srcset":"https:\/\/i0.wp.com\/www.grieta.org.mx\/wp-content\/uploads\/2020\/12\/I.jpg?resize=350%2C200&ssl=1 1x, https:\/\/i0.wp.com\/www.grieta.org.mx\/wp-content\/uploads\/2020\/12\/I.jpg?resize=525%2C300&ssl=1 1.5x, https:\/\/i0.wp.com\/www.grieta.org.mx\/wp-content\/uploads\/2020\/12\/I.jpg?resize=700%2C400&ssl=1 2x"},"classes":[]},{"id":49851,"url":"https:\/\/www.grieta.org.mx\/index.php\/2020\/05\/24\/los-hospitales-de-mexicali-estan-al-tope-reconoce-baja-california\/","url_meta":{"origin":48455,"position":5},"title":"Los hospitales de Mexicali est\u00e1n al tope, reconoce Baja California","author":"grieta","date":"24 mayo, 2020","format":false,"excerpt":"Proceso \/ Jesusa Cervantes. Alfonso P\u00e9rez Rico, secretario de Salud de Baja California en el gobierno de Jaime Bonilla. MEXICALI, BC.- Los hospitales de la capital bajacaliforniana est\u00e1n al tope y superan incluso a Tijuana en n\u00famero hospitalizaciones, as\u00ed como en casos acumulados y activos de covid-19, admiti\u00f3 el secretario\u2026","rel":"","context":"En &quot;Baja California&quot;","block_context":{"text":"Baja California","link":"https:\/\/www.grieta.org.mx\/index.php\/category\/noticias-nacionales\/baja-california\/"},"img":{"alt_text":"","src":"https:\/\/i0.wp.com\/www.grieta.org.mx\/wp-content\/uploads\/2020\/05\/baja_california_covid19_mexicali-870x522.jpg?resize=350%2C200&ssl=1","width":350,"height":200,"srcset":"https:\/\/i0.wp.com\/www.grieta.org.mx\/wp-content\/uploads\/2020\/05\/baja_california_covid19_mexicali-870x522.jpg?resize=350%2C200&ssl=1 1x, https:\/\/i0.wp.com\/www.grieta.org.mx\/wp-content\/uploads\/2020\/05\/baja_california_covid19_mexicali-870x522.jpg?resize=525%2C300&ssl=1 1.5x, https:\/\/i0.wp.com\/www.grieta.org.mx\/wp-content\/uploads\/2020\/05\/baja_california_covid19_mexicali-870x522.jpg?resize=700%2C400&ssl=1 2x"},"classes":[]}],"_links":{"self":[{"href":"https:\/\/www.grieta.org.mx\/index.php\/wp-json\/wp\/v2\/posts\/48455","targetHints":{"allow":["GET"]}}],"collection":[{"href":"https:\/\/www.grieta.org.mx\/index.php\/wp-json\/wp\/v2\/posts"}],"about":[{"href":"https:\/\/www.grieta.org.mx\/index.php\/wp-json\/wp\/v2\/types\/post"}],"author":[{"embeddable":true,"href":"https:\/\/www.grieta.org.mx\/index.php\/wp-json\/wp\/v2\/users\/2"}],"replies":[{"embeddable":true,"href":"https:\/\/www.grieta.org.mx\/index.php\/wp-json\/wp\/v2\/comments?post=48455"}],"version-history":[{"count":1,"href":"https:\/\/www.grieta.org.mx\/index.php\/wp-json\/wp\/v2\/posts\/48455\/revisions"}],"predecessor-version":[{"id":48459,"href":"https:\/\/www.grieta.org.mx\/index.php\/wp-json\/wp\/v2\/posts\/48455\/revisions\/48459"}],"wp:featuredmedia":[{"embeddable":true,"href":"https:\/\/www.grieta.org.mx\/index.php\/wp-json\/wp\/v2\/media\/48456"}],"wp:attachment":[{"href":"https:\/\/www.grieta.org.mx\/index.php\/wp-json\/wp\/v2\/media?parent=48455"}],"wp:term":[{"taxonomy":"category","embeddable":true,"href":"https:\/\/www.grieta.org.mx\/index.php\/wp-json\/wp\/v2\/categories?post=48455"},{"taxonomy":"post_tag","embeddable":true,"href":"https:\/\/www.grieta.org.mx\/index.php\/wp-json\/wp\/v2\/tags?post=48455"}],"curies":[{"name":"wp","href":"https:\/\/api.w.org\/{rel}","templated":true}]}}