{"id":48449,"date":"2020-05-01T19:35:18","date_gmt":"2020-05-02T00:35:18","guid":{"rendered":"http:\/\/www.grieta.org.mx\/?p=48449"},"modified":"2020-05-01T22:01:49","modified_gmt":"2020-05-02T03:01:49","slug":"criminal-la-reapertura-de-maquiladoras-de-baja-california-en-fase-critica-de-covid-19-congreso-del-trabajo","status":"publish","type":"post","link":"https:\/\/www.grieta.org.mx\/index.php\/2020\/05\/01\/criminal-la-reapertura-de-maquiladoras-de-baja-california-en-fase-critica-de-covid-19-congreso-del-trabajo\/","title":{"rendered":"Criminal la reapertura de maquiladoras de Baja California en fase cr\u00edtica de Covid-19: Congreso del Trabajo"},"content":{"rendered":"<p>Lindero Norte \/ Antonio Heras.<\/p>\n<p><img loading=\"lazy\" decoding=\"async\" src=\"https:\/\/i0.wp.com\/linderonorte.com\/wp-content\/uploads\/2020\/05\/IMG-20200501-WA0052.jpg?w=764&#038;ssl=1\" width=\"764\" height=\"430\" class=\"alignnone size-full\" \/><\/p>\n<p><img loading=\"lazy\" decoding=\"async\" src=\"https:\/\/i0.wp.com\/linderonorte.com\/wp-content\/uploads\/2020\/05\/img-20200501-wa00511330796598718387489.jpg?w=950&#038;ssl=1\" width=\"950\" height=\"817\" class=\"alignnone size-full\" \/><\/p>\n<p>*Piden filtros sanitarios en la frontera con California antes que se colapse sistema de salud bajacaliforniano.<\/p>\n<p>Mexicali.- Representantes de trabajadores y activistas sociales protestaron en el Centro C\u00edvico de Mexicali por la decisi\u00f3n criminal del gobierno de Baja California de autorizar la reapertura de maquiladoras en la fase cr\u00edtica del Covid-19 y para exigir al gobierno federal que se establezcan filtros sanitarios en la frontera con California antes que se colapse el sistema de Salud de Baja California. <\/p>\n<p>El presidente del Congreso del Trabajo, Carlos Maya Quevedo, dirigente del Sindicato \u00danico de Trabajadores del ISSSTECALI, advirti\u00f3 que este sistema est\u00e1 a punto de colapsar en hospitales.<\/p>\n<p>Hace dos meses, record\u00f3, Estados Unidos cerr\u00f3 sus fronteras a los turistas y solo autorizan el paso por las garitas internacionales por cuestiones de trabajo y salud.<\/p>\n<p>Maya Quevedo, m\u00e9dico traumat\u00f3logo, advirti\u00f3 que a\u00fan es tiempo de tomar esta decisi\u00f3n pues Baja California est\u00e1 en la fase cr\u00edtica de la pandemia y se ubica en los primeros lugares de muertes y contagios de Covid-19. <\/p>\n<p>En los 190 kil\u00f3metros de frontera con California hay seis garitas internacionales en las que solo se permite el acceso a California a residentes y ciudadanos estadunidenses o a turistas en casos especiales y justificados incluso cerraron las operaciones nocturnas de tres garitas. Hacia Baja California los puertos fronterizos est\u00e1n abiertos.<\/p>\n<p>Ignacio Gastelum, maestro integrante del movimiento de Resistencias Unifas, se pronunci\u00f3 porque los trabajadores se queden en sus casas hasta controlar la pandemia y critic\u00f3 la reapertura de empresas maquiladoras bajo el pretexto de formar parte de la cadena de suministro de insumos de productos esenciales.<\/p>\n<p>La profesora Alma Araceli Pi\u00f1a, de Resistencias Unidas, advirti\u00f3 que la lucha actual de los trabajadores y las organizaciones independientes es por la defensa de la vida y del derecho a la salud.<\/p>\n<p>El movimiento de Resistencias Unidas promovieron la abrogaci\u00f3n de la Ley estatal del Agua en 2017 por su tendencia privatizadora y la consulta popular de la cervecera Constellation Brands, primero a trav\u00e9s de la petici\u00f3n de un plebiscito que cancel\u00f3 el Instituto Estatal Electoral por considerar que el asunto no era trascendente y despu\u00e9s con la iniciativa de la Federaci\u00f3n en la tercer semana de marzo.<\/p>\n<p>En un manifiesto, el Congreso del Trabajo, los Comit\u00e9s de las colonias Independencia y Cerro Prieto 2, Di\u00e1logo de Trabajadores y J\u00f3venes y la comunidad Baja California Resiste, acusaron a los empresarios, en particular a los de las maquiladoras, de resistirse a dejar que sus trabajadores respeten la cuarentena, a pesar que es inminente el pico de la epidemia.<\/p>\n<p>En especial las f\u00e1bricas que producen para empresas norteamericanas con el argumento de que son \u00abesenciales\u201d para mantener las \u201ccadenas de valor\u00bb. Para ellos primero es la ganancia y no la vida de las y los trabajadores\u00bb, se\u00f1alaron<\/p>\n<p>Apuntaron que el gobernador Jaime Bonilla y el secretario de Econom\u00eda Sustentable, Mario Escobedo, tomaron una decisi\u00f3n criminal al permitir la reactivaci\u00f3n de al menos 35 compa\u00f1\u00edas ba\u00f1o el argumento que \u201clos trabajadores est\u00e1n m\u00e1s seguros\u201d dentro de las empresas.<\/p>\n<p>Dijeron no entender porqu\u00e9 a pesar de todos los anuncios de que los trabajadores del sector salud est\u00e1n protegidos, una y otra vez aparecen m\u00e9dicos y enfermeras denunciando y exigiendo todos los insumos necesarios para protegerse y atender a la poblaci\u00f3n sospechosa de tener la enfermedad o infectada.<\/p>\n<p>Adem\u00e1s criticaron a las organizaciones sindicales que abandonaron la defensa de los trabajadores y se pusieron al lado de los patrones.<\/p>\n<p><a href=\"https:\/\/linderonorte.com\/2020\/05\/01\/criminal-la-reapertura-de-maquiladoras-de-bc-en-fase-critica-de-covid-19-congreso-del-trabajo\/\" rel=\"noopener noreferrer\" target=\"_blank\">https:\/\/linderonorte.com\/2020\/05\/01\/criminal-la-reapertura-de-maquiladoras-de-bc-en-fase-critica-de-covid-19-congreso-del-trabajo\/<\/a><\/p>\n","protected":false},"excerpt":{"rendered":"<p>Lindero Norte \/ Antonio Heras. *Piden filtros sanitarios en la frontera con California antes que se colapse sistema de salud bajacaliforniano. Mexicali.- Representantes de trabajadores y activistas sociales protestaron en &hellip; <a href=\"https:\/\/www.grieta.org.mx\/index.php\/2020\/05\/01\/criminal-la-reapertura-de-maquiladoras-de-baja-california-en-fase-critica-de-covid-19-congreso-del-trabajo\/\" class=\"more-link\">Leer m\u00e1s<\/a><\/p>\n","protected":false},"author":2,"featured_media":21928,"comment_status":"closed","ping_status":"closed","sticky":false,"template":"","format":"standard","meta":{"ngg_post_thumbnail":0,"_jetpack_newsletter_access":"","_jetpack_dont_email_post_to_subs":false,"_jetpack_newsletter_tier_id":0,"_jetpack_memberships_contains_paywalled_content":false,"_jetpack_memberships_contains_paid_content":false,"footnotes":""},"categories":[5,80,1207,3263,2],"tags":[],"class_list":["post-48449","post","type-post","status-publish","format-standard","has-post-thumbnail","hentry","category-baja-california","category-cintillo","category-conflictos-laborales-en-baja-california","category-crisis-covid-19-en-baja-california","category-noticias-nacionales","entry"],"jetpack_featured_media_url":"https:\/\/www.grieta.org.mx\/wp-content\/uploads\/2018\/03\/14524434_1106112876131411_958039263622046936_o.jpg","jetpack_sharing_enabled":true,"jetpack_shortlink":"https:\/\/wp.me\/p7ZJR4-cBr","jetpack_likes_enabled":false,"jetpack-related-posts":[{"id":49705,"url":"https:\/\/www.grieta.org.mx\/index.php\/2020\/05\/19\/trabajadores-de-maquiladoras-en-la-frontera-norte-protestan-ante-reinicio-de-actividades-baja-california-chihuahua-tamaulipas\/","url_meta":{"origin":48449,"position":0},"title":"TRABAJADORES DE MAQUILADORAS EN LA FRONTERA NORTE PROTESTAN ANTE REINICIO DE ACTIVIDADES (Baja California, Chihuahua, Tamaulipas)","author":"grieta","date":"19 mayo, 2020","format":false,"excerpt":"Lucy Sanabria\/Sopitas.com 19 mayo 2020 Foto: Cuatoscuro El gobierno se alista para la \u201cnueva normalidad\u201d, el regreso a las actividades econ\u00f3micas. Sin embargo, \u00bfc\u00f3mo se har\u00e1 la reapertura si en algunas zonas hay un mont\u00f3n de problemas en cuanto a los protocolos de la Emergencia Sanitaria y se han registrado\u2026","rel":"","context":"En &quot;Baja California&quot;","block_context":{"text":"Baja California","link":"https:\/\/www.grieta.org.mx\/index.php\/category\/noticias-nacionales\/baja-california\/"},"img":{"alt_text":"","src":"https:\/\/i0.wp.com\/www.grieta.org.mx\/wp-content\/uploads\/2020\/05\/protestas-maquiladoras-tijuana-baja-california-coronavirus-1110x581.jpeg?resize=350%2C200&ssl=1","width":350,"height":200,"srcset":"https:\/\/i0.wp.com\/www.grieta.org.mx\/wp-content\/uploads\/2020\/05\/protestas-maquiladoras-tijuana-baja-california-coronavirus-1110x581.jpeg?resize=350%2C200&ssl=1 1x, https:\/\/i0.wp.com\/www.grieta.org.mx\/wp-content\/uploads\/2020\/05\/protestas-maquiladoras-tijuana-baja-california-coronavirus-1110x581.jpeg?resize=525%2C300&ssl=1 1.5x, https:\/\/i0.wp.com\/www.grieta.org.mx\/wp-content\/uploads\/2020\/05\/protestas-maquiladoras-tijuana-baja-california-coronavirus-1110x581.jpeg?resize=700%2C400&ssl=1 2x, https:\/\/i0.wp.com\/www.grieta.org.mx\/wp-content\/uploads\/2020\/05\/protestas-maquiladoras-tijuana-baja-california-coronavirus-1110x581.jpeg?resize=1050%2C600&ssl=1 3x"},"classes":[]},{"id":48910,"url":"https:\/\/www.grieta.org.mx\/index.php\/2020\/05\/03\/reanudan-maquiladoras-actividades-en-baja-california-con-aval-del-gobierno-en-fase-critica-y-vispera-del-pico-maximo-de-covid-19\/","url_meta":{"origin":48449,"position":1},"title":"Reanudan maquiladoras actividades en Baja California, con aval del gobierno, en fase cr\u00edtica y v\u00edspera del pico m\u00e1ximo de Covid-19","author":"grieta","date":"3 mayo, 2020","format":false,"excerpt":"Lindero Norte \/ Antonio Heras y Jorge Heras. *Apostaron por la industria m\u00e1s que por la salud y la vida de los trabajadores, advierte acad\u00e9mico Mexicali.- En la semana de la fase cr\u00edtica por el Covid-19, miles de trabajadores de un centenar de industrias maquiladoras y de manufactura de exportaci\u00f3n\u2026","rel":"","context":"En &quot;Baja California&quot;","block_context":{"text":"Baja California","link":"https:\/\/www.grieta.org.mx\/index.php\/category\/noticias-nacionales\/baja-california\/"},"img":{"alt_text":"","src":"https:\/\/i0.wp.com\/www.grieta.org.mx\/wp-content\/uploads\/2018\/03\/14524434_1106112876131411_958039263622046936_o.jpg?resize=350%2C200&ssl=1","width":350,"height":200,"srcset":"https:\/\/i0.wp.com\/www.grieta.org.mx\/wp-content\/uploads\/2018\/03\/14524434_1106112876131411_958039263622046936_o.jpg?resize=350%2C200&ssl=1 1x, https:\/\/i0.wp.com\/www.grieta.org.mx\/wp-content\/uploads\/2018\/03\/14524434_1106112876131411_958039263622046936_o.jpg?resize=525%2C300&ssl=1 1.5x, https:\/\/i0.wp.com\/www.grieta.org.mx\/wp-content\/uploads\/2018\/03\/14524434_1106112876131411_958039263622046936_o.jpg?resize=700%2C400&ssl=1 2x"},"classes":[]},{"id":49292,"url":"https:\/\/www.grieta.org.mx\/index.php\/2020\/05\/15\/aumentan-denuncias-por-contagio-de-covid-19-en-maquiladoras-de-mexicali-baja-california\/","url_meta":{"origin":48449,"position":2},"title":"Aumentan denuncias por contagio de covid 19 en maquiladoras de Mexicali (Baja California)","author":"grieta","date":"15 mayo, 2020","format":false,"excerpt":"Lindero Norte \/ Antonio Heras. *Subregistro de casos confirmados por rezago de pruebas en pacientes del IMSS. Reconoce Salud que reporta 3 mil casos aunque en realidad son 3 mil 296. Mexicali.- Una serie de contagios de Covid-19 entre trabajadores de f\u00e1bricas instaladas en parques de la industria maquiladoras y\u2026","rel":"","context":"En &quot;Baja California&quot;","block_context":{"text":"Baja California","link":"https:\/\/www.grieta.org.mx\/index.php\/category\/noticias-nacionales\/baja-california\/"},"img":{"alt_text":"","src":"https:\/\/i0.wp.com\/www.grieta.org.mx\/wp-content\/uploads\/2018\/03\/14524434_1106112876131411_958039263622046936_o.jpg?resize=350%2C200&ssl=1","width":350,"height":200,"srcset":"https:\/\/i0.wp.com\/www.grieta.org.mx\/wp-content\/uploads\/2018\/03\/14524434_1106112876131411_958039263622046936_o.jpg?resize=350%2C200&ssl=1 1x, https:\/\/i0.wp.com\/www.grieta.org.mx\/wp-content\/uploads\/2018\/03\/14524434_1106112876131411_958039263622046936_o.jpg?resize=525%2C300&ssl=1 1.5x, https:\/\/i0.wp.com\/www.grieta.org.mx\/wp-content\/uploads\/2018\/03\/14524434_1106112876131411_958039263622046936_o.jpg?resize=700%2C400&ssl=1 2x"},"classes":[]},{"id":48664,"url":"https:\/\/www.grieta.org.mx\/index.php\/2020\/05\/06\/reanudaron-operaciones-maquiladoras-sin-permisos-oficiales-nadie-se-responsabiliza-sibatrem-mx-baja-california\/","url_meta":{"origin":48449,"position":3},"title":"Reanudaron operaciones maquiladoras sin permisos oficiales, nadie se responsabiliza: Sibatrem MX (Baja California)","author":"grieta","date":"6 mayo, 2020","format":false,"excerpt":"Lindero Norte \/ Antonio Heras *Denuncian despidos injustificados, trabajo obligatorio a madres lactantes e incumplimiento de sana distancia Mexicali.- Organizaciones sindicales denunciaron presi\u00f3n de empresas maquiladoras que reanudaron actividades para despedir a quienes se manifestaron en contra de las condiciones de trabajo y su operaci\u00f3n sin ser actividades esenciales. Otra\u2026","rel":"","context":"En &quot;Baja California&quot;","block_context":{"text":"Baja California","link":"https:\/\/www.grieta.org.mx\/index.php\/category\/noticias-nacionales\/baja-california\/"},"img":{"alt_text":"","src":"https:\/\/i0.wp.com\/www.grieta.org.mx\/wp-content\/uploads\/2018\/03\/14524434_1106112876131411_958039263622046936_o.jpg?resize=350%2C200&ssl=1","width":350,"height":200,"srcset":"https:\/\/i0.wp.com\/www.grieta.org.mx\/wp-content\/uploads\/2018\/03\/14524434_1106112876131411_958039263622046936_o.jpg?resize=350%2C200&ssl=1 1x, https:\/\/i0.wp.com\/www.grieta.org.mx\/wp-content\/uploads\/2018\/03\/14524434_1106112876131411_958039263622046936_o.jpg?resize=525%2C300&ssl=1 1.5x, https:\/\/i0.wp.com\/www.grieta.org.mx\/wp-content\/uploads\/2018\/03\/14524434_1106112876131411_958039263622046936_o.jpg?resize=700%2C400&ssl=1 2x"},"classes":[]},{"id":49295,"url":"https:\/\/www.grieta.org.mx\/index.php\/2020\/05\/15\/reporta-salud-430-contagios-en-maquiladoras-de-baja-california-7-de-cada-10-en-hospitales\/","url_meta":{"origin":48449,"position":4},"title":"Reporta Salud 430 contagios en maquiladoras de Baja California; 7 de cada 10 en hospitales","author":"grieta","date":"15 mayo, 2020","format":false,"excerpt":"Lindero Norte \/ Antonio Heras y Jorge Heras. *Me contagiaron en Breg M\u00e9xico, acusa trabajadora de maquila en parque industrial Palaco de Mexicali. Mexicali.- Una trabajadora de la empresa maquiladora Breg M\u00e9xico, madre de una ni\u00f1a de dos a\u00f1os, result\u00f3 contagiada de Covid 19 durante su turno laboral en la\u2026","rel":"","context":"En &quot;Baja California&quot;","block_context":{"text":"Baja California","link":"https:\/\/www.grieta.org.mx\/index.php\/category\/noticias-nacionales\/baja-california\/"},"img":{"alt_text":"","src":"https:\/\/i0.wp.com\/www.grieta.org.mx\/wp-content\/uploads\/2018\/03\/14524434_1106112876131411_958039263622046936_o.jpg?resize=350%2C200&ssl=1","width":350,"height":200,"srcset":"https:\/\/i0.wp.com\/www.grieta.org.mx\/wp-content\/uploads\/2018\/03\/14524434_1106112876131411_958039263622046936_o.jpg?resize=350%2C200&ssl=1 1x, https:\/\/i0.wp.com\/www.grieta.org.mx\/wp-content\/uploads\/2018\/03\/14524434_1106112876131411_958039263622046936_o.jpg?resize=525%2C300&ssl=1 1.5x, https:\/\/i0.wp.com\/www.grieta.org.mx\/wp-content\/uploads\/2018\/03\/14524434_1106112876131411_958039263622046936_o.jpg?resize=700%2C400&ssl=1 2x"},"classes":[]},{"id":49065,"url":"https:\/\/www.grieta.org.mx\/index.php\/2020\/05\/13\/maquiladoras-de-la-frontera-norte-consideradas-no-esenciales-reactivan-actividades-baja-california\/","url_meta":{"origin":48449,"position":5},"title":"Maquiladoras de la Frontera Norte consideradas no esenciales reactivan actividades (Baja California)","author":"grieta","date":"13 mayo, 2020","format":false,"excerpt":"Animal Pol\u00edtico \/ Redacci\u00f3n Las maquilas se reactivar\u00e1n a pesar de que Baja California ocupa el segundo lugar nacional en defunciones con 251, y es el tercer estado con m\u00e1s casos confirmados por COVID-19. Foto: Cuartoscuro En la Frontera Norte de M\u00e9xico las autoridades locales ordenaron la reapertura de empresas\u2026","rel":"","context":"En &quot;Baja California&quot;","block_context":{"text":"Baja California","link":"https:\/\/www.grieta.org.mx\/index.php\/category\/noticias-nacionales\/baja-california\/"},"img":{"alt_text":"","src":"https:\/\/i0.wp.com\/www.grieta.org.mx\/wp-content\/uploads\/2020\/05\/cuartoscuro_706282_digital-e1588681532549.jpeg?resize=350%2C200&ssl=1","width":350,"height":200,"srcset":"https:\/\/i0.wp.com\/www.grieta.org.mx\/wp-content\/uploads\/2020\/05\/cuartoscuro_706282_digital-e1588681532549.jpeg?resize=350%2C200&ssl=1 1x, https:\/\/i0.wp.com\/www.grieta.org.mx\/wp-content\/uploads\/2020\/05\/cuartoscuro_706282_digital-e1588681532549.jpeg?resize=525%2C300&ssl=1 1.5x, https:\/\/i0.wp.com\/www.grieta.org.mx\/wp-content\/uploads\/2020\/05\/cuartoscuro_706282_digital-e1588681532549.jpeg?resize=700%2C400&ssl=1 2x, https:\/\/i0.wp.com\/www.grieta.org.mx\/wp-content\/uploads\/2020\/05\/cuartoscuro_706282_digital-e1588681532549.jpeg?resize=1050%2C600&ssl=1 3x, https:\/\/i0.wp.com\/www.grieta.org.mx\/wp-content\/uploads\/2020\/05\/cuartoscuro_706282_digital-e1588681532549.jpeg?resize=1400%2C800&ssl=1 4x"},"classes":[]}],"_links":{"self":[{"href":"https:\/\/www.grieta.org.mx\/index.php\/wp-json\/wp\/v2\/posts\/48449","targetHints":{"allow":["GET"]}}],"collection":[{"href":"https:\/\/www.grieta.org.mx\/index.php\/wp-json\/wp\/v2\/posts"}],"about":[{"href":"https:\/\/www.grieta.org.mx\/index.php\/wp-json\/wp\/v2\/types\/post"}],"author":[{"embeddable":true,"href":"https:\/\/www.grieta.org.mx\/index.php\/wp-json\/wp\/v2\/users\/2"}],"replies":[{"embeddable":true,"href":"https:\/\/www.grieta.org.mx\/index.php\/wp-json\/wp\/v2\/comments?post=48449"}],"version-history":[{"count":1,"href":"https:\/\/www.grieta.org.mx\/index.php\/wp-json\/wp\/v2\/posts\/48449\/revisions"}],"predecessor-version":[{"id":48450,"href":"https:\/\/www.grieta.org.mx\/index.php\/wp-json\/wp\/v2\/posts\/48449\/revisions\/48450"}],"wp:featuredmedia":[{"embeddable":true,"href":"https:\/\/www.grieta.org.mx\/index.php\/wp-json\/wp\/v2\/media\/21928"}],"wp:attachment":[{"href":"https:\/\/www.grieta.org.mx\/index.php\/wp-json\/wp\/v2\/media?parent=48449"}],"wp:term":[{"taxonomy":"category","embeddable":true,"href":"https:\/\/www.grieta.org.mx\/index.php\/wp-json\/wp\/v2\/categories?post=48449"},{"taxonomy":"post_tag","embeddable":true,"href":"https:\/\/www.grieta.org.mx\/index.php\/wp-json\/wp\/v2\/tags?post=48449"}],"curies":[{"name":"wp","href":"https:\/\/api.w.org\/{rel}","templated":true}]}}