{"id":48440,"date":"2020-04-23T14:55:56","date_gmt":"2020-04-23T19:55:56","guid":{"rendered":"http:\/\/www.grieta.org.mx\/?p=48440"},"modified":"2020-05-01T15:07:31","modified_gmt":"2020-05-01T20:07:31","slug":"torturadas-semidesnudas-y-amarradas-asesinan-a-4-mujeres-en-5-dias-en-colima","status":"publish","type":"post","link":"https:\/\/www.grieta.org.mx\/index.php\/2020\/04\/23\/torturadas-semidesnudas-y-amarradas-asesinan-a-4-mujeres-en-5-dias-en-colima\/","title":{"rendered":"Torturadas, semidesnudas y amarradas, asesinan a 4 mujeres en 5 d\u00edas en Colima"},"content":{"rendered":"<p><img loading=\"lazy\" decoding=\"async\" data-attachment-id=\"48441\" data-permalink=\"https:\/\/www.grieta.org.mx\/index.php\/2020\/04\/23\/torturadas-semidesnudas-y-amarradas-asesinan-a-4-mujeres-en-5-dias-en-colima\/mapa-de-homicidio-23-de-abril\/\" data-orig-file=\"https:\/\/www.grieta.org.mx\/wp-content\/uploads\/2020\/05\/Mapa-de-homicidio-23-de-abril.png\" data-orig-size=\"1022,576\" data-comments-opened=\"0\" data-image-meta=\"{&quot;aperture&quot;:&quot;0&quot;,&quot;credit&quot;:&quot;&quot;,&quot;camera&quot;:&quot;&quot;,&quot;caption&quot;:&quot;&quot;,&quot;created_timestamp&quot;:&quot;0&quot;,&quot;copyright&quot;:&quot;&quot;,&quot;focal_length&quot;:&quot;0&quot;,&quot;iso&quot;:&quot;0&quot;,&quot;shutter_speed&quot;:&quot;0&quot;,&quot;title&quot;:&quot;&quot;,&quot;orientation&quot;:&quot;0&quot;}\" data-image-title=\"Mapa-de-homicidio-23-de-abril\" data-image-description=\"\" data-image-caption=\"\" data-medium-file=\"https:\/\/www.grieta.org.mx\/wp-content\/uploads\/2020\/05\/Mapa-de-homicidio-23-de-abril-300x169.png\" data-large-file=\"https:\/\/www.grieta.org.mx\/wp-content\/uploads\/2020\/05\/Mapa-de-homicidio-23-de-abril.png\" class=\"aligncenter wp-image-48441\" src=\"http:\/\/www.grieta.org.mx\/wp-content\/uploads\/2020\/05\/Mapa-de-homicidio-23-de-abril.png\" alt=\"\" width=\"800\" height=\"451\" srcset=\"https:\/\/www.grieta.org.mx\/wp-content\/uploads\/2020\/05\/Mapa-de-homicidio-23-de-abril.png 1022w, https:\/\/www.grieta.org.mx\/wp-content\/uploads\/2020\/05\/Mapa-de-homicidio-23-de-abril-300x169.png 300w, https:\/\/www.grieta.org.mx\/wp-content\/uploads\/2020\/05\/Mapa-de-homicidio-23-de-abril-768x433.png 768w, https:\/\/www.grieta.org.mx\/wp-content\/uploads\/2020\/05\/Mapa-de-homicidio-23-de-abril-887x500.png 887w\" sizes=\"auto, (max-width: 800px) 100vw, 800px\" \/><\/p>\n<p>Imagen: Diario Avanzada<\/p>\n<p>Redacci\u00f3n \/ El Diario Avanzada<\/p>\n<p>Colima, M\u00e9xico, Avanzada (23\/04\/2020).- Cuatro mujeres fueron asesinadas en los \u00faltimos cinco d\u00edas en el estado de Colima. Flotando en un canal, en un campo agr\u00edcola, semidesnudas, amarradas o torturadas, los asesinos no tienen piedad.<\/p>\n<p>Link para consultar el Mapa de los Homicidios en Colima:<br \/>\n<a class=\"aioseop-link\" href=\"https:\/\/www.diarioavanzada.com.mx\/?page_id=10985\">https:\/\/www.diarioavanzada.com.mx\/?page_id=10985<\/a><\/p>\n<p>Durante la madrugada de este 17 de abril se reportaron detonaciones de arma de fuego, localizando sin vida a una mujer de aproximadamente 20 a\u00f1os, con tres heridas producidas por las balas, en cabeza, cuello y espalda. Los hechos se registraron en las inmediaciones de la colonia Ferrocarril en Armer\u00eda, Colima.<\/p>\n<p>Adem\u00e1s, la tarde de este 21 de abril, el cad\u00e1ver semi desnudo de una mujer de aproximadamente 20 a\u00f1os de edad y con un tatuaje en la espalda, fue rescatado por elementos de la Fiscal\u00eda General en un canal de riego entre las colonias Cuarta y Quinta, rumbo a la laguna de Alcuzahue.<\/p>\n<p>En otro hecho, el mi\u00e9rcoles 22 de abril, los cad\u00e1veres de dos mujeres y un hombre fueron encontrados en un campo agr\u00edcola en la comunidad de Las Juntas, en el municipio de Manzanillo. Los cuerpos se encontraron con visibles huellas de torturas y amarrados.<\/p>\n<p>En todos los casos, peritos del Servicio M\u00e9dico Forense se presentaron en los lugares respectivos para proceder conforme el protocolo y dar inicio a los trabajos de investigaci\u00f3n.<\/p>\n<p>En el primer bimestre de este a\u00f1o en Colima asesinaron a 18 mujeres, pero s\u00f3lo tres casos fueron clasificados como feminicidios por la Fiscal\u00eda General del Estado.<\/p>\n<p>En el rubro de feminicidios, Colima ocupa el primer lugar en la tasa nacional de incidencia, con 0.76 casos por cada 100 mil mujeres, le sigue el estado de Morelos, con 0.67 delitos.<\/p>\n<p>Mientras que en homicidios dolosos, con 16 casos, el estado de Colima tambi\u00e9n encabeza la tasa nacional, con 3.8 delitos de ese tipo por cada 100 mil mujeres; en segundo lugar se ubica Guanajuato, con una prevalencia de 2.6 caso.<\/p>\n<p><a href=\"https:\/\/www.diarioavanzada.com.mx\/?p=12109\">https:\/\/www.diarioavanzada.com.mx\/?p=12109<\/a><\/p>\n","protected":false},"excerpt":{"rendered":"<p>Imagen: Diario Avanzada Redacci\u00f3n \/ El Diario Avanzada Colima, M\u00e9xico, Avanzada (23\/04\/2020).- Cuatro mujeres fueron asesinadas en los \u00faltimos cinco d\u00edas en el estado de Colima. Flotando en un canal, &hellip; <a href=\"https:\/\/www.grieta.org.mx\/index.php\/2020\/04\/23\/torturadas-semidesnudas-y-amarradas-asesinan-a-4-mujeres-en-5-dias-en-colima\/\" class=\"more-link\">Leer m\u00e1s<\/a><\/p>\n","protected":false},"author":2,"featured_media":48441,"comment_status":"closed","ping_status":"closed","sticky":false,"template":"","format":"standard","meta":{"ngg_post_thumbnail":0,"_jetpack_newsletter_access":"","_jetpack_dont_email_post_to_subs":false,"_jetpack_newsletter_tier_id":0,"_jetpack_memberships_contains_paywalled_content":false,"_jetpack_memberships_contains_paid_content":false,"footnotes":""},"categories":[80,13,3286,84,1016,2,83],"tags":[81],"class_list":["post-48440","post","type-post","status-publish","format-standard","has-post-thumbnail","hentry","category-cintillo","category-colima","category-covid-19-en-colima","category-feminicidios","category-feminicidios-en-colima","category-noticias-nacionales","category-temas-nacionales","tag-feminicidios","entry"],"jetpack_featured_media_url":"https:\/\/www.grieta.org.mx\/wp-content\/uploads\/2020\/05\/Mapa-de-homicidio-23-de-abril.png","jetpack_sharing_enabled":true,"jetpack_shortlink":"https:\/\/wp.me\/p7ZJR4-cBi","jetpack_likes_enabled":false,"jetpack-related-posts":[{"id":2700,"url":"https:\/\/www.grieta.org.mx\/index.php\/2016\/06\/27\/feminicidos-en-colima\/","url_meta":{"origin":48440,"position":0},"title":"Feminicidos en Colima","author":"grieta","date":"27 junio, 2016","format":false,"excerpt":"27\/06\/16. Registra Colima 25 mujeres asesinadas en 6 meses; el 2015 cerr\u00f3 con 21 casosDiario Avanzada 24\/04\/16. En ocho a\u00f1os, creci\u00f3 145% la tasa de asesinatos de mujeres en ColimaDiario Avanzada 21\/12\/15. Dos mujeres asesinadas y una herida en menos de un mes, prevalece violencia de g\u00e9nero Diario Avanzada","rel":"","context":"En &quot;Colima&quot;","block_context":{"text":"Colima","link":"https:\/\/www.grieta.org.mx\/index.php\/category\/noticias-nacionales\/colima\/"},"img":{"alt_text":"","src":"https:\/\/i0.wp.com\/www.grieta.org.mx\/wp-content\/uploads\/2018\/03\/14524434_1106112876131411_958039263622046936_o.jpg?resize=350%2C200&ssl=1","width":350,"height":200,"srcset":"https:\/\/i0.wp.com\/www.grieta.org.mx\/wp-content\/uploads\/2018\/03\/14524434_1106112876131411_958039263622046936_o.jpg?resize=350%2C200&ssl=1 1x, https:\/\/i0.wp.com\/www.grieta.org.mx\/wp-content\/uploads\/2018\/03\/14524434_1106112876131411_958039263622046936_o.jpg?resize=525%2C300&ssl=1 1.5x, https:\/\/i0.wp.com\/www.grieta.org.mx\/wp-content\/uploads\/2018\/03\/14524434_1106112876131411_958039263622046936_o.jpg?resize=700%2C400&ssl=1 2x"},"classes":[]},{"id":53760,"url":"https:\/\/www.grieta.org.mx\/index.php\/2020\/09\/24\/en-colima-a-las-mujeres-las-queman-torturan-y-mutilan-van-68-feminicidios-en-2020\/","url_meta":{"origin":48440,"position":1},"title":"En Colima, a las mujeres las queman, torturan y mutilan; van 68 feminicidios en 2020","author":"grieta","date":"24 septiembre, 2020","format":false,"excerpt":"Imagen: Diario Avanzada Heidi de Le\u00f3n Guti\u00e9rrez \/ Diario Avanzada Colima, M\u00e9xico, Avanzada (24\/09\/2020).- En Colima, a las mujeres las asesinan, torturan, queman y mutilan. Algunas veces, las agreden con arma de fuego, en otras con armas blanca e incluso, con piedras, ladrillos o varillas. La entidad se ha convertido\u2026","rel":"","context":"En &quot;CINTILLO&quot;","block_context":{"text":"CINTILLO","link":"https:\/\/www.grieta.org.mx\/index.php\/category\/cintillo\/"},"img":{"alt_text":"","src":"https:\/\/i0.wp.com\/www.grieta.org.mx\/wp-content\/uploads\/2020\/09\/VIOLENCIA-1.jpeg?resize=350%2C200&ssl=1","width":350,"height":200,"srcset":"https:\/\/i0.wp.com\/www.grieta.org.mx\/wp-content\/uploads\/2020\/09\/VIOLENCIA-1.jpeg?resize=350%2C200&ssl=1 1x, https:\/\/i0.wp.com\/www.grieta.org.mx\/wp-content\/uploads\/2020\/09\/VIOLENCIA-1.jpeg?resize=525%2C300&ssl=1 1.5x, https:\/\/i0.wp.com\/www.grieta.org.mx\/wp-content\/uploads\/2020\/09\/VIOLENCIA-1.jpeg?resize=700%2C400&ssl=1 2x, https:\/\/i0.wp.com\/www.grieta.org.mx\/wp-content\/uploads\/2020\/09\/VIOLENCIA-1.jpeg?resize=1050%2C600&ssl=1 3x, https:\/\/i0.wp.com\/www.grieta.org.mx\/wp-content\/uploads\/2020\/09\/VIOLENCIA-1.jpeg?resize=1400%2C800&ssl=1 4x"},"classes":[]},{"id":54765,"url":"https:\/\/www.grieta.org.mx\/index.php\/2020\/11\/03\/feminicidio-incremento-100-en-colima\/","url_meta":{"origin":48440,"position":2},"title":"Feminicidio increment\u00f3 100% en Colima","author":"grieta","date":"3 noviembre, 2020","format":false,"excerpt":"Imagen: Diario Avanzada Heidi de Le\u00f3n Guti\u00e9rrez \/ Diario Avanzada Colima, M\u00e9xico, Avanzada (03\/11\/2020).- Durante los primeros nueve meses de este a\u00f1o, el feminicidio en la entidad aument\u00f3 en un 100 por ciento, en comparaci\u00f3n con el mismo periodo, pero de 2019. Adem\u00e1s, la entidad tiene la tasa m\u00e1s alta\u2026","rel":"","context":"En &quot;CINTILLO&quot;","block_context":{"text":"CINTILLO","link":"https:\/\/www.grieta.org.mx\/index.php\/category\/cintillo\/"},"img":{"alt_text":"","src":"https:\/\/i0.wp.com\/www.grieta.org.mx\/wp-content\/uploads\/2020\/11\/image-48.png?resize=350%2C200&ssl=1","width":350,"height":200},"classes":[]},{"id":43795,"url":"https:\/\/www.grieta.org.mx\/index.php\/2020\/01\/30\/homicidio-de-mujeres-en-colima-alcanza-el-nivel-de-epidemia-segun-oms\/","url_meta":{"origin":48440,"position":3},"title":"Homicidio de mujeres en Colima alcanza el nivel de epidemia, seg\u00fan OMS","author":"grieta","date":"30 enero, 2020","format":false,"excerpt":"Foto. Diario Avanzada Heidi de Le\u00f3n Guti\u00e9rrez \/ Diario Avanzada Colima, M\u00e9xico, Avanzada (30\/01\/2020).- Colima es el estado donde m\u00e1s asesinan mujeres por cada 100 mil habitantes en el pa\u00eds, seguido de Baja California, Chihuahua y Quintana Roo. Las cifras de homicidios contra mujeres, permiten deducir que la entidad padece\u2026","rel":"","context":"En &quot;CINTILLO&quot;","block_context":{"text":"CINTILLO","link":"https:\/\/www.grieta.org.mx\/index.php\/category\/cintillo\/"},"img":{"alt_text":"","src":"https:\/\/i0.wp.com\/www.grieta.org.mx\/wp-content\/uploads\/2020\/02\/Feminicidios.jpg?resize=350%2C200&ssl=1","width":350,"height":200,"srcset":"https:\/\/i0.wp.com\/www.grieta.org.mx\/wp-content\/uploads\/2020\/02\/Feminicidios.jpg?resize=350%2C200&ssl=1 1x, https:\/\/i0.wp.com\/www.grieta.org.mx\/wp-content\/uploads\/2020\/02\/Feminicidios.jpg?resize=525%2C300&ssl=1 1.5x, https:\/\/i0.wp.com\/www.grieta.org.mx\/wp-content\/uploads\/2020\/02\/Feminicidios.jpg?resize=700%2C400&ssl=1 2x"},"classes":[]},{"id":70403,"url":"https:\/\/www.grieta.org.mx\/index.php\/2024\/10\/31\/el-2024-se-perfila-como-el-mas-violento-para-las-mujeres-en-la-historia-de-colima\/","url_meta":{"origin":48440,"position":4},"title":"El 2024 se perfila como el m\u00e1s violento para las mujeres en la historia de Colima","author":"grieta","date":"31 octubre, 2024","format":false,"excerpt":"Imagen: Diario Avanzada Heidi de Le\u00f3n Guti\u00e9rrez \/ Diario Avanzada Colima, M\u00e9xico, Avanzada (31\/10\/2024).- Colima enfrenta una crisis de violencia contra las mujeres, con 96 asesinatos registrados en los primeros nueve meses de 2024, seg\u00fan datos del Secretariado Ejecutivo del Sistema Nacional de Seguridad P\u00fablica (SESNSP). De continuar esta tendencia,\u2026","rel":"","context":"En &quot;CINTILLO&quot;","block_context":{"text":"CINTILLO","link":"https:\/\/www.grieta.org.mx\/index.php\/category\/cintillo\/"},"img":{"alt_text":"","src":"https:\/\/i0.wp.com\/www.grieta.org.mx\/wp-content\/uploads\/2024\/11\/5e02817a-3f45-4ddc-891b-c4c370edc579-1.jpg?resize=350%2C200&ssl=1","width":350,"height":200,"srcset":"https:\/\/i0.wp.com\/www.grieta.org.mx\/wp-content\/uploads\/2024\/11\/5e02817a-3f45-4ddc-891b-c4c370edc579-1.jpg?resize=350%2C200&ssl=1 1x, https:\/\/i0.wp.com\/www.grieta.org.mx\/wp-content\/uploads\/2024\/11\/5e02817a-3f45-4ddc-891b-c4c370edc579-1.jpg?resize=525%2C300&ssl=1 1.5x, https:\/\/i0.wp.com\/www.grieta.org.mx\/wp-content\/uploads\/2024\/11\/5e02817a-3f45-4ddc-891b-c4c370edc579-1.jpg?resize=700%2C400&ssl=1 2x, https:\/\/i0.wp.com\/www.grieta.org.mx\/wp-content\/uploads\/2024\/11\/5e02817a-3f45-4ddc-891b-c4c370edc579-1.jpg?resize=1050%2C600&ssl=1 3x, https:\/\/i0.wp.com\/www.grieta.org.mx\/wp-content\/uploads\/2024\/11\/5e02817a-3f45-4ddc-891b-c4c370edc579-1.jpg?resize=1400%2C800&ssl=1 4x"},"classes":[]},{"id":66216,"url":"https:\/\/www.grieta.org.mx\/index.php\/2023\/02\/01\/incrementaron-350-los-feminicidios-en-el-primer-ano-de-vizcaino-colima\/","url_meta":{"origin":48440,"position":5},"title":"Incrementaron 350 % los feminicidios en el primer a\u00f1o de Vizca\u00edno (Colima)","author":"grieta","date":"1 febrero, 2023","format":false,"excerpt":"Imagen: Diario Avanzada Heidi de Le\u00f3n Guti\u00e9rrez \/ Diario Avanzada Colima, M\u00e9xico, Avanzada (01\/02\/2023).- El primer a\u00f1o de gobierno de la mandataria estatal, Indira Vizca\u00edno Silva cerr\u00f3 con 350 por ciento m\u00e1s de v\u00edctimas de feminicidio y homicidio doloso de mujeres en comparaci\u00f3n con 2021. Los porcentajes anteriores muestran que\u2026","rel":"","context":"En &quot;CINTILLO&quot;","block_context":{"text":"CINTILLO","link":"https:\/\/www.grieta.org.mx\/index.php\/category\/cintillo\/"},"img":{"alt_text":"","src":"https:\/\/i0.wp.com\/www.grieta.org.mx\/wp-content\/uploads\/2023\/02\/Indira-Feminista.jpeg?resize=350%2C200&ssl=1","width":350,"height":200,"srcset":"https:\/\/i0.wp.com\/www.grieta.org.mx\/wp-content\/uploads\/2023\/02\/Indira-Feminista.jpeg?resize=350%2C200&ssl=1 1x, https:\/\/i0.wp.com\/www.grieta.org.mx\/wp-content\/uploads\/2023\/02\/Indira-Feminista.jpeg?resize=525%2C300&ssl=1 1.5x"},"classes":[]}],"_links":{"self":[{"href":"https:\/\/www.grieta.org.mx\/index.php\/wp-json\/wp\/v2\/posts\/48440","targetHints":{"allow":["GET"]}}],"collection":[{"href":"https:\/\/www.grieta.org.mx\/index.php\/wp-json\/wp\/v2\/posts"}],"about":[{"href":"https:\/\/www.grieta.org.mx\/index.php\/wp-json\/wp\/v2\/types\/post"}],"author":[{"embeddable":true,"href":"https:\/\/www.grieta.org.mx\/index.php\/wp-json\/wp\/v2\/users\/2"}],"replies":[{"embeddable":true,"href":"https:\/\/www.grieta.org.mx\/index.php\/wp-json\/wp\/v2\/comments?post=48440"}],"version-history":[{"count":1,"href":"https:\/\/www.grieta.org.mx\/index.php\/wp-json\/wp\/v2\/posts\/48440\/revisions"}],"predecessor-version":[{"id":48442,"href":"https:\/\/www.grieta.org.mx\/index.php\/wp-json\/wp\/v2\/posts\/48440\/revisions\/48442"}],"wp:featuredmedia":[{"embeddable":true,"href":"https:\/\/www.grieta.org.mx\/index.php\/wp-json\/wp\/v2\/media\/48441"}],"wp:attachment":[{"href":"https:\/\/www.grieta.org.mx\/index.php\/wp-json\/wp\/v2\/media?parent=48440"}],"wp:term":[{"taxonomy":"category","embeddable":true,"href":"https:\/\/www.grieta.org.mx\/index.php\/wp-json\/wp\/v2\/categories?post=48440"},{"taxonomy":"post_tag","embeddable":true,"href":"https:\/\/www.grieta.org.mx\/index.php\/wp-json\/wp\/v2\/tags?post=48440"}],"curies":[{"name":"wp","href":"https:\/\/api.w.org\/{rel}","templated":true}]}}