{"id":48430,"date":"2020-04-28T14:18:54","date_gmt":"2020-04-28T19:18:54","guid":{"rendered":"http:\/\/www.grieta.org.mx\/?p=48430"},"modified":"2020-05-01T14:30:27","modified_gmt":"2020-05-01T19:30:27","slug":"comerciantes-de-union-de-tula-piden-los-dejen-trabajar-ahi-no-hay-casos-de-covid-19-jalisco","status":"publish","type":"post","link":"https:\/\/www.grieta.org.mx\/index.php\/2020\/04\/28\/comerciantes-de-union-de-tula-piden-los-dejen-trabajar-ahi-no-hay-casos-de-covid-19-jalisco\/","title":{"rendered":"Comerciantes de Uni\u00f3n de Tula piden los dejen trabajar: ah\u00ed no hay casos de COVID-19 (Jalisco)"},"content":{"rendered":"<p><img loading=\"lazy\" decoding=\"async\" data-attachment-id=\"48431\" data-permalink=\"https:\/\/www.grieta.org.mx\/index.php\/2020\/04\/28\/comerciantes-de-union-de-tula-piden-los-dejen-trabajar-ahi-no-hay-casos-de-covid-19-jalisco\/union-de-tula-600x327\/\" data-orig-file=\"https:\/\/www.grieta.org.mx\/wp-content\/uploads\/2020\/05\/Uni\u00f3n-de-Tula-600x327.jpg\" data-orig-size=\"600,327\" data-comments-opened=\"0\" data-image-meta=\"{&quot;aperture&quot;:&quot;0&quot;,&quot;credit&quot;:&quot;&quot;,&quot;camera&quot;:&quot;&quot;,&quot;caption&quot;:&quot;&quot;,&quot;created_timestamp&quot;:&quot;0&quot;,&quot;copyright&quot;:&quot;&quot;,&quot;focal_length&quot;:&quot;0&quot;,&quot;iso&quot;:&quot;0&quot;,&quot;shutter_speed&quot;:&quot;0&quot;,&quot;title&quot;:&quot;&quot;,&quot;orientation&quot;:&quot;0&quot;}\" data-image-title=\"Uni\u00f3n-de-Tula-600&amp;#215;327\" data-image-description=\"\" data-image-caption=\"\" data-medium-file=\"https:\/\/www.grieta.org.mx\/wp-content\/uploads\/2020\/05\/Uni\u00f3n-de-Tula-600x327-300x164.jpg\" data-large-file=\"https:\/\/www.grieta.org.mx\/wp-content\/uploads\/2020\/05\/Uni\u00f3n-de-Tula-600x327.jpg\" class=\"aligncenter wp-image-48431\" src=\"http:\/\/www.grieta.org.mx\/wp-content\/uploads\/2020\/05\/Uni\u00f3n-de-Tula-600x327.jpg\" alt=\"\" width=\"800\" height=\"437\" srcset=\"https:\/\/www.grieta.org.mx\/wp-content\/uploads\/2020\/05\/Uni\u00f3n-de-Tula-600x327.jpg 600w, https:\/\/www.grieta.org.mx\/wp-content\/uploads\/2020\/05\/Uni\u00f3n-de-Tula-600x327-300x164.jpg 300w\" sizes=\"auto, (max-width: 800px) 100vw, 800px\" \/><\/p>\n<p>Foto: Ayuntamiento de Uni\u00f3n Tula<\/p>\n<p><em>\u201cLlevamos m\u00e1s de un mes sin poder trabajar, y la mayor\u00eda de las personas no est\u00e1bamos preparados para esta situaci\u00f3n, nuestro municipio no es muy grande y nuestros comercios son peque\u00f1os, las medidas deben adaptarse a cada municipio\u201d se\u00f1alan los comerciantes afectados<\/em><\/p>\n<p>Antonio D\u00edaz \/ UDGTV<\/p>\n<p>Autl\u00e1n de Navarro, Jalisco.\u00a0Comerciantes de Uni\u00f3n de Tula piden al Gobierno Municipal que les deje trabajar\u00a0a pesar de que sus negocios se consideran como no esenciales. Argumentan que el ingreso econ\u00f3mico que de ellos obtienen\u00a0<em>\u201cs\u00ed es esencial para sus familias\u201d<\/em>\u00a0y al tener sus fuentes de ingreso cerradas se han visto gravemente afectados.\u00a0Solicitan a las autoridades que se les permita laboral en un horario recortado\u00a0de medio turno o cada tercer d\u00eda.<\/p>\n<p><em>\u201cYa llevamos muchos d\u00edas con el comercio cerrado,\u00a0<strong>contin\u00faan los gastos de renta y empleados, necesitamos reactivar ya la econom\u00eda.<\/strong>\u00a0En nuestro municipio no hemos presentados casos de coronavirus, le pedimos a las autoridades que nos permitan laborar aunque sea en un horario recortado\u201d.<\/em><\/p>\n<p>Otro de los comerciantes, se\u00f1al\u00f3 que en el municipio no hay ning\u00fan caso confirmado de COVID-19 y que\u00a0<strong>desde el inicio de la contingencia se han acatado las medidas sanitarias.<\/strong>\u00a0Se\u00f1ala adem\u00e1s que las necesidades de una ciudad son muy diferentes a las de un pueblo como Uni\u00f3n de Tula, por lo que pide flexibilidad para que se les deje abrir respetando las disposiciones de sana distancia, uso de gel antibacterial y reducci\u00f3n de clientes.<\/p>\n<p><em>\u201cLlevamos m\u00e1s de un mes sin poder trabajar, y la mayor\u00eda de las personas no est\u00e1bamos preparados para esta situaci\u00f3n,\u00a0<strong>nuestro municipio no es muy grande y nuestros comercios son peque\u00f1os,<\/strong>\u00a0no es lo mismo que en Guadalajara con zonas comerciales como Obreg\u00f3n o Medrano, las medidas deben adaptarse a cada municipio\u201d.<\/em><\/p>\n<p>Los comerciantes se han unido y<strong>\u00a0han recolectado firmas para plantear la situaci\u00f3n<\/strong>\u00a0<strong>a las autoridades<\/strong>, pero hasta el momento no han recibido una respuesta.<\/p>\n<p><em>\u201cHemos recolectado firmas, nos hemos reunido y solicitado flexibilidad al gobierno para que nos dejen trabajar, medio d\u00eda, o cada tercer d\u00eda, pero no hemos recibido una respuesta\u201d.<\/em><\/p>\n<p><strong>Tambi\u00e9n piden que se apoye a los comerciantes ambulantes<\/strong>\u00a0que se instalan en la plaza, pues al cerrarla al p\u00fablico han quedado sin fuentes de ingreso.<\/p>\n<p><a href=\"http:\/\/udgtv.com\/noticias\/comerciantes-union-de-tula-piden-dejen-trabajar-covid19\/\">http:\/\/udgtv.com\/noticias\/comerciantes-union-de-tula-piden-dejen-trabajar-covid19\/<\/a><\/p>\n","protected":false},"excerpt":{"rendered":"<p>Foto: Ayuntamiento de Uni\u00f3n Tula \u201cLlevamos m\u00e1s de un mes sin poder trabajar, y la mayor\u00eda de las personas no est\u00e1bamos preparados para esta situaci\u00f3n, nuestro municipio no es muy &hellip; <a href=\"https:\/\/www.grieta.org.mx\/index.php\/2020\/04\/28\/comerciantes-de-union-de-tula-piden-los-dejen-trabajar-ahi-no-hay-casos-de-covid-19-jalisco\/\" class=\"more-link\">Leer m\u00e1s<\/a><\/p>\n","protected":false},"author":2,"featured_media":48431,"comment_status":"closed","ping_status":"closed","sticky":false,"template":"","format":"standard","meta":{"ngg_post_thumbnail":0,"_jetpack_newsletter_access":"","_jetpack_dont_email_post_to_subs":false,"_jetpack_newsletter_tier_id":0,"_jetpack_memberships_contains_paywalled_content":false,"_jetpack_memberships_contains_paid_content":false,"footnotes":""},"categories":[80,3271,910,3289,20,2,83],"tags":[113,2841,1290,3222],"class_list":["post-48430","post","type-post","status-publish","format-standard","has-post-thumbnail","hentry","category-cintillo","category-covid-19-en-jalisco","category-explotacion-y-precariedad-laboral","category-explotacion-y-precariedad-laboral-en-jalisco","category-jalisco","category-noticias-nacionales","category-temas-nacionales","tag-conflictos-laborales","tag-explotacion-y-precariedad-laboral","tag-precariedad-laboral","tag-trabajo-precario","entry"],"jetpack_featured_media_url":"https:\/\/www.grieta.org.mx\/wp-content\/uploads\/2020\/05\/Uni\u00f3n-de-Tula-600x327.jpg","jetpack_sharing_enabled":true,"jetpack_shortlink":"https:\/\/wp.me\/p7ZJR4-cB8","jetpack_likes_enabled":false,"jetpack-related-posts":[{"id":48838,"url":"https:\/\/www.grieta.org.mx\/index.php\/2020\/05\/05\/nos-estan-matando-de-hambre-dicen-comerciantes-de-el-pitillal-jalisco\/","url_meta":{"origin":48430,"position":0},"title":"\u201cNos est\u00e1n matando de hambre\u201d, dicen comerciantes de El Pitillal (Jalisco)","author":"grieta","date":"5 mayo, 2020","format":false,"excerpt":"Foto: Tribuna de la Bah\u00eda Alberto Garc\u00eda \/ Tribuna de la Bah\u00eda Un buen n\u00famero de comerciantes de la ciudad piden que se reactive\u00a0 el comercio no esencial, \"Nos estan matando de hambre\" Con estas consignas se reunieron en la plaza Aquiles Serdan frente a la presidencia donde solicitan la\u2026","rel":"","context":"En &quot;CINTILLO&quot;","block_context":{"text":"CINTILLO","link":"https:\/\/www.grieta.org.mx\/index.php\/category\/cintillo\/"},"img":{"alt_text":"","src":"https:\/\/i0.wp.com\/www.grieta.org.mx\/wp-content\/uploads\/2020\/05\/OJ54s3xd5eHuxlIcDRFuJAEt4jc5cJiECUemVjnd-p.jpg?resize=350%2C200&ssl=1","width":350,"height":200,"srcset":"https:\/\/i0.wp.com\/www.grieta.org.mx\/wp-content\/uploads\/2020\/05\/OJ54s3xd5eHuxlIcDRFuJAEt4jc5cJiECUemVjnd-p.jpg?resize=350%2C200&ssl=1 1x, https:\/\/i0.wp.com\/www.grieta.org.mx\/wp-content\/uploads\/2020\/05\/OJ54s3xd5eHuxlIcDRFuJAEt4jc5cJiECUemVjnd-p.jpg?resize=525%2C300&ssl=1 1.5x, https:\/\/i0.wp.com\/www.grieta.org.mx\/wp-content\/uploads\/2020\/05\/OJ54s3xd5eHuxlIcDRFuJAEt4jc5cJiECUemVjnd-p.jpg?resize=700%2C400&ssl=1 2x"},"classes":[]},{"id":47525,"url":"https:\/\/www.grieta.org.mx\/index.php\/2020\/04\/07\/comerciantes-exigen-que-los-dejen-vender-jalisco\/","url_meta":{"origin":48430,"position":1},"title":"Comerciantes exigen que los dejen vender (Jalisco)","author":"grieta","date":"7 abril, 2020","format":false,"excerpt":"Foto: Especial Edgar Flores Alrededor de 70 comerciantes de diferentes tianguis de la Zona Metropolitana de Guadalajara (ZMG), pero mayormente de El Baratillo, se manifestaron ayer a las afueras de palacio de gobierno para exigir a las autoridades que los dejen trabajar, ya que sus negocios son considerados no esenciales\u2026","rel":"","context":"En &quot;CINTILLO&quot;","block_context":{"text":"CINTILLO","link":"https:\/\/www.grieta.org.mx\/index.php\/category\/cintillo\/"},"img":{"alt_text":"","src":"https:\/\/i0.wp.com\/www.grieta.org.mx\/wp-content\/uploads\/2020\/04\/2020-04-07_12-04-19___6858.jpg?resize=350%2C200&ssl=1","width":350,"height":200,"srcset":"https:\/\/i0.wp.com\/www.grieta.org.mx\/wp-content\/uploads\/2020\/04\/2020-04-07_12-04-19___6858.jpg?resize=350%2C200&ssl=1 1x, https:\/\/i0.wp.com\/www.grieta.org.mx\/wp-content\/uploads\/2020\/04\/2020-04-07_12-04-19___6858.jpg?resize=525%2C300&ssl=1 1.5x, https:\/\/i0.wp.com\/www.grieta.org.mx\/wp-content\/uploads\/2020\/04\/2020-04-07_12-04-19___6858.jpg?resize=700%2C400&ssl=1 2x"},"classes":[]},{"id":50005,"url":"https:\/\/www.grieta.org.mx\/index.php\/2020\/05\/28\/elementos-de-seguridad-impiden-instalacion-del-tianguis-de-tonala-jalisco\/","url_meta":{"origin":48430,"position":2},"title":"Elementos de seguridad impiden instalaci\u00f3n del Tianguis de Tonal\u00e1 (Jalisco)","author":"grieta","date":"28 mayo, 2020","format":false,"excerpt":"Foto: Pablo Toledo Desde las primeras horas del d\u00eda patrullas cercaron la avenida e invitaron a los comerciantes que llegaron, a retirarse. Al ver la negativa de la autoridad, los inconformes exigieron al alcalde los deje trabajar Pablo Toledo \/ UDGTV Guadalajara, Jalisco. Elementos de la Polic\u00eda Estatal, municipal y\u2026","rel":"","context":"En &quot;CINTILLO&quot;","block_context":{"text":"CINTILLO","link":"https:\/\/www.grieta.org.mx\/index.php\/category\/cintillo\/"},"img":{"alt_text":"","src":"https:\/\/i0.wp.com\/www.grieta.org.mx\/wp-content\/uploads\/2020\/05\/Tianguis-Tonal%C3%A1-Pablo-Toledo-696x378.jpeg?resize=350%2C200&ssl=1","width":350,"height":200,"srcset":"https:\/\/i0.wp.com\/www.grieta.org.mx\/wp-content\/uploads\/2020\/05\/Tianguis-Tonal%C3%A1-Pablo-Toledo-696x378.jpeg?resize=350%2C200&ssl=1 1x, https:\/\/i0.wp.com\/www.grieta.org.mx\/wp-content\/uploads\/2020\/05\/Tianguis-Tonal%C3%A1-Pablo-Toledo-696x378.jpeg?resize=525%2C300&ssl=1 1.5x"},"classes":[]},{"id":50793,"url":"https:\/\/www.grieta.org.mx\/index.php\/2020\/06\/10\/empleados-del-siop-piden-auxilio-ante-la-existencia-de-casos-de-covid-19-en-las-oficinas-centrales-jalisco\/","url_meta":{"origin":48430,"position":3},"title":"Empleados del SIOP piden \u201cauxilio\u201d ante la existencia de casos de COVID-19 en las oficinas centrales (Jalisco)","author":"grieta","date":"10 junio, 2020","format":false,"excerpt":"Foto: Ignacio P\u00e9rez Vega Los empleados se\u00f1alaron que en la SIOP no han dejado de trabajar, ya que las obras p\u00fablicas que emprende esa dependencia se han realizado sin detenerse, pese a la emergencia sanitaria Ignacio P\u00e9rez Vega \/ UDGTV Guadalajara, Jalisco.\u00a0Empleados que laboran en las oficinas de la Secretar\u00eda\u2026","rel":"","context":"En &quot;CINTILLO&quot;","block_context":{"text":"CINTILLO","link":"https:\/\/www.grieta.org.mx\/index.php\/category\/cintillo\/"},"img":{"alt_text":"","src":"https:\/\/i0.wp.com\/www.grieta.org.mx\/wp-content\/uploads\/2020\/06\/SIOP-Ignacio-P%C3%A9rez-Vega-e1591835730737-600x451.jpeg?resize=350%2C200&ssl=1","width":350,"height":200,"srcset":"https:\/\/i0.wp.com\/www.grieta.org.mx\/wp-content\/uploads\/2020\/06\/SIOP-Ignacio-P%C3%A9rez-Vega-e1591835730737-600x451.jpeg?resize=350%2C200&ssl=1 1x, https:\/\/i0.wp.com\/www.grieta.org.mx\/wp-content\/uploads\/2020\/06\/SIOP-Ignacio-P%C3%A9rez-Vega-e1591835730737-600x451.jpeg?resize=525%2C300&ssl=1 1.5x"},"classes":[]},{"id":48810,"url":"https:\/\/www.grieta.org.mx\/index.php\/2020\/05\/08\/inspectores-multan-a-artesanos-en-jalisco-y-les-quitan-producto-que-intentaban-cambiar-por-comida\/","url_meta":{"origin":48430,"position":4},"title":"Inspectores multan a artesanos en Jalisco y les quitan producto que intentaban cambiar por comida","author":"grieta","date":"8 mayo, 2020","format":false,"excerpt":"Foto: Captura de pantalla Redacci\u00f3n \/ Sin Embargo Ciudad de M\u00e9xico, 8 de mayo (SinEmbargo).- En medio de la contingencia sanitaria a causa del\u00a0COVID-19, inspectores\u00a0del Ayuntamiento de\u00a0Tonal\u00e1, en\u00a0Jalisco,\u00a0multaron y decomisaron\u00a0la\u00a0mercanc\u00eda\u00a0de\u00a0artesanos\u00a0que buscaban intercambiar sus productos por comida ante las bajas ventas provocadas por la pandemia. A trav\u00e9s de un video que\u2026","rel":"","context":"En &quot;CINTILLO&quot;","block_context":{"text":"CINTILLO","link":"https:\/\/www.grieta.org.mx\/index.php\/category\/cintillo\/"},"img":{"alt_text":"","src":"https:\/\/i0.wp.com\/www.grieta.org.mx\/wp-content\/uploads\/2020\/05\/inspectores-tonala.jpg?resize=350%2C200&ssl=1","width":350,"height":200,"srcset":"https:\/\/i0.wp.com\/www.grieta.org.mx\/wp-content\/uploads\/2020\/05\/inspectores-tonala.jpg?resize=350%2C200&ssl=1 1x, https:\/\/i0.wp.com\/www.grieta.org.mx\/wp-content\/uploads\/2020\/05\/inspectores-tonala.jpg?resize=525%2C300&ssl=1 1.5x, https:\/\/i0.wp.com\/www.grieta.org.mx\/wp-content\/uploads\/2020\/05\/inspectores-tonala.jpg?resize=700%2C400&ssl=1 2x, https:\/\/i0.wp.com\/www.grieta.org.mx\/wp-content\/uploads\/2020\/05\/inspectores-tonala.jpg?resize=1050%2C600&ssl=1 3x"},"classes":[]},{"id":48072,"url":"https:\/\/www.grieta.org.mx\/index.php\/2020\/04\/22\/bloquean-comerciantes-avenida-central-en-nezahualcoyotl-estado-de-mexico\/","url_meta":{"origin":48430,"position":5},"title":"Bloquean comerciantes avenida Central en Nezahualc\u00f3yotl  (Estado de M\u00e9xico)","author":"grieta","date":"22 abril, 2020","format":false,"excerpt":"Imagen tomada de: edomex.quadratin.com.mx Iv\u00e1n Ju\u00e1rez \/ Quadratin NEZAHUALC\u00d3YOTL, Edomex.-22 abril 2020.-Para protestar por el retiro de los puestos que est\u00e1n considerados como no esenciales, comerciantes de la colonia La Impulsora mantienen bloqueada la avenida Central, piden apoyos y que los dejen trabajar. Los manifestantes llegaron al cruce de la\u2026","rel":"","context":"En &quot;CINTILLO&quot;","block_context":{"text":"CINTILLO","link":"https:\/\/www.grieta.org.mx\/index.php\/category\/cintillo\/"},"img":{"alt_text":"","src":"https:\/\/i0.wp.com\/www.grieta.org.mx\/wp-content\/uploads\/2020\/04\/Bloquean-comerciantes-avenida-Central-en-Nezahualc%C3%B3yotl-edomex-abr.jpeg?resize=350%2C200&ssl=1","width":350,"height":200,"srcset":"https:\/\/i0.wp.com\/www.grieta.org.mx\/wp-content\/uploads\/2020\/04\/Bloquean-comerciantes-avenida-Central-en-Nezahualc%C3%B3yotl-edomex-abr.jpeg?resize=350%2C200&ssl=1 1x, https:\/\/i0.wp.com\/www.grieta.org.mx\/wp-content\/uploads\/2020\/04\/Bloquean-comerciantes-avenida-Central-en-Nezahualc%C3%B3yotl-edomex-abr.jpeg?resize=525%2C300&ssl=1 1.5x, https:\/\/i0.wp.com\/www.grieta.org.mx\/wp-content\/uploads\/2020\/04\/Bloquean-comerciantes-avenida-Central-en-Nezahualc%C3%B3yotl-edomex-abr.jpeg?resize=700%2C400&ssl=1 2x, https:\/\/i0.wp.com\/www.grieta.org.mx\/wp-content\/uploads\/2020\/04\/Bloquean-comerciantes-avenida-Central-en-Nezahualc%C3%B3yotl-edomex-abr.jpeg?resize=1050%2C600&ssl=1 3x"},"classes":[]}],"_links":{"self":[{"href":"https:\/\/www.grieta.org.mx\/index.php\/wp-json\/wp\/v2\/posts\/48430","targetHints":{"allow":["GET"]}}],"collection":[{"href":"https:\/\/www.grieta.org.mx\/index.php\/wp-json\/wp\/v2\/posts"}],"about":[{"href":"https:\/\/www.grieta.org.mx\/index.php\/wp-json\/wp\/v2\/types\/post"}],"author":[{"embeddable":true,"href":"https:\/\/www.grieta.org.mx\/index.php\/wp-json\/wp\/v2\/users\/2"}],"replies":[{"embeddable":true,"href":"https:\/\/www.grieta.org.mx\/index.php\/wp-json\/wp\/v2\/comments?post=48430"}],"version-history":[{"count":1,"href":"https:\/\/www.grieta.org.mx\/index.php\/wp-json\/wp\/v2\/posts\/48430\/revisions"}],"predecessor-version":[{"id":48432,"href":"https:\/\/www.grieta.org.mx\/index.php\/wp-json\/wp\/v2\/posts\/48430\/revisions\/48432"}],"wp:featuredmedia":[{"embeddable":true,"href":"https:\/\/www.grieta.org.mx\/index.php\/wp-json\/wp\/v2\/media\/48431"}],"wp:attachment":[{"href":"https:\/\/www.grieta.org.mx\/index.php\/wp-json\/wp\/v2\/media?parent=48430"}],"wp:term":[{"taxonomy":"category","embeddable":true,"href":"https:\/\/www.grieta.org.mx\/index.php\/wp-json\/wp\/v2\/categories?post=48430"},{"taxonomy":"post_tag","embeddable":true,"href":"https:\/\/www.grieta.org.mx\/index.php\/wp-json\/wp\/v2\/tags?post=48430"}],"curies":[{"name":"wp","href":"https:\/\/api.w.org\/{rel}","templated":true}]}}