{"id":48424,"date":"2020-04-25T13:54:21","date_gmt":"2020-04-25T18:54:21","guid":{"rendered":"http:\/\/www.grieta.org.mx\/?p=48424"},"modified":"2020-05-01T14:02:46","modified_gmt":"2020-05-01T19:02:46","slug":"denuncian-tala-ilegal-en-el-bosque-nixticuil-jalisco","status":"publish","type":"post","link":"https:\/\/www.grieta.org.mx\/index.php\/2020\/04\/25\/denuncian-tala-ilegal-en-el-bosque-nixticuil-jalisco\/","title":{"rendered":"Denuncian tala ilegal en el bosque Nixticuil (Jalisco)"},"content":{"rendered":"<p><img loading=\"lazy\" decoding=\"async\" data-attachment-id=\"48425\" data-permalink=\"https:\/\/www.grieta.org.mx\/index.php\/2020\/04\/25\/denuncian-tala-ilegal-en-el-bosque-nixticuil-jalisco\/2020-04-25_08-04-47___5033\/\" data-orig-file=\"https:\/\/www.grieta.org.mx\/wp-content\/uploads\/2020\/05\/2020-04-25_08-04-47___5033.jpg\" data-orig-size=\"750,500\" data-comments-opened=\"0\" data-image-meta=\"{&quot;aperture&quot;:&quot;0&quot;,&quot;credit&quot;:&quot;&quot;,&quot;camera&quot;:&quot;&quot;,&quot;caption&quot;:&quot;&quot;,&quot;created_timestamp&quot;:&quot;0&quot;,&quot;copyright&quot;:&quot;&quot;,&quot;focal_length&quot;:&quot;0&quot;,&quot;iso&quot;:&quot;0&quot;,&quot;shutter_speed&quot;:&quot;0&quot;,&quot;title&quot;:&quot;&quot;,&quot;orientation&quot;:&quot;0&quot;}\" data-image-title=\"2020-04-25_08-04-47___5033\" data-image-description=\"\" data-image-caption=\"\" data-medium-file=\"https:\/\/www.grieta.org.mx\/wp-content\/uploads\/2020\/05\/2020-04-25_08-04-47___5033-300x200.jpg\" data-large-file=\"https:\/\/www.grieta.org.mx\/wp-content\/uploads\/2020\/05\/2020-04-25_08-04-47___5033.jpg\" class=\"aligncenter  wp-image-48425\" src=\"http:\/\/www.grieta.org.mx\/wp-content\/uploads\/2020\/05\/2020-04-25_08-04-47___5033.jpg\" alt=\"\" width=\"800\" height=\"533\" srcset=\"https:\/\/www.grieta.org.mx\/wp-content\/uploads\/2020\/05\/2020-04-25_08-04-47___5033.jpg 750w, https:\/\/www.grieta.org.mx\/wp-content\/uploads\/2020\/05\/2020-04-25_08-04-47___5033-300x200.jpg 300w\" sizes=\"auto, (max-width: 800px) 100vw, 800px\" \/><\/p>\n<p>Foto: Jorge Alberto Mendoza<\/p>\n<p>Lauro Rodr\u00edguez \/ El Diario NTR<\/p>\n<p>Activistas del Comit\u00e9 en Defensa del Bosque del Nixticuil (Comit\u00e9 Salvabosques) denunciaron un acto de tala ilegal dentro del \u00c1rea Natural Protegida (ANP). Aseguraron que es una pr\u00e1ctica recurrente a\u00f1o con a\u00f1o y las autoridades no han hecho nada en para detener este tipo de pr\u00e1cticas.<\/p>\n<p>\u201cDesde hace varios a\u00f1os, esta zona del bosque Nixticuil, catalogada como subzona de uso restringido dentro del \u00c1rea Natural Protegida, ha sido talada, incendiada y usada como establo por los due\u00f1os del predio\u201d.<\/p>\n<p>A\u00f1adieron que en la zona en menci\u00f3n no se pueden hacer m\u00e1s actividades que las de conservaci\u00f3n, pues fue catalogada de esta manera por su alto grado de cubierta forestal.<\/p>\n<p>\u201cEn los \u00faltimos a\u00f1os, como puede verse en videos y fotograf\u00edas, ha sido talada, usada como agostadero, e incluso se han construido abrevaderos y cercados\u201d, informaron a trav\u00e9s de un comunicado.<\/p>\n<p>A\u00f1adieron los activistas que, la falta de atenci\u00f3n de las autoridades municipales al problema, se da a pesar de contar con material fotogr\u00e1fico y de video que muestra el da\u00f1o ocasionado. De hecho, han documentado incendios provocados en la zona, pero para el gobierno de Zapopan, parece no bastar para emprender acciones.<\/p>\n<p>\u201cEl 11 de abril del a\u00f1o pasado, los vecinos de Altavista grabaron el momento en que provocaron un incendio que acab\u00f3 por quemar tres hect\u00e1reas del bosque; esta semana nuevamente grabaron y fotografiaron a las mismas personas talando \u00e1rboles en esta zona. El gobierno de Zapopan, Pablo Lemus Navarro, la direcci\u00f3n de Inspecci\u00f3n y Vigilancia de Zapopan, y Medio Ambiente de Zapopan, como siempre, no ha hecho nada, por el contrario, los han encubierto, ignorando reportes y denuncias\u201d, se\u00f1alaron.<\/p>\n<p>Al hacer p\u00fablica esta informaci\u00f3n, los habitantes de Zapopan esperan que las autoridades act\u00faen para evitar mayor da\u00f1o a los bosques de esta ANP, uno de los pulmones que a\u00fan fabrican ox\u00edgenos para los habitantes de la zona metropolitana de Guadalajara.<\/p>\n<p><a href=\"https:\/\/www.ntrguadalajara.com\/post.php?id_nota=147512\">https:\/\/www.ntrguadalajara.com\/post.php?id_nota=147512<\/a><\/p>\n","protected":false},"excerpt":{"rendered":"<p>Foto: Jorge Alberto Mendoza Lauro Rodr\u00edguez \/ El Diario NTR Activistas del Comit\u00e9 en Defensa del Bosque del Nixticuil (Comit\u00e9 Salvabosques) denunciaron un acto de tala ilegal dentro del \u00c1rea &hellip; <a href=\"https:\/\/www.grieta.org.mx\/index.php\/2020\/04\/25\/denuncian-tala-ilegal-en-el-bosque-nixticuil-jalisco\/\" class=\"more-link\">Leer m\u00e1s<\/a><\/p>\n","protected":false},"author":2,"featured_media":48425,"comment_status":"closed","ping_status":"closed","sticky":false,"template":"","format":"standard","meta":{"ngg_post_thumbnail":0,"_jetpack_newsletter_access":"","_jetpack_dont_email_post_to_subs":false,"_jetpack_newsletter_tier_id":0,"_jetpack_memberships_contains_paywalled_content":false,"_jetpack_memberships_contains_paid_content":false,"footnotes":""},"categories":[80,2280,20,2],"tags":[1689,231,2562,3094],"class_list":["post-48424","post","type-post","status-publish","format-standard","has-post-thumbnail","hentry","category-cintillo","category-conflictos-ambientales-en-jalisco","category-jalisco","category-noticias-nacionales","tag-danos-ambientales","tag-defensores-ambientales","tag-destruccion-ambiental","tag-tala-ilegal","entry"],"jetpack_featured_media_url":"https:\/\/www.grieta.org.mx\/wp-content\/uploads\/2020\/05\/2020-04-25_08-04-47___5033.jpg","jetpack_sharing_enabled":true,"jetpack_shortlink":"https:\/\/wp.me\/p7ZJR4-cB2","jetpack_likes_enabled":false,"jetpack-related-posts":[{"id":64512,"url":"https:\/\/www.grieta.org.mx\/index.php\/2022\/07\/07\/el-comite-en-defensa-del-bosque-nixticuil-denuncia-amenazas-en-contra-de-sus-integrantes-jalisco\/","url_meta":{"origin":48424,"position":0},"title":"El Comit\u00e9 en Defensa del Bosque Nixticuil denuncia amenazas en contra de sus integrantes (Jalisco)","author":"grieta","date":"7 julio, 2022","format":false,"excerpt":"Imagen: Somos El Medio Hay dos carpetas de investigaci\u00f3n abiertas en contra de integrantes del Comit\u00e9 en Defensa del Bosque Nixticuil Adriana G\u00f3mez \/ Somos El Medio Los integrantes del\u00a0Comit\u00e9 en Defensa del Bosque Nixticuil del municipio de Zapopan,\u00a0Jalisco, a trav\u00e9s de un comunicado, dieron a conocer las carpetas de\u2026","rel":"","context":"En &quot;Amenazas contra activistas en Jalisco&quot;","block_context":{"text":"Amenazas contra activistas en Jalisco","link":"https:\/\/www.grieta.org.mx\/index.php\/category\/noticias-nacionales\/jalisco\/amenazas-contra-activistas-en-jalisco\/"},"img":{"alt_text":"","src":"https:\/\/i0.wp.com\/www.grieta.org.mx\/wp-content\/uploads\/2022\/07\/asdfghj.jpg?resize=350%2C200&ssl=1","width":350,"height":200,"srcset":"https:\/\/i0.wp.com\/www.grieta.org.mx\/wp-content\/uploads\/2022\/07\/asdfghj.jpg?resize=350%2C200&ssl=1 1x, https:\/\/i0.wp.com\/www.grieta.org.mx\/wp-content\/uploads\/2022\/07\/asdfghj.jpg?resize=525%2C300&ssl=1 1.5x, https:\/\/i0.wp.com\/www.grieta.org.mx\/wp-content\/uploads\/2022\/07\/asdfghj.jpg?resize=700%2C400&ssl=1 2x"},"classes":[]},{"id":53586,"url":"https:\/\/www.grieta.org.mx\/index.php\/2020\/09\/13\/defensores-del-bosque-nixticuil-exigen-clausura-del-proyecto-inmobiliario-el-dosel-residencial-jalisco\/","url_meta":{"origin":48424,"position":1},"title":"Defensores del bosque Nixticuil exigen clausura del proyecto inmobiliario El Dosel Residencial (Jalisco)","author":"grieta","date":"13 septiembre, 2020","format":false,"excerpt":"Fotograf\u00eda: Inspecci\u00f3n Zapopan @InspZapopan A finales del mes de agosto, vecinos del bosque El Nixticuil presenciaron la llegada de maquinaria de construcci\u00f3n al bosque. Sin esperar, junto al Comit\u00e9 Salvabosque, comenzaron a denunciar los hechos a trav\u00e9s de las redes sociales y llamadas telef\u00f3nicas. Despu\u00e9s de una semana de denuncias,\u2026","rel":"","context":"En &quot;CINTILLO&quot;","block_context":{"text":"CINTILLO","link":"https:\/\/www.grieta.org.mx\/index.php\/category\/cintillo\/"},"img":{"alt_text":"","src":"https:\/\/i0.wp.com\/www.grieta.org.mx\/wp-content\/uploads\/2020\/09\/PORTADA-BOSQUE-NIXTICUIL_DOSEL-RESIDENCIAL.jpg?resize=350%2C200&ssl=1","width":350,"height":200,"srcset":"https:\/\/i0.wp.com\/www.grieta.org.mx\/wp-content\/uploads\/2020\/09\/PORTADA-BOSQUE-NIXTICUIL_DOSEL-RESIDENCIAL.jpg?resize=350%2C200&ssl=1 1x, https:\/\/i0.wp.com\/www.grieta.org.mx\/wp-content\/uploads\/2020\/09\/PORTADA-BOSQUE-NIXTICUIL_DOSEL-RESIDENCIAL.jpg?resize=525%2C300&ssl=1 1.5x, https:\/\/i0.wp.com\/www.grieta.org.mx\/wp-content\/uploads\/2020\/09\/PORTADA-BOSQUE-NIXTICUIL_DOSEL-RESIDENCIAL.jpg?resize=700%2C400&ssl=1 2x, https:\/\/i0.wp.com\/www.grieta.org.mx\/wp-content\/uploads\/2020\/09\/PORTADA-BOSQUE-NIXTICUIL_DOSEL-RESIDENCIAL.jpg?resize=1050%2C600&ssl=1 3x"},"classes":[]},{"id":7695,"url":"https:\/\/www.grieta.org.mx\/index.php\/2016\/03\/20\/defensores-de-el-nixticuil-se-manifestaran-contra-el-proyecto-bosque-encantado\/","url_meta":{"origin":48424,"position":2},"title":"Defensores de El Nixticuil se manifestar\u00e1n contra el proyecto \u201cBosque Encantado\u201d","author":"grieta","date":"20 marzo, 2016","format":false,"excerpt":"Nelda Judith Anzar Como un ejercicio de denuncia y memoria, a un a\u00f1o de la tala de m\u00e1s de 150 \u00e1rboles en el bosque El Nixticuil por parte de la empresa inmobiliaria Spinelli Corporation, y con la complicidad que ante este ecocidio ha prevalecido en todas las instancias gubernamentales municipales,\u2026","rel":"","context":"En &quot;CINTILLO&quot;","block_context":{"text":"CINTILLO","link":"https:\/\/www.grieta.org.mx\/index.php\/category\/cintillo\/"},"img":{"alt_text":"","src":"https:\/\/i0.wp.com\/www.grieta.org.mx\/wp-content\/uploads\/2018\/03\/14524434_1106112876131411_958039263622046936_o.jpg?resize=350%2C200&ssl=1","width":350,"height":200,"srcset":"https:\/\/i0.wp.com\/www.grieta.org.mx\/wp-content\/uploads\/2018\/03\/14524434_1106112876131411_958039263622046936_o.jpg?resize=350%2C200&ssl=1 1x, https:\/\/i0.wp.com\/www.grieta.org.mx\/wp-content\/uploads\/2018\/03\/14524434_1106112876131411_958039263622046936_o.jpg?resize=525%2C300&ssl=1 1.5x, https:\/\/i0.wp.com\/www.grieta.org.mx\/wp-content\/uploads\/2018\/03\/14524434_1106112876131411_958039263622046936_o.jpg?resize=700%2C400&ssl=1 2x"},"classes":[]},{"id":58984,"url":"https:\/\/www.grieta.org.mx\/index.php\/2021\/04\/23\/vecinos-del-nixticuil-reclaman-reanudacion-de-obras-en-fraccionamiento-irregular-jalisco\/","url_meta":{"origin":48424,"position":3},"title":"Vecinos del Nixticuil reclaman reanudaci\u00f3n de obras en fraccionamiento irregular (Jalisco)","author":"grieta","date":"23 abril, 2021","format":false,"excerpt":"Foto: F\u00e1tima Aguilar F\u00e1tima Aguilar \/ UDGTV Luego de la resoluci\u00f3n del Tribunal de Justicia Administrativa, que permiti\u00f3 la reanudaci\u00f3n de obras en un fraccionamiento irregular aleda\u00f1o al \u00c1rea Natural Protegida del Bosque del Nixticuil, vecinos de la zona acudieron esta ma\u00f1ana al punto de la construcci\u00f3n para inconformarse ante\u2026","rel":"","context":"En &quot;CINTILLO&quot;","block_context":{"text":"CINTILLO","link":"https:\/\/www.grieta.org.mx\/index.php\/category\/cintillo\/"},"img":{"alt_text":"","src":"https:\/\/i0.wp.com\/www.grieta.org.mx\/wp-content\/uploads\/2021\/04\/El-Nixticuil-Fatima-Aguilar-e1619210419446-696x385-1.jpeg?resize=350%2C200&ssl=1","width":350,"height":200,"srcset":"https:\/\/i0.wp.com\/www.grieta.org.mx\/wp-content\/uploads\/2021\/04\/El-Nixticuil-Fatima-Aguilar-e1619210419446-696x385-1.jpeg?resize=350%2C200&ssl=1 1x, https:\/\/i0.wp.com\/www.grieta.org.mx\/wp-content\/uploads\/2021\/04\/El-Nixticuil-Fatima-Aguilar-e1619210419446-696x385-1.jpeg?resize=525%2C300&ssl=1 1.5x"},"classes":[]},{"id":64245,"url":"https:\/\/www.grieta.org.mx\/index.php\/2022\/05\/18\/desarrollo-inmobiliario-pone-en-riesgo-el-corredor-hidrologico-del-bosque-nixticuil-en-zapopan-jalisco\/","url_meta":{"origin":48424,"position":4},"title":"Desarrollo inmobiliario pone en riesgo el corredor hidrol\u00f3gico del Bosque Nixticuil en Zapopan (Jalisco)","author":"grieta","date":"18 mayo, 2022","format":false,"excerpt":"Foto: Archivo \/ UDGTV Mar\u00eda Ram\u00edrez Blanco \/ UDGTV Guadalajara, Jalisco.\u00a0\u00a0El\u00a0Comit\u00e9 para la Defensa del Bosque Nixticuil en Zapopan denuncia tr\u00e1fico de influencias por parte del Gobierno Municipal\u00a0para favorecer el desarrollo inmobiliario en una \u00e1rea que tiene un alto grado de conservaci\u00f3n ecol\u00f3gica. \u201cSe trata de una zona que es\u2026","rel":"","context":"En &quot;CINTILLO&quot;","block_context":{"text":"CINTILLO","link":"https:\/\/www.grieta.org.mx\/index.php\/category\/cintillo\/"},"img":{"alt_text":"","src":"https:\/\/i0.wp.com\/www.grieta.org.mx\/wp-content\/uploads\/2022\/05\/Bosque_Nixticuil-ArchivoResized-696x522-1.jpg?resize=350%2C200&ssl=1","width":350,"height":200,"srcset":"https:\/\/i0.wp.com\/www.grieta.org.mx\/wp-content\/uploads\/2022\/05\/Bosque_Nixticuil-ArchivoResized-696x522-1.jpg?resize=350%2C200&ssl=1 1x, https:\/\/i0.wp.com\/www.grieta.org.mx\/wp-content\/uploads\/2022\/05\/Bosque_Nixticuil-ArchivoResized-696x522-1.jpg?resize=525%2C300&ssl=1 1.5x"},"classes":[]},{"id":17180,"url":"https:\/\/www.grieta.org.mx\/index.php\/2016\/07\/17\/quieren-cercenar-el-nixticuil\/","url_meta":{"origin":48424,"position":5},"title":"Quieren cercenar El Nixticuil","author":"grieta","date":"17 julio, 2016","format":false,"excerpt":"Viridiana Saavedra Ponce El Comit\u00e9 Salvabosque denunci\u00f3 que empleados de la empresa Consorcio GIG han realizado trabajos de topograf\u00eda por un supuesto contrato del Gobierno de Zapopan para el proyecto de ampliaci\u00f3n de la avenida \u00c1ngel Lea\u00f1o, lo que implicar\u00e1 la tala de aproximadamente 317 \u00e1rboles, de los cuales 270\u2026","rel":"","context":"En &quot;CINTILLO&quot;","block_context":{"text":"CINTILLO","link":"https:\/\/www.grieta.org.mx\/index.php\/category\/cintillo\/"},"img":{"alt_text":"","src":"https:\/\/i0.wp.com\/www.grieta.org.mx\/wp-content\/uploads\/2018\/03\/14524434_1106112876131411_958039263622046936_o.jpg?resize=350%2C200&ssl=1","width":350,"height":200,"srcset":"https:\/\/i0.wp.com\/www.grieta.org.mx\/wp-content\/uploads\/2018\/03\/14524434_1106112876131411_958039263622046936_o.jpg?resize=350%2C200&ssl=1 1x, https:\/\/i0.wp.com\/www.grieta.org.mx\/wp-content\/uploads\/2018\/03\/14524434_1106112876131411_958039263622046936_o.jpg?resize=525%2C300&ssl=1 1.5x, https:\/\/i0.wp.com\/www.grieta.org.mx\/wp-content\/uploads\/2018\/03\/14524434_1106112876131411_958039263622046936_o.jpg?resize=700%2C400&ssl=1 2x"},"classes":[]}],"_links":{"self":[{"href":"https:\/\/www.grieta.org.mx\/index.php\/wp-json\/wp\/v2\/posts\/48424","targetHints":{"allow":["GET"]}}],"collection":[{"href":"https:\/\/www.grieta.org.mx\/index.php\/wp-json\/wp\/v2\/posts"}],"about":[{"href":"https:\/\/www.grieta.org.mx\/index.php\/wp-json\/wp\/v2\/types\/post"}],"author":[{"embeddable":true,"href":"https:\/\/www.grieta.org.mx\/index.php\/wp-json\/wp\/v2\/users\/2"}],"replies":[{"embeddable":true,"href":"https:\/\/www.grieta.org.mx\/index.php\/wp-json\/wp\/v2\/comments?post=48424"}],"version-history":[{"count":1,"href":"https:\/\/www.grieta.org.mx\/index.php\/wp-json\/wp\/v2\/posts\/48424\/revisions"}],"predecessor-version":[{"id":48426,"href":"https:\/\/www.grieta.org.mx\/index.php\/wp-json\/wp\/v2\/posts\/48424\/revisions\/48426"}],"wp:featuredmedia":[{"embeddable":true,"href":"https:\/\/www.grieta.org.mx\/index.php\/wp-json\/wp\/v2\/media\/48425"}],"wp:attachment":[{"href":"https:\/\/www.grieta.org.mx\/index.php\/wp-json\/wp\/v2\/media?parent=48424"}],"wp:term":[{"taxonomy":"category","embeddable":true,"href":"https:\/\/www.grieta.org.mx\/index.php\/wp-json\/wp\/v2\/categories?post=48424"},{"taxonomy":"post_tag","embeddable":true,"href":"https:\/\/www.grieta.org.mx\/index.php\/wp-json\/wp\/v2\/tags?post=48424"}],"curies":[{"name":"wp","href":"https:\/\/api.w.org\/{rel}","templated":true}]}}