{"id":48409,"date":"2020-04-28T12:27:01","date_gmt":"2020-04-28T17:27:01","guid":{"rendered":"http:\/\/www.grieta.org.mx\/?p=48409"},"modified":"2020-05-01T12:55:25","modified_gmt":"2020-05-01T17:55:25","slug":"ya-te-cargo-tu-puta-madre-policias-de-tlaquepaque-roban-y-amedrentan-a-mujer-por-usar-un-cubrebocas-viejo-jalisco","status":"publish","type":"post","link":"https:\/\/www.grieta.org.mx\/index.php\/2020\/04\/28\/ya-te-cargo-tu-puta-madre-policias-de-tlaquepaque-roban-y-amedrentan-a-mujer-por-usar-un-cubrebocas-viejo-jalisco\/","title":{"rendered":"\u201cYa te cargo tu puta madre\u201d: polic\u00edas de Tlaquepaque roban y amedrentan a mujer por usar un cubrebocas \u201cviejo\u201d (Jalisco)"},"content":{"rendered":"<p><img loading=\"lazy\" decoding=\"async\" data-attachment-id=\"48410\" data-permalink=\"https:\/\/www.grieta.org.mx\/index.php\/2020\/04\/28\/ya-te-cargo-tu-puta-madre-policias-de-tlaquepaque-roban-y-amedrentan-a-mujer-por-usar-un-cubrebocas-viejo-jalisco\/portada-abuso-y-extorsion-polica-1040x640\/\" data-orig-file=\"https:\/\/www.grieta.org.mx\/wp-content\/uploads\/2020\/05\/PORTADA-ABUSO-Y-EXTORSI\u00d3N-POLIC\u00c1-1040x640.jpg\" data-orig-size=\"1040,640\" data-comments-opened=\"0\" data-image-meta=\"{&quot;aperture&quot;:&quot;0&quot;,&quot;credit&quot;:&quot;&quot;,&quot;camera&quot;:&quot;&quot;,&quot;caption&quot;:&quot;&quot;,&quot;created_timestamp&quot;:&quot;0&quot;,&quot;copyright&quot;:&quot;&quot;,&quot;focal_length&quot;:&quot;0&quot;,&quot;iso&quot;:&quot;0&quot;,&quot;shutter_speed&quot;:&quot;0&quot;,&quot;title&quot;:&quot;&quot;,&quot;orientation&quot;:&quot;0&quot;}\" data-image-title=\"PORTADA-ABUSO-Y-EXTORSI\u00d3N-POLIC\u00c1-1040&amp;#215;640\" data-image-description=\"\" data-image-caption=\"\" data-medium-file=\"https:\/\/www.grieta.org.mx\/wp-content\/uploads\/2020\/05\/PORTADA-ABUSO-Y-EXTORSI\u00d3N-POLIC\u00c1-1040x640-300x185.jpg\" data-large-file=\"https:\/\/www.grieta.org.mx\/wp-content\/uploads\/2020\/05\/PORTADA-ABUSO-Y-EXTORSI\u00d3N-POLIC\u00c1-1040x640-1024x630.jpg\" class=\"aligncenter wp-image-48410\" src=\"http:\/\/www.grieta.org.mx\/wp-content\/uploads\/2020\/05\/PORTADA-ABUSO-Y-EXTORSI\u00d3N-POLIC\u00c1-1040x640.jpg\" alt=\"\" width=\"799\" height=\"492\" srcset=\"https:\/\/www.grieta.org.mx\/wp-content\/uploads\/2020\/05\/PORTADA-ABUSO-Y-EXTORSI\u00d3N-POLIC\u00c1-1040x640.jpg 1040w, https:\/\/www.grieta.org.mx\/wp-content\/uploads\/2020\/05\/PORTADA-ABUSO-Y-EXTORSI\u00d3N-POLIC\u00c1-1040x640-300x185.jpg 300w, https:\/\/www.grieta.org.mx\/wp-content\/uploads\/2020\/05\/PORTADA-ABUSO-Y-EXTORSI\u00d3N-POLIC\u00c1-1040x640-768x473.jpg 768w, https:\/\/www.grieta.org.mx\/wp-content\/uploads\/2020\/05\/PORTADA-ABUSO-Y-EXTORSI\u00d3N-POLIC\u00c1-1040x640-1024x630.jpg 1024w, https:\/\/www.grieta.org.mx\/wp-content\/uploads\/2020\/05\/PORTADA-ABUSO-Y-EXTORSI\u00d3N-POLIC\u00c1-1040x640-813x500.jpg 813w\" sizes=\"auto, (max-width: 799px) 100vw, 799px\" \/><\/p>\n<p>Foto: Zona Docs<\/p>\n<p><em>A trav\u00e9s del acuerdo DIELAG ACU 026\/2020, el Gobernador de Jalisco, decret\u00f3 el pasado 19 de abril, una serie de medidas obligatorias para prevenir la propagaci\u00f3n y el contagio del coronavirus; el uso obligatorio de cubrebocas en v\u00eda p\u00fablica, sitios de consumo y transporte p\u00fablico, adem\u00e1s del resguardo domiciliario, tambi\u00e9n obligatorio, son algunas de las medidas que m\u00e1s han dado de qu\u00e9 hablar en medio de la contingencia sanitaria por COVID-19. Y es que, seg\u00fan lo se\u00f1alan las disposiciones oficiales, las y los ciudadanos que no cumplan con \u00e9stas ser\u00e1n acreedores a sanciones que van desde amonestaciones y multas, hasta clausuras parciales y totales de empresas o negocios, y el arresto.<\/em><\/p>\n<p><em>De acuerdo con la disposici\u00f3n oficial, las y los elementos de las polic\u00edas municipales son los encargados de verificar el cumplimiento de las medidas. Sin embargo, organizaciones de la sociedad civil en Jalisco, han evidenciado que, ya que el decreto carece de criterios y reglas de sanci\u00f3n y actuaci\u00f3n, el actuar de las y los agentes, as\u00ed como, de dem\u00e1s autoridades en el estado, podr\u00edan derivar en la comisi\u00f3n de violaciones graves a los derechos humanos, tales como: abuso de autoridad, detenciones arbitrarias, extorsi\u00f3n, el uso excesivo de la fuerza, actos de discriminaci\u00f3n, tortura y\/o desaparici\u00f3n forzada.<\/em><\/p>\n<p><em>Esta es la historia de Mimi, una joven vendedora que fue agredida, robada y amenazada por al menos tres elementos de la polic\u00eda municipal de Tlaquepaque, quienes le interceptaron en la v\u00eda p\u00fablica bajo el pretexto de traer \u201cun cubrebocas viejo\u201d. Si bien, tras los hechos decidi\u00f3 ir a denunciar, lo hizo con pocas certezas pues despu\u00e9s de visitar al menos tres m\u00f3dulos y dependencias, las autoridades no levantaron siquiera un acta de circunstancial.<\/em><\/p>\n<p>Dalia Souza \/ Zona Docs<\/p>\n<p>Mimi sali\u00f3 de su casa a medio d\u00eda, con su cubrebocas puesto y en una peque\u00f1a bolsa su mercanc\u00eda para vender en el mercado de su colonia, los productos de reposter\u00eda que prepara para mantener a su familia. Estaba a punto de llegar al mercado, cuando una patrulla de la Polic\u00eda Municipal de Tlaquepaque le intercept\u00f3 bajo el argumento de que el cubrebocas que llevaba puesto era \u201cviejo\u201d y que no pod\u00eda \u201csalir a infectar a las personas\u201d.<\/p>\n<p>Mimi se detuvo y atendi\u00f3 el llamado de los oficiales, a quienes les respondi\u00f3 dici\u00e9ndoles que efectivamente, en acato a la medida oficial, ella lo llevaba puesto y que s\u00f3lo hab\u00eda salido por unos minutos a hacer la entrega de sus productos; parece que a los elementos municipales el argumento no les fue suficiente, entonces uno de ellos baj\u00f3 de la patrulla para hacerle una \u201crevisi\u00f3n de rutina\u201d.<\/p>\n<p>Sabedora de sus derechos como ciudadana, no se neg\u00f3, sin embargo, antes les cuestion\u00f3 sobre los argumentos por los cuales llevar\u00edan a cabo dicha revisi\u00f3n. La respuesta del polic\u00eda fue insistir en que ella no ten\u00eda permiso de salir y que era una irresponsable; acto seguido le empuj\u00f3 y le quit\u00f3 la bolsa que llevaba con las charolas de su producto, otros dos elementos bajaron tambi\u00e9n de la camioneta oficial y comenzaron a comerse su mercanc\u00eda.<\/p>\n<p>\u201cYa te cargo tu puta madre\u201d le dijo uno de los agentes mientras ella le reclamaba por qu\u00e9 se estaban comiendo su producto. Tirada en el piso le quitaron tambi\u00e9n su monedero con $350 pesos y la \u201cmorralla\u201d -monedas- que llevaba. Aventaron su bolsa y se subieron a la patrulla dej\u00e1ndola sin mercanc\u00eda para vender y sin dinero.<\/p>\n<p>\u201cNi para un chicle me dejaron\u201d dice Mimi. Tras unos minutos y desconcertada, decidi\u00f3 ir a denunciar, pues sab\u00eda que lo que le sucedi\u00f3 es un abuso de la autoridad y que hab\u00edan ultrajado sus derechos. Primero acudi\u00f3 a la Delegaci\u00f3n de la polic\u00eda municipal de su colonia, sin embargo, le dijeron que ah\u00ed no podr\u00edan tomarle su declaraci\u00f3n y la canalizaron a otro punto, al parecer un Centro Cultural de otro municipio, donde evidentemente le dijeron que tampoco podr\u00edan recibir su denuncia. Sin dinero siquiera para el cami\u00f3n, una persona le regal\u00f3 $10 pesos que le permitieron llegar al M\u00f3dulo de la Polic\u00eda Estatal, donde aparentemente s\u00ed atender\u00edan su solicitud.<\/p>\n<p>Tras llegar, la pasaron a un cuarto privado donde s\u00f3lo pod\u00eda leerse en un letrero la frase \u201cSupervisi\u00f3n General\u201d y donde supuestamente tomar\u00edan su denuncia, sin embargo, ning\u00fan funcionario se present\u00f3, ofreci\u00f3 su nombre o cargo y tampoco nadie tom\u00f3 su declaraci\u00f3n por escrito. Sin una declaraci\u00f3n en papel, sin un acta circunstancial siquiera, cuando termin\u00f3 de narrar los hechos, le dijeron que le llamar\u00edan al d\u00eda siguiente pues le \u201ctocar\u00eda ratificar la denuncia\u201d; adem\u00e1s le argumentaron que esperar\u00edan para rastrear la patrulla, pues los turnos de los rondines son de 24 a 48 horas y quiz\u00e1, con mucha suerte podr\u00edan encontrar a los elementos.<\/p>\n<p>Llena de preocupaci\u00f3n porque las autoridades se quedaron con sus datos, y frustrada porque sent\u00eda que nadie estaba haciendo nada por ella, Mimi regreso a su casa con el dinero que otras personas pudieron regalarle para su traslado.<\/p>\n<p>De manera paralela, amigas a las que Mimi pudo contactar, acudieron a las instalaciones de la Fiscal\u00eda del Estado de Jalisco en la Calle 14 en el municipio Guadalajara; suponiendo que ah\u00ed se encontrar\u00eda, preguntaron al personal sobre si alguien con su nombre hab\u00eda asistido a presentar una denuncia. Seg\u00fan relatan, los funcionarios buscaron en el sistema oficial y ninguna persona con su nombre, tel\u00e9fono o direcci\u00f3n apareci\u00f3 en la base de datos como denunciante.<\/p>\n<p>El abogado especialista en Derechos Humanos, Francisco Macias, habr\u00eda advertido antes, en entrevista para ZonaDocs, que las medidas decretadas a trav\u00e9s del acuerdo DIELAG ACU 026\/2020, resultaban ser \u201cun acto autoritario que abre la posibilidad a violaciones a los derechos humanos de las y los jaliscienses\u201d. M\u00e1s a\u00fan cuando el acuerdo oficial \u201cse publica sin haberse reformado ninguno de los reglamentos de polic\u00eda y buen gobierno\u201d y con ello, porque el papel de los elementos de la polic\u00eda municipal -a quienes se les ha encomendado la tarea de ser las y los encargados de verificar el cumplimiento de dichas medidas- se considera punitivo y no preventivo.<\/p>\n<p>A la par, el Centro de Justicia para la Paz y el Desarrollo (CEPAD), ha reconocido a trav\u00e9s de un comunicado que, dada la ausencia de \u201ccriterios y reglas de sanci\u00f3n y actuaci\u00f3n en el desarrollo de las medidas establecidas\u201d, les preocupa que \u201cla implementaci\u00f3n del acuerdo derive en la comisi\u00f3n de violaciones de derechos humanos\u201d, tales como: abuso de autoridad, detenciones arbitrarias, extorsi\u00f3n, el uso excesivo de la fuerza, actos de discriminaci\u00f3n, tortura y\/o desaparici\u00f3n forzada.<\/p>\n<p>Y es que, aunque dichas sanciones presuntamente se basan en lo establecido dentro de los art\u00edculos 417 y 427 de la Ley General de Salud, as\u00ed como en el 345 y 356 de la Ley de Salud del Estado de Jalisco, precisa la organizaci\u00f3n, el documento \u201comite referenciar diversos art\u00edculos contenidos en el T\u00edtulo D\u00e9cimo Octavo de la Ley General de Salud y en el T\u00edtulo D\u00e9cimo Cuarto y D\u00e9cimo Quinto de la Ley de Salud del Estado de Jalisco\u201d.<\/p>\n<p>Donde se se\u00f1alan los criterios y procedimientos en los que se \u201cbasar\u00e1 la decisi\u00f3n sobre la implementaci\u00f3n de cada una de las sanciones\u201d y el \u201cprocedimiento que las autoridades deber\u00e1n llevar a cabo para la imposici\u00f3n de las mismas y los recursos de impugnaci\u00f3n que las personas pueden interponer ante \u00e9stas\u201d.<\/p>\n<p>Publicaciones realizadas el 21 de abril de 2020 en el Twitter de la Comisar\u00eda de polic\u00eda de Tlaquepaque<\/p>\n<p>En este sentido, han manifestado que les preocupa que los elementos policiales municipales y dem\u00e1s autoridades locales \u201capliquen las sanciones de manera arbitraria y que las mismas no se encuentren debidamente fundamentadas y motivadas, como lo exigen las leyes en materia de salud\u201d.<\/p>\n<p>Y es que, por si esto no fuera suficiente, el CEPAD ha dejado de manifiesto en este documento p\u00fablico que, de acuerdo con la Ley de Salud del Estado de Jalisco, el actuar de las polic\u00edas municipales se limita a un papel auxiliar en el cumplimiento de las medidas.<\/p>\n<p>Sin reglas claras de actuaci\u00f3n, sin un protocolo, sin un \u00f3rgano que supervise a las autoridades que dan \u201cseguimiento a las medidas\u201d, en este caso a las y los agentes de las polic\u00edas municipales, resulta ambiguo e incierto c\u00f3mo podr\u00e1n ser sancionados los responsables, se\u00f1ala CEPAD respecto al caso de Mimi.<\/p>\n<p>Si bien, la opci\u00f3n siempre es acudir a presentar una queja ante la Comisi\u00f3n Estatal de Derechos Humanos Jalisco (CEDHJ), tambi\u00e9n podr\u00eda acudirse, -insistimos, en medio de la incertidumbre de saber cu\u00e1les son los medios de impugnaci\u00f3n y queja que las personas tienen para denunciar abusos de autoridad en estos casos-, ante los \u00f3rganos de control municipales, donde podr\u00e1 iniciarse a trav\u00e9s de una queja, un procedimiento de responsabilidad administrativa en contra de los oficiales. O bien, advierte la organizaci\u00f3n, una denuncia penal en casos de robo o extorsi\u00f3n.<\/p>\n<p>De manera particular, precisa Anna Karolina Chimiak, Coordinadora General del CEPAD, lo sucedido a Mimi fue una imposici\u00f3n \u201cno adecuada\u201d de la medida establecida en el acuerdo y, con ello, una actuaci\u00f3n violatoria de la autoridad y de abuso de poder, por lo que, de acuerdo con las leyes del estado podr\u00eda interponer tambi\u00e9n un recurso de inconformidad.<\/p>\n<p>Para quienes acompa\u00f1an el proceso de Mimi, es necesario que se tengan certezas sobre cu\u00e1les ser\u00e1n las medidas de sanci\u00f3n que se aplicar\u00e1n para la violencia policial en contra de las mujeres, pues se\u00f1alan que, la impunidad una vez m\u00e1s, no es una opci\u00f3n en medio de la pandemia.<\/p>\n<p>Tras los primeros cuatro d\u00edas de aplicaci\u00f3n del decreto, los medios de comunicaci\u00f3n locales informaron que 72 personas fueron arrestadas bajo el argumento de \u201cagredir a elementos de seguridad p\u00fablica tras el exhorto a utilizar tapabocas\u201d. Una cifra que las organizaciones de la sociedad civil consideran \u201calarmante\u201d puesto que, adem\u00e1s no ha existido informaci\u00f3n oficial sobre las sanciones interpuestas.<\/p>\n<p>La Comisi\u00f3n Estatal de Derechos Humanos en Jalisco (CEDHJ), inform\u00f3 a trav\u00e9s de sus redes sociales que el pasado jueves 23 de abril realiz\u00f3 \u201cun recorrido de revisi\u00f3n\u201d en dependencias del ayuntamiento de San Pedro Tlaquepaque y Guadalajara donde \u201cse constat\u00f3 que no se encontraban personas detenidas por no acatar medidas de seguridad sanitaria para el aislamiento social\u201d. Asimismo, se confirm\u00f3 que 55 personas fueron detenidas el mi\u00e9rcoles 22 de abril (fecha en la que sucedieron los abusos de autoridad a Mimi), mismas que fueron apercibidas.<\/p>\n<p><a href=\"https:\/\/www.zonadocs.mx\/2020\/04\/28\/ya-te-cargo-tu-puta-madre-policias-de-tlaquepaque-roban-y-amedrentan-a-mujer-por-usar-un-cubrebocas-viejo\/\">https:\/\/www.zonadocs.mx\/2020\/04\/28\/ya-te-cargo-tu-puta-madre-policias-de-tlaquepaque-roban-y-amedrentan-a-mujer-por-usar-un-cubrebocas-viejo\/<\/a><\/p>\n","protected":false},"excerpt":{"rendered":"<p>Foto: Zona Docs A trav\u00e9s del acuerdo DIELAG ACU 026\/2020, el Gobernador de Jalisco, decret\u00f3 el pasado 19 de abril, una serie de medidas obligatorias para prevenir la propagaci\u00f3n y &hellip; <a href=\"https:\/\/www.grieta.org.mx\/index.php\/2020\/04\/28\/ya-te-cargo-tu-puta-madre-policias-de-tlaquepaque-roban-y-amedrentan-a-mujer-por-usar-un-cubrebocas-viejo-jalisco\/\" class=\"more-link\">Leer m\u00e1s<\/a><\/p>\n","protected":false},"author":2,"featured_media":48410,"comment_status":"closed","ping_status":"closed","sticky":false,"template":"","format":"standard","meta":{"ngg_post_thumbnail":0,"_jetpack_newsletter_access":"","_jetpack_dont_email_post_to_subs":false,"_jetpack_newsletter_tier_id":0,"_jetpack_memberships_contains_paywalled_content":false,"_jetpack_memberships_contains_paid_content":false,"footnotes":""},"categories":[80,3271,1771,20,2],"tags":[199,905,648,2801,1034],"class_list":["post-48409","post","type-post","status-publish","format-standard","has-post-thumbnail","hentry","category-cintillo","category-covid-19-en-jalisco","category-incremento-de-la-violencia-en-jalisco","category-jalisco","category-noticias-nacionales","tag-abuso-policiaco","tag-abusos-policiacos","tag-acoso","tag-violencia-policiaca-contra-mujeres","tag-violencias-de-fuerzas-represivas","entry"],"jetpack_featured_media_url":"https:\/\/www.grieta.org.mx\/wp-content\/uploads\/2020\/05\/PORTADA-ABUSO-Y-EXTORSI\u00d3N-POLIC\u00c1-1040x640.jpg","jetpack_sharing_enabled":true,"jetpack_shortlink":"https:\/\/wp.me\/p7ZJR4-cAN","jetpack_likes_enabled":false,"jetpack-related-posts":[{"id":46771,"url":"https:\/\/www.grieta.org.mx\/index.php\/2020\/03\/24\/trabajadores-del-imss-exigen-medidas-e-insumos-jalisco\/","url_meta":{"origin":48409,"position":0},"title":"Trabajadores del IMSS exigen medidas e insumos (Jalisco)","author":"grieta","date":"24 marzo, 2020","format":false,"excerpt":"Foto: Especial Edgar Flores \/ El Diario NTR Al mediod\u00eda de ayer trabajadores de la Hospital General Regional (HGR) 46 del Instituto Mexicano del Seguro Social (IMSS) se manifestaron a las afueras del nosocomio para exigir insumos y medidas de protecci\u00f3n a prop\u00f3sito de la contingencia sanitaria por el Covid-19.\u2026","rel":"","context":"En &quot;CINTILLO&quot;","block_context":{"text":"CINTILLO","link":"https:\/\/www.grieta.org.mx\/index.php\/category\/cintillo\/"},"img":{"alt_text":"","src":"https:\/\/i0.wp.com\/www.grieta.org.mx\/wp-content\/uploads\/2020\/03\/2020-03-24_12-03-18___7035.jpg?resize=350%2C200&ssl=1","width":350,"height":200,"srcset":"https:\/\/i0.wp.com\/www.grieta.org.mx\/wp-content\/uploads\/2020\/03\/2020-03-24_12-03-18___7035.jpg?resize=350%2C200&ssl=1 1x, https:\/\/i0.wp.com\/www.grieta.org.mx\/wp-content\/uploads\/2020\/03\/2020-03-24_12-03-18___7035.jpg?resize=525%2C300&ssl=1 1.5x, https:\/\/i0.wp.com\/www.grieta.org.mx\/wp-content\/uploads\/2020\/03\/2020-03-24_12-03-18___7035.jpg?resize=700%2C400&ssl=1 2x"},"classes":[]},{"id":50313,"url":"https:\/\/www.grieta.org.mx\/index.php\/2020\/06\/03\/giovanni-fue-detenido-en-ixtlahuacan-por-no-usar-cubrebocas-y-lo-entregan-muerto-jalisco\/","url_meta":{"origin":48409,"position":1},"title":"Giovanni fue detenido en Ixtlahuac\u00e1n por no usar cubrebocas y lo entregan muerto (Jalisco)","author":"grieta","date":"3 junio, 2020","format":false,"excerpt":"Imagen Twitter \/ Plumas At\u00f3micas Redacci\u00f3n \/ Plumas At\u00f3micas Las redes sociales se han manifestado por la muerte de Giovanni L\u00f3pez, quien, de acuerdo con su familia, fue detenido por polic\u00edas municipales de Ixtlahuac\u00e1n de los Membrillos, Jalisco. \u00bfEl motivo? No llevaba cubrebocas en la v\u00eda p\u00fablica por la pandemia\u2026","rel":"","context":"En &quot;CINTILLO&quot;","block_context":{"text":"CINTILLO","link":"https:\/\/www.grieta.org.mx\/index.php\/category\/cintillo\/"},"img":{"alt_text":"","src":"https:\/\/i0.wp.com\/www.grieta.org.mx\/wp-content\/uploads\/2020\/06\/justicia-giovanni-cubrebocas-ixtlahuacan-policia.jpg?resize=350%2C200&ssl=1","width":350,"height":200,"srcset":"https:\/\/i0.wp.com\/www.grieta.org.mx\/wp-content\/uploads\/2020\/06\/justicia-giovanni-cubrebocas-ixtlahuacan-policia.jpg?resize=350%2C200&ssl=1 1x, https:\/\/i0.wp.com\/www.grieta.org.mx\/wp-content\/uploads\/2020\/06\/justicia-giovanni-cubrebocas-ixtlahuacan-policia.jpg?resize=525%2C300&ssl=1 1.5x, https:\/\/i0.wp.com\/www.grieta.org.mx\/wp-content\/uploads\/2020\/06\/justicia-giovanni-cubrebocas-ixtlahuacan-policia.jpg?resize=700%2C400&ssl=1 2x, https:\/\/i0.wp.com\/www.grieta.org.mx\/wp-content\/uploads\/2020\/06\/justicia-giovanni-cubrebocas-ixtlahuacan-policia.jpg?resize=1050%2C600&ssl=1 3x"},"classes":[]},{"id":56586,"url":"https:\/\/www.grieta.org.mx\/index.php\/2021\/01\/25\/sindicato-de-guadalajara-denuncia-falta-de-insumos-para-prevenir-contagios-de-covid-19-en-cruz-verde-jalisco\/","url_meta":{"origin":48409,"position":2},"title":"Sindicato de Guadalajara denuncia falta de insumos para prevenir contagios de Covid-19 en Cruz Verde (Jalisco)","author":"grieta","date":"25 enero, 2021","format":false,"excerpt":"Foto: Cortes\u00eda Elizabeth R\u00edos \/ El Occidental Porque se han relajado las medidas de prevenci\u00f3n y autoridades municipales han incumplido con dotarlos de lo necesario para no contagiarse de Covid-19, el Sindicato de Trabajadores del Ayuntamiento de Guadalajara comenz\u00f3 con la distribuci\u00f3n, de nuevo, de algunos equipos preventivos. A decir\u2026","rel":"","context":"En &quot;CINTILLO&quot;","block_context":{"text":"CINTILLO","link":"https:\/\/www.grieta.org.mx\/index.php\/category\/cintillo\/"},"img":{"alt_text":"","src":"https:\/\/i0.wp.com\/www.grieta.org.mx\/wp-content\/uploads\/2021\/02\/Sindicato-de-trabajadores-de-Guadalajara.jpg?resize=350%2C200&ssl=1","width":350,"height":200,"srcset":"https:\/\/i0.wp.com\/www.grieta.org.mx\/wp-content\/uploads\/2021\/02\/Sindicato-de-trabajadores-de-Guadalajara.jpg?resize=350%2C200&ssl=1 1x, https:\/\/i0.wp.com\/www.grieta.org.mx\/wp-content\/uploads\/2021\/02\/Sindicato-de-trabajadores-de-Guadalajara.jpg?resize=525%2C300&ssl=1 1.5x, https:\/\/i0.wp.com\/www.grieta.org.mx\/wp-content\/uploads\/2021\/02\/Sindicato-de-trabajadores-de-Guadalajara.jpg?resize=700%2C400&ssl=1 2x"},"classes":[]},{"id":48412,"url":"https:\/\/www.grieta.org.mx\/index.php\/2020\/04\/29\/personal-med-jaliscoico-de-los-centros-penitenciarios-de-jalisco-enfrentan-al-covid-19-en-condiciones-precarias\/","url_meta":{"origin":48409,"position":3},"title":"Personal m\u00e9dico de los centros penitenciarios de Jalisco enfrentan al Covid-19 en condiciones precarias","author":"grieta","date":"29 abril, 2020","format":false,"excerpt":"Opacidad y silencio han sido las constantes en las autoridades penitenciarias en Jalisco ante las denuncias sobre la situaci\u00f3n real que enfrentan por los casos positivos de COVID-19 detectados a su interior. En este texto hablamos con diversos funcionarios que se\u00f1alan que la situaci\u00f3n es cr\u00edtica y podr\u00eda empeorar, pues\u2026","rel":"","context":"En &quot;CINTILLO&quot;","block_context":{"text":"CINTILLO","link":"https:\/\/www.grieta.org.mx\/index.php\/category\/cintillo\/"},"img":{"alt_text":"","src":"https:\/\/i0.wp.com\/www.grieta.org.mx\/wp-content\/uploads\/2020\/05\/PUENTE-GRANDE-SUPREMO-TRIBUNAL-DE-JUSTICIA.jpg?resize=350%2C200&ssl=1","width":350,"height":200,"srcset":"https:\/\/i0.wp.com\/www.grieta.org.mx\/wp-content\/uploads\/2020\/05\/PUENTE-GRANDE-SUPREMO-TRIBUNAL-DE-JUSTICIA.jpg?resize=350%2C200&ssl=1 1x, https:\/\/i0.wp.com\/www.grieta.org.mx\/wp-content\/uploads\/2020\/05\/PUENTE-GRANDE-SUPREMO-TRIBUNAL-DE-JUSTICIA.jpg?resize=525%2C300&ssl=1 1.5x, https:\/\/i0.wp.com\/www.grieta.org.mx\/wp-content\/uploads\/2020\/05\/PUENTE-GRANDE-SUPREMO-TRIBUNAL-DE-JUSTICIA.jpg?resize=700%2C400&ssl=1 2x, https:\/\/i0.wp.com\/www.grieta.org.mx\/wp-content\/uploads\/2020\/05\/PUENTE-GRANDE-SUPREMO-TRIBUNAL-DE-JUSTICIA.jpg?resize=1050%2C600&ssl=1 3x"},"classes":[]},{"id":56977,"url":"https:\/\/www.grieta.org.mx\/index.php\/2021\/02\/12\/estudiantes-de-la-feu-piden-oxigeno-dentro-de-las-nuevas-medidas-gubernamentales-jalisco\/","url_meta":{"origin":48409,"position":4},"title":"Estudiantes de la FEU piden ox\u00edgeno, dentro de las nuevas medidas gubernamentales (Jalisco)","author":"grieta","date":"12 febrero, 2021","format":false,"excerpt":"Foto: Eugenio Maga\u00f1a - El Occidental V\u00edctor Ch\u00e1vez \/ El Occidental+ A las afueras de casa Jalisco, j\u00f3venes integrantes de La Federaci\u00f3n de Estudiantes Universitarios se manifestaron para que en las nuevas acciones se incluya #M\u00e1sOx\u00edgeno para las familias con enfermos por Covid-19, de manera gratuita. Piden que la soluci\u00f3n\u2026","rel":"","context":"En &quot;CINTILLO&quot;","block_context":{"text":"CINTILLO","link":"https:\/\/www.grieta.org.mx\/index.php\/category\/cintillo\/"},"img":{"alt_text":"","src":"https:\/\/i0.wp.com\/www.grieta.org.mx\/wp-content\/uploads\/2021\/02\/Estudiantes-Feu-principal.jpeg?resize=350%2C200&ssl=1","width":350,"height":200,"srcset":"https:\/\/i0.wp.com\/www.grieta.org.mx\/wp-content\/uploads\/2021\/02\/Estudiantes-Feu-principal.jpeg?resize=350%2C200&ssl=1 1x, https:\/\/i0.wp.com\/www.grieta.org.mx\/wp-content\/uploads\/2021\/02\/Estudiantes-Feu-principal.jpeg?resize=525%2C300&ssl=1 1.5x, https:\/\/i0.wp.com\/www.grieta.org.mx\/wp-content\/uploads\/2021\/02\/Estudiantes-Feu-principal.jpeg?resize=700%2C400&ssl=1 2x"},"classes":[]},{"id":49366,"url":"https:\/\/www.grieta.org.mx\/index.php\/2020\/05\/09\/madres-de-desaparecidos-se-manifestaron-para-exigir-su-localizacion-jalisco\/","url_meta":{"origin":48409,"position":5},"title":"Madres de desaparecidos se manifestaron para exigir su localizaci\u00f3n (Jalisco)","author":"grieta","date":"9 mayo, 2020","format":false,"excerpt":"Foto: Cortes\u00eda Fundej Elizabeth Ibal \/ El Occidental Para decenas de mujeres no hay nada qu\u00e9 festejar en este D\u00eda de las Madres, ya que sus hijos les fueron arrebatados y hasta ahora nada se sabe de su paradero. Para que su causa no sea olvidada, madres de familia de\u2026","rel":"","context":"En &quot;CINTILLO&quot;","block_context":{"text":"CINTILLO","link":"https:\/\/www.grieta.org.mx\/index.php\/category\/cintillo\/"},"img":{"alt_text":"","src":"https:\/\/i0.wp.com\/www.grieta.org.mx\/wp-content\/uploads\/2020\/05\/Madres-de-manifestaci%C3%B3n.jpg?resize=350%2C200&ssl=1","width":350,"height":200,"srcset":"https:\/\/i0.wp.com\/www.grieta.org.mx\/wp-content\/uploads\/2020\/05\/Madres-de-manifestaci%C3%B3n.jpg?resize=350%2C200&ssl=1 1x, https:\/\/i0.wp.com\/www.grieta.org.mx\/wp-content\/uploads\/2020\/05\/Madres-de-manifestaci%C3%B3n.jpg?resize=525%2C300&ssl=1 1.5x, https:\/\/i0.wp.com\/www.grieta.org.mx\/wp-content\/uploads\/2020\/05\/Madres-de-manifestaci%C3%B3n.jpg?resize=700%2C400&ssl=1 2x"},"classes":[]}],"_links":{"self":[{"href":"https:\/\/www.grieta.org.mx\/index.php\/wp-json\/wp\/v2\/posts\/48409","targetHints":{"allow":["GET"]}}],"collection":[{"href":"https:\/\/www.grieta.org.mx\/index.php\/wp-json\/wp\/v2\/posts"}],"about":[{"href":"https:\/\/www.grieta.org.mx\/index.php\/wp-json\/wp\/v2\/types\/post"}],"author":[{"embeddable":true,"href":"https:\/\/www.grieta.org.mx\/index.php\/wp-json\/wp\/v2\/users\/2"}],"replies":[{"embeddable":true,"href":"https:\/\/www.grieta.org.mx\/index.php\/wp-json\/wp\/v2\/comments?post=48409"}],"version-history":[{"count":1,"href":"https:\/\/www.grieta.org.mx\/index.php\/wp-json\/wp\/v2\/posts\/48409\/revisions"}],"predecessor-version":[{"id":48411,"href":"https:\/\/www.grieta.org.mx\/index.php\/wp-json\/wp\/v2\/posts\/48409\/revisions\/48411"}],"wp:featuredmedia":[{"embeddable":true,"href":"https:\/\/www.grieta.org.mx\/index.php\/wp-json\/wp\/v2\/media\/48410"}],"wp:attachment":[{"href":"https:\/\/www.grieta.org.mx\/index.php\/wp-json\/wp\/v2\/media?parent=48409"}],"wp:term":[{"taxonomy":"category","embeddable":true,"href":"https:\/\/www.grieta.org.mx\/index.php\/wp-json\/wp\/v2\/categories?post=48409"},{"taxonomy":"post_tag","embeddable":true,"href":"https:\/\/www.grieta.org.mx\/index.php\/wp-json\/wp\/v2\/tags?post=48409"}],"curies":[{"name":"wp","href":"https:\/\/api.w.org\/{rel}","templated":true}]}}