{"id":48400,"date":"2020-04-30T16:43:08","date_gmt":"2020-04-30T21:43:08","guid":{"rendered":"http:\/\/www.grieta.org.mx\/?p=48400"},"modified":"2020-04-30T16:43:08","modified_gmt":"2020-04-30T21:43:08","slug":"cancun-infierno-para-los-medicos-en-el-covid-19","status":"publish","type":"post","link":"https:\/\/www.grieta.org.mx\/index.php\/2020\/04\/30\/cancun-infierno-para-los-medicos-en-el-covid-19\/","title":{"rendered":"Canc\u00fan, infierno para los m\u00e9dicos en el Covid-19"},"content":{"rendered":"<p><img loading=\"lazy\" decoding=\"async\" data-attachment-id=\"48402\" data-permalink=\"https:\/\/www.grieta.org.mx\/index.php\/2020\/04\/30\/cancun-infierno-para-los-medicos-en-el-covid-19\/cancuninfierno\/\" data-orig-file=\"https:\/\/www.grieta.org.mx\/wp-content\/uploads\/2020\/04\/CancunInfierno.png\" data-orig-size=\"648,338\" data-comments-opened=\"0\" data-image-meta=\"{&quot;aperture&quot;:&quot;0&quot;,&quot;credit&quot;:&quot;&quot;,&quot;camera&quot;:&quot;&quot;,&quot;caption&quot;:&quot;&quot;,&quot;created_timestamp&quot;:&quot;0&quot;,&quot;copyright&quot;:&quot;&quot;,&quot;focal_length&quot;:&quot;0&quot;,&quot;iso&quot;:&quot;0&quot;,&quot;shutter_speed&quot;:&quot;0&quot;,&quot;title&quot;:&quot;&quot;,&quot;orientation&quot;:&quot;0&quot;}\" data-image-title=\"CancunInfierno\" data-image-description=\"\" data-image-caption=\"\" data-medium-file=\"https:\/\/www.grieta.org.mx\/wp-content\/uploads\/2020\/04\/CancunInfierno-300x156.png\" data-large-file=\"https:\/\/www.grieta.org.mx\/wp-content\/uploads\/2020\/04\/CancunInfierno.png\" src=\"http:\/\/www.grieta.org.mx\/wp-content\/uploads\/2020\/04\/CancunInfierno.png\" alt=\"\" width=\"648\" height=\"338\" class=\"aligncenter size-full wp-image-48402\" srcset=\"https:\/\/www.grieta.org.mx\/wp-content\/uploads\/2020\/04\/CancunInfierno.png 648w, https:\/\/www.grieta.org.mx\/wp-content\/uploads\/2020\/04\/CancunInfierno-300x156.png 300w\" sizes=\"auto, (max-width: 648px) 100vw, 648px\" \/><\/p>\n<p>Laura Islas \/ Reporte Indigo<\/p>\n<p>Canc\u00fan, el para\u00edso tur\u00edstico de M\u00e9xico, se convirti\u00f3 en un infierno para los profesionales de la salud que atienden en dos hospitales p\u00fablicos: uno del IMSS y otro del ISSSTE.<\/p>\n<p>    El fin de semana se registr\u00f3 la muerte del neurocirujano Francisco Brito Barrera, quien fue diagnosticado con el virus SARS-CoV-2 y trabajaba en el Hospital General Regional 17 del IMSS, ubicado en Canc\u00fan, Quintana Roo<\/p>\n<p>Personal m\u00e9dico que labora n el Hospital General Regional 17 del IMSS, ubicado en Canc\u00fan acusa que al menos entre 15 y 20 trabajadores de ese centro hospitalario como m\u00e9dicos, enfermeras, camilleros y asistentes se contagiaron de coronavirus.<\/p>\n<p>Desde marzo, cuando comenz\u00f3 a expandirse el Covid-19 por el territorio mexicano, algunos especialistas alertaron con escritos que no contaban con los insumos ni las medidas suficientes para atender a los pacientes positivos.<\/p>\n<p>Incluso, solicitaron tanto a las autoridades del hospital como al sindicato que se cancelaran las consultas externas y cirug\u00edas debido al riesgo de contagio por el contacto que ten\u00edan con los pacientes, pero \u00e9stas se siguieron realizando.<\/p>\n<p>La situaci\u00f3n comenz\u00f3 a alarmar al personal cuando se supieron que algunos de ellos ten\u00edan s\u00edntomas de Covid-19, como tos y dolor de cabeza.<\/p>\n<p>\u201cDi positivo. La semana pasada recib\u00ed el estudio de laboratorio, yo tuve que pagarlo porque ah\u00ed en el hospital donde trabajo no ten\u00edan.<\/p>\n<p>\u201cEl manejo de esta pandemia sac\u00f3 a relucir much\u00edsimas deficiencias de la instituci\u00f3n, tal es el grado que la semana pasada apenas vi que ya modificaron las salas de espera y las \u00e1reas de urgencia, porque hace dos semanas ten\u00edan mezclados a los pacientes en la misma \u00e1rea\u201d, relata un m\u00e9dico de ese hospital, quien pidi\u00f3 el anonimato por temor a represalias.<\/p>\n<p>El especialista agrega que en el hospital no les dieron cursos de c\u00f3mo manejar a los pacientes de Covid-19 y ellos tuvieron que buscarlos en otras instituciones como la Secretar\u00eda de Salud.<\/p>\n<p>\u201cEn el seguro nos dieron cursos, no miento, de 15 o 20 minutos a lo mucho, y solo fue de p\u00f3nganse la ropa, qu\u00edtense la ropa, el equipo de protecci\u00f3n personal y eso fue todo. All\u00e1, cosa muy distinta, dur\u00f3 tres horas y eso que fue uno nada m\u00e1s.<\/p>\n<p>\u201cCa\u00ed enfermo y lo m\u00e1s probable es que me haya infectado con los casos de consulta externa o en cirug\u00eda\u201d, dice.<\/p>\n<p>C\u00e9sar, un enfermero de Canc\u00fan que tambi\u00e9n trabaja en ese hospital, tiene s\u00edntomas de Covid-19 pero no ha sido confirmado.<\/p>\n<p>Aunque en la prueba que le realizaron en el IMSS result\u00f3 negativa, los resultados de su tomograf\u00eda sugieren la posibilidad de que est\u00e9 infectado.<\/p>\n<p>\u00c9l es uno de los principales denunciantes de las malas condiciones de trabajo en ese lugar e incluso propuso la adaptaci\u00f3n de m\u00e1scaras para bucear, pero fue ignorado.<\/p>\n<p>El enfermero concluye que se contagi\u00f3 en el \u00e1rea de cirug\u00eda por la falta de material como cubrebocas y menciona que m\u00e1s personal m\u00e9dico considera que fue en ese sitio donde pacientes sanos se infectaron de Covid-19.<\/p>\n<p>Otros m\u00e9dicos narran que cada quien tuvo que comprar su propio equipo como mascarillas N95, lentes de protecci\u00f3n, guantes o gestionar donaciones de la sociedad civil.<\/p>\n<p>Mencionan que el hospital regional tiene tres pisos: el primero de ginecolog\u00eda y obstetricia, el segundo del \u00e1rea quir\u00fargica y el tercero de medicina interna, en \u00e9ste \u00faltimo hay enfermos con Covid-19.<\/p>\n<p>Pero debido a que desde hace meses no funciona el aire acondicionado en el hospital y lo van a reparar, est\u00e1n transfiriendo a los pacientes infectados al piso 2, lo cual es una fuente de contagio mayor.<br \/>\nISSSTE en Canc\u00fan, sin capacidad<\/p>\n<p>La cl\u00ednica hospital del ISSSTE de Canc\u00fan tiene solo 16 camas y no re\u00fane las condiciones para atender a pacientes con coronavirus, por lo que el personal m\u00e9dico pide que no sea reconvertido en un centro covid.<\/p>\n<p>\u201cLa infraestructura del hospital no est\u00e1 hecha para atender a pacientes reales de covid y hace falta el equipo necesario para poder atender a todos los pacientes\u201d, denuncia un m\u00e9dico que labora ah\u00ed.<\/p>\n<p>\u201cEs extremadamente chico y no re\u00fane ni las condiciones ni la calidad, no tenemos terapia intensiva, no tenemos terapia intermedia, cuenta con un ventilador y la mitad de otro, porque no funciona al cien por ciento\u201d, expone.<\/p>\n<p>El pasado martes 28 de abril, trabajadores de la salud protestaron en rechazo a la conversi\u00f3n del hospital debido a que no cuenta con lo esencial para pacientes infectados con el virus del SARSCoV-2.<\/p>\n<p>El personal se\u00f1ala que la \u00fanica raz\u00f3n por la que acud\u00edan era porque a\u00fan se atend\u00edan personas con otros padecimientos y que podr\u00eda ser un foco de contagio como el IMSS de Camc\u00fan.<br \/>\nContagios por falta de equipo<\/p>\n<p>En Quintana Roo hay reportados alrededor de 80 profesionales de la salud con coronavirus o sospechosos de tenerlo, esta cifra no es exacta debido a que no todos fueron sometidos a la prueba.<\/p>\n<p>Jos\u00e9 Antonio Danel Beltr\u00e1n, presidente del Colegio M\u00e9dico de Quintana Roo, expresa que en promedio son 40 m\u00e9dicos, 30 enfermeras, 6 m\u00e9dicos residentes de radiolog\u00eda y medicina interna, 4 odont\u00f3logos y 4 t\u00e9cnicos de rayos equis, seg\u00fan el reporte que ellos tienen.<\/p>\n<p>\u201cTanto como un brote no se ha notificado aqu\u00ed, pero s\u00ed hay un n\u00famero importante en todo el estado; de m\u00e9dicos, enfermeras, t\u00e9cnicos de personal de salud y personal ejecutivo. Sin embargo, no a todos se les ha hecho la prueba para confirmar el diagn\u00f3stico del covid, pero cl\u00ednicamente s\u00ed presentan la metodolog\u00eda\u201d, explica.<\/p>\n<p>Pero Danel Beltr\u00e1n estima que el contagio puede ser hasta un 50 por ciento mayor a esa cifra, con lo cual el n\u00famero de infectados ir\u00eda de 100 a 120.<\/p>\n<p>\u201cMuchos de ellos, por lo que me informan a m\u00ed, se contagiaron al principio porque en algunos hospitales comenzaron a recibir a los pacientes y no ten\u00edan los equipos de protecci\u00f3n personal.<\/p>\n<p>\u201cOtros pudiera ser que a la hora de estarse retirando el equipo, como no hubo una capacitaci\u00f3n oportuna ni adecuada tambi\u00e9n pudieron haberse contaminado; pero lo que es un hecho es que muchos de nuestros colegas atendieron a pacientes sin el equipo de protecci\u00f3n personal de forma completa\u201d, se\u00f1ala.<\/p>\n<p>Debido a que Quintana Roo es uno de los estados que encabeza el n\u00famero de contagios por Covid-19, desde marzo el Colegio M\u00e9dico solicit\u00f3 a diversas instancias estatales y nacionales que les proporcionaran al personal equipo de protecci\u00f3n personal completo.<\/p>\n<p><a href=\"https:\/\/www.reporteindigo.com\/reporte\/cancun-infierno-para-los-medicos-en-el-covid-19-falta-equipo-protecion-infraestructura\/\" rel=\"noopener noreferrer\" target=\"_blank\">https:\/\/www.reporteindigo.com\/reporte\/cancun-infierno-para-los-medicos-en-el-covid-19-falta-equipo-protecion-infraestructura\/<\/a><\/p>\n","protected":false},"excerpt":{"rendered":"<p>Laura Islas \/ Reporte Indigo Canc\u00fan, el para\u00edso tur\u00edstico de M\u00e9xico, se convirti\u00f3 en un infierno para los profesionales de la salud que atienden en dos hospitales p\u00fablicos: uno del &hellip; <a href=\"https:\/\/www.grieta.org.mx\/index.php\/2020\/04\/30\/cancun-infierno-para-los-medicos-en-el-covid-19\/\" class=\"more-link\">Leer m\u00e1s<\/a><\/p>\n","protected":false},"author":2,"featured_media":48402,"comment_status":"closed","ping_status":"closed","sticky":false,"template":"","format":"standard","meta":{"ngg_post_thumbnail":0,"_jetpack_newsletter_access":"","_jetpack_dont_email_post_to_subs":false,"_jetpack_newsletter_tier_id":0,"_jetpack_memberships_contains_paywalled_content":false,"_jetpack_memberships_contains_paid_content":false,"footnotes":""},"categories":[80,3279,918,2853,2,28,83],"tags":[3241,2367],"class_list":["post-48400","post","type-post","status-publish","format-standard","has-post-thumbnail","hentry","category-cintillo","category-covid-19-en-quintana-roo","category-privatizacion-del-sector-salud","category-crisis-en-el-sector-salud-en-quintana-roo","category-noticias-nacionales","category-quintana-roo","category-temas-nacionales","tag-covid-19","tag-crisis-en-el-sector-salud","entry"],"jetpack_featured_media_url":"https:\/\/www.grieta.org.mx\/wp-content\/uploads\/2020\/04\/CancunInfierno.png","jetpack_sharing_enabled":true,"jetpack_shortlink":"https:\/\/wp.me\/p7ZJR4-cAE","jetpack_likes_enabled":false,"jetpack-related-posts":[{"id":49942,"url":"https:\/\/www.grieta.org.mx\/index.php\/2020\/05\/25\/protestan-en-el-hospital-general-de-cancun-personal-medico-demanda-la-entrega-de-equipo-de-seguridad\/","url_meta":{"origin":48400,"position":0},"title":"Protestan en el Hospital General de Canc\u00fan: Personal m\u00e9dico demanda la entrega de equipo de seguridad","author":"grieta","date":"25 mayo, 2020","format":false,"excerpt":"Noticaribe CANC\u00daN, MX.- Personal m\u00e9dico del hospital general \u201cJes\u00fas Kumate\u201d de Canc\u00fan, se manifest\u00f3 esta ma\u00f1ana para exigir les mejoren las condiciones para atender a pacientes que llegan con coronavirus COVID-19. M\u00e9dicos, enfermeras, camilleros y personal administrativo del nosocomio, denunciaron que directivos y funcionarios de la Secretar\u00eda estatal de Salud,\u2026","rel":"","context":"En &quot;CINTILLO&quot;","block_context":{"text":"CINTILLO","link":"https:\/\/www.grieta.org.mx\/index.php\/category\/cintillo\/"},"img":{"alt_text":"","src":"https:\/\/i0.wp.com\/www.grieta.org.mx\/wp-content\/uploads\/2020\/05\/ProtestaHospitalGralCancun-e1590849080818.png?resize=350%2C200&ssl=1","width":350,"height":200,"srcset":"https:\/\/i0.wp.com\/www.grieta.org.mx\/wp-content\/uploads\/2020\/05\/ProtestaHospitalGralCancun-e1590849080818.png?resize=350%2C200&ssl=1 1x, https:\/\/i0.wp.com\/www.grieta.org.mx\/wp-content\/uploads\/2020\/05\/ProtestaHospitalGralCancun-e1590849080818.png?resize=525%2C300&ssl=1 1.5x, https:\/\/i0.wp.com\/www.grieta.org.mx\/wp-content\/uploads\/2020\/05\/ProtestaHospitalGralCancun-e1590849080818.png?resize=700%2C400&ssl=1 2x"},"classes":[]},{"id":49441,"url":"https:\/\/www.grieta.org.mx\/index.php\/2020\/05\/17\/trabajadores-del-imss-de-la-510-cancun-denuncian-amenazas-por-directivos\/","url_meta":{"origin":48400,"position":1},"title":"Trabajadores del IMSS de la 510 Canc\u00fan, denuncian amenazas por directivos","author":"grieta","date":"17 mayo, 2020","format":false,"excerpt":"La Verdad De manera an\u00f3nima algunos dijeron que est\u00e1n siendo amenazados por alzar la voz, al grado de ser despedidos, esto en el IMSS de la 510 de Canc\u00fan. Luego de que el manejador de alimentos del IMSS de la 510, Cristian Javier Erosa G\u00f3mez, fue despedido por directivos de\u2026","rel":"","context":"En &quot;CINTILLO&quot;","block_context":{"text":"CINTILLO","link":"https:\/\/www.grieta.org.mx\/index.php\/category\/cintillo\/"},"img":{"alt_text":"","src":"https:\/\/i0.wp.com\/www.grieta.org.mx\/wp-content\/uploads\/2020\/05\/IMSSCancun.png?resize=350%2C200&ssl=1","width":350,"height":200,"srcset":"https:\/\/i0.wp.com\/www.grieta.org.mx\/wp-content\/uploads\/2020\/05\/IMSSCancun.png?resize=350%2C200&ssl=1 1x, https:\/\/i0.wp.com\/www.grieta.org.mx\/wp-content\/uploads\/2020\/05\/IMSSCancun.png?resize=525%2C300&ssl=1 1.5x"},"classes":[]},{"id":55818,"url":"https:\/\/www.grieta.org.mx\/index.php\/2020\/12\/18\/se-extiende-reclamo-por-el-bono-covid-se-suma-personal-del-hospital-general-de-cancun-a-protestas-por-promesa-de-apoyo-presidencial\/","url_meta":{"origin":48400,"position":2},"title":"Se extiende reclamo por el  \u2018Bono Covid\u2019: Se suma personal del Hospital General de Canc\u00fan a protestas por promesa de apoyo presidencial","author":"grieta","date":"18 diciembre, 2020","format":false,"excerpt":"Sara\u00ed Reyes \/ Noticaribe CANC\u00daN, MX.- Alrededor de 50 trabajadores de la salud del Hospital General de Canc\u00fan se manifestaron este mediod\u00eda en las afueras de las instalaciones del nosocomio, para exigir el pago del \u2018bono COVID-19\u2019 que les prometi\u00f3 el gobierno federal a todos los de la primera l\u00ednea\u2026","rel":"","context":"En &quot;CINTILLO&quot;","block_context":{"text":"CINTILLO","link":"https:\/\/www.grieta.org.mx\/index.php\/category\/cintillo\/"},"img":{"alt_text":"","src":"https:\/\/i0.wp.com\/www.grieta.org.mx\/wp-content\/uploads\/2020\/12\/WhatsApp-Image-2020-12-18-at-1.07.00-PM-1.jpg?resize=350%2C200&ssl=1","width":350,"height":200,"srcset":"https:\/\/i0.wp.com\/www.grieta.org.mx\/wp-content\/uploads\/2020\/12\/WhatsApp-Image-2020-12-18-at-1.07.00-PM-1.jpg?resize=350%2C200&ssl=1 1x, https:\/\/i0.wp.com\/www.grieta.org.mx\/wp-content\/uploads\/2020\/12\/WhatsApp-Image-2020-12-18-at-1.07.00-PM-1.jpg?resize=525%2C300&ssl=1 1.5x"},"classes":[]},{"id":63431,"url":"https:\/\/www.grieta.org.mx\/index.php\/2022\/02\/15\/nos-humillan-y-amenazan-medicos-del-hospital-de-chetumal-denuncian-abuso-laboral-quintana-roo\/","url_meta":{"origin":48400,"position":3},"title":"\u201cNos humillan y amenazan\u201d, m\u00e9dicos del hospital de Chetumal denuncian abuso laboral (Quintana Roo)","author":"grieta","date":"15 febrero, 2022","format":false,"excerpt":"Armando Galera Foto: Daniel Tejada \/ Novedades Quintana Roo Enfermeros, camilleros y doctores de suplencias exigen aumento de salario, vacaciones y poner fin al acoso de sus jefes. Por presunta explotaci\u00f3n laboral, amenazas y humillaciones, un grupo de 40 enfermeros, camilleros y doctores de suplencias de Chetumal presentaron una denuncia\u2026","rel":"","context":"En &quot;CINTILLO&quot;","block_context":{"text":"CINTILLO","link":"https:\/\/www.grieta.org.mx\/index.php\/category\/cintillo\/"},"img":{"alt_text":"","src":"https:\/\/i0.wp.com\/www.grieta.org.mx\/wp-content\/uploads\/2022\/02\/HospitalChetumal-e1645378815885.png?resize=350%2C200&ssl=1","width":350,"height":200,"srcset":"https:\/\/i0.wp.com\/www.grieta.org.mx\/wp-content\/uploads\/2022\/02\/HospitalChetumal-e1645378815885.png?resize=350%2C200&ssl=1 1x, https:\/\/i0.wp.com\/www.grieta.org.mx\/wp-content\/uploads\/2022\/02\/HospitalChetumal-e1645378815885.png?resize=525%2C300&ssl=1 1.5x, https:\/\/i0.wp.com\/www.grieta.org.mx\/wp-content\/uploads\/2022\/02\/HospitalChetumal-e1645378815885.png?resize=700%2C400&ssl=1 2x"},"classes":[]},{"id":69023,"url":"https:\/\/www.grieta.org.mx\/index.php\/2024\/05\/19\/por-muerte-de-un-trabajador-del-issste-en-cancun-piden-destitucion-del-director-quintana-roo\/","url_meta":{"origin":48400,"position":4},"title":"Por muerte de un trabajador del ISSSTE en Canc\u00fan piden destituci\u00f3n del director (Quintana Roo)","author":"grieta","date":"19 mayo, 2024","format":false,"excerpt":"Elisa Rodr\u00edguez \/ Fotos Rodolfo Flores \/ Por Esto! Una veintena de trabajadores de la cl\u00ednica del Instituto de Seguridad y Servicios Sociales de los Trabajadores del Estado (ISSSTE) de Canc\u00fan se manifest\u00f3 ayer en la avenida Tulum increpando al delegado sindical, Jos\u00e9 Lorenzo Braga, por la muerte de Nelson\u2026","rel":"","context":"En &quot;CINTILLO&quot;","block_context":{"text":"CINTILLO","link":"https:\/\/www.grieta.org.mx\/index.php\/category\/cintillo\/"},"img":{"alt_text":"","src":"https:\/\/i0.wp.com\/www.grieta.org.mx\/wp-content\/uploads\/2024\/05\/Issste-e1716855077175.jpg?resize=350%2C200&ssl=1","width":350,"height":200,"srcset":"https:\/\/i0.wp.com\/www.grieta.org.mx\/wp-content\/uploads\/2024\/05\/Issste-e1716855077175.jpg?resize=350%2C200&ssl=1 1x, https:\/\/i0.wp.com\/www.grieta.org.mx\/wp-content\/uploads\/2024\/05\/Issste-e1716855077175.jpg?resize=525%2C300&ssl=1 1.5x, https:\/\/i0.wp.com\/www.grieta.org.mx\/wp-content\/uploads\/2024\/05\/Issste-e1716855077175.jpg?resize=700%2C400&ssl=1 2x"},"classes":[]},{"id":63373,"url":"https:\/\/www.grieta.org.mx\/index.php\/2022\/02\/12\/enfermeras-quedan-sin-trabajo-y-hasta-mueren-por-covid-19-quintana-roo\/","url_meta":{"origin":48400,"position":5},"title":"Enfermeras quedan sin trabajo y hasta mueren por COVID-19 (Quintana Roo)","author":"grieta","date":"12 febrero, 2022","format":false,"excerpt":"Efr\u00e9n Mart\u00edn \/ La Verdad Al menos el 70 por ciento de los 400 trabajadores de la salud que se desempe\u00f1aban como suplentes y que no fueron recontratados por la Secretar\u00eda de Salud al concluir enero, han dado positivo a COVID-19 y de ellos, ocho fallecieron sin recibir ning\u00fan tipo\u2026","rel":"","context":"En &quot;CINTILLO&quot;","block_context":{"text":"CINTILLO","link":"https:\/\/www.grieta.org.mx\/index.php\/category\/cintillo\/"},"img":{"alt_text":"","src":"https:\/\/i0.wp.com\/www.grieta.org.mx\/wp-content\/uploads\/2022\/02\/Enfermeras-e1644797796592.png?resize=350%2C200&ssl=1","width":350,"height":200,"srcset":"https:\/\/i0.wp.com\/www.grieta.org.mx\/wp-content\/uploads\/2022\/02\/Enfermeras-e1644797796592.png?resize=350%2C200&ssl=1 1x, https:\/\/i0.wp.com\/www.grieta.org.mx\/wp-content\/uploads\/2022\/02\/Enfermeras-e1644797796592.png?resize=525%2C300&ssl=1 1.5x, https:\/\/i0.wp.com\/www.grieta.org.mx\/wp-content\/uploads\/2022\/02\/Enfermeras-e1644797796592.png?resize=700%2C400&ssl=1 2x"},"classes":[]}],"_links":{"self":[{"href":"https:\/\/www.grieta.org.mx\/index.php\/wp-json\/wp\/v2\/posts\/48400","targetHints":{"allow":["GET"]}}],"collection":[{"href":"https:\/\/www.grieta.org.mx\/index.php\/wp-json\/wp\/v2\/posts"}],"about":[{"href":"https:\/\/www.grieta.org.mx\/index.php\/wp-json\/wp\/v2\/types\/post"}],"author":[{"embeddable":true,"href":"https:\/\/www.grieta.org.mx\/index.php\/wp-json\/wp\/v2\/users\/2"}],"replies":[{"embeddable":true,"href":"https:\/\/www.grieta.org.mx\/index.php\/wp-json\/wp\/v2\/comments?post=48400"}],"version-history":[{"count":1,"href":"https:\/\/www.grieta.org.mx\/index.php\/wp-json\/wp\/v2\/posts\/48400\/revisions"}],"predecessor-version":[{"id":48404,"href":"https:\/\/www.grieta.org.mx\/index.php\/wp-json\/wp\/v2\/posts\/48400\/revisions\/48404"}],"wp:featuredmedia":[{"embeddable":true,"href":"https:\/\/www.grieta.org.mx\/index.php\/wp-json\/wp\/v2\/media\/48402"}],"wp:attachment":[{"href":"https:\/\/www.grieta.org.mx\/index.php\/wp-json\/wp\/v2\/media?parent=48400"}],"wp:term":[{"taxonomy":"category","embeddable":true,"href":"https:\/\/www.grieta.org.mx\/index.php\/wp-json\/wp\/v2\/categories?post=48400"},{"taxonomy":"post_tag","embeddable":true,"href":"https:\/\/www.grieta.org.mx\/index.php\/wp-json\/wp\/v2\/tags?post=48400"}],"curies":[{"name":"wp","href":"https:\/\/api.w.org\/{rel}","templated":true}]}}