{"id":48391,"date":"2020-04-25T15:00:49","date_gmt":"2020-04-25T20:00:49","guid":{"rendered":"http:\/\/www.grieta.org.mx\/?p=48391"},"modified":"2020-04-30T15:14:25","modified_gmt":"2020-04-30T20:14:25","slug":"extranjeros-solidarios-reparten-despensas-a-vecinos-de-el-anclote-nayarit","status":"publish","type":"post","link":"https:\/\/www.grieta.org.mx\/index.php\/2020\/04\/25\/extranjeros-solidarios-reparten-despensas-a-vecinos-de-el-anclote-nayarit\/","title":{"rendered":"Extranjeros solidarios reparten despensas a vecinos de El Anclote (Nayarit)"},"content":{"rendered":"<p><img loading=\"lazy\" decoding=\"async\" data-attachment-id=\"48392\" data-permalink=\"https:\/\/www.grieta.org.mx\/index.php\/2020\/04\/25\/extranjeros-solidarios-reparten-despensas-a-vecinos-de-el-anclote-nayarit\/bbttyd8vg4ikl0qfh3dq2no1awanj9kzco5xajlp-p\/\" data-orig-file=\"https:\/\/www.grieta.org.mx\/wp-content\/uploads\/2020\/04\/BBTtyD8Vg4iKl0qfh3dq2nO1awANJ9kzco5Xajlp-p.jpg\" data-orig-size=\"640,352\" data-comments-opened=\"0\" data-image-meta=\"{&quot;aperture&quot;:&quot;0&quot;,&quot;credit&quot;:&quot;&quot;,&quot;camera&quot;:&quot;&quot;,&quot;caption&quot;:&quot;&quot;,&quot;created_timestamp&quot;:&quot;0&quot;,&quot;copyright&quot;:&quot;&quot;,&quot;focal_length&quot;:&quot;0&quot;,&quot;iso&quot;:&quot;0&quot;,&quot;shutter_speed&quot;:&quot;0&quot;,&quot;title&quot;:&quot;&quot;,&quot;orientation&quot;:&quot;0&quot;}\" data-image-title=\"BBTtyD8Vg4iKl0qfh3dq2nO1awANJ9kzco5Xajlp-p\" data-image-description=\"\" data-image-caption=\"\" data-medium-file=\"https:\/\/www.grieta.org.mx\/wp-content\/uploads\/2020\/04\/BBTtyD8Vg4iKl0qfh3dq2nO1awANJ9kzco5Xajlp-p-300x165.jpg\" data-large-file=\"https:\/\/www.grieta.org.mx\/wp-content\/uploads\/2020\/04\/BBTtyD8Vg4iKl0qfh3dq2nO1awANJ9kzco5Xajlp-p.jpg\" class=\"aligncenter wp-image-48392\" src=\"http:\/\/www.grieta.org.mx\/wp-content\/uploads\/2020\/04\/BBTtyD8Vg4iKl0qfh3dq2nO1awANJ9kzco5Xajlp-p.jpg\" alt=\"\" width=\"801\" height=\"440\" srcset=\"https:\/\/www.grieta.org.mx\/wp-content\/uploads\/2020\/04\/BBTtyD8Vg4iKl0qfh3dq2nO1awANJ9kzco5Xajlp-p.jpg 640w, https:\/\/www.grieta.org.mx\/wp-content\/uploads\/2020\/04\/BBTtyD8Vg4iKl0qfh3dq2nO1awANJ9kzco5Xajlp-p-300x165.jpg 300w\" sizes=\"auto, (max-width: 801px) 100vw, 801px\" \/><\/p>\n<p>Foto: Tribuna de la Bah\u00eda<\/p>\n<p>Miguel \u00c1ngel Guerra \/ Tribuna de la Bah\u00eda<\/p>\n<p>Extranjeros residentes en la regi\u00f3n tambi\u00e9n se han solidarizado con los pobladores locales, haciendo acopio de recursos para entregar v\u00edveres a las familias que sufren por el desempleo.<\/p>\n<p>Ejemplo de ello son los habitantes de los condominios El Anclote, que de manera espont\u00e1nea armaron despensas y las entregaron a quienes consideran ya parte de su entorno, tambi\u00e9n vecinos del Nuevo Corral del Risco y la colonia Emiliano Zapata.<\/p>\n<p>Scott Stonler, lleva 9 a\u00f1os viviendo en esta zona, es presidente de la Asociaci\u00f3n de Propietarios de Condominios El Anclote, junto con Shay Conk, fundadora de este proyecto, son de los m\u00e1s entusiastas organizadores.<\/p>\n<p>Tareas a las que se han sumado otros 20 norteamericanos y canadienses. Quienes desinteresadamente aportan su tiempo y dinero: \u201cSon nuestros vecinos y ahorita nos necesitan\u201d, expresaron.<\/p>\n<p>Hace un mes empezaron, entregaron 50 despensas, y han continuado todos los viernes a las 4 de la tarde, cada vez son m\u00e1s los paquetes que reparten en la banqueta de su coto privado. el pasado 24 entregaron beneficiaron ya a 125 familias.<\/p>\n<p>Su ejemplo ha contagiado a m\u00e1s residentes, quienes han aportado donativos y tienen garantizado seguir entregando canastas b\u00e1sicas durante los pr\u00f3ximos dos meses.<\/p>\n<p>Para organizarse, se han coordinado con la gente de la misma comunidad, as\u00ed como del pastor de la iglesia cristiana \u201cPunta de Mita Ministerios y Misiones\u201d, Sa\u00fal Garc\u00eda Orozco, quien tiene experiencia en las obras de asistencia social.<\/p>\n<p>Es el encargado de comprar los alimentos no perecederos con los donativos recabados, sin hacer ning\u00fan tipo de proselitismo, ni lucro.<\/p>\n<p>Los mismos vecinos hacen un listado semanal, con las familias que requieren el apoyo.<\/p>\n<p><a href=\"https:\/\/tribunadelabahia.com.mx\/noticias\/bahia-de-banderas\/extranjeros-reparten-despensas-a-vecinos-de-el-anclote-33488\">https:\/\/tribunadelabahia.com.mx\/noticias\/bahia-de-banderas\/extranjeros-reparten-despensas-a-vecinos-de-el-anclote-33488<\/a><\/p>\n","protected":false},"excerpt":{"rendered":"<p>Foto: Tribuna de la Bah\u00eda Miguel \u00c1ngel Guerra \/ Tribuna de la Bah\u00eda Extranjeros residentes en la regi\u00f3n tambi\u00e9n se han solidarizado con los pobladores locales, haciendo acopio de recursos &hellip; <a href=\"https:\/\/www.grieta.org.mx\/index.php\/2020\/04\/25\/extranjeros-solidarios-reparten-despensas-a-vecinos-de-el-anclote-nayarit\/\" class=\"more-link\">Leer m\u00e1s<\/a><\/p>\n","protected":false},"author":2,"featured_media":48392,"comment_status":"closed","ping_status":"closed","sticky":false,"template":"","format":"standard","meta":{"ngg_post_thumbnail":0,"_jetpack_newsletter_access":"","_jetpack_dont_email_post_to_subs":false,"_jetpack_newsletter_tier_id":0,"_jetpack_memberships_contains_paywalled_content":false,"_jetpack_memberships_contains_paid_content":false,"footnotes":""},"categories":[80,3306,23,2],"tags":[1734,461,767],"class_list":["post-48391","post","type-post","status-publish","format-standard","has-post-thumbnail","hentry","category-cintillo","category-covid-19-en-nayarit","category-nayarit","category-noticias-nacionales","tag-organizacion","tag-resistencia","tag-solidaridad","entry"],"jetpack_featured_media_url":"https:\/\/www.grieta.org.mx\/wp-content\/uploads\/2020\/04\/BBTtyD8Vg4iKl0qfh3dq2nO1awANJ9kzco5Xajlp-p.jpg","jetpack_sharing_enabled":true,"jetpack_shortlink":"https:\/\/wp.me\/p7ZJR4-cAv","jetpack_likes_enabled":false,"jetpack-related-posts":[{"id":71754,"url":"https:\/\/www.grieta.org.mx\/index.php\/2025\/05\/27\/cinco-anos-sin-agua-ni-luz-claman-auxilio-vecinos-de-las-parotas-en-bucerias-nayarit\/","url_meta":{"origin":48391,"position":0},"title":"\u00a1Cinco a\u00f1os sin agua ni luz! Claman auxilio vecinos de Las Parotas en Bucer\u00edas (Nayarit)","author":"grieta","date":"27 mayo, 2025","format":false,"excerpt":"Imagen: Tribina de la Bah\u00eda Isrrael Torres \/ Tribuna de la Bah\u00eda Desde hace cinco a\u00f1os, alrededor de 30 habitantes de una calle en la colonia Las Parotas, en la delegaci\u00f3n de Bucer\u00edas, cerca de la avenida Estaciones en Bah\u00eda de Banderas, viven sin acceso a agua potable ni energ\u00eda\u2026","rel":"","context":"En &quot;CINTILLO&quot;","block_context":{"text":"CINTILLO","link":"https:\/\/www.grieta.org.mx\/index.php\/category\/cintillo\/"},"img":{"alt_text":"","src":"https:\/\/i0.wp.com\/www.grieta.org.mx\/wp-content\/uploads\/2025\/06\/falta-agua-luz-bucerias.jpg?resize=350%2C200&ssl=1","width":350,"height":200,"srcset":"https:\/\/i0.wp.com\/www.grieta.org.mx\/wp-content\/uploads\/2025\/06\/falta-agua-luz-bucerias.jpg?resize=350%2C200&ssl=1 1x, https:\/\/i0.wp.com\/www.grieta.org.mx\/wp-content\/uploads\/2025\/06\/falta-agua-luz-bucerias.jpg?resize=525%2C300&ssl=1 1.5x, https:\/\/i0.wp.com\/www.grieta.org.mx\/wp-content\/uploads\/2025\/06\/falta-agua-luz-bucerias.jpg?resize=700%2C400&ssl=1 2x, https:\/\/i0.wp.com\/www.grieta.org.mx\/wp-content\/uploads\/2025\/06\/falta-agua-luz-bucerias.jpg?resize=1050%2C600&ssl=1 3x"},"classes":[]},{"id":48387,"url":"https:\/\/www.grieta.org.mx\/index.php\/2020\/04\/25\/vecinos-del-fraccionamiento-las-moras-entregan-despensas-jalisco\/","url_meta":{"origin":48391,"position":1},"title":"Vecinos del fraccionamiento Las Moras entregan despensas (Jalisco)","author":"grieta","date":"25 abril, 2020","format":false,"excerpt":"Foto: Tribuna de la Bah\u00eda Alberto Garc\u00eda \/ Tribuna de la Bah\u00ed\u00e1 Este fin de semana, se dio una exitosa jornada de entrega de despensas por parte de vecinos del fraccionamiento Las Moras. Para contrarrestar el caos y descontrol los organizadores, mejoraron la \u00a0estrategia de entrega con fichas y con\u2026","rel":"","context":"En &quot;CINTILLO&quot;","block_context":{"text":"CINTILLO","link":"https:\/\/www.grieta.org.mx\/index.php\/category\/cintillo\/"},"img":{"alt_text":"","src":"https:\/\/i0.wp.com\/www.grieta.org.mx\/wp-content\/uploads\/2020\/04\/wSIBsd20Vz4YyFir24dfCpbmJ92wkcdMuICzEThe-p.jpg?resize=350%2C200&ssl=1","width":350,"height":200,"srcset":"https:\/\/i0.wp.com\/www.grieta.org.mx\/wp-content\/uploads\/2020\/04\/wSIBsd20Vz4YyFir24dfCpbmJ92wkcdMuICzEThe-p.jpg?resize=350%2C200&ssl=1 1x, https:\/\/i0.wp.com\/www.grieta.org.mx\/wp-content\/uploads\/2020\/04\/wSIBsd20Vz4YyFir24dfCpbmJ92wkcdMuICzEThe-p.jpg?resize=525%2C300&ssl=1 1.5x, https:\/\/i0.wp.com\/www.grieta.org.mx\/wp-content\/uploads\/2020\/04\/wSIBsd20Vz4YyFir24dfCpbmJ92wkcdMuICzEThe-p.jpg?resize=700%2C400&ssl=1 2x"},"classes":[]},{"id":40631,"url":"https:\/\/www.grieta.org.mx\/index.php\/2019\/09\/11\/bahia-primer-lugar-en-suicidios-en-nayarit\/","url_meta":{"origin":48391,"position":2},"title":"Bah\u00eda, primer lugar en suicidios en Nayarit","author":"grieta","date":"11 septiembre, 2019","format":false,"excerpt":"Foto: Tribuna de la Bah\u00eda Israel Torres \/ Tribuna de la Bahia Bah\u00eda de Banderas, Nay.- En el marco del D\u00eda Mundial de la Salud Mental, las cifras son alarmantes, el municipio Bah\u00eda de Banderas, pas\u00f3 de ser el segundo lugar en suicidios \u2013despu\u00e9s de Tepic\u2013, al primer lugar en\u2026","rel":"","context":"En &quot;CINTILLO&quot;","block_context":{"text":"CINTILLO","link":"https:\/\/www.grieta.org.mx\/index.php\/category\/cintillo\/"},"img":{"alt_text":"","src":"https:\/\/i0.wp.com\/www.grieta.org.mx\/wp-content\/uploads\/2019\/10\/Sin-t%C3%ADtulo-1-34.gif?resize=350%2C200&ssl=1","width":350,"height":200,"srcset":"https:\/\/i0.wp.com\/www.grieta.org.mx\/wp-content\/uploads\/2019\/10\/Sin-t%C3%ADtulo-1-34.gif?resize=350%2C200&ssl=1 1x, https:\/\/i0.wp.com\/www.grieta.org.mx\/wp-content\/uploads\/2019\/10\/Sin-t%C3%ADtulo-1-34.gif?resize=525%2C300&ssl=1 1.5x, https:\/\/i0.wp.com\/www.grieta.org.mx\/wp-content\/uploads\/2019\/10\/Sin-t%C3%ADtulo-1-34.gif?resize=700%2C400&ssl=1 2x"},"classes":[]},{"id":40634,"url":"https:\/\/www.grieta.org.mx\/index.php\/2019\/10\/14\/reconocen-incremento-de-explotacion-infantil-nayarit\/","url_meta":{"origin":48391,"position":3},"title":"Reconocen incremento de explotaci\u00f3n infantil (Nayarit)","author":"grieta","date":"14 octubre, 2019","format":false,"excerpt":"Foto: Tribuna de la Bah\u00eda Israel Torre \/ Tribuna de la Bah\u00eda Bah\u00eda de Banderas, Nay.- Aunque Bah\u00eda de Banderas no figura entre los municipios con mayor tasa de explotaci\u00f3n infantil, seg\u00fan un mapeo realizado por la Secretar\u00eda del Trabajo y Previsi\u00f3n Social en 2017, donde se encontraba en los\u2026","rel":"","context":"En &quot;CINTILLO&quot;","block_context":{"text":"CINTILLO","link":"https:\/\/www.grieta.org.mx\/index.php\/category\/cintillo\/"},"img":{"alt_text":"","src":"https:\/\/i0.wp.com\/www.grieta.org.mx\/wp-content\/uploads\/2019\/10\/Sin-t%C3%ADtulo-1-14-700x500.jpg?resize=350%2C200&ssl=1","width":350,"height":200,"srcset":"https:\/\/i0.wp.com\/www.grieta.org.mx\/wp-content\/uploads\/2019\/10\/Sin-t%C3%ADtulo-1-14-700x500.jpg?resize=350%2C200&ssl=1 1x, https:\/\/i0.wp.com\/www.grieta.org.mx\/wp-content\/uploads\/2019\/10\/Sin-t%C3%ADtulo-1-14-700x500.jpg?resize=525%2C300&ssl=1 1.5x, https:\/\/i0.wp.com\/www.grieta.org.mx\/wp-content\/uploads\/2019\/10\/Sin-t%C3%ADtulo-1-14-700x500.jpg?resize=700%2C400&ssl=1 2x"},"classes":[]},{"id":37730,"url":"https:\/\/www.grieta.org.mx\/index.php\/2019\/08\/06\/paro-estatal-del-sutsem-se-siente-en-bahia-de-banderas-nayarit\/","url_meta":{"origin":48391,"position":4},"title":"Paro estatal del SUTSEM se siente en Bah\u00eda de Banderas (Nayarit)","author":"grieta","date":"6 agosto, 2019","format":false,"excerpt":"Foto: Tribuna de la Bah\u00eda Israel Torres \/ Tribuna de la Bah\u00eda Bah\u00eda de Banderas, Nay.- Este lunes desde las ocho de la ma\u00f1ana, m\u00e1s 100 trabajadores del d\u00e9cimo ayuntamiento de Bah\u00eda de Banderas, afiliados al SUTSEM (Sindicato \u00danico de Trabajadores al Servicio del Estado y Municipios) se manifestaron a\u2026","rel":"","context":"En &quot;CINTILLO&quot;","block_context":{"text":"CINTILLO","link":"https:\/\/www.grieta.org.mx\/index.php\/category\/cintillo\/"},"img":{"alt_text":"","src":"https:\/\/i0.wp.com\/www.grieta.org.mx\/wp-content\/uploads\/2019\/08\/12y13Bah%C3%ADa-2-2-700x500.jpg?resize=350%2C200&ssl=1","width":350,"height":200,"srcset":"https:\/\/i0.wp.com\/www.grieta.org.mx\/wp-content\/uploads\/2019\/08\/12y13Bah%C3%ADa-2-2-700x500.jpg?resize=350%2C200&ssl=1 1x, https:\/\/i0.wp.com\/www.grieta.org.mx\/wp-content\/uploads\/2019\/08\/12y13Bah%C3%ADa-2-2-700x500.jpg?resize=525%2C300&ssl=1 1.5x, https:\/\/i0.wp.com\/www.grieta.org.mx\/wp-content\/uploads\/2019\/08\/12y13Bah%C3%ADa-2-2-700x500.jpg?resize=700%2C400&ssl=1 2x"},"classes":[]},{"id":65817,"url":"https:\/\/www.grieta.org.mx\/index.php\/2022\/11\/24\/marcha-en-bahia-por-el-dia-de-erradicacion-de-violencia-contra-la-mujer-nayarit\/","url_meta":{"origin":48391,"position":5},"title":"Marcha en Bah\u00eda por el d\u00eda de Erradicaci\u00f3n de Violencia contra la Mujer (Nayarit)","author":"grieta","date":"24 noviembre, 2022","format":false,"excerpt":"Imagen: Tribuna de la Bah\u00eda Israel Torres \/ Tribuna de la Bah\u00eda Colectivos feministas y familiares de\u00a0mujeres desaparecidas\u00a0de\u00a0Bah\u00eda de Banderas, realizar\u00e1n este\u00a0viernes 25 de noviembre,\u00a0en punto de las 05:00 p.m, una\u00a0marcha conmemorativa al D\u00eda Internacional de la Eliminaci\u00f3n de la Violencia contra la Mujer, con el \u00e1nimo de visibilizar los\u2026","rel":"","context":"En &quot;CINTILLO&quot;","block_context":{"text":"CINTILLO","link":"https:\/\/www.grieta.org.mx\/index.php\/category\/cintillo\/"},"img":{"alt_text":"","src":"https:\/\/i0.wp.com\/www.grieta.org.mx\/wp-content\/uploads\/2022\/11\/marcha-bahia-violencia-cover.jpg?resize=350%2C200&ssl=1","width":350,"height":200,"srcset":"https:\/\/i0.wp.com\/www.grieta.org.mx\/wp-content\/uploads\/2022\/11\/marcha-bahia-violencia-cover.jpg?resize=350%2C200&ssl=1 1x, https:\/\/i0.wp.com\/www.grieta.org.mx\/wp-content\/uploads\/2022\/11\/marcha-bahia-violencia-cover.jpg?resize=525%2C300&ssl=1 1.5x, https:\/\/i0.wp.com\/www.grieta.org.mx\/wp-content\/uploads\/2022\/11\/marcha-bahia-violencia-cover.jpg?resize=700%2C400&ssl=1 2x"},"classes":[]}],"_links":{"self":[{"href":"https:\/\/www.grieta.org.mx\/index.php\/wp-json\/wp\/v2\/posts\/48391","targetHints":{"allow":["GET"]}}],"collection":[{"href":"https:\/\/www.grieta.org.mx\/index.php\/wp-json\/wp\/v2\/posts"}],"about":[{"href":"https:\/\/www.grieta.org.mx\/index.php\/wp-json\/wp\/v2\/types\/post"}],"author":[{"embeddable":true,"href":"https:\/\/www.grieta.org.mx\/index.php\/wp-json\/wp\/v2\/users\/2"}],"replies":[{"embeddable":true,"href":"https:\/\/www.grieta.org.mx\/index.php\/wp-json\/wp\/v2\/comments?post=48391"}],"version-history":[{"count":1,"href":"https:\/\/www.grieta.org.mx\/index.php\/wp-json\/wp\/v2\/posts\/48391\/revisions"}],"predecessor-version":[{"id":48393,"href":"https:\/\/www.grieta.org.mx\/index.php\/wp-json\/wp\/v2\/posts\/48391\/revisions\/48393"}],"wp:featuredmedia":[{"embeddable":true,"href":"https:\/\/www.grieta.org.mx\/index.php\/wp-json\/wp\/v2\/media\/48392"}],"wp:attachment":[{"href":"https:\/\/www.grieta.org.mx\/index.php\/wp-json\/wp\/v2\/media?parent=48391"}],"wp:term":[{"taxonomy":"category","embeddable":true,"href":"https:\/\/www.grieta.org.mx\/index.php\/wp-json\/wp\/v2\/categories?post=48391"},{"taxonomy":"post_tag","embeddable":true,"href":"https:\/\/www.grieta.org.mx\/index.php\/wp-json\/wp\/v2\/tags?post=48391"}],"curies":[{"name":"wp","href":"https:\/\/api.w.org\/{rel}","templated":true}]}}