{"id":48387,"date":"2020-04-25T14:47:41","date_gmt":"2020-04-25T19:47:41","guid":{"rendered":"http:\/\/www.grieta.org.mx\/?p=48387"},"modified":"2020-04-30T14:58:50","modified_gmt":"2020-04-30T19:58:50","slug":"vecinos-del-fraccionamiento-las-moras-entregan-despensas-jalisco","status":"publish","type":"post","link":"https:\/\/www.grieta.org.mx\/index.php\/2020\/04\/25\/vecinos-del-fraccionamiento-las-moras-entregan-despensas-jalisco\/","title":{"rendered":"Vecinos del fraccionamiento Las Moras entregan despensas (Jalisco)"},"content":{"rendered":"<p><img loading=\"lazy\" decoding=\"async\" data-attachment-id=\"48388\" data-permalink=\"https:\/\/www.grieta.org.mx\/index.php\/2020\/04\/25\/vecinos-del-fraccionamiento-las-moras-entregan-despensas-jalisco\/wsibsd20vz4yyfir24dfcpbmj92wkcdmuiczethe-p\/\" data-orig-file=\"https:\/\/www.grieta.org.mx\/wp-content\/uploads\/2020\/04\/wSIBsd20Vz4YyFir24dfCpbmJ92wkcdMuICzEThe-p.jpg\" data-orig-size=\"820,615\" data-comments-opened=\"0\" data-image-meta=\"{&quot;aperture&quot;:&quot;0&quot;,&quot;credit&quot;:&quot;&quot;,&quot;camera&quot;:&quot;&quot;,&quot;caption&quot;:&quot;&quot;,&quot;created_timestamp&quot;:&quot;0&quot;,&quot;copyright&quot;:&quot;&quot;,&quot;focal_length&quot;:&quot;0&quot;,&quot;iso&quot;:&quot;0&quot;,&quot;shutter_speed&quot;:&quot;0&quot;,&quot;title&quot;:&quot;&quot;,&quot;orientation&quot;:&quot;0&quot;}\" data-image-title=\"wSIBsd20Vz4YyFir24dfCpbmJ92wkcdMuICzEThe-p\" data-image-description=\"\" data-image-caption=\"\" data-medium-file=\"https:\/\/www.grieta.org.mx\/wp-content\/uploads\/2020\/04\/wSIBsd20Vz4YyFir24dfCpbmJ92wkcdMuICzEThe-p-300x225.jpg\" data-large-file=\"https:\/\/www.grieta.org.mx\/wp-content\/uploads\/2020\/04\/wSIBsd20Vz4YyFir24dfCpbmJ92wkcdMuICzEThe-p.jpg\" class=\"aligncenter wp-image-48388\" src=\"http:\/\/www.grieta.org.mx\/wp-content\/uploads\/2020\/04\/wSIBsd20Vz4YyFir24dfCpbmJ92wkcdMuICzEThe-p.jpg\" alt=\"\" width=\"799\" height=\"599\" srcset=\"https:\/\/www.grieta.org.mx\/wp-content\/uploads\/2020\/04\/wSIBsd20Vz4YyFir24dfCpbmJ92wkcdMuICzEThe-p.jpg 820w, https:\/\/www.grieta.org.mx\/wp-content\/uploads\/2020\/04\/wSIBsd20Vz4YyFir24dfCpbmJ92wkcdMuICzEThe-p-300x225.jpg 300w, https:\/\/www.grieta.org.mx\/wp-content\/uploads\/2020\/04\/wSIBsd20Vz4YyFir24dfCpbmJ92wkcdMuICzEThe-p-768x576.jpg 768w, https:\/\/www.grieta.org.mx\/wp-content\/uploads\/2020\/04\/wSIBsd20Vz4YyFir24dfCpbmJ92wkcdMuICzEThe-p-667x500.jpg 667w\" sizes=\"auto, (max-width: 799px) 100vw, 799px\" \/><\/p>\n<p>Foto: Tribuna de la Bah\u00eda<\/p>\n<p>Alberto Garc\u00eda \/ Tribuna de la Bah\u00ed\u00e1<\/p>\n<p>Este fin de semana, se dio una exitosa jornada de entrega de despensas por parte de vecinos del fraccionamiento Las Moras.<\/p>\n<p>Para contrarrestar el caos y descontrol los organizadores, mejoraron la \u00a0estrategia de entrega con fichas y con eso la gente pudo acceder al beneficio con tranquilidad y sin problemas.<\/p>\n<p>Juan Pablo, quien es parte de este altruista y entusiasta grupo de vecinos nos platic\u00f3 que desde la noche del viernes lleg\u00f3 gente dispuesta a quedarse hasta otro d\u00eda si era necesario para obtener su paquete.<\/p>\n<p>Por esa raz\u00f3n adelantaron la entrega de fichas y mandaron a la gente a su casa, cit\u00e1ndolas para la siguiente ma\u00f1ana para que con toda tranquilidad pudieran recibir su producto.<\/p>\n<p>A las 10 de ma\u00f1ana todo hab\u00eda terminado, sin gente molesta y alcanzando algo de alimento, con o sin ficha alcanzaron a llevar algo a su mesa.<\/p>\n<p>Todo esto se logra gracias a todas esas personas de gran coraz\u00f3n que llevan su donativos para hacer crecer este proyecto social que le ha dado alimento a cientos de personas con necesidades alimentarias.<\/p>\n<p><a href=\"https:\/\/tribunadelabahia.com.mx\/noticias\/puerto-vallarta\/exitosa-entrega-de-despensas-en-las-moras-33478\">https:\/\/tribunadelabahia.com.mx\/noticias\/puerto-vallarta\/exitosa-entrega-de-despensas-en-las-moras-33478<\/a><\/p>\n","protected":false},"excerpt":{"rendered":"<p>Foto: Tribuna de la Bah\u00eda Alberto Garc\u00eda \/ Tribuna de la Bah\u00ed\u00e1 Este fin de semana, se dio una exitosa jornada de entrega de despensas por parte de vecinos del &hellip; <a href=\"https:\/\/www.grieta.org.mx\/index.php\/2020\/04\/25\/vecinos-del-fraccionamiento-las-moras-entregan-despensas-jalisco\/\" class=\"more-link\">Leer m\u00e1s<\/a><\/p>\n","protected":false},"author":2,"featured_media":48388,"comment_status":"closed","ping_status":"closed","sticky":false,"template":"","format":"standard","meta":{"ngg_post_thumbnail":0,"_jetpack_newsletter_access":"","_jetpack_dont_email_post_to_subs":false,"_jetpack_newsletter_tier_id":0,"_jetpack_memberships_contains_paywalled_content":false,"_jetpack_memberships_contains_paid_content":false,"footnotes":""},"categories":[80,3271,20,1782,2],"tags":[767,1475],"class_list":["post-48387","post","type-post","status-publish","format-standard","has-post-thumbnail","hentry","category-cintillo","category-covid-19-en-jalisco","category-jalisco","category-lucha-y-resistencia-del-pueblo-en-jalisco","category-noticias-nacionales","tag-solidaridad","tag-vecinos","entry"],"jetpack_featured_media_url":"https:\/\/www.grieta.org.mx\/wp-content\/uploads\/2020\/04\/wSIBsd20Vz4YyFir24dfCpbmJ92wkcdMuICzEThe-p.jpg","jetpack_sharing_enabled":true,"jetpack_shortlink":"https:\/\/wp.me\/p7ZJR4-cAr","jetpack_likes_enabled":false,"jetpack-related-posts":[{"id":48391,"url":"https:\/\/www.grieta.org.mx\/index.php\/2020\/04\/25\/extranjeros-solidarios-reparten-despensas-a-vecinos-de-el-anclote-nayarit\/","url_meta":{"origin":48387,"position":0},"title":"Extranjeros solidarios reparten despensas a vecinos de El Anclote (Nayarit)","author":"grieta","date":"25 abril, 2020","format":false,"excerpt":"Foto: Tribuna de la Bah\u00eda Miguel \u00c1ngel Guerra \/ Tribuna de la Bah\u00eda Extranjeros residentes en la regi\u00f3n tambi\u00e9n se han solidarizado con los pobladores locales, haciendo acopio de recursos para entregar v\u00edveres a las familias que sufren por el desempleo. Ejemplo de ello son los habitantes de los condominios\u2026","rel":"","context":"En &quot;CINTILLO&quot;","block_context":{"text":"CINTILLO","link":"https:\/\/www.grieta.org.mx\/index.php\/category\/cintillo\/"},"img":{"alt_text":"","src":"https:\/\/i0.wp.com\/www.grieta.org.mx\/wp-content\/uploads\/2020\/04\/BBTtyD8Vg4iKl0qfh3dq2nO1awANJ9kzco5Xajlp-p.jpg?resize=350%2C200&ssl=1","width":350,"height":200,"srcset":"https:\/\/i0.wp.com\/www.grieta.org.mx\/wp-content\/uploads\/2020\/04\/BBTtyD8Vg4iKl0qfh3dq2nO1awANJ9kzco5Xajlp-p.jpg?resize=350%2C200&ssl=1 1x, https:\/\/i0.wp.com\/www.grieta.org.mx\/wp-content\/uploads\/2020\/04\/BBTtyD8Vg4iKl0qfh3dq2nO1awANJ9kzco5Xajlp-p.jpg?resize=525%2C300&ssl=1 1.5x"},"classes":[]},{"id":58984,"url":"https:\/\/www.grieta.org.mx\/index.php\/2021\/04\/23\/vecinos-del-nixticuil-reclaman-reanudacion-de-obras-en-fraccionamiento-irregular-jalisco\/","url_meta":{"origin":48387,"position":1},"title":"Vecinos del Nixticuil reclaman reanudaci\u00f3n de obras en fraccionamiento irregular (Jalisco)","author":"grieta","date":"23 abril, 2021","format":false,"excerpt":"Foto: F\u00e1tima Aguilar F\u00e1tima Aguilar \/ UDGTV Luego de la resoluci\u00f3n del Tribunal de Justicia Administrativa, que permiti\u00f3 la reanudaci\u00f3n de obras en un fraccionamiento irregular aleda\u00f1o al \u00c1rea Natural Protegida del Bosque del Nixticuil, vecinos de la zona acudieron esta ma\u00f1ana al punto de la construcci\u00f3n para inconformarse ante\u2026","rel":"","context":"En &quot;CINTILLO&quot;","block_context":{"text":"CINTILLO","link":"https:\/\/www.grieta.org.mx\/index.php\/category\/cintillo\/"},"img":{"alt_text":"","src":"https:\/\/i0.wp.com\/www.grieta.org.mx\/wp-content\/uploads\/2021\/04\/El-Nixticuil-Fatima-Aguilar-e1619210419446-696x385-1.jpeg?resize=350%2C200&ssl=1","width":350,"height":200,"srcset":"https:\/\/i0.wp.com\/www.grieta.org.mx\/wp-content\/uploads\/2021\/04\/El-Nixticuil-Fatima-Aguilar-e1619210419446-696x385-1.jpeg?resize=350%2C200&ssl=1 1x, https:\/\/i0.wp.com\/www.grieta.org.mx\/wp-content\/uploads\/2021\/04\/El-Nixticuil-Fatima-Aguilar-e1619210419446-696x385-1.jpeg?resize=525%2C300&ssl=1 1.5x"},"classes":[]},{"id":71809,"url":"https:\/\/www.grieta.org.mx\/index.php\/2025\/06\/02\/hotel-plaza-pelicanos-bloquea-acceso-a-playa-las-glorias-con-macetones-jalisco\/","url_meta":{"origin":48387,"position":2},"title":"Hotel Plaza Pel\u00edcanos bloquea acceso a playa Las Glorias con macetones (Jalisco)","author":"grieta","date":"2 junio, 2025","format":false,"excerpt":"Imagen: Tribuna de la Bah\u00eda Miguel Gonz\u00e1lez Guerra \/ Tribuna de la Bah\u00eda Denuncias ciudadanas recibidas por CPS Noticias\u2013Tribuna de la Bah\u00eda alertaron sobre el presunto intento del hotel Plaza Pel\u00edcanos de privatizar arbitrariamente la calle Pablo Picasso, \u00fanico acceso vehicular a la popular playa Las Glorias, en la zona\u2026","rel":"","context":"En &quot;CINTILLO&quot;","block_context":{"text":"CINTILLO","link":"https:\/\/www.grieta.org.mx\/index.php\/category\/cintillo\/"},"img":{"alt_text":"","src":"https:\/\/i0.wp.com\/www.grieta.org.mx\/wp-content\/uploads\/2025\/06\/Bloquean-acceso-a-playa-Las-Glorias1.jpg?resize=350%2C200&ssl=1","width":350,"height":200,"srcset":"https:\/\/i0.wp.com\/www.grieta.org.mx\/wp-content\/uploads\/2025\/06\/Bloquean-acceso-a-playa-Las-Glorias1.jpg?resize=350%2C200&ssl=1 1x, https:\/\/i0.wp.com\/www.grieta.org.mx\/wp-content\/uploads\/2025\/06\/Bloquean-acceso-a-playa-Las-Glorias1.jpg?resize=525%2C300&ssl=1 1.5x, https:\/\/i0.wp.com\/www.grieta.org.mx\/wp-content\/uploads\/2025\/06\/Bloquean-acceso-a-playa-Las-Glorias1.jpg?resize=700%2C400&ssl=1 2x, https:\/\/i0.wp.com\/www.grieta.org.mx\/wp-content\/uploads\/2025\/06\/Bloquean-acceso-a-playa-Las-Glorias1.jpg?resize=1050%2C600&ssl=1 3x"},"classes":[]},{"id":58825,"url":"https:\/\/www.grieta.org.mx\/index.php\/2021\/04\/12\/mas-de-40-dias-sin-agua-en-jardines-vallarta-denuncian-vecinos-jalisco\/","url_meta":{"origin":48387,"position":3},"title":"M\u00e1s de 40 d\u00edas sin agua en Jardines Vallarta, denuncian vecinos (Jalisco)","author":"grieta","date":"12 abril, 2021","format":false,"excerpt":"Foto: Jorge Alberto Mendoza Jorge Alberto Mendoza \/ El Diario NTR Vecinos de la colonia Jardines Vallarta, en Zapopan, tienen m\u00e1s de 40 d\u00edas continuos sin recibir una sola gota de agua en sus hogares, debido al estiaje. Cansados de no contar con agua potable desde hace 40 d\u00edas, advierten\u2026","rel":"","context":"En &quot;Crisis del agua&quot;","block_context":{"text":"Crisis del agua","link":"https:\/\/www.grieta.org.mx\/index.php\/category\/temas-nacionales\/privatizacion-del-agua\/"},"img":{"alt_text":"","src":"https:\/\/i0.wp.com\/www.grieta.org.mx\/wp-content\/uploads\/2021\/04\/2021-04-12_02-04-36___3030.jpg?resize=350%2C200&ssl=1","width":350,"height":200,"srcset":"https:\/\/i0.wp.com\/www.grieta.org.mx\/wp-content\/uploads\/2021\/04\/2021-04-12_02-04-36___3030.jpg?resize=350%2C200&ssl=1 1x, https:\/\/i0.wp.com\/www.grieta.org.mx\/wp-content\/uploads\/2021\/04\/2021-04-12_02-04-36___3030.jpg?resize=525%2C300&ssl=1 1.5x, https:\/\/i0.wp.com\/www.grieta.org.mx\/wp-content\/uploads\/2021\/04\/2021-04-12_02-04-36___3030.jpg?resize=700%2C400&ssl=1 2x"},"classes":[]},{"id":56793,"url":"https:\/\/www.grieta.org.mx\/index.php\/2021\/02\/01\/habitantes-de-el-colorado-denuncian-falta-de-servicios-medicos\/","url_meta":{"origin":48387,"position":4},"title":"Habitantes de El Colorado denuncian falta de servicios m\u00e9dicos (Jalisco)","author":"grieta","date":"1 febrero, 2021","format":false,"excerpt":"Foto: Tribuna de la Bah\u00eda Alberto Garc\u00eda \/ Tribuna de la Bah\u00eda La semana pasada, las autoridades municipales y de salud estatal realizaron un evento en el rancho el Colorado, Jalisco para nombrarlo comunidad saludable, casi de inmediato los vecinos de la comunidad renegaron de ese hecho considerando que se\u2026","rel":"","context":"En &quot;CINTILLO&quot;","block_context":{"text":"CINTILLO","link":"https:\/\/www.grieta.org.mx\/index.php\/category\/cintillo\/"},"img":{"alt_text":"","src":"https:\/\/i0.wp.com\/www.grieta.org.mx\/wp-content\/uploads\/2021\/02\/2Semka3XQfM1Pw3xEGZNpr5RbyJgCHMRC7o0gCqt-portada.jpg?resize=350%2C200&ssl=1","width":350,"height":200,"srcset":"https:\/\/i0.wp.com\/www.grieta.org.mx\/wp-content\/uploads\/2021\/02\/2Semka3XQfM1Pw3xEGZNpr5RbyJgCHMRC7o0gCqt-portada.jpg?resize=350%2C200&ssl=1 1x, https:\/\/i0.wp.com\/www.grieta.org.mx\/wp-content\/uploads\/2021\/02\/2Semka3XQfM1Pw3xEGZNpr5RbyJgCHMRC7o0gCqt-portada.jpg?resize=525%2C300&ssl=1 1.5x, https:\/\/i0.wp.com\/www.grieta.org.mx\/wp-content\/uploads\/2021\/02\/2Semka3XQfM1Pw3xEGZNpr5RbyJgCHMRC7o0gCqt-portada.jpg?resize=700%2C400&ssl=1 2x"},"classes":[]},{"id":50800,"url":"https:\/\/www.grieta.org.mx\/index.php\/2020\/06\/08\/vecinos-de-lomas-del-centinela-cierran-periferico-por-falta-de-agua-jalisco\/","url_meta":{"origin":48387,"position":5},"title":"Vecinos de Lomas del Centinela cierran perif\u00e9rico por falta de agua (Jalisco)","author":"grieta","date":"8 junio, 2020","format":false,"excerpt":"Foto: Julio R\u00edos Julio R\u00edos \/ UDGTV Guadalajara, Jalisco.\u00a0En pleno tiempo de calor y confinamiento,\u00a0en Lomas del Centinela ya no soportan m\u00e1s la falta de agua.\u00a0Por eso cerraron el Perif\u00e9rico en su cruce de Tabachines para exigir que les restablezcan el servicio. Juan Manuel Contreras, consejero del COPLADEMUN en esta\u2026","rel":"","context":"En &quot;CINTILLO&quot;","block_context":{"text":"CINTILLO","link":"https:\/\/www.grieta.org.mx\/index.php\/category\/cintillo\/"},"img":{"alt_text":"","src":"https:\/\/i0.wp.com\/www.grieta.org.mx\/wp-content\/uploads\/2020\/06\/Lomas-del-Centinela-Julio-R%C3%ADos-696x392.jpeg?resize=350%2C200&ssl=1","width":350,"height":200,"srcset":"https:\/\/i0.wp.com\/www.grieta.org.mx\/wp-content\/uploads\/2020\/06\/Lomas-del-Centinela-Julio-R%C3%ADos-696x392.jpeg?resize=350%2C200&ssl=1 1x, https:\/\/i0.wp.com\/www.grieta.org.mx\/wp-content\/uploads\/2020\/06\/Lomas-del-Centinela-Julio-R%C3%ADos-696x392.jpeg?resize=525%2C300&ssl=1 1.5x"},"classes":[]}],"_links":{"self":[{"href":"https:\/\/www.grieta.org.mx\/index.php\/wp-json\/wp\/v2\/posts\/48387","targetHints":{"allow":["GET"]}}],"collection":[{"href":"https:\/\/www.grieta.org.mx\/index.php\/wp-json\/wp\/v2\/posts"}],"about":[{"href":"https:\/\/www.grieta.org.mx\/index.php\/wp-json\/wp\/v2\/types\/post"}],"author":[{"embeddable":true,"href":"https:\/\/www.grieta.org.mx\/index.php\/wp-json\/wp\/v2\/users\/2"}],"replies":[{"embeddable":true,"href":"https:\/\/www.grieta.org.mx\/index.php\/wp-json\/wp\/v2\/comments?post=48387"}],"version-history":[{"count":1,"href":"https:\/\/www.grieta.org.mx\/index.php\/wp-json\/wp\/v2\/posts\/48387\/revisions"}],"predecessor-version":[{"id":48390,"href":"https:\/\/www.grieta.org.mx\/index.php\/wp-json\/wp\/v2\/posts\/48387\/revisions\/48390"}],"wp:featuredmedia":[{"embeddable":true,"href":"https:\/\/www.grieta.org.mx\/index.php\/wp-json\/wp\/v2\/media\/48388"}],"wp:attachment":[{"href":"https:\/\/www.grieta.org.mx\/index.php\/wp-json\/wp\/v2\/media?parent=48387"}],"wp:term":[{"taxonomy":"category","embeddable":true,"href":"https:\/\/www.grieta.org.mx\/index.php\/wp-json\/wp\/v2\/categories?post=48387"},{"taxonomy":"post_tag","embeddable":true,"href":"https:\/\/www.grieta.org.mx\/index.php\/wp-json\/wp\/v2\/tags?post=48387"}],"curies":[{"name":"wp","href":"https:\/\/api.w.org\/{rel}","templated":true}]}}