{"id":48373,"date":"2020-04-22T12:36:22","date_gmt":"2020-04-22T17:36:22","guid":{"rendered":"http:\/\/www.grieta.org.mx\/?p=48373"},"modified":"2020-04-30T12:47:50","modified_gmt":"2020-04-30T17:47:50","slug":"no-funcionara-la-educacion-a-distancia-es-un-autoengano-cnte","status":"publish","type":"post","link":"https:\/\/www.grieta.org.mx\/index.php\/2020\/04\/22\/no-funcionara-la-educacion-a-distancia-es-un-autoengano-cnte\/","title":{"rendered":"No funcionar\u00e1 la educaci\u00f3n a distancia, \u201ces un autoenga\u00f1o\u201d: CNTE"},"content":{"rendered":"<p><img loading=\"lazy\" decoding=\"async\" data-attachment-id=\"48374\" data-permalink=\"https:\/\/www.grieta.org.mx\/index.php\/2020\/04\/22\/no-funcionara-la-educacion-a-distancia-es-un-autoengano-cnte\/aprende\/\" data-orig-file=\"https:\/\/www.grieta.org.mx\/wp-content\/uploads\/2020\/04\/Aprende.png\" data-orig-size=\"1233,593\" data-comments-opened=\"0\" data-image-meta=\"{&quot;aperture&quot;:&quot;0&quot;,&quot;credit&quot;:&quot;&quot;,&quot;camera&quot;:&quot;&quot;,&quot;caption&quot;:&quot;&quot;,&quot;created_timestamp&quot;:&quot;0&quot;,&quot;copyright&quot;:&quot;&quot;,&quot;focal_length&quot;:&quot;0&quot;,&quot;iso&quot;:&quot;0&quot;,&quot;shutter_speed&quot;:&quot;0&quot;,&quot;title&quot;:&quot;&quot;,&quot;orientation&quot;:&quot;0&quot;}\" data-image-title=\"Aprende\" data-image-description=\"\" data-image-caption=\"\" data-medium-file=\"https:\/\/www.grieta.org.mx\/wp-content\/uploads\/2020\/04\/Aprende-300x144.png\" data-large-file=\"https:\/\/www.grieta.org.mx\/wp-content\/uploads\/2020\/04\/Aprende-1024x492.png\" class=\"aligncenter wp-image-48374\" src=\"http:\/\/www.grieta.org.mx\/wp-content\/uploads\/2020\/04\/Aprende.png\" alt=\"\" width=\"800\" height=\"385\" srcset=\"https:\/\/www.grieta.org.mx\/wp-content\/uploads\/2020\/04\/Aprende.png 1233w, https:\/\/www.grieta.org.mx\/wp-content\/uploads\/2020\/04\/Aprende-300x144.png 300w, https:\/\/www.grieta.org.mx\/wp-content\/uploads\/2020\/04\/Aprende-768x369.png 768w, https:\/\/www.grieta.org.mx\/wp-content\/uploads\/2020\/04\/Aprende-1024x492.png 1024w, https:\/\/www.grieta.org.mx\/wp-content\/uploads\/2020\/04\/Aprende-1040x500.png 1040w\" sizes=\"auto, (max-width: 800px) 100vw, 800px\" \/><\/p>\n<p>Imagen: Diario Avanzada<\/p>\n<p>Redaccion \/ Diario Avanzada<\/p>\n<p>Colima, M\u00e9xico, Avanzada (21\/04\/2020).- La pandemia del covid-19 tom\u00f3 \u201cmuy desprevenido\u201d al sector educativo y la Secretar\u00eda de Educaci\u00f3n P\u00fablica (SEP) \u201cnos est\u00e1 aventando a los maestros al ruedo a dar las clases a distancia, pero no estamos preparados\u201d, advirti\u00f3 J. Refugio Olague Soto, representante en Colima de la Coordinadora Nacional de Trabajadores de la Educaci\u00f3n (CNTE).<\/p>\n<p>Consider\u00f3 que no funcionar\u00e1 la estrategia de educaci\u00f3n a distancia porque los maestros \u201cfuimos preparados en normales para trabajar frente a grupo, pero no estamos preparados para trabajar en l\u00ednea\u201d, adem\u00e1s de que \u201clos padres de familia no tienen el tiempo suficiente, la paciencia ni la preparaci\u00f3n para explicar las dudas a los ni\u00f1os\u201d.<\/p>\n<p>Aunado a lo anterior, a\u00f1adi\u00f3, las condiciones tecnol\u00f3gicas del pa\u00eds no permitir\u00edan que las clases lleguen a todo el alumnado porque no en todos los hogares hay computadora o servicio de internet, menos en los del medio rural.<\/p>\n<p>Adem\u00e1s, dijo que los maestros no tienen manera de contactar por medios tecnol\u00f3gicos a los padres de familia, porque por ejemplo \u201cno todos tenemos grupos de whatsapp con los padres de familia, porque fue una indicaci\u00f3n de la misma SEP que no los form\u00e1ramos\u201d.<\/p>\n<p>\u2014\u00bfEntonces no es viable retomar las clases a distancia? \u2014se le pregunt\u00f3 en entrevista.<\/p>\n<p>\u2014Ser\u00eda nada m\u00e1s un cumplido, no es viable, nunca va a sustituir la tecnolog\u00eda a las clases presenciales. En todo caso s\u00f3lo se podr\u00eda trabajar actividades mecanizadas, pero no ser\u00edan aut\u00e9nticas clases, sino que ser\u00edan actividades para justificar a la SEP que estamos trabajando. Ser\u00eda un enga\u00f1o, un autoenga\u00f1o.<\/p>\n<p>\u201cSi se quiere que entretengamos a los ni\u00f1os o que repasen actividades, adelante; en ese sentido s\u00ed, pero no todo mundo tiene acceso a la tecnolog\u00eda; si quieres justificar los miles de millones que se destinan al sector educativo, adelante\u201d.<\/p>\n<p>El dirigente magisterial estim\u00f3 que la SEP debe dejar que el Sector Salud determine en \u00faltima instancia cu\u00e1ndo ser\u00e1 posible el retorno a clases presenciales y si en la fecha prevista no est\u00e1n las condiciones para reanudar las clases, entonces debe transitarse ya a la preparaci\u00f3n del nuevo ciclo escolar y dar por concluido el actual donde se qued\u00f3.<\/p>\n<p>Indic\u00f3 que si se declara terminado el ciclo escolar y los ni\u00f1os ingresan al grado siguiente que les corresponde, \u201clos maestros tenemos muy claro qu\u00e9 contenidos son b\u00e1sicos para poder dar continuidad a los temas del nuevo ciclo escolar; sabemos perfectamente c\u00f3mo combinar el nuevo plan de estudios con el anterior que no concluy\u00f3\u201d.<\/p>\n<p><a href=\"https:\/\/www.diarioavanzada.com.mx\/?p=12060\">https:\/\/www.diarioavanzada.com.mx\/?p=12060<\/a><\/p>\n","protected":false},"excerpt":{"rendered":"<p>Imagen: Diario Avanzada Redaccion \/ Diario Avanzada Colima, M\u00e9xico, Avanzada (21\/04\/2020).- La pandemia del covid-19 tom\u00f3 \u201cmuy desprevenido\u201d al sector educativo y la Secretar\u00eda de Educaci\u00f3n P\u00fablica (SEP) \u201cnos est\u00e1 &hellip; <a href=\"https:\/\/www.grieta.org.mx\/index.php\/2020\/04\/22\/no-funcionara-la-educacion-a-distancia-es-un-autoengano-cnte\/\" class=\"more-link\">Leer m\u00e1s<\/a><\/p>\n","protected":false},"author":2,"featured_media":48374,"comment_status":"closed","ping_status":"closed","sticky":false,"template":"","format":"standard","meta":{"ngg_post_thumbnail":0,"_jetpack_newsletter_access":"","_jetpack_dont_email_post_to_subs":false,"_jetpack_newsletter_tier_id":0,"_jetpack_memberships_contains_paywalled_content":false,"_jetpack_memberships_contains_paid_content":false,"footnotes":""},"categories":[80,13,3286,916,2365,2,83],"tags":[2566,1288],"class_list":["post-48373","post","type-post","status-publish","format-standard","has-post-thumbnail","hentry","category-cintillo","category-colima","category-covid-19-en-colima","category-privatizacion-del-la-educacion-publica","category-crisis-en-el-sector-salud-en-colima","category-noticias-nacionales","category-temas-nacionales","tag-crisis-en-el-sistema-educativo","tag-educacion-publica","entry"],"jetpack_featured_media_url":"https:\/\/www.grieta.org.mx\/wp-content\/uploads\/2020\/04\/Aprende.png","jetpack_sharing_enabled":true,"jetpack_shortlink":"https:\/\/wp.me\/p7ZJR4-cAd","jetpack_likes_enabled":false,"jetpack-related-posts":[{"id":52482,"url":"https:\/\/www.grieta.org.mx\/index.php\/2020\/08\/05\/educacion-adeuda-8-quincenas-de-2019-a-docentes-de-secundaria-en-colima\/","url_meta":{"origin":48373,"position":0},"title":"Educaci\u00f3n adeuda 8 quincenas de 2019 a docentes de Secundaria en Colima","author":"grieta","date":"5 agosto, 2020","format":false,"excerpt":"Imagen: Diario Avanzada Redacci\u00f3n \/ Diario Avanzada Colima, M\u00e9xico, Avanzada (05\/08\/2020).- La secretar\u00eda de Educaci\u00f3n en Colima\u00a0adeuda un total de 8 quincenas correspondientes a los meses de septiembre a diciembre de 2019,\u00a0alrededor de 40 docentes federalizados\u00a0de secundaria. Los profesores obtuvieron, en septiembre pasado, horas adicionales para impartir sus clases en\u2026","rel":"","context":"En &quot;CINTILLO&quot;","block_context":{"text":"CINTILLO","link":"https:\/\/www.grieta.org.mx\/index.php\/category\/cintillo\/"},"img":{"alt_text":"","src":"https:\/\/i0.wp.com\/www.grieta.org.mx\/wp-content\/uploads\/2018\/03\/14524434_1106112876131411_958039263622046936_o.jpg?resize=350%2C200&ssl=1","width":350,"height":200,"srcset":"https:\/\/i0.wp.com\/www.grieta.org.mx\/wp-content\/uploads\/2018\/03\/14524434_1106112876131411_958039263622046936_o.jpg?resize=350%2C200&ssl=1 1x, https:\/\/i0.wp.com\/www.grieta.org.mx\/wp-content\/uploads\/2018\/03\/14524434_1106112876131411_958039263622046936_o.jpg?resize=525%2C300&ssl=1 1.5x, https:\/\/i0.wp.com\/www.grieta.org.mx\/wp-content\/uploads\/2018\/03\/14524434_1106112876131411_958039263622046936_o.jpg?resize=700%2C400&ssl=1 2x"},"classes":[]},{"id":53608,"url":"https:\/\/www.grieta.org.mx\/index.php\/2020\/09\/19\/en-desventaja-estudiantes-de-zonas-rurales-por-falta-de-tecnologia-colima\/","url_meta":{"origin":48373,"position":1},"title":"En desventaja, estudiantes de zonas rurales, por falta de tecnolog\u00eda (Colima)","author":"grieta","date":"19 septiembre, 2020","format":false,"excerpt":"Foto: Internet Hugo Ram\u00edrez Pulido \/ Diario de Colima Alrededor de 7 mil 900 familias en zonas rurales en Colima no cuentan con televisor para tomar clases a distancia, cifra de acuerdo a INEGI, donde precis\u00f3 que el 11 por ciento de la poblaci\u00f3n colimense habita en la zona rural.\u2026","rel":"","context":"En &quot;CINTILLO&quot;","block_context":{"text":"CINTILLO","link":"https:\/\/www.grieta.org.mx\/index.php\/category\/cintillo\/"},"img":{"alt_text":"","src":"https:\/\/i0.wp.com\/www.grieta.org.mx\/wp-content\/uploads\/2018\/03\/14524434_1106112876131411_958039263622046936_o.jpg?resize=350%2C200&ssl=1","width":350,"height":200,"srcset":"https:\/\/i0.wp.com\/www.grieta.org.mx\/wp-content\/uploads\/2018\/03\/14524434_1106112876131411_958039263622046936_o.jpg?resize=350%2C200&ssl=1 1x, https:\/\/i0.wp.com\/www.grieta.org.mx\/wp-content\/uploads\/2018\/03\/14524434_1106112876131411_958039263622046936_o.jpg?resize=525%2C300&ssl=1 1.5x, https:\/\/i0.wp.com\/www.grieta.org.mx\/wp-content\/uploads\/2018\/03\/14524434_1106112876131411_958039263622046936_o.jpg?resize=700%2C400&ssl=1 2x"},"classes":[]},{"id":61280,"url":"https:\/\/www.grieta.org.mx\/index.php\/2021\/08\/20\/no-habra-clases-sin-pago-de-salario-aseguran-docentes-de-la-jesus-silverio-colima\/","url_meta":{"origin":48373,"position":2},"title":"No habr\u00e1 clases sin pago de salario, aseguran docentes de la \u201cJes\u00fas Silverio\u201d (Colima)","author":"grieta","date":"20 agosto, 2021","format":false,"excerpt":"Foto: El Comentario Francis Bravo \/ El Comentario Durante la protesta afuera de la\u00a0Escuela Secundaria N\u00famero 10\u00a0\u201cJes\u00fas Silverio Cavazos Ceballos\u201d, ubicada en la ciudad de\u00a0Colima, trabajadores de ese plantel educativo aseguraron que si antes del\u00a030 de agosto\u00a0no se les paga la primera quincena de agosto, no habr\u00e1 clases presenciales ni\u2026","rel":"","context":"En &quot;CINTILLO&quot;","block_context":{"text":"CINTILLO","link":"https:\/\/www.grieta.org.mx\/index.php\/category\/cintillo\/"},"img":{"alt_text":"","src":"https:\/\/i0.wp.com\/www.grieta.org.mx\/wp-content\/uploads\/2021\/08\/b4186d873147de2e331210f81816792e.jpeg?resize=350%2C200&ssl=1","width":350,"height":200,"srcset":"https:\/\/i0.wp.com\/www.grieta.org.mx\/wp-content\/uploads\/2021\/08\/b4186d873147de2e331210f81816792e.jpeg?resize=350%2C200&ssl=1 1x, https:\/\/i0.wp.com\/www.grieta.org.mx\/wp-content\/uploads\/2021\/08\/b4186d873147de2e331210f81816792e.jpeg?resize=525%2C300&ssl=1 1.5x, https:\/\/i0.wp.com\/www.grieta.org.mx\/wp-content\/uploads\/2021\/08\/b4186d873147de2e331210f81816792e.jpeg?resize=700%2C400&ssl=1 2x"},"classes":[]},{"id":57843,"url":"https:\/\/www.grieta.org.mx\/index.php\/2021\/03\/19\/sin-vacunas-ordenan-el-regreso-del-personal-a-los-planteles-educativos-en-colima\/","url_meta":{"origin":48373,"position":3},"title":"Sin vacunas, ordenan el regreso del personal a los planteles educativos en Colima","author":"grieta","date":"19 marzo, 2021","format":false,"excerpt":"Imagen: Diario Avanzada Heidi de Le\u00f3n Guti\u00e9rrez \/ Diario Avanzada Colima, M\u00e9xico, Avanzada (19\/03\/2021).- A\u00fan cuando no se ha garantizado la vacunaci\u00f3n contra el Covid-19 para el personal educativo en el estado, desde el pasado 12 de marzo, los supervisores, directivos, personal administrativo y de intendencia est\u00e1n obligados a regresar\u2026","rel":"","context":"En &quot;CINTILLO&quot;","block_context":{"text":"CINTILLO","link":"https:\/\/www.grieta.org.mx\/index.php\/category\/cintillo\/"},"img":{"alt_text":"","src":"https:\/\/i0.wp.com\/www.grieta.org.mx\/wp-content\/uploads\/2021\/03\/162627736_3782454225179069_7158974501602289270_o-1024x1024-1.jpg?resize=350%2C200&ssl=1","width":350,"height":200,"srcset":"https:\/\/i0.wp.com\/www.grieta.org.mx\/wp-content\/uploads\/2021\/03\/162627736_3782454225179069_7158974501602289270_o-1024x1024-1.jpg?resize=350%2C200&ssl=1 1x, https:\/\/i0.wp.com\/www.grieta.org.mx\/wp-content\/uploads\/2021\/03\/162627736_3782454225179069_7158974501602289270_o-1024x1024-1.jpg?resize=525%2C300&ssl=1 1.5x, https:\/\/i0.wp.com\/www.grieta.org.mx\/wp-content\/uploads\/2021\/03\/162627736_3782454225179069_7158974501602289270_o-1024x1024-1.jpg?resize=700%2C400&ssl=1 2x"},"classes":[]},{"id":2709,"url":"https:\/\/www.grieta.org.mx\/index.php\/2016\/07\/17\/movilizaciones-contra-la-reforma-educativa-y-la-evaluacion-magisterial-en-colima\/","url_meta":{"origin":48373,"position":4},"title":"Movilizaciones contra la Reforma educativa y evaluaci\u00f3n magisterial en Colima","author":"grieta","date":"17 julio, 2016","format":false,"excerpt":"17\/07\/16. Marchan maestros en contra de la reforma educativaMeganoticias Colima 02\/07\/16. Maestros de la CNTE bloquearon el puertoCorreo de Manzanillo 23\/06\/16. Maestros de Colima protestan por OaxacaPerriodismo 21\/06\/16. Marchan maestros, pescadores y hasta tramitadores en ManzanilloColima Noticias 21\/06\/16. Maestros de Colima se unen a quienes exigen la renuncia de Aurelio\u2026","rel":"","context":"En &quot;Colima&quot;","block_context":{"text":"Colima","link":"https:\/\/www.grieta.org.mx\/index.php\/category\/noticias-nacionales\/colima\/"},"img":{"alt_text":"","src":"https:\/\/i0.wp.com\/www.grieta.org.mx\/wp-content\/uploads\/2018\/03\/14524434_1106112876131411_958039263622046936_o.jpg?resize=350%2C200&ssl=1","width":350,"height":200,"srcset":"https:\/\/i0.wp.com\/www.grieta.org.mx\/wp-content\/uploads\/2018\/03\/14524434_1106112876131411_958039263622046936_o.jpg?resize=350%2C200&ssl=1 1x, https:\/\/i0.wp.com\/www.grieta.org.mx\/wp-content\/uploads\/2018\/03\/14524434_1106112876131411_958039263622046936_o.jpg?resize=525%2C300&ssl=1 1.5x, https:\/\/i0.wp.com\/www.grieta.org.mx\/wp-content\/uploads\/2018\/03\/14524434_1106112876131411_958039263622046936_o.jpg?resize=700%2C400&ssl=1 2x"},"classes":[]},{"id":30972,"url":"https:\/\/www.grieta.org.mx\/index.php\/2019\/03\/20\/maestros-de-emsad-y-tbc-comienzan-a-trabajar-bajo-protesta-por-falta-de-recursos-de-la-federacion\/","url_meta":{"origin":48373,"position":5},"title":"Maestros de EMSAD y TBC comienzan a trabajar bajo protesta por falta de recursos de la federaci\u00f3n","author":"grieta","date":"20 marzo, 2019","format":false,"excerpt":"Juan Carlos Flores|CN COLIMANOTICIAS, 08 de marzo de 2019 Colima, Col.- Maestros del EMSAD y TBC comenzaron una jornada de protesta en varias escuelas en reclamo de las quincenas de febrero. Con cartulinas pegadas a la entrada de las escuelas, los docentes expresaron su intenci\u00f3n de trabajar bajo protesta pues\u2026","rel":"","context":"En &quot;CINTILLO&quot;","block_context":{"text":"CINTILLO","link":"https:\/\/www.grieta.org.mx\/index.php\/category\/cintillo\/"},"img":{"alt_text":"","src":"https:\/\/i0.wp.com\/www.grieta.org.mx\/wp-content\/uploads\/2019\/03\/retraso-en-el-pago-de-su-quincena-emsad-9.jpeg?resize=350%2C200&ssl=1","width":350,"height":200,"srcset":"https:\/\/i0.wp.com\/www.grieta.org.mx\/wp-content\/uploads\/2019\/03\/retraso-en-el-pago-de-su-quincena-emsad-9.jpeg?resize=350%2C200&ssl=1 1x, https:\/\/i0.wp.com\/www.grieta.org.mx\/wp-content\/uploads\/2019\/03\/retraso-en-el-pago-de-su-quincena-emsad-9.jpeg?resize=525%2C300&ssl=1 1.5x, https:\/\/i0.wp.com\/www.grieta.org.mx\/wp-content\/uploads\/2019\/03\/retraso-en-el-pago-de-su-quincena-emsad-9.jpeg?resize=700%2C400&ssl=1 2x, https:\/\/i0.wp.com\/www.grieta.org.mx\/wp-content\/uploads\/2019\/03\/retraso-en-el-pago-de-su-quincena-emsad-9.jpeg?resize=1050%2C600&ssl=1 3x"},"classes":[]}],"_links":{"self":[{"href":"https:\/\/www.grieta.org.mx\/index.php\/wp-json\/wp\/v2\/posts\/48373","targetHints":{"allow":["GET"]}}],"collection":[{"href":"https:\/\/www.grieta.org.mx\/index.php\/wp-json\/wp\/v2\/posts"}],"about":[{"href":"https:\/\/www.grieta.org.mx\/index.php\/wp-json\/wp\/v2\/types\/post"}],"author":[{"embeddable":true,"href":"https:\/\/www.grieta.org.mx\/index.php\/wp-json\/wp\/v2\/users\/2"}],"replies":[{"embeddable":true,"href":"https:\/\/www.grieta.org.mx\/index.php\/wp-json\/wp\/v2\/comments?post=48373"}],"version-history":[{"count":1,"href":"https:\/\/www.grieta.org.mx\/index.php\/wp-json\/wp\/v2\/posts\/48373\/revisions"}],"predecessor-version":[{"id":48376,"href":"https:\/\/www.grieta.org.mx\/index.php\/wp-json\/wp\/v2\/posts\/48373\/revisions\/48376"}],"wp:featuredmedia":[{"embeddable":true,"href":"https:\/\/www.grieta.org.mx\/index.php\/wp-json\/wp\/v2\/media\/48374"}],"wp:attachment":[{"href":"https:\/\/www.grieta.org.mx\/index.php\/wp-json\/wp\/v2\/media?parent=48373"}],"wp:term":[{"taxonomy":"category","embeddable":true,"href":"https:\/\/www.grieta.org.mx\/index.php\/wp-json\/wp\/v2\/categories?post=48373"},{"taxonomy":"post_tag","embeddable":true,"href":"https:\/\/www.grieta.org.mx\/index.php\/wp-json\/wp\/v2\/tags?post=48373"}],"curies":[{"name":"wp","href":"https:\/\/api.w.org\/{rel}","templated":true}]}}