{"id":48363,"date":"2020-04-16T01:15:35","date_gmt":"2020-04-16T06:15:35","guid":{"rendered":"http:\/\/www.grieta.org.mx\/?p=48363"},"modified":"2020-04-30T01:22:09","modified_gmt":"2020-04-30T06:22:09","slug":"logran-amparo-medicos-del-hospital-del-norte-para-recibir-insumos-contra-covid-19-puebla","status":"publish","type":"post","link":"https:\/\/www.grieta.org.mx\/index.php\/2020\/04\/16\/logran-amparo-medicos-del-hospital-del-norte-para-recibir-insumos-contra-covid-19-puebla\/","title":{"rendered":"Logran amparo m\u00e9dicos del Hospital del Norte para recibir insumos contra Covid-19 (Puebla)"},"content":{"rendered":"<p><a href=\"http:\/\/www.grieta.org.mx\/wp-content\/uploads\/2020\/04\/HOSPITAL-GENERAL-DEL-NORTE.jpg\"><img loading=\"lazy\" decoding=\"async\" data-attachment-id=\"48364\" data-permalink=\"https:\/\/www.grieta.org.mx\/index.php\/2020\/04\/16\/logran-amparo-medicos-del-hospital-del-norte-para-recibir-insumos-contra-covid-19-puebla\/hospital-general-del-norte\/\" data-orig-file=\"https:\/\/www.grieta.org.mx\/wp-content\/uploads\/2020\/04\/HOSPITAL-GENERAL-DEL-NORTE.jpg\" data-orig-size=\"768,479\" data-comments-opened=\"0\" data-image-meta=\"{&quot;aperture&quot;:&quot;0&quot;,&quot;credit&quot;:&quot;&quot;,&quot;camera&quot;:&quot;&quot;,&quot;caption&quot;:&quot;&quot;,&quot;created_timestamp&quot;:&quot;0&quot;,&quot;copyright&quot;:&quot;&quot;,&quot;focal_length&quot;:&quot;0&quot;,&quot;iso&quot;:&quot;0&quot;,&quot;shutter_speed&quot;:&quot;0&quot;,&quot;title&quot;:&quot;&quot;,&quot;orientation&quot;:&quot;0&quot;}\" data-image-title=\"HOSPITAL GENERAL DEL NORTE\" data-image-description=\"\" data-image-caption=\"\" data-medium-file=\"https:\/\/www.grieta.org.mx\/wp-content\/uploads\/2020\/04\/HOSPITAL-GENERAL-DEL-NORTE-300x187.jpg\" data-large-file=\"https:\/\/www.grieta.org.mx\/wp-content\/uploads\/2020\/04\/HOSPITAL-GENERAL-DEL-NORTE.jpg\" src=\"http:\/\/www.grieta.org.mx\/wp-content\/uploads\/2020\/04\/HOSPITAL-GENERAL-DEL-NORTE.jpg\" alt=\"\" width=\"768\" height=\"479\" class=\"aligncenter size-full wp-image-48364\" srcset=\"https:\/\/www.grieta.org.mx\/wp-content\/uploads\/2020\/04\/HOSPITAL-GENERAL-DEL-NORTE.jpg 768w, https:\/\/www.grieta.org.mx\/wp-content\/uploads\/2020\/04\/HOSPITAL-GENERAL-DEL-NORTE-300x187.jpg 300w\" sizes=\"auto, (max-width: 768px) 100vw, 768px\" \/><\/a><\/p>\n<blockquote><p>Exhiben  falta de insumos, equipo y herramientas para enfrentar la pandemia y protegerse de posibles contagios de coronavirus<\/p><\/blockquote>\n<p>Norma Marcial \/ El Sol de Puebla<\/p>\n<p>El Juzgado Octavo de Distrito en Materia de Amparos Civil, Administrativa y de Trabajo y Juicios Federales en el Estado de Puebla concedi\u00f3 a un grupo de doctores del Hospital General de la Zona Norte \u201cBicentenario de la Independencia\u201d un amparo para garantizar que el nosocomio les entregue los insumos necesarios para atender a pacientes contagiados con Covid-19.<\/p>\n<p>Adem\u00e1s, los galenos informaron la omisi\u00f3n de dotar al personal de salud de equipo de seguridad sanitaria y de insumos adecuados para evitar el contagio del virus, durante su desempe\u00f1o en el citado nosocomio p\u00fablico.<\/p>\n<p>La referida demanda, asentada bajo el n\u00famero estad\u00edstico 494\/2020, inmediatamente despu\u00e9s de su presentaci\u00f3n, que fue este martes, caus\u00f3 que el Juzgado correspondiente decretara que de inmediato las autoridades correspondientes: secretario de Salud del Estado de Puebla y el director general del Hospital de la Zona Norte \u201cBicentenario de la Independencia, Jorge Humberto Uribe y Jos\u00e9 Ricardo Rosas, respectivamente, doten de equipo personal de protecci\u00f3n, herramientas y equipos y todo lo que se determine para garantizar la vida e integridad de los peticionarios de amparo, ya que la inactividad y la falta de intervenci\u00f3n oportuna a dicho lineamiento, se puede traducir en el avance de dicho virus, con lo que resultar\u00eda imposible restituir a los quejosos el derecho humano de la salud y la vida.<\/p>\n<p>Adem\u00e1s el juez, requiri\u00f3 a las autoridades responsables, -nuevamente secretario de Salud y director general del policl\u00ednico en menci\u00f3n-, para que dentro de un plazo de veinticuatro horas rindan a este \u00f3rgano jurisdiccional informe sobre el cumplimiento que den a la medida cautelar otorgada; en caso de no presentarlo se har\u00e1n acreedores a las sanciones establecidas en el art\u00edculo 209 de la Ley de Amparo, que imponen incluso penas privativas de la libertad e inhabilitaci\u00f3n para ejercer cargos o comisiones p\u00fablicas.<\/p>\n<p>EXHIBEN DEFICIENCIAS<\/p>\n<p>Mediante la demanda de amparo ingresada por el grupo de especialistas de la medicina, se conoci\u00f3 que en las \u00e1reas de Pediatr\u00eda, Anestesiolog\u00eda, Cirug\u00eda Ambulatoria y Otorrinolaringolog\u00eda del Hospital General de la Zona Norte, hay d\u00e9ficit de personal m\u00e9dico y la plantilla actual carece de equipos personal de protecci\u00f3n, como falta de gel antibacterial y jab\u00f3n en consultorios, as\u00ed como papel para el secado de manos.<\/p>\n<p>Tampoco se cuenta con mascarillas, botas y overoles desechables, lentes de seguridad, gorros quir\u00fargicos, guantes, desinfectantes en aerosol, ventilaci\u00f3n en el \u00e1rea de quir\u00f3fanos, caretas, batas impermeables, calzado de uso exclusivo quir\u00f3fano, entre otros.<\/p>\n<p>OTROS FALTANTES EN EL MARCO DE LA PANDEMIA DEL COVID-19<\/p>\n<p>En este documento tambi\u00e9n se ventil\u00f3 que en este espacio m\u00e9dico no est\u00e1n realiz\u00e1ndose TRIAGE respiratorio obligado en el consultorio respectivo para diferenciar pacientes de afecci\u00f3n respiratoria de los que no lo son, a\u00fan cuando este s\u00edntoma esta relacionado al Covid-19.<\/p>\n<p>En la Unidad de Cuidado Intensivo Pedi\u00e1trico, la atenci\u00f3n de paciente en estado de gravedad comparte lugar en una sala general con paciente de urgencias adultos, quedando todos ellos expuestos a un escenario de contaminaci\u00f3n, al no definirse \u00e1reas de distanciamiento y aislamiento.<\/p>\n<p>Al igual, en este hospital no se cuenta con un equipo de videolaringoscipio exclusivo para el servicio en atenci\u00f3n de pacientes sospechosos o confirmados de Covid-19.<\/p>\n<p>Por el \u00faltimo, el personal m\u00e9dico que pide insumos de seguridad sanitaria y personal, refiere que no hay entrenamiento te\u00f3rico y pr\u00e1ctico para sobre las medidas de prevenci\u00f3n y control, as\u00ed como del uso correcto del EPP (Previa Evaluaci\u00f3n de Riesgos) y pasos para apropiada instalaci\u00f3n u retiro de este modelo preventivo.<\/p>\n<p><a href=\"https:\/\/www.elsoldepuebla.com.mx\/local\/se-amparan-medicos-de-la-secretaria-de-salud-de-puebla-para-atender-covid-19-coronavirus-salud-pandemia-juzgado-hospital-del-norte-contagio-5107924.html\">https:\/\/www.elsoldepuebla.com.mx\/local\/se-amparan-medicos-de-la-secretaria-de-salud-de-puebla-para-atender-covid-19-coronavirus-salud-pandemia-juzgado-hospital-del-norte-contagio-5107924.html<\/a><\/p>\n","protected":false},"excerpt":{"rendered":"<p>Exhiben falta de insumos, equipo y herramientas para enfrentar la pandemia y protegerse de posibles contagios de coronavirus Norma Marcial \/ El Sol de Puebla El Juzgado Octavo de Distrito &hellip; <a href=\"https:\/\/www.grieta.org.mx\/index.php\/2020\/04\/16\/logran-amparo-medicos-del-hospital-del-norte-para-recibir-insumos-contra-covid-19-puebla\/\" class=\"more-link\">Leer m\u00e1s<\/a><\/p>\n","protected":false},"author":1,"featured_media":48364,"comment_status":"closed","ping_status":"closed","sticky":false,"template":"","format":"standard","meta":{"ngg_post_thumbnail":0,"_jetpack_newsletter_access":"","_jetpack_dont_email_post_to_subs":false,"_jetpack_newsletter_tier_id":0,"_jetpack_memberships_contains_paywalled_content":false,"_jetpack_memberships_contains_paid_content":false,"footnotes":""},"categories":[80,3273,918,1247,2,26,83],"tags":[3241,3284,3226],"class_list":["post-48363","post","type-post","status-publish","format-standard","has-post-thumbnail","hentry","category-cintillo","category-covid-19-en-puebla","category-privatizacion-del-sector-salud","category-movilizaciones-contra-reforma-al-sector-y-privatizacion-de-la-salud-en-puebla","category-noticias-nacionales","category-puebla","category-temas-nacionales","tag-covid-19","tag-falta-de-insumos-en-hospitales","tag-falta-de-material-y-equipo-medico","entry"],"jetpack_featured_media_url":"https:\/\/www.grieta.org.mx\/wp-content\/uploads\/2020\/04\/HOSPITAL-GENERAL-DEL-NORTE.jpg","jetpack_sharing_enabled":true,"jetpack_shortlink":"https:\/\/wp.me\/p7ZJR4-cA3","jetpack_likes_enabled":false,"jetpack-related-posts":[{"id":29151,"url":"https:\/\/www.grieta.org.mx\/index.php\/2019\/02\/11\/protestan-en-hospitales-de-puebla-por-falta-de-pagos-e-insumos\/","url_meta":{"origin":48363,"position":0},"title":"Protestan en hospitales de Puebla por falta de pagos e insumos","author":"grieta","date":"11 febrero, 2019","format":false,"excerpt":"Laura Ruiz \/ e- consulta Hospitales del sector p\u00fablico de la capital y el interior del estado registraron esta ma\u00f1ana manifestaciones de trabajadores afiliados a la Secci\u00f3n 25 del Sindicato Nacional de Trabajadores de la Salud (SNTSA). De acuerdo con los inconformes les adeudan el pago de un bono sexenal,\u2026","rel":"","context":"En &quot;CINTILLO&quot;","block_context":{"text":"CINTILLO","link":"https:\/\/www.grieta.org.mx\/index.php\/category\/cintillo\/"},"img":{"alt_text":"","src":"https:\/\/i0.wp.com\/www.grieta.org.mx\/wp-content\/uploads\/2019\/02\/cuatrillizas_0.jpg?resize=350%2C200&ssl=1","width":350,"height":200,"srcset":"https:\/\/i0.wp.com\/www.grieta.org.mx\/wp-content\/uploads\/2019\/02\/cuatrillizas_0.jpg?resize=350%2C200&ssl=1 1x, https:\/\/i0.wp.com\/www.grieta.org.mx\/wp-content\/uploads\/2019\/02\/cuatrillizas_0.jpg?resize=525%2C300&ssl=1 1.5x"},"classes":[]},{"id":47434,"url":"https:\/\/www.grieta.org.mx\/index.php\/2020\/03\/23\/trabajadores-del-sector-salud-protestan-en-puebla-y-veracruz\/","url_meta":{"origin":48363,"position":1},"title":"Trabajadores del sector salud protestan en Puebla y Veracruz","author":"Admin","date":"23 marzo, 2020","format":false,"excerpt":"Edgar \u00c1vila \/ El Universal En dos estados trabajadores del sector salud se manifiestan en el marco de la epidemia de coronavirus o Covid-19.Protestan en Puebla Trabajadores del sector salud de Puebla se manifestaron en distintos hospitales y cl\u00ednicas para exigir medidas adecuadas para enfrentar la pandemia del coronavirus. En\u2026","rel":"","context":"En &quot;CINTILLO&quot;","block_context":{"text":"CINTILLO","link":"https:\/\/www.grieta.org.mx\/index.php\/category\/cintillo\/"},"img":{"alt_text":"","src":"https:\/\/i0.wp.com\/www.grieta.org.mx\/wp-content\/uploads\/2020\/04\/Captura-de-pantalla-2020-04-08-a-las-10.55.53-a.m..png?resize=350%2C200&ssl=1","width":350,"height":200,"srcset":"https:\/\/i0.wp.com\/www.grieta.org.mx\/wp-content\/uploads\/2020\/04\/Captura-de-pantalla-2020-04-08-a-las-10.55.53-a.m..png?resize=350%2C200&ssl=1 1x, https:\/\/i0.wp.com\/www.grieta.org.mx\/wp-content\/uploads\/2020\/04\/Captura-de-pantalla-2020-04-08-a-las-10.55.53-a.m..png?resize=525%2C300&ssl=1 1.5x"},"classes":[]},{"id":46942,"url":"https:\/\/www.grieta.org.mx\/index.php\/2020\/03\/26\/de-por-si-no-habia-jeringas-ahora-no-hay-ni-cubrebocas-en-hospital-del-sur-puebla\/","url_meta":{"origin":48363,"position":2},"title":"De por s\u00ed no hab\u00eda jeringas, ahora no hay ni cubrebocas en Hospital del Sur (Puebla)","author":"Admin","date":"26 marzo, 2020","format":false,"excerpt":"Cristian Escobar \/ Lado B A las carencias que de por s\u00ed padecen los servicios de salud en el estado, ahora se suma la lenta distribuci\u00f3n de insumos b\u00e1sicos para enfrentar la contingencia por el COVID-19 en los 550 centros de salud y 56 hospitales de Puebla, as\u00ed como la\u2026","rel":"","context":"En &quot;CINTILLO&quot;","block_context":{"text":"CINTILLO","link":"https:\/\/www.grieta.org.mx\/index.php\/category\/cintillo\/"},"img":{"alt_text":"","src":"https:\/\/i0.wp.com\/www.grieta.org.mx\/wp-content\/uploads\/2020\/03\/laboratorio-2.jpg?resize=350%2C200&ssl=1","width":350,"height":200,"srcset":"https:\/\/i0.wp.com\/www.grieta.org.mx\/wp-content\/uploads\/2020\/03\/laboratorio-2.jpg?resize=350%2C200&ssl=1 1x, https:\/\/i0.wp.com\/www.grieta.org.mx\/wp-content\/uploads\/2020\/03\/laboratorio-2.jpg?resize=525%2C300&ssl=1 1.5x, https:\/\/i0.wp.com\/www.grieta.org.mx\/wp-content\/uploads\/2020\/03\/laboratorio-2.jpg?resize=700%2C400&ssl=1 2x"},"classes":[]},{"id":43937,"url":"https:\/\/www.grieta.org.mx\/index.php\/2020\/01\/24\/pacientes-con-cancer-de-mama-se-manifiestan-en-el-hospital-del-norte-de-puebla-para-denunciar-falta-de-medicamentos\/","url_meta":{"origin":48363,"position":3},"title":"Pacientes con c\u00e1ncer de mama se manifiestan en el Hospital del Norte de Puebla para denunciar falta de medicamentos","author":"Admin","date":"24 enero, 2020","format":false,"excerpt":"Por Redacci\u00f3n \/ Peri\u00f3dico Central Los inconformes acusaron que adem\u00e1s existe falta de personal m\u00e9dico, lo cual pone en riesgo su salud pues debido a la enfermedad que padecen no pueden detener el tratamiento que reciben. Familiares y pacientes de enfermos con c\u00e1ncer de mama se manifestaron la ma\u00f1ana de\u2026","rel":"","context":"En &quot;CINTILLO&quot;","block_context":{"text":"CINTILLO","link":"https:\/\/www.grieta.org.mx\/index.php\/category\/cintillo\/"},"img":{"alt_text":"","src":"https:\/\/i0.wp.com\/www.grieta.org.mx\/wp-content\/uploads\/2020\/02\/1f9e52f5766a7a5e24af756d4d3b3708_XL.jpg?resize=350%2C200&ssl=1","width":350,"height":200,"srcset":"https:\/\/i0.wp.com\/www.grieta.org.mx\/wp-content\/uploads\/2020\/02\/1f9e52f5766a7a5e24af756d4d3b3708_XL.jpg?resize=350%2C200&ssl=1 1x, https:\/\/i0.wp.com\/www.grieta.org.mx\/wp-content\/uploads\/2020\/02\/1f9e52f5766a7a5e24af756d4d3b3708_XL.jpg?resize=525%2C300&ssl=1 1.5x, https:\/\/i0.wp.com\/www.grieta.org.mx\/wp-content\/uploads\/2020\/02\/1f9e52f5766a7a5e24af756d4d3b3708_XL.jpg?resize=700%2C400&ssl=1 2x"},"classes":[]},{"id":40223,"url":"https:\/\/www.grieta.org.mx\/index.php\/2019\/10\/04\/pacientes-de-cancer-y-familiares-protestan-en-puebla-por-la-falta-de-medicamentos\/","url_meta":{"origin":48363,"position":4},"title":"Pacientes de c\u00e1ncer y familiares protestan en Puebla por la falta de medicamentos","author":"Admin","date":"4 octubre, 2019","format":false,"excerpt":"Gabriela Hern\u00e1ndez \/ Proceso PUEBLA, Pue. (apro).- Integrantes del grupo de apoyo Guerreras Unidas, que conjunta a pacientes de c\u00e1ncer de mama y sus familiares, realizaron una protesta este viernes a las afueras del Hospital General del Norte, para denunciar la falta de medicamentos, y retraso en la entrega de\u2026","rel":"","context":"En &quot;CINTILLO&quot;","block_context":{"text":"CINTILLO","link":"https:\/\/www.grieta.org.mx\/index.php\/category\/cintillo\/"},"img":{"alt_text":"","src":"https:\/\/i0.wp.com\/www.grieta.org.mx\/wp-content\/uploads\/2019\/10\/Estados1.jpg?resize=350%2C200&ssl=1","width":350,"height":200,"srcset":"https:\/\/i0.wp.com\/www.grieta.org.mx\/wp-content\/uploads\/2019\/10\/Estados1.jpg?resize=350%2C200&ssl=1 1x, https:\/\/i0.wp.com\/www.grieta.org.mx\/wp-content\/uploads\/2019\/10\/Estados1.jpg?resize=525%2C300&ssl=1 1.5x, https:\/\/i0.wp.com\/www.grieta.org.mx\/wp-content\/uploads\/2019\/10\/Estados1.jpg?resize=700%2C400&ssl=1 2x"},"classes":[]},{"id":47245,"url":"https:\/\/www.grieta.org.mx\/index.php\/2020\/04\/03\/protestan-medicos-de-tamaulipas-por-falta-de-insumos-ante-covid-19\/","url_meta":{"origin":48363,"position":5},"title":"Protestan m\u00e9dicos de Tamaulipas por falta de insumos ante Covid-19","author":"grieta","date":"3 abril, 2020","format":false,"excerpt":"El Arsenal\/Redacci\u00f3n 03 abril 2020 Tamaulipas.- M\u00e9dicos y enfermeros, as\u00ed como empleados del Hospital General de Zona \u201cSolidaridad\u201d se manifestaron para denunciar la falta de insumos para protegerse ante la pandemia de Covid-19, y amenazan con irse a paro de labores; eso, luego de que se confirmara que el segundo\u2026","rel":"","context":"En &quot;CINTILLO&quot;","block_context":{"text":"CINTILLO","link":"https:\/\/www.grieta.org.mx\/index.php\/category\/cintillo\/"},"img":{"alt_text":"","src":"https:\/\/i0.wp.com\/www.grieta.org.mx\/wp-content\/uploads\/2020\/04\/laredo-1.png?resize=350%2C200&ssl=1","width":350,"height":200,"srcset":"https:\/\/i0.wp.com\/www.grieta.org.mx\/wp-content\/uploads\/2020\/04\/laredo-1.png?resize=350%2C200&ssl=1 1x, https:\/\/i0.wp.com\/www.grieta.org.mx\/wp-content\/uploads\/2020\/04\/laredo-1.png?resize=525%2C300&ssl=1 1.5x, https:\/\/i0.wp.com\/www.grieta.org.mx\/wp-content\/uploads\/2020\/04\/laredo-1.png?resize=700%2C400&ssl=1 2x"},"classes":[]}],"_links":{"self":[{"href":"https:\/\/www.grieta.org.mx\/index.php\/wp-json\/wp\/v2\/posts\/48363","targetHints":{"allow":["GET"]}}],"collection":[{"href":"https:\/\/www.grieta.org.mx\/index.php\/wp-json\/wp\/v2\/posts"}],"about":[{"href":"https:\/\/www.grieta.org.mx\/index.php\/wp-json\/wp\/v2\/types\/post"}],"author":[{"embeddable":true,"href":"https:\/\/www.grieta.org.mx\/index.php\/wp-json\/wp\/v2\/users\/1"}],"replies":[{"embeddable":true,"href":"https:\/\/www.grieta.org.mx\/index.php\/wp-json\/wp\/v2\/comments?post=48363"}],"version-history":[{"count":1,"href":"https:\/\/www.grieta.org.mx\/index.php\/wp-json\/wp\/v2\/posts\/48363\/revisions"}],"predecessor-version":[{"id":48365,"href":"https:\/\/www.grieta.org.mx\/index.php\/wp-json\/wp\/v2\/posts\/48363\/revisions\/48365"}],"wp:featuredmedia":[{"embeddable":true,"href":"https:\/\/www.grieta.org.mx\/index.php\/wp-json\/wp\/v2\/media\/48364"}],"wp:attachment":[{"href":"https:\/\/www.grieta.org.mx\/index.php\/wp-json\/wp\/v2\/media?parent=48363"}],"wp:term":[{"taxonomy":"category","embeddable":true,"href":"https:\/\/www.grieta.org.mx\/index.php\/wp-json\/wp\/v2\/categories?post=48363"},{"taxonomy":"post_tag","embeddable":true,"href":"https:\/\/www.grieta.org.mx\/index.php\/wp-json\/wp\/v2\/tags?post=48363"}],"curies":[{"name":"wp","href":"https:\/\/api.w.org\/{rel}","templated":true}]}}