{"id":48333,"date":"2020-04-27T01:03:02","date_gmt":"2020-04-27T06:03:02","guid":{"rendered":"http:\/\/www.grieta.org.mx\/?p=48333"},"modified":"2020-04-29T01:11:12","modified_gmt":"2020-04-29T06:11:12","slug":"bloquean-calzada-vallejo-por-falta-de-insumos-en-el-hospital-la-raza-ciudad-de-mexico","status":"publish","type":"post","link":"https:\/\/www.grieta.org.mx\/index.php\/2020\/04\/27\/bloquean-calzada-vallejo-por-falta-de-insumos-en-el-hospital-la-raza-ciudad-de-mexico\/","title":{"rendered":"Bloquean Calzada Vallejo por falta de insumos en el Hospital La Raza (Ciudad de M\u00e9xico)"},"content":{"rendered":"<p><img loading=\"lazy\" decoding=\"async\" data-attachment-id=\"48334\" data-permalink=\"https:\/\/www.grieta.org.mx\/index.php\/2020\/04\/27\/bloquean-calzada-vallejo-por-falta-de-insumos-en-el-hospital-la-raza-ciudad-de-mexico\/bloquean-calzada-vallejo-por-falta-de-insumos-en-el-hospital-la-raza-cdmx-abr\/\" data-orig-file=\"https:\/\/www.grieta.org.mx\/wp-content\/uploads\/2020\/04\/Bloquean-Calzada-Vallejo-por-falta-de-insumos-en-el-Hospital-La-Raza-cdmx-abr.jpg\" data-orig-size=\"870,522\" data-comments-opened=\"0\" data-image-meta=\"{&quot;aperture&quot;:&quot;0&quot;,&quot;credit&quot;:&quot;&quot;,&quot;camera&quot;:&quot;&quot;,&quot;caption&quot;:&quot;&quot;,&quot;created_timestamp&quot;:&quot;0&quot;,&quot;copyright&quot;:&quot;&quot;,&quot;focal_length&quot;:&quot;0&quot;,&quot;iso&quot;:&quot;0&quot;,&quot;shutter_speed&quot;:&quot;0&quot;,&quot;title&quot;:&quot;&quot;,&quot;orientation&quot;:&quot;0&quot;}\" data-image-title=\"Bloquean Calzada Vallejo por falta de insumos en el Hospital La Raza cdmx abr\" data-image-description=\"\" data-image-caption=\"\" data-medium-file=\"https:\/\/www.grieta.org.mx\/wp-content\/uploads\/2020\/04\/Bloquean-Calzada-Vallejo-por-falta-de-insumos-en-el-Hospital-La-Raza-cdmx-abr-300x180.jpg\" data-large-file=\"https:\/\/www.grieta.org.mx\/wp-content\/uploads\/2020\/04\/Bloquean-Calzada-Vallejo-por-falta-de-insumos-en-el-Hospital-La-Raza-cdmx-abr.jpg\" class=\"aligncenter  wp-image-48334\" src=\"http:\/\/www.grieta.org.mx\/wp-content\/uploads\/2020\/04\/Bloquean-Calzada-Vallejo-por-falta-de-insumos-en-el-Hospital-La-Raza-cdmx-abr.jpg\" alt=\"\" width=\"647\" height=\"388\" srcset=\"https:\/\/www.grieta.org.mx\/wp-content\/uploads\/2020\/04\/Bloquean-Calzada-Vallejo-por-falta-de-insumos-en-el-Hospital-La-Raza-cdmx-abr.jpg 870w, https:\/\/www.grieta.org.mx\/wp-content\/uploads\/2020\/04\/Bloquean-Calzada-Vallejo-por-falta-de-insumos-en-el-Hospital-La-Raza-cdmx-abr-300x180.jpg 300w, https:\/\/www.grieta.org.mx\/wp-content\/uploads\/2020\/04\/Bloquean-Calzada-Vallejo-por-falta-de-insumos-en-el-Hospital-La-Raza-cdmx-abr-768x461.jpg 768w, https:\/\/www.grieta.org.mx\/wp-content\/uploads\/2020\/04\/Bloquean-Calzada-Vallejo-por-falta-de-insumos-en-el-Hospital-La-Raza-cdmx-abr-833x500.jpg 833w\" sizes=\"auto, (max-width: 647px) 100vw, 647px\" \/><br \/>\n<em>Personal de La Raza exige insumos m\u00e9dicos para laborar. Foto: Germ\u00e1n Canseco<\/em><\/p>\n<p>Rodrigo Vera \/ Proceso<\/p>\n<blockquote><p>Personal m\u00e9dico del Hospital La Raza realiz\u00f3 esta tarde una protesta para exigir insumos m\u00e9dicos que les permitan atender a sus pacientes con coronavirus, aparte de que, se\u00f1alan, 45 de sus compa\u00f1eros ya han contra\u00eddo el virus.<\/p><\/blockquote>\n<p>Vestidos con sus uniformes y con tapabocas, los m\u00e9dicos y dem\u00e1s trabajadores del hospital cerraron la Calzada Vallejo y bloquearon el paso de la l\u00ednea 3 del Metrob\u00fas como acto de protesta.<\/p>\n<p>Pidieron \u201cprotocolos eficientes para el manejo de pacientes con covid-19\u201d y tambi\u00e9n exigieron una reuni\u00f3n con los directivos del hospital para tratar esta falta de insumos m\u00e9dicos.<\/p>\n<p><img loading=\"lazy\" decoding=\"async\" data-attachment-id=\"48336\" data-permalink=\"https:\/\/www.grieta.org.mx\/index.php\/2020\/04\/27\/bloquean-calzada-vallejo-por-falta-de-insumos-en-el-hospital-la-raza-ciudad-de-mexico\/r1\/\" data-orig-file=\"https:\/\/www.grieta.org.mx\/wp-content\/uploads\/2020\/04\/r1.jpg\" data-orig-size=\"1024,683\" data-comments-opened=\"0\" data-image-meta=\"{&quot;aperture&quot;:&quot;0&quot;,&quot;credit&quot;:&quot;&quot;,&quot;camera&quot;:&quot;&quot;,&quot;caption&quot;:&quot;&quot;,&quot;created_timestamp&quot;:&quot;0&quot;,&quot;copyright&quot;:&quot;&quot;,&quot;focal_length&quot;:&quot;0&quot;,&quot;iso&quot;:&quot;0&quot;,&quot;shutter_speed&quot;:&quot;0&quot;,&quot;title&quot;:&quot;&quot;,&quot;orientation&quot;:&quot;0&quot;}\" data-image-title=\"r1\" data-image-description=\"\" data-image-caption=\"\" data-medium-file=\"https:\/\/www.grieta.org.mx\/wp-content\/uploads\/2020\/04\/r1-300x200.jpg\" data-large-file=\"https:\/\/www.grieta.org.mx\/wp-content\/uploads\/2020\/04\/r1-1024x683.jpg\" class=\"aligncenter  wp-image-48336\" src=\"http:\/\/www.grieta.org.mx\/wp-content\/uploads\/2020\/04\/r1.jpg\" alt=\"\" width=\"645\" height=\"430\" srcset=\"https:\/\/www.grieta.org.mx\/wp-content\/uploads\/2020\/04\/r1.jpg 1024w, https:\/\/www.grieta.org.mx\/wp-content\/uploads\/2020\/04\/r1-300x200.jpg 300w, https:\/\/www.grieta.org.mx\/wp-content\/uploads\/2020\/04\/r1-768x512.jpg 768w, https:\/\/www.grieta.org.mx\/wp-content\/uploads\/2020\/04\/r1-750x500.jpg 750w\" sizes=\"auto, (max-width: 645px) 100vw, 645px\" \/><br \/>\n<em>45 contagios en La Raza. Foto: Eduardo Miranda<\/em><\/p>\n<p><img loading=\"lazy\" decoding=\"async\" data-attachment-id=\"48337\" data-permalink=\"https:\/\/www.grieta.org.mx\/index.php\/2020\/04\/27\/bloquean-calzada-vallejo-por-falta-de-insumos-en-el-hospital-la-raza-ciudad-de-mexico\/r2\/\" data-orig-file=\"https:\/\/www.grieta.org.mx\/wp-content\/uploads\/2020\/04\/r2.jpg\" data-orig-size=\"1024,683\" data-comments-opened=\"0\" data-image-meta=\"{&quot;aperture&quot;:&quot;0&quot;,&quot;credit&quot;:&quot;&quot;,&quot;camera&quot;:&quot;&quot;,&quot;caption&quot;:&quot;&quot;,&quot;created_timestamp&quot;:&quot;0&quot;,&quot;copyright&quot;:&quot;&quot;,&quot;focal_length&quot;:&quot;0&quot;,&quot;iso&quot;:&quot;0&quot;,&quot;shutter_speed&quot;:&quot;0&quot;,&quot;title&quot;:&quot;&quot;,&quot;orientation&quot;:&quot;0&quot;}\" data-image-title=\"r2\" data-image-description=\"\" data-image-caption=\"\" data-medium-file=\"https:\/\/www.grieta.org.mx\/wp-content\/uploads\/2020\/04\/r2-300x200.jpg\" data-large-file=\"https:\/\/www.grieta.org.mx\/wp-content\/uploads\/2020\/04\/r2-1024x683.jpg\" class=\"aligncenter  wp-image-48337\" src=\"http:\/\/www.grieta.org.mx\/wp-content\/uploads\/2020\/04\/r2.jpg\" alt=\"\" width=\"648\" height=\"432\" srcset=\"https:\/\/www.grieta.org.mx\/wp-content\/uploads\/2020\/04\/r2.jpg 1024w, https:\/\/www.grieta.org.mx\/wp-content\/uploads\/2020\/04\/r2-300x200.jpg 300w, https:\/\/www.grieta.org.mx\/wp-content\/uploads\/2020\/04\/r2-768x512.jpg 768w, https:\/\/www.grieta.org.mx\/wp-content\/uploads\/2020\/04\/r2-750x500.jpg 750w\" sizes=\"auto, (max-width: 648px) 100vw, 648px\" \/><br \/>\n<em>Protesta en Calzada Vallejo. Foto: Eduardo Miranda<\/em><\/p>\n<p>En otro punto de la ciudad, en la colonia Del Valle, m\u00e9dicos residentes del Hospital Regional Zona 1, realizaron un paro de labores debido a que sus denuncias, presentadas el pasado 6 de abril, a\u00fan no han sido atendidas.<\/p>\n<p>Entre estas denuncias destaca que el equipo de protecci\u00f3n personal que se les ha entregado para atender a los pacientes con coronavirus \u201ces insuficiente, incompleto e inadecuado\u201d.<\/p>\n<p>Estas dos protestas en la ciudad de M\u00e9xico se suman a otras que, en distintos puntos del pa\u00eds, est\u00e1 realizando el personal m\u00e9dico por falta de insumos m\u00e9dicos.<\/p>\n<p><a href=\"https:\/\/www.proceso.com.mx\/627593\/bloquean-calzada-vallejo-por-falta-de-insumos-en-el-hospital-la-raza\" target=\"_blank\" rel=\"noopener noreferrer\">https:\/\/www.proceso.com.mx\/627593\/bloquean-calzada-vallejo-por-falta-de-insumos-en-el-hospital-la-raza<\/a><\/p>\n","protected":false},"excerpt":{"rendered":"<p>Personal de La Raza exige insumos m\u00e9dicos para laborar. Foto: Germ\u00e1n Canseco Rodrigo Vera \/ Proceso Personal m\u00e9dico del Hospital La Raza realiz\u00f3 esta tarde una protesta para exigir insumos &hellip; <a href=\"https:\/\/www.grieta.org.mx\/index.php\/2020\/04\/27\/bloquean-calzada-vallejo-por-falta-de-insumos-en-el-hospital-la-raza-ciudad-de-mexico\/\" class=\"more-link\">Leer m\u00e1s<\/a><\/p>\n","protected":false},"author":2,"featured_media":48334,"comment_status":"closed","ping_status":"closed","sticky":false,"template":"","format":"standard","meta":{"ngg_post_thumbnail":0,"_jetpack_newsletter_access":"","_jetpack_dont_email_post_to_subs":false,"_jetpack_newsletter_tier_id":0,"_jetpack_memberships_contains_paywalled_content":false,"_jetpack_memberships_contains_paid_content":false,"footnotes":""},"categories":[80,14,3295,918,3033,1225,910,2,2119,83],"tags":[3241,3133,2841,3284,3247],"class_list":["post-48333","post","type-post","status-publish","format-standard","has-post-thumbnail","hentry","category-cintillo","category-ciudad-de-mexico","category-covid-19-en-ciudad-de-mexico","category-privatizacion-del-sector-salud","category-crisis-en-el-sector-salud-en-la-ciudad-de-mexico","category-explotacion-laboral-en-la-ciudad-de-mexico","category-explotacion-y-precariedad-laboral","category-noticias-nacionales","category-precarizacion-de-las-condiciones-laborales-en-la-ciudad-de-mexico","category-temas-nacionales","tag-covid-19","tag-crisis-del-sector-salud","tag-explotacion-y-precariedad-laboral","tag-falta-de-insumos-en-hospitales","tag-falta-de-insumos-medicos","entry"],"jetpack_featured_media_url":"https:\/\/www.grieta.org.mx\/wp-content\/uploads\/2020\/04\/Bloquean-Calzada-Vallejo-por-falta-de-insumos-en-el-Hospital-La-Raza-cdmx-abr.jpg","jetpack_sharing_enabled":true,"jetpack_shortlink":"https:\/\/wp.me\/p7ZJR4-czz","jetpack_likes_enabled":false,"jetpack-related-posts":[{"id":48327,"url":"https:\/\/www.grieta.org.mx\/index.php\/2020\/04\/27\/personal-medico-bloquea-ermita-iztapalapa-por-falta-de-insumos-ciudad-de-mexico\/","url_meta":{"origin":48333,"position":0},"title":"Personal m\u00e9dico bloquea Ermita Iztapalapa por falta de insumos (Ciudad de M\u00e9xico)","author":"grieta","date":"27 abril, 2020","format":false,"excerpt":"Foto: @GRAWPEREZ Diario de M\u00e9xico Ciudad de M\u00e9xico. -M\u00e9dicos, enfermeras y personal de salud que trabaja en el Hospital Pedi\u00e1trico de Iztapalapa, mantienen bloqueada la circulaci\u00f3n en la Avenida Ermita Iztapalapa, entre Eje 3 Oriente y La Viga. El personal m\u00e9dico asegura que no tienen los materiales necesarios, como cubrebocas\u2026","rel":"","context":"En &quot;CINTILLO&quot;","block_context":{"text":"CINTILLO","link":"https:\/\/www.grieta.org.mx\/index.php\/category\/cintillo\/"},"img":{"alt_text":"","src":"https:\/\/i0.wp.com\/www.grieta.org.mx\/wp-content\/uploads\/2020\/04\/Personal-m%C3%A9dico-bloquea-Ermita-Iztapalapa-por-falta-de-insumos-cdmx-abr.jpg?resize=350%2C200&ssl=1","width":350,"height":200,"srcset":"https:\/\/i0.wp.com\/www.grieta.org.mx\/wp-content\/uploads\/2020\/04\/Personal-m%C3%A9dico-bloquea-Ermita-Iztapalapa-por-falta-de-insumos-cdmx-abr.jpg?resize=350%2C200&ssl=1 1x, https:\/\/i0.wp.com\/www.grieta.org.mx\/wp-content\/uploads\/2020\/04\/Personal-m%C3%A9dico-bloquea-Ermita-Iztapalapa-por-falta-de-insumos-cdmx-abr.jpg?resize=525%2C300&ssl=1 1.5x, https:\/\/i0.wp.com\/www.grieta.org.mx\/wp-content\/uploads\/2020\/04\/Personal-m%C3%A9dico-bloquea-Ermita-Iztapalapa-por-falta-de-insumos-cdmx-abr.jpg?resize=700%2C400&ssl=1 2x, https:\/\/i0.wp.com\/www.grieta.org.mx\/wp-content\/uploads\/2020\/04\/Personal-m%C3%A9dico-bloquea-Ermita-Iztapalapa-por-falta-de-insumos-cdmx-abr.jpg?resize=1050%2C600&ssl=1 3x"},"classes":[]},{"id":49133,"url":"https:\/\/www.grieta.org.mx\/index.php\/2020\/05\/13\/personal-del-hospital-la-raza-rechaza-levantar-bloqueo-en-circuito-interior-ciudad-de-mexico\/","url_meta":{"origin":48333,"position":1},"title":"Personal del hospital La Raza rechaza levantar bloqueo en Circuito Interior (Ciudad de M\u00e9xico)","author":"grieta","date":"13 mayo, 2020","format":false,"excerpt":"Imagen tomada de: www.eluniversal.com.mx Diana Lastiri \/ El Universal Los manifestantes reprocharon que, luego de tres horas de bloqueo, la \u00fanica autoridad que se acerc\u00f3 a ellos fue el director del hospital; denunciaron que los insumos entregados por el IMSS son de mala calidad El director del Hospital General \u201cLa\u2026","rel":"","context":"En &quot;CINTILLO&quot;","block_context":{"text":"CINTILLO","link":"https:\/\/www.grieta.org.mx\/index.php\/category\/cintillo\/"},"img":{"alt_text":"","src":"https:\/\/i0.wp.com\/www.grieta.org.mx\/wp-content\/uploads\/2020\/05\/Personal-del-hospital-La-Raza-rechaza-levantar-cdmx-may.jpg?resize=350%2C200","width":350,"height":200},"classes":[]},{"id":46659,"url":"https:\/\/www.grieta.org.mx\/index.php\/2020\/03\/23\/personal-del-imss-protesta-por-falta-de-insumos-y-protocolos-ante-covid-19-ciudad-de-mexico\/","url_meta":{"origin":48333,"position":2},"title":"Personal del IMSS protesta por falta de insumos y protocolos ante Covid-19 (Ciudad de M\u00e9xico)","author":"grieta","date":"23 marzo, 2020","format":false,"excerpt":"Foto: Jorge Gonz\u00e1lez Jorge Gonz\u00e1lez \/ Excelsior Enfermeras, camilleros y doctores de la Cl\u00ednica 32, piden capacitaci\u00f3n y medidas para la recepci\u00f3n de pacientes CIUDAD DE M\u00c9XICO. La ma\u00f1ana de este lunes, trabajadores del Instituto Mexicano del Seguro Social (IMSS) salieron a las calles a levantar la voz por la\u2026","rel":"","context":"En &quot;CINTILLO&quot;","block_context":{"text":"CINTILLO","link":"https:\/\/www.grieta.org.mx\/index.php\/category\/cintillo\/"},"img":{"alt_text":"","src":"https:\/\/i0.wp.com\/www.grieta.org.mx\/wp-content\/uploads\/2020\/03\/Personal-del-IMSS-protesta-por-falta-de-insumos-y-protocolos-ante-Covid-19-cdmx-mzo.jpg?resize=350%2C200&ssl=1","width":350,"height":200,"srcset":"https:\/\/i0.wp.com\/www.grieta.org.mx\/wp-content\/uploads\/2020\/03\/Personal-del-IMSS-protesta-por-falta-de-insumos-y-protocolos-ante-Covid-19-cdmx-mzo.jpg?resize=350%2C200&ssl=1 1x, https:\/\/i0.wp.com\/www.grieta.org.mx\/wp-content\/uploads\/2020\/03\/Personal-del-IMSS-protesta-por-falta-de-insumos-y-protocolos-ante-Covid-19-cdmx-mzo.jpg?resize=525%2C300&ssl=1 1.5x, https:\/\/i0.wp.com\/www.grieta.org.mx\/wp-content\/uploads\/2020\/03\/Personal-del-IMSS-protesta-por-falta-de-insumos-y-protocolos-ante-Covid-19-cdmx-mzo.jpg?resize=700%2C400&ssl=1 2x, https:\/\/i0.wp.com\/www.grieta.org.mx\/wp-content\/uploads\/2020\/03\/Personal-del-IMSS-protesta-por-falta-de-insumos-y-protocolos-ante-Covid-19-cdmx-mzo.jpg?resize=1050%2C600&ssl=1 3x"},"classes":[]},{"id":47810,"url":"https:\/\/www.grieta.org.mx\/index.php\/2020\/04\/13\/personal-medico-del-imss-exige-insumos-para-atender-coronavirus-ciudad-de-mexico\/","url_meta":{"origin":48333,"position":3},"title":"Personal m\u00e9dico del IMSS exige insumos para atender coronavirus (Ciudad de M\u00e9xico)","author":"grieta","date":"13 abril, 2020","format":false,"excerpt":"Imagen tomada de: www.eluniversal.com.mx Carla Mart\u00ednez \/ El Universal Personal que labora en el Hospital General de Zona Venados del IMSS bloque\u00f3 la avenida Municipio Libre para exigir insumos m\u00e9dicos para atender a pacientes con Covid-19 Por falta de insumos m\u00e9dicos para atender a pacientes con Covid-19, personal de salud\u2026","rel":"","context":"En &quot;CINTILLO&quot;","block_context":{"text":"CINTILLO","link":"https:\/\/www.grieta.org.mx\/index.php\/category\/cintillo\/"},"img":{"alt_text":"","src":"https:\/\/i0.wp.com\/www.grieta.org.mx\/wp-content\/uploads\/2020\/04\/Personal-m%C3%A9dico-del-IMSS-exige-insumos-para-atender-coronavirus-cdmx-abr.jpg?resize=350%2C200","width":350,"height":200},"classes":[]},{"id":47564,"url":"https:\/\/www.grieta.org.mx\/index.php\/2020\/03\/30\/protestan-medicos-de-hospitales-de-naucalpan-atizapan-y-coacalco-por-falta-de-insumos-estado-de-mexico\/","url_meta":{"origin":48333,"position":4},"title":"Protestan m\u00e9dicos de hospitales de Naucalpan, Atizap\u00e1n y Coacalco por falta de insumos (Estado de M\u00e9xico)","author":"grieta","date":"30 marzo, 2020","format":false,"excerpt":"Foto: Patricia Venegas \/ El Sol de Toluca Patricia Venegas \/ El Sol de Toluca Temen personal del sector salud infectarse por el COVID-19 M\u00e9dicos y enfermeras de los Hospitales Generales Salvador Gonz\u00e1lez Herrejon de Atizap\u00e1n, Maximiliano Ruiz Casta\u00f1eda de Naucalpan y del Centro de Salud de Coacalco realizaron protestas\u2026","rel":"","context":"En &quot;CINTILLO&quot;","block_context":{"text":"CINTILLO","link":"https:\/\/www.grieta.org.mx\/index.php\/category\/cintillo\/"},"img":{"alt_text":"","src":"https:\/\/i0.wp.com\/www.grieta.org.mx\/wp-content\/uploads\/2020\/04\/Protestan-m%C3%A9dicos-de-hospitales-de-Naucalpan-Atizap%C3%A1n-y-Coacalco-por-falta-de-insumos-edomex-abr.jpg?resize=350%2C200&ssl=1","width":350,"height":200,"srcset":"https:\/\/i0.wp.com\/www.grieta.org.mx\/wp-content\/uploads\/2020\/04\/Protestan-m%C3%A9dicos-de-hospitales-de-Naucalpan-Atizap%C3%A1n-y-Coacalco-por-falta-de-insumos-edomex-abr.jpg?resize=350%2C200&ssl=1 1x, https:\/\/i0.wp.com\/www.grieta.org.mx\/wp-content\/uploads\/2020\/04\/Protestan-m%C3%A9dicos-de-hospitales-de-Naucalpan-Atizap%C3%A1n-y-Coacalco-por-falta-de-insumos-edomex-abr.jpg?resize=525%2C300&ssl=1 1.5x, https:\/\/i0.wp.com\/www.grieta.org.mx\/wp-content\/uploads\/2020\/04\/Protestan-m%C3%A9dicos-de-hospitales-de-Naucalpan-Atizap%C3%A1n-y-Coacalco-por-falta-de-insumos-edomex-abr.jpg?resize=700%2C400&ssl=1 2x"},"classes":[]},{"id":47807,"url":"https:\/\/www.grieta.org.mx\/index.php\/2020\/04\/13\/personal-medico-del-issste-y-hospital-balbuena-protestan-por-falta-de-insumos-ciudad-de-mexico\/","url_meta":{"origin":48333,"position":5},"title":"Personal m\u00e9dico del ISSSTE y Hospital Balbuena protestan por falta de insumos (Ciudad de M\u00e9xico)","author":"grieta","date":"13 abril, 2020","format":false,"excerpt":"Foto: Cuartoscuro Animal Pol\u00edtico Personal m\u00e9dico del hospital 1 de octubre y de Balbuena piden equipo para atender los casos de COVID-19 que llegan a sus instalaciones. M\u00e9dicos y enfermeras de dos hospitales protestaron este lunes por la falta de insumos y de protocolos de seguridad para atender a pacientes\u2026","rel":"","context":"En &quot;CINTILLO&quot;","block_context":{"text":"CINTILLO","link":"https:\/\/www.grieta.org.mx\/index.php\/category\/cintillo\/"},"img":{"alt_text":"","src":"https:\/\/i0.wp.com\/www.grieta.org.mx\/wp-content\/uploads\/2020\/04\/Personal-m%C3%A9dico-del-ISSSTE-y-Hospital-Balbuena-protestan-por-falta-de-insumos-cdmx-abr.jpeg?resize=350%2C200&ssl=1","width":350,"height":200,"srcset":"https:\/\/i0.wp.com\/www.grieta.org.mx\/wp-content\/uploads\/2020\/04\/Personal-m%C3%A9dico-del-ISSSTE-y-Hospital-Balbuena-protestan-por-falta-de-insumos-cdmx-abr.jpeg?resize=350%2C200&ssl=1 1x, https:\/\/i0.wp.com\/www.grieta.org.mx\/wp-content\/uploads\/2020\/04\/Personal-m%C3%A9dico-del-ISSSTE-y-Hospital-Balbuena-protestan-por-falta-de-insumos-cdmx-abr.jpeg?resize=525%2C300&ssl=1 1.5x, https:\/\/i0.wp.com\/www.grieta.org.mx\/wp-content\/uploads\/2020\/04\/Personal-m%C3%A9dico-del-ISSSTE-y-Hospital-Balbuena-protestan-por-falta-de-insumos-cdmx-abr.jpeg?resize=700%2C400&ssl=1 2x, https:\/\/i0.wp.com\/www.grieta.org.mx\/wp-content\/uploads\/2020\/04\/Personal-m%C3%A9dico-del-ISSSTE-y-Hospital-Balbuena-protestan-por-falta-de-insumos-cdmx-abr.jpeg?resize=1050%2C600&ssl=1 3x, https:\/\/i0.wp.com\/www.grieta.org.mx\/wp-content\/uploads\/2020\/04\/Personal-m%C3%A9dico-del-ISSSTE-y-Hospital-Balbuena-protestan-por-falta-de-insumos-cdmx-abr.jpeg?resize=1400%2C800&ssl=1 4x"},"classes":[]}],"_links":{"self":[{"href":"https:\/\/www.grieta.org.mx\/index.php\/wp-json\/wp\/v2\/posts\/48333","targetHints":{"allow":["GET"]}}],"collection":[{"href":"https:\/\/www.grieta.org.mx\/index.php\/wp-json\/wp\/v2\/posts"}],"about":[{"href":"https:\/\/www.grieta.org.mx\/index.php\/wp-json\/wp\/v2\/types\/post"}],"author":[{"embeddable":true,"href":"https:\/\/www.grieta.org.mx\/index.php\/wp-json\/wp\/v2\/users\/2"}],"replies":[{"embeddable":true,"href":"https:\/\/www.grieta.org.mx\/index.php\/wp-json\/wp\/v2\/comments?post=48333"}],"version-history":[{"count":1,"href":"https:\/\/www.grieta.org.mx\/index.php\/wp-json\/wp\/v2\/posts\/48333\/revisions"}],"predecessor-version":[{"id":48338,"href":"https:\/\/www.grieta.org.mx\/index.php\/wp-json\/wp\/v2\/posts\/48333\/revisions\/48338"}],"wp:featuredmedia":[{"embeddable":true,"href":"https:\/\/www.grieta.org.mx\/index.php\/wp-json\/wp\/v2\/media\/48334"}],"wp:attachment":[{"href":"https:\/\/www.grieta.org.mx\/index.php\/wp-json\/wp\/v2\/media?parent=48333"}],"wp:term":[{"taxonomy":"category","embeddable":true,"href":"https:\/\/www.grieta.org.mx\/index.php\/wp-json\/wp\/v2\/categories?post=48333"},{"taxonomy":"post_tag","embeddable":true,"href":"https:\/\/www.grieta.org.mx\/index.php\/wp-json\/wp\/v2\/tags?post=48333"}],"curies":[{"name":"wp","href":"https:\/\/api.w.org\/{rel}","templated":true}]}}