{"id":48279,"date":"2020-04-24T13:55:20","date_gmt":"2020-04-24T18:55:20","guid":{"rendered":"http:\/\/www.grieta.org.mx\/?p=48279"},"modified":"2020-04-26T13:56:33","modified_gmt":"2020-04-26T18:56:33","slug":"las-mujeres-y-ninas-de-chihuahua-no-mueren-de-coronavirus-las-matan-en-sus-casas-denuncian-feministas","status":"publish","type":"post","link":"https:\/\/www.grieta.org.mx\/index.php\/2020\/04\/24\/las-mujeres-y-ninas-de-chihuahua-no-mueren-de-coronavirus-las-matan-en-sus-casas-denuncian-feministas\/","title":{"rendered":"&#8220;Las mujeres y ni\u00f1as de Chihuahua no mueren de coronavirus, las matan en sus casas&#8221;, denuncian feministas"},"content":{"rendered":"<p><strong><em>Adriana Esquivel \/ Ra\u00edchali<\/em><\/strong><\/p>\n<p><img loading=\"lazy\" decoding=\"async\" data-attachment-id=\"48280\" data-permalink=\"https:\/\/www.grieta.org.mx\/index.php\/2020\/04\/24\/las-mujeres-y-ninas-de-chihuahua-no-mueren-de-coronavirus-las-matan-en-sus-casas-denuncian-feministas\/92990238_155265562654234_8906198125203423232_n\/\" data-orig-file=\"https:\/\/www.grieta.org.mx\/wp-content\/uploads\/2020\/04\/92990238_155265562654234_8906198125203423232_n.jpg\" data-orig-size=\"722,960\" data-comments-opened=\"0\" data-image-meta=\"{&quot;aperture&quot;:&quot;0&quot;,&quot;credit&quot;:&quot;&quot;,&quot;camera&quot;:&quot;&quot;,&quot;caption&quot;:&quot;&quot;,&quot;created_timestamp&quot;:&quot;0&quot;,&quot;copyright&quot;:&quot;&quot;,&quot;focal_length&quot;:&quot;0&quot;,&quot;iso&quot;:&quot;0&quot;,&quot;shutter_speed&quot;:&quot;0&quot;,&quot;title&quot;:&quot;&quot;,&quot;orientation&quot;:&quot;0&quot;}\" data-image-title=\"92990238_155265562654234_8906198125203423232_n\" data-image-description=\"\" data-image-caption=\"\" data-medium-file=\"https:\/\/www.grieta.org.mx\/wp-content\/uploads\/2020\/04\/92990238_155265562654234_8906198125203423232_n-226x300.jpg\" data-large-file=\"https:\/\/www.grieta.org.mx\/wp-content\/uploads\/2020\/04\/92990238_155265562654234_8906198125203423232_n.jpg\" class=\"aligncenter size-full wp-image-48280\" src=\"http:\/\/www.grieta.org.mx\/wp-content\/uploads\/2020\/04\/92990238_155265562654234_8906198125203423232_n.jpg\" alt=\"\" width=\"722\" height=\"960\" srcset=\"https:\/\/www.grieta.org.mx\/wp-content\/uploads\/2020\/04\/92990238_155265562654234_8906198125203423232_n.jpg 722w, https:\/\/www.grieta.org.mx\/wp-content\/uploads\/2020\/04\/92990238_155265562654234_8906198125203423232_n-226x300.jpg 226w, https:\/\/www.grieta.org.mx\/wp-content\/uploads\/2020\/04\/92990238_155265562654234_8906198125203423232_n-376x500.jpg 376w\" sizes=\"auto, (max-width: 722px) 100vw, 722px\" \/><\/p>\n<p>Foto: Ra\u00edchali<\/p>\n<p><strong>Chihuahua.-<\/strong> Integrantes de la agrupaci\u00f3n Aquelarre Violeta protestaron en redes sociales por la muerte de una ni\u00f1a de seis a\u00f1os, quien, supuestamente, falleci\u00f3 por coronavirus en la colonia Real Carolinas en la capital.<\/p>\n<p>De manera oficial se dio a conocer que la ni\u00f1a fue localizada sin vida en su vivienda el s\u00e1bado 11 de abril. Agentes de la Fiscal\u00eda local acudieron a la vivienda y la encontraron recostada en su cama cubierta con una cobija.<\/p>\n<p>Al entrevistarse con los familiares, mencionaron a los agentes que desde hace un par de semanas la v\u00edctima presentaba dolores de cabeza y calentura. Sin embargo, en la necropsia se detectaron signos de abuso sexual.<\/p>\n<p>Ante ello, las activistas lanzaron una campa\u00f1a de protesta para denunciar que, en el estado \u201clas mujeres y ni\u00f1as de Chihuahua NO mueren de coronavirus. Las matan y violan dentro y fuera de sus casas\u201d.<\/p>\n<div>\n<p><strong>\u201cEl d\u00eda de hoy, lleg\u00f3 a nosotras la terrible noticia sobre el asesinato de UNA NI\u00d1A DE 6 A\u00d1OS. A qui\u00e9n adem\u00e1s de arrebatarle la vida, se le encontr\u00f3 tambi\u00e9n con rastros de abuso sexual. Una ni\u00f1a que deber\u00eda estar SEGURA en su casa. Conviviendo con su familia. Quienes se supone, deber\u00edan cuidar de ella.<br \/>\nY no solo eso, justo la semana pasada se reportaron varios casos de violencia dom\u00e9stica en la ciudad. Y un secuestro a una ni\u00f1a de 12 a\u00f1os.<\/strong><\/p>\n<p><strong>En Aquelarre Violeta decidimos organizar esta acci\u00f3n desde nuestras casas, para decir: YA BASTA. ESTAMOS HARTAS. NI UNA M\u00c1S\u201d, <\/strong>denunciaron en su p\u00e1gina oficial de Facebook.<\/p>\n<\/div>\n<p>La publicaci\u00f3n fue acompa\u00f1ada con varias im\u00e1genes con las leyendas \u201c<em>las ni\u00f1as no se tocan, no se violan, no se matan<\/em>\u201d, \u201c<em>Chihuahua, estado feminicida<\/em>\u201d y \u201c<em>por todas las ni\u00f1as y mujeres que perdieron su lugar seguro y tiene que estar encerradas con su agresor<\/em>\u201d.<\/p>\n<p>En un comunicado de prensa, la Fiscal\u00eda de la Mujer dio a conocer que ya se ejecutaron las \u00f3rdenes de aprehensi\u00f3n contra los abuelos paternos de la ni\u00f1a, a quienes se les formular\u00e1 imputaci\u00f3n por el delito de homicidio agravado por raz\u00f3n de g\u00e9nero.<\/p>\n<p>De acuerdo con el bolet\u00edn, la Unidad de Investigaci\u00f3n de Feminicidios, inici\u00f3 con las indagatorias a partir del reporte que se hizo al n\u00famero de emergencias donde se indic\u00f3 que la ni\u00f1a presentaba dificultades para respirar y ten\u00eda el pulso d\u00e9bil<\/p>\n<p>Los padres informaron al Ministerio P\u00fablico que la ni\u00f1a se encontraba desde d\u00edas atr\u00e1s bajo el cuidado de sus abuelos con el fin de protegerla de un posible riesgo de contagio debido a la epidemia de COVID-19.<\/p>\n<p>Derivado de los antecedentes m\u00e9dicos que se se\u00f1alaron al momento del reporte, el laboratorio forense solicit\u00f3 el procesamiento de una muestra y hasta el momento se contin\u00faa a la espera de los resultados para confirmar o descartar un posible contagio de coronavirus.<\/p>\n<p>Con independencia de estos resultados, el informe m\u00e9dico, estableci\u00f3 que la ni\u00f1a falleci\u00f3 a causa de asfixia mec\u00e1nica por estrangulamiento y adem\u00e1s presentaba huellas de agresi\u00f3n sexual.<\/p>\n<p>Tras establecerse el resultado de la muerte, el Ministerio P\u00fablico consigui\u00f3 recabar suficientes elementos de prueba para llevar ante la justicia a los presuntos agresores quienes ser\u00e1n presentados ante un Tribunal de Control para formularles cargos por los delitos de homicidio agravado por raz\u00f3n de g\u00e9nero y violaci\u00f3n.<\/p>\n<p>En ese sentido, la Fiscal\u00eda Especializada de la Mujer, hace un llamado a la ciudadan\u00eda para denunciar cualquier hecho de violencia infantil ante la autoridad con el fin de evitar la m\u00e1xima expresi\u00f3n de la violencia.<\/p>\n<p>Los reportes se pueden hacer de forma totalmente an\u00f3nima a trav\u00e9s del n\u00famero de emergencias 911, o al 089 de Denuncia An\u00f3nima, toda la informaci\u00f3n que se proporcione ser\u00e1 manejada de forma confidencial.<\/p>\n<p><a href=\"https:\/\/raichali.com\/2020\/04\/13\/las-mujeres-y-ninas-de-chihuahua-no-mueren-de-coronavirus-las-matan-en-sus-casas-denuncian-feministas\/\">https:\/\/raichali.com\/2020\/04\/13\/las-mujeres-y-ninas-de-chihuahua-no-mueren-de-coronavirus-las-matan-en-sus-casas-denuncian-feministas\/<\/a><\/p>\n","protected":false},"excerpt":{"rendered":"<p>Adriana Esquivel \/ Ra\u00edchali Foto: Ra\u00edchali Chihuahua.- Integrantes de la agrupaci\u00f3n Aquelarre Violeta protestaron en redes sociales por la muerte de una ni\u00f1a de seis a\u00f1os, quien, supuestamente, falleci\u00f3 por &hellip; <a href=\"https:\/\/www.grieta.org.mx\/index.php\/2020\/04\/24\/las-mujeres-y-ninas-de-chihuahua-no-mueren-de-coronavirus-las-matan-en-sus-casas-denuncian-feministas\/\" class=\"more-link\">Leer m\u00e1s<\/a><\/p>\n","protected":false},"author":2,"featured_media":48280,"comment_status":"closed","ping_status":"closed","sticky":false,"template":"","format":"standard","meta":{"ngg_post_thumbnail":0,"_jetpack_newsletter_access":"","_jetpack_dont_email_post_to_subs":false,"_jetpack_newsletter_tier_id":0,"_jetpack_memberships_contains_paywalled_content":false,"_jetpack_memberships_contains_paid_content":false,"footnotes":""},"categories":[12,80,3244,84,1918,83],"tags":[753],"class_list":["post-48279","post","type-post","status-publish","format-standard","has-post-thumbnail","hentry","category-chihuahua","category-cintillo","category-covid-19-en-chihuahua","category-feminicidios","category-feminicidios-en-chihuahua","category-temas-nacionales","tag-feminicidio","entry"],"jetpack_featured_media_url":"https:\/\/www.grieta.org.mx\/wp-content\/uploads\/2020\/04\/92990238_155265562654234_8906198125203423232_n.jpg","jetpack_sharing_enabled":true,"jetpack_shortlink":"https:\/\/wp.me\/p7ZJR4-cyH","jetpack_likes_enabled":false,"jetpack-related-posts":[{"id":33310,"url":"https:\/\/www.grieta.org.mx\/index.php\/2019\/05\/11\/cuantas-muertas-mas-urgen-en-chihuahua-activar-alerta-de-genero\/","url_meta":{"origin":48279,"position":0},"title":"\u00bfCu\u00e1ntas muertas m\u00e1s?, urgen en Chihuahua activar alerta de g\u00e9nero","author":"grieta","date":"11 mayo, 2019","format":false,"excerpt":"Una activista asesinada junto a su hijo en Coloradas de la Virgen, una mujer quemada por su expareja afuera del puesto de burritos en donde trabajaba y una joven de 19 a\u00f1os estrangulada al sur de la capital, son los tres feminicidios que esta semana consternaron a Chihuahua Por Ra\u00edchali\u2026","rel":"","context":"En &quot;Chihuahua&quot;","block_context":{"text":"Chihuahua","link":"https:\/\/www.grieta.org.mx\/index.php\/category\/noticias-nacionales\/chihuahua\/"},"img":{"alt_text":"","src":"https:\/\/i0.wp.com\/www.grieta.org.mx\/wp-content\/uploads\/2019\/05\/Chihuahua-alerta-de.jpeg?resize=350%2C200&ssl=1","width":350,"height":200,"srcset":"https:\/\/i0.wp.com\/www.grieta.org.mx\/wp-content\/uploads\/2019\/05\/Chihuahua-alerta-de.jpeg?resize=350%2C200&ssl=1 1x, https:\/\/i0.wp.com\/www.grieta.org.mx\/wp-content\/uploads\/2019\/05\/Chihuahua-alerta-de.jpeg?resize=525%2C300&ssl=1 1.5x, https:\/\/i0.wp.com\/www.grieta.org.mx\/wp-content\/uploads\/2019\/05\/Chihuahua-alerta-de.jpeg?resize=700%2C400&ssl=1 2x, https:\/\/i0.wp.com\/www.grieta.org.mx\/wp-content\/uploads\/2019\/05\/Chihuahua-alerta-de.jpeg?resize=1050%2C600&ssl=1 3x"},"classes":[]},{"id":35014,"url":"https:\/\/www.grieta.org.mx\/index.php\/2019\/06\/14\/baborigame-se-levanta-para-recuperar-la-paz-de-su-comunidad-chihuahua\/","url_meta":{"origin":48279,"position":1},"title":"Baborigame se levanta para recuperar la paz de su comunidad (Chihuahua)","author":"grieta","date":"14 junio, 2019","format":false,"excerpt":"Ra\u00edchali\/ LA VERDAD Chihuahua \u2013 Vestidos de blanco, ni\u00f1as, ni\u00f1os, j\u00f3venes, adultos, amas de casa, maestros y religiosos que viven en Baborigame, marcharon para pedir que regrese la paz a su comunidad, ubicado en el municipio de Guadalupe y Calvo. Desde hace tres a\u00f1os, los habitantes de este poblado ubicado\u2026","rel":"","context":"En &quot;Chihuahua&quot;","block_context":{"text":"Chihuahua","link":"https:\/\/www.grieta.org.mx\/index.php\/category\/noticias-nacionales\/chihuahua\/"},"img":{"alt_text":"","src":"https:\/\/i0.wp.com\/www.grieta.org.mx\/wp-content\/uploads\/2019\/06\/Foto-Baborigame-1.jpeg?resize=350%2C200&ssl=1","width":350,"height":200,"srcset":"https:\/\/i0.wp.com\/www.grieta.org.mx\/wp-content\/uploads\/2019\/06\/Foto-Baborigame-1.jpeg?resize=350%2C200&ssl=1 1x, https:\/\/i0.wp.com\/www.grieta.org.mx\/wp-content\/uploads\/2019\/06\/Foto-Baborigame-1.jpeg?resize=525%2C300&ssl=1 1.5x, https:\/\/i0.wp.com\/www.grieta.org.mx\/wp-content\/uploads\/2019\/06\/Foto-Baborigame-1.jpeg?resize=700%2C400&ssl=1 2x, https:\/\/i0.wp.com\/www.grieta.org.mx\/wp-content\/uploads\/2019\/06\/Foto-Baborigame-1.jpeg?resize=1050%2C600&ssl=1 3x"},"classes":[]},{"id":35082,"url":"https:\/\/www.grieta.org.mx\/index.php\/2019\/05\/26\/guerra-por-el-agua-al-menos-4-empresarios-detras-del-desalojo-en-sacramento-denuncian-chihuahua\/","url_meta":{"origin":48279,"position":2},"title":"Guerra por el agua: Al menos 4 empresarios detr\u00e1s del desalojo en Sacramento, denuncian (Chihuahua)","author":"grieta","date":"26 mayo, 2019","format":false,"excerpt":"RA\u00edCHALI\/ LA VERDAD Chihuahua.- Mientras decenas de agentes estatales arrestaban a 12 personas por oponerse al bloqueo del camino vecinal del Ejido Sacramento, el Gobierno del Estado emiti\u00f3 un bolet\u00edn en el que informan que la zanja fue construida por solicitud \u201cde propietarios de los predios, ya que se trata\u2026","rel":"","context":"En &quot;Chihuahua&quot;","block_context":{"text":"Chihuahua","link":"https:\/\/www.grieta.org.mx\/index.php\/category\/noticias-nacionales\/chihuahua\/"},"img":{"alt_text":"","src":"https:\/\/i0.wp.com\/www.grieta.org.mx\/wp-content\/uploads\/2019\/06\/Foto-Sacramento-Ra%C3%ADchali.jpg?resize=350%2C200&ssl=1","width":350,"height":200,"srcset":"https:\/\/i0.wp.com\/www.grieta.org.mx\/wp-content\/uploads\/2019\/06\/Foto-Sacramento-Ra%C3%ADchali.jpg?resize=350%2C200&ssl=1 1x, https:\/\/i0.wp.com\/www.grieta.org.mx\/wp-content\/uploads\/2019\/06\/Foto-Sacramento-Ra%C3%ADchali.jpg?resize=525%2C300&ssl=1 1.5x, https:\/\/i0.wp.com\/www.grieta.org.mx\/wp-content\/uploads\/2019\/06\/Foto-Sacramento-Ra%C3%ADchali.jpg?resize=700%2C400&ssl=1 2x, https:\/\/i0.wp.com\/www.grieta.org.mx\/wp-content\/uploads\/2019\/06\/Foto-Sacramento-Ra%C3%ADchali.jpg?resize=1050%2C600&ssl=1 3x"},"classes":[]},{"id":28131,"url":"https:\/\/www.grieta.org.mx\/index.php\/2019\/01\/07\/chihuahua-entre-los-estados-con-mas-feminicidios\/","url_meta":{"origin":48279,"position":3},"title":"Chihuahua, entre los estados con m\u00e1s feminicidios","author":"grieta","date":"7 enero, 2019","format":false,"excerpt":"EL DIARIO DE CHIHUAHUA Ciudad de M\u00e9xico.-\u00a0El a\u00f1o pasado, seis de las 32 entidades federativas sumaron 49.6% del total de los feminicidios cometidos en todo el pa\u00eds. De acuerdo con cifras del Secretariado Ejecutivo del Sistema Nacional de Seguridad P\u00fablica (Sesnsp) a noviembre pasado se iniciaron 760 carpetas de investigaci\u00f3n\u2026","rel":"","context":"En &quot;Chihuahua&quot;","block_context":{"text":"Chihuahua","link":"https:\/\/www.grieta.org.mx\/index.php\/category\/noticias-nacionales\/chihuahua\/"},"img":{"alt_text":"","src":"https:\/\/i0.wp.com\/www.grieta.org.mx\/wp-content\/uploads\/2019\/01\/cHIHUAHUA-FEMINICIDIO.jpg?resize=350%2C200&ssl=1","width":350,"height":200,"srcset":"https:\/\/i0.wp.com\/www.grieta.org.mx\/wp-content\/uploads\/2019\/01\/cHIHUAHUA-FEMINICIDIO.jpg?resize=350%2C200&ssl=1 1x, https:\/\/i0.wp.com\/www.grieta.org.mx\/wp-content\/uploads\/2019\/01\/cHIHUAHUA-FEMINICIDIO.jpg?resize=525%2C300&ssl=1 1.5x, https:\/\/i0.wp.com\/www.grieta.org.mx\/wp-content\/uploads\/2019\/01\/cHIHUAHUA-FEMINICIDIO.jpg?resize=700%2C400&ssl=1 2x"},"classes":[]},{"id":48274,"url":"https:\/\/www.grieta.org.mx\/index.php\/2020\/04\/25\/solicitan-apoyos-para-la-sierra-por-covid-19-hoy-se-confirmo-el-primer-caso-chihuahua\/","url_meta":{"origin":48279,"position":4},"title":"Solicitan apoyos para la sierra por Covid-19; hoy se confirm\u00f3 el primer caso (Chihuahua)","author":"grieta","date":"25 abril, 2020","format":false,"excerpt":"Ra\u00edchali\/Redacci\u00f3n Fuente: Ra\u00edchali Solicitan ayuda para la Tarahumara por Covid-19; hoy se confirm\u00f3 el primer caso en Guachohia Chihuahua.- La Secretar\u00eda de Salud inform\u00f3 del registro del primer caso de Covid-19 en la Sierra Tarahumara, el cual se confirm\u00f3 en el municipio de Guachochi, ubicado a 422 kil\u00f3metros de la\u2026","rel":"","context":"En &quot;Chihuahua&quot;","block_context":{"text":"Chihuahua","link":"https:\/\/www.grieta.org.mx\/index.php\/category\/noticias-nacionales\/chihuahua\/"},"img":{"alt_text":"","src":"https:\/\/i0.wp.com\/www.grieta.org.mx\/wp-content\/uploads\/2020\/04\/Raichali.png?resize=350%2C200&ssl=1","width":350,"height":200,"srcset":"https:\/\/i0.wp.com\/www.grieta.org.mx\/wp-content\/uploads\/2020\/04\/Raichali.png?resize=350%2C200&ssl=1 1x, https:\/\/i0.wp.com\/www.grieta.org.mx\/wp-content\/uploads\/2020\/04\/Raichali.png?resize=525%2C300&ssl=1 1.5x, https:\/\/i0.wp.com\/www.grieta.org.mx\/wp-content\/uploads\/2020\/04\/Raichali.png?resize=700%2C400&ssl=1 2x"},"classes":[]},{"id":4042,"url":"https:\/\/www.grieta.org.mx\/index.php\/2016\/09\/07\/feminicidios-en-chihuahua\/","url_meta":{"origin":48279,"position":5},"title":"Feminicidios en Chihuahua","author":"grieta","date":"7 septiembre, 2016","format":false,"excerpt":"01\/08\/16. A 18 a\u00f1os de la desaparici\u00f3n de joven en Cd. Ju\u00e1rez, madre realiza las investigaciones que corresponde a las autoridadesRevolucionTresPuntoCero 22\/07\/16. Chihuahua sigue siendo l\u00ecder en...feminicidiosLa Parada Digital 28\/04\/16. \u201cAy\u00fadenme, s\u00e1quenme de aqu\u00ed. Sigo viva, tengo miedo\u201d; militares los detienen y llevan 7 a\u00f1os desaparecidos Revoluci\u00f3nTresPuntoCero 11\/03\/16. Familiares de\u2026","rel":"","context":"En &quot;Chihuahua&quot;","block_context":{"text":"Chihuahua","link":"https:\/\/www.grieta.org.mx\/index.php\/category\/noticias-nacionales\/chihuahua\/"},"img":{"alt_text":"","src":"https:\/\/i0.wp.com\/www.grieta.org.mx\/wp-content\/uploads\/2018\/03\/14524434_1106112876131411_958039263622046936_o.jpg?resize=350%2C200&ssl=1","width":350,"height":200,"srcset":"https:\/\/i0.wp.com\/www.grieta.org.mx\/wp-content\/uploads\/2018\/03\/14524434_1106112876131411_958039263622046936_o.jpg?resize=350%2C200&ssl=1 1x, https:\/\/i0.wp.com\/www.grieta.org.mx\/wp-content\/uploads\/2018\/03\/14524434_1106112876131411_958039263622046936_o.jpg?resize=525%2C300&ssl=1 1.5x, https:\/\/i0.wp.com\/www.grieta.org.mx\/wp-content\/uploads\/2018\/03\/14524434_1106112876131411_958039263622046936_o.jpg?resize=700%2C400&ssl=1 2x"},"classes":[]}],"_links":{"self":[{"href":"https:\/\/www.grieta.org.mx\/index.php\/wp-json\/wp\/v2\/posts\/48279","targetHints":{"allow":["GET"]}}],"collection":[{"href":"https:\/\/www.grieta.org.mx\/index.php\/wp-json\/wp\/v2\/posts"}],"about":[{"href":"https:\/\/www.grieta.org.mx\/index.php\/wp-json\/wp\/v2\/types\/post"}],"author":[{"embeddable":true,"href":"https:\/\/www.grieta.org.mx\/index.php\/wp-json\/wp\/v2\/users\/2"}],"replies":[{"embeddable":true,"href":"https:\/\/www.grieta.org.mx\/index.php\/wp-json\/wp\/v2\/comments?post=48279"}],"version-history":[{"count":1,"href":"https:\/\/www.grieta.org.mx\/index.php\/wp-json\/wp\/v2\/posts\/48279\/revisions"}],"predecessor-version":[{"id":48281,"href":"https:\/\/www.grieta.org.mx\/index.php\/wp-json\/wp\/v2\/posts\/48279\/revisions\/48281"}],"wp:featuredmedia":[{"embeddable":true,"href":"https:\/\/www.grieta.org.mx\/index.php\/wp-json\/wp\/v2\/media\/48280"}],"wp:attachment":[{"href":"https:\/\/www.grieta.org.mx\/index.php\/wp-json\/wp\/v2\/media?parent=48279"}],"wp:term":[{"taxonomy":"category","embeddable":true,"href":"https:\/\/www.grieta.org.mx\/index.php\/wp-json\/wp\/v2\/categories?post=48279"},{"taxonomy":"post_tag","embeddable":true,"href":"https:\/\/www.grieta.org.mx\/index.php\/wp-json\/wp\/v2\/tags?post=48279"}],"curies":[{"name":"wp","href":"https:\/\/api.w.org\/{rel}","templated":true}]}}