{"id":48274,"date":"2020-04-25T13:38:41","date_gmt":"2020-04-25T18:38:41","guid":{"rendered":"http:\/\/www.grieta.org.mx\/?p=48274"},"modified":"2020-04-26T13:47:58","modified_gmt":"2020-04-26T18:47:58","slug":"solicitan-apoyos-para-la-sierra-por-covid-19-hoy-se-confirmo-el-primer-caso-chihuahua","status":"publish","type":"post","link":"https:\/\/www.grieta.org.mx\/index.php\/2020\/04\/25\/solicitan-apoyos-para-la-sierra-por-covid-19-hoy-se-confirmo-el-primer-caso-chihuahua\/","title":{"rendered":"Solicitan apoyos para la sierra por Covid-19; hoy se confirm\u00f3 el primer caso (Chihuahua)"},"content":{"rendered":"<p>Ra\u00edchali\/Redacci\u00f3n<\/p>\n<p><img loading=\"lazy\" decoding=\"async\" data-attachment-id=\"48275\" data-permalink=\"https:\/\/www.grieta.org.mx\/index.php\/2020\/04\/25\/solicitan-apoyos-para-la-sierra-por-covid-19-hoy-se-confirmo-el-primer-caso-chihuahua\/raichali\/\" data-orig-file=\"https:\/\/www.grieta.org.mx\/wp-content\/uploads\/2020\/04\/Raichali.png\" data-orig-size=\"926,588\" data-comments-opened=\"0\" data-image-meta=\"{&quot;aperture&quot;:&quot;0&quot;,&quot;credit&quot;:&quot;&quot;,&quot;camera&quot;:&quot;&quot;,&quot;caption&quot;:&quot;&quot;,&quot;created_timestamp&quot;:&quot;0&quot;,&quot;copyright&quot;:&quot;&quot;,&quot;focal_length&quot;:&quot;0&quot;,&quot;iso&quot;:&quot;0&quot;,&quot;shutter_speed&quot;:&quot;0&quot;,&quot;title&quot;:&quot;&quot;,&quot;orientation&quot;:&quot;0&quot;}\" data-image-title=\"Raichali\" data-image-description=\"\" data-image-caption=\"\" data-medium-file=\"https:\/\/www.grieta.org.mx\/wp-content\/uploads\/2020\/04\/Raichali-300x190.png\" data-large-file=\"https:\/\/www.grieta.org.mx\/wp-content\/uploads\/2020\/04\/Raichali.png\" class=\"aligncenter wp-image-48275\" src=\"http:\/\/www.grieta.org.mx\/wp-content\/uploads\/2020\/04\/Raichali.png\" alt=\"\" width=\"802\" height=\"509\" srcset=\"https:\/\/www.grieta.org.mx\/wp-content\/uploads\/2020\/04\/Raichali.png 926w, https:\/\/www.grieta.org.mx\/wp-content\/uploads\/2020\/04\/Raichali-300x190.png 300w, https:\/\/www.grieta.org.mx\/wp-content\/uploads\/2020\/04\/Raichali-768x488.png 768w, https:\/\/www.grieta.org.mx\/wp-content\/uploads\/2020\/04\/Raichali-787x500.png 787w\" sizes=\"auto, (max-width: 802px) 100vw, 802px\" \/><br \/>\nFuente: Ra\u00edchali<\/p>\n<p><strong>Solicitan ayuda para la Tarahumara por Covid-19; hoy se confirm\u00f3 el primer caso en Guachohia <\/strong><\/p>\n<p>Chihuahua.- La Secretar\u00eda de Salud inform\u00f3 del registro del primer caso de Covid-19 en la Sierra Tarahumara, el cual se confirm\u00f3 en el municipio de Guachochi, ubicado a 422 kil\u00f3metros de la capital de Chihuahua.<\/p>\n<p>Sin proporcionar m\u00e1s datos sobre el caso, la dependencia se limit\u00f3 a enumerar a este municipio dentro de la estad\u00edstica oficial, la cual arroja la presencia de 177 pacientes confirmados y 220 sospechosos.<img loading=\"lazy\" decoding=\"async\" data-attachment-id=\"48276\" data-permalink=\"https:\/\/www.grieta.org.mx\/index.php\/2020\/04\/25\/solicitan-apoyos-para-la-sierra-por-covid-19-hoy-se-confirmo-el-primer-caso-chihuahua\/diapositiva4-2\/\" data-orig-file=\"https:\/\/www.grieta.org.mx\/wp-content\/uploads\/2020\/04\/Diapositiva4.jpg\" data-orig-size=\"960,720\" data-comments-opened=\"0\" data-image-meta=\"{&quot;aperture&quot;:&quot;0&quot;,&quot;credit&quot;:&quot;&quot;,&quot;camera&quot;:&quot;&quot;,&quot;caption&quot;:&quot;&quot;,&quot;created_timestamp&quot;:&quot;0&quot;,&quot;copyright&quot;:&quot;&quot;,&quot;focal_length&quot;:&quot;0&quot;,&quot;iso&quot;:&quot;0&quot;,&quot;shutter_speed&quot;:&quot;0&quot;,&quot;title&quot;:&quot;&quot;,&quot;orientation&quot;:&quot;0&quot;}\" data-image-title=\"Diapositiva4\" data-image-description=\"\" data-image-caption=\"\" data-medium-file=\"https:\/\/www.grieta.org.mx\/wp-content\/uploads\/2020\/04\/Diapositiva4-300x225.jpg\" data-large-file=\"https:\/\/www.grieta.org.mx\/wp-content\/uploads\/2020\/04\/Diapositiva4.jpg\" class=\"aligncenter  wp-image-48276\" src=\"http:\/\/www.grieta.org.mx\/wp-content\/uploads\/2020\/04\/Diapositiva4.jpg\" alt=\"\" width=\"798\" height=\"598\" srcset=\"https:\/\/www.grieta.org.mx\/wp-content\/uploads\/2020\/04\/Diapositiva4.jpg 960w, https:\/\/www.grieta.org.mx\/wp-content\/uploads\/2020\/04\/Diapositiva4-300x225.jpg 300w, https:\/\/www.grieta.org.mx\/wp-content\/uploads\/2020\/04\/Diapositiva4-768x576.jpg 768w, https:\/\/www.grieta.org.mx\/wp-content\/uploads\/2020\/04\/Diapositiva4-667x500.jpg 667w\" sizes=\"auto, (max-width: 798px) 100vw, 798px\" \/><br \/>\nFuente: Ra\u00edchali<\/p>\n<p>Fuentes consultadas por Ra\u00edchali en el municipio, confirmaron que el paciente recibir\u00e1 un tratamiento ambulatorio, por lo que ya se encuentra en su casa con las medidas de prevenci\u00f3n necesarias. Tambi\u00e9n trascendi\u00f3 que el caso fue importado.<\/p>\n<p>El primer caso oficial de Covid-19, se confirm\u00f3 en Chihuahua el 15 de marzo y, con ello, creci\u00f3 la preocupaci\u00f3n por las comunidades ind\u00edgenas.<\/p>\n<p>Pero las medidas fueron insuficientes pues, los filtros sanitarios se activaron en los accesos a la Tarahumara tres semanas despu\u00e9s del primer contagio comunitario en la entidad.<\/p>\n<p>Una de las acciones que promovieron tanto los gobernadores ind\u00edgenas, como activistas y la iglesia cat\u00f3lica, fue cancelar la Semana Santa en algunas comunidades para frenar la visita de turistas locales e internacionales.<\/p>\n<p>El problema en los municipios de la Sierra, explic\u00f3 el activista Francisco Santacruz, es que no cuentan con infraestructura suficiente para trasladar a pacientes o atender un brote, aunado a que varias comunidades ind\u00edgenas est\u00e1n incomunicadas y no podr\u00edan dar aviso a las autoridades de salud si se presenta alg\u00fan caso.<\/p>\n<p>Lament\u00f3 que a un mes y medio de que el virus lleg\u00f3 al estado, falta informaci\u00f3n para la poblaci\u00f3n ind\u00edgena, pues desconocen el riesgo y varias de las medidas que se deben tomar, como el lavado de manos constante, no pueden realizarse por la falta de servicios b\u00e1sicos.<\/p>\n<p>En ese sentido, inform\u00f3 que desde la Red Serrana se envi\u00f3 una carta al gobernador Javier Corral Jurado para solicitar m\u00e1s apoyo para las comunidades ind\u00edgenas.<\/p>\n<p>En el documento exponen la necesidad de llevar informaci\u00f3n clara sobre el Covid-19 ante el desconocimiento de la enfermedad y el riesgo que representa, as\u00ed como acciones concretas para atender la escasez de alimentos.<\/p>\n<p>Otra de las preocupaciones para esta zona son los jornaleros que bajan a municipios como Cuauht\u00e9moc para la pizca de manzana a trabajar sin condiciones de seguridad sanitaria.<\/p>\n<p>\u201cEn esta temporada baja much\u00edsimo rar\u00e1muri y no hay seguridad. Es la \u00e9poca en la que pueden ganar dinero con su trabajo y van a bajar por cualquier forma a trabajar, pero duermen amontonados en lugares cerrados, por eso estamos pidiendo acciones para apoyarlos\u201d<\/p>\n<p>Los datos oficiales<\/p>\n<p>Para este martes, se dio a conocer que la cifra de fallecimientos aument\u00f3 a 38, de los cuales, 28 son de Ciudad Ju\u00e1rez, cinco de la capital, uno en Cuauht\u00e9moc y otro m\u00e1s en el municipio de Guadalupe.<\/p>\n<p>Del total de pacientes, 121 se encuentran en Ju\u00e1rez, 39 en la Ciudad de Chihuahua, cinco en Bach\u00edniva, mientras que Namiquipa y Meoqui cuentan con dos cada uno. Cuauht\u00e9moc, Ojinaga, Julimes, Camargo, Saucillo, Ahumada, Guadalupe y ahora Guachochi, registran un caso.<br \/>\nLa estad\u00edstica proporcionada por la Secretar\u00eda de Salud arroja que, a nivel estatal, hay 60 pacientes se encuentran hospitalizados. De ellos, 21 se encuentran estables, 35 en condici\u00f3n grave y 8 en condici\u00f3n grave intubado.<\/p>\n<p>Los 61 restantes llevan su tratamiento de manera ambulatoria y, del total de casos, hay 18 pacientes recuperados: 12 en Ciudad Ju\u00e1rez, cinco en Chihuahua y 1 uno en Ojinaga.<\/p>\n<p><a href=\"https:\/\/raichali.com\/2020\/04\/21\/solicitan-apoyos-para-la-sierra-por-covid-19-hoy-se-confirmo-el-primer-caso\/\">https:\/\/raichali.com\/2020\/04\/21\/solicitan-apoyos-para-la-sierra-por-covid-19-hoy-se-confirmo-el-primer-caso\/<\/a><\/p>\n","protected":false},"excerpt":{"rendered":"<p>Ra\u00edchali\/Redacci\u00f3n Fuente: Ra\u00edchali Solicitan ayuda para la Tarahumara por Covid-19; hoy se confirm\u00f3 el primer caso en Guachohia Chihuahua.- La Secretar\u00eda de Salud inform\u00f3 del registro del primer caso de &hellip; <a href=\"https:\/\/www.grieta.org.mx\/index.php\/2020\/04\/25\/solicitan-apoyos-para-la-sierra-por-covid-19-hoy-se-confirmo-el-primer-caso-chihuahua\/\" class=\"more-link\">Leer m\u00e1s<\/a><\/p>\n","protected":false},"author":2,"featured_media":48275,"comment_status":"closed","ping_status":"closed","sticky":false,"template":"","format":"standard","meta":{"ngg_post_thumbnail":0,"_jetpack_newsletter_access":"","_jetpack_dont_email_post_to_subs":false,"_jetpack_newsletter_tier_id":0,"_jetpack_memberships_contains_paywalled_content":false,"_jetpack_memberships_contains_paid_content":false,"footnotes":""},"categories":[12,80,3244],"tags":[3241,193],"class_list":["post-48274","post","type-post","status-publish","format-standard","has-post-thumbnail","hentry","category-chihuahua","category-cintillo","category-covid-19-en-chihuahua","tag-covid-19","tag-raramuris","entry"],"jetpack_featured_media_url":"https:\/\/www.grieta.org.mx\/wp-content\/uploads\/2020\/04\/Raichali.png","jetpack_sharing_enabled":true,"jetpack_shortlink":"https:\/\/wp.me\/p7ZJR4-cyC","jetpack_likes_enabled":false,"jetpack-related-posts":[{"id":35014,"url":"https:\/\/www.grieta.org.mx\/index.php\/2019\/06\/14\/baborigame-se-levanta-para-recuperar-la-paz-de-su-comunidad-chihuahua\/","url_meta":{"origin":48274,"position":0},"title":"Baborigame se levanta para recuperar la paz de su comunidad (Chihuahua)","author":"grieta","date":"14 junio, 2019","format":false,"excerpt":"Ra\u00edchali\/ LA VERDAD Chihuahua \u2013 Vestidos de blanco, ni\u00f1as, ni\u00f1os, j\u00f3venes, adultos, amas de casa, maestros y religiosos que viven en Baborigame, marcharon para pedir que regrese la paz a su comunidad, ubicado en el municipio de Guadalupe y Calvo. Desde hace tres a\u00f1os, los habitantes de este poblado ubicado\u2026","rel":"","context":"En &quot;Chihuahua&quot;","block_context":{"text":"Chihuahua","link":"https:\/\/www.grieta.org.mx\/index.php\/category\/noticias-nacionales\/chihuahua\/"},"img":{"alt_text":"","src":"https:\/\/i0.wp.com\/www.grieta.org.mx\/wp-content\/uploads\/2019\/06\/Foto-Baborigame-1.jpeg?resize=350%2C200&ssl=1","width":350,"height":200,"srcset":"https:\/\/i0.wp.com\/www.grieta.org.mx\/wp-content\/uploads\/2019\/06\/Foto-Baborigame-1.jpeg?resize=350%2C200&ssl=1 1x, https:\/\/i0.wp.com\/www.grieta.org.mx\/wp-content\/uploads\/2019\/06\/Foto-Baborigame-1.jpeg?resize=525%2C300&ssl=1 1.5x, https:\/\/i0.wp.com\/www.grieta.org.mx\/wp-content\/uploads\/2019\/06\/Foto-Baborigame-1.jpeg?resize=700%2C400&ssl=1 2x, https:\/\/i0.wp.com\/www.grieta.org.mx\/wp-content\/uploads\/2019\/06\/Foto-Baborigame-1.jpeg?resize=1050%2C600&ssl=1 3x"},"classes":[]},{"id":51027,"url":"https:\/\/www.grieta.org.mx\/index.php\/2020\/06\/17\/pega-brote-de-covid-19-en-campo-jornalero-de-chihuahua-hay-27-trabajadores-infectados\/","url_meta":{"origin":48274,"position":1},"title":"Pega brote de Covid-19 en campo jornalero de Chihuahua; hay 27 trabajadores infectados","author":"grieta","date":"17 junio, 2020","format":false,"excerpt":"Raichali Texto y foto: Adriana Esquivel Chihuahua.- El campo de Chihuahua registr\u00f3 su primer brote de Covid-19 que infect\u00f3 a 27 jornaleros agr\u00edcolas, inform\u00f3 la Secretar\u00eda de Salud en su conferencia diaria sobre la evoluci\u00f3n del coronavirus en el estado. Sin entrar en detalles, la dependencia \u00fanicamente confirm\u00f3 que, de\u2026","rel":"","context":"En &quot;Chihuahua&quot;","block_context":{"text":"Chihuahua","link":"https:\/\/www.grieta.org.mx\/index.php\/category\/noticias-nacionales\/chihuahua\/"},"img":{"alt_text":"","src":"https:\/\/i0.wp.com\/www.grieta.org.mx\/wp-content\/uploads\/2018\/03\/14524434_1106112876131411_958039263622046936_o.jpg?resize=350%2C200&ssl=1","width":350,"height":200,"srcset":"https:\/\/i0.wp.com\/www.grieta.org.mx\/wp-content\/uploads\/2018\/03\/14524434_1106112876131411_958039263622046936_o.jpg?resize=350%2C200&ssl=1 1x, https:\/\/i0.wp.com\/www.grieta.org.mx\/wp-content\/uploads\/2018\/03\/14524434_1106112876131411_958039263622046936_o.jpg?resize=525%2C300&ssl=1 1.5x, https:\/\/i0.wp.com\/www.grieta.org.mx\/wp-content\/uploads\/2018\/03\/14524434_1106112876131411_958039263622046936_o.jpg?resize=700%2C400&ssl=1 2x"},"classes":[]},{"id":51598,"url":"https:\/\/www.grieta.org.mx\/index.php\/2020\/07\/04\/nueva-normalidad-en-la-sierra-tarahumara-desigual-y-deshumanizante-chihuahua\/","url_meta":{"origin":48274,"position":2},"title":"\u2018Nueva normalidad\u2019 en la Sierra Tarahumara, desigual y deshumanizante (Chihuahua)","author":"grieta","date":"4 julio, 2020","format":false,"excerpt":"Texto y foto: Adriana Esquivel\/Ra\u00edchali Chihuahua.- La contingencia por Covid-19 y su consecuente \u201cnueva normalidad\u201d evidenci\u00f3 las profundas desigualdades que, hist\u00f3ricamente, han sido denunciadas e ignoradas en la Sierra Tarahumara. Los pueblos y comunidades ind\u00edgenas que ancestralmente habitan en los 22 municipios que conforman esta regi\u00f3n de Chihuahua, enfrentan hoy\u2026","rel":"","context":"En &quot;Chihuahua&quot;","block_context":{"text":"Chihuahua","link":"https:\/\/www.grieta.org.mx\/index.php\/category\/noticias-nacionales\/chihuahua\/"},"img":{"alt_text":"","src":"https:\/\/i0.wp.com\/www.grieta.org.mx\/wp-content\/uploads\/2020\/07\/Foto-comunidad_Sierra-tarahurama.jpeg?resize=350%2C200&ssl=1","width":350,"height":200,"srcset":"https:\/\/i0.wp.com\/www.grieta.org.mx\/wp-content\/uploads\/2020\/07\/Foto-comunidad_Sierra-tarahurama.jpeg?resize=350%2C200&ssl=1 1x, https:\/\/i0.wp.com\/www.grieta.org.mx\/wp-content\/uploads\/2020\/07\/Foto-comunidad_Sierra-tarahurama.jpeg?resize=525%2C300&ssl=1 1.5x"},"classes":[]},{"id":35011,"url":"https:\/\/www.grieta.org.mx\/index.php\/2019\/06\/18\/desplazamiento-en-la-tarahumara-perder-la-paz-el-patrimonio-y-la-identidad-chihuahua\/","url_meta":{"origin":48274,"position":3},"title":"Desplazamiento en la tarahumara: perder la paz, el patrimonio y la identidad (Chihuahua)","author":"grieta","date":"18 junio, 2019","format":false,"excerpt":"Ra\u00edchali\/ LA VERDAD Chihuahua \u2013 Huyen por el monte, como ganado. \u2013A veces se pasan semanas enteras caminado, escondi\u00e9ndose. \u2013Comen lo que pueden: nopales, plantas, lo que encentran en el camino. \u2013Se van apenas con lo que llevan puesto. Son pocos los que logran planear su salida. \u2013Pasan de comunidad\u2026","rel":"","context":"En &quot;Chihuahua&quot;","block_context":{"text":"Chihuahua","link":"https:\/\/www.grieta.org.mx\/index.php\/category\/noticias-nacionales\/chihuahua\/"},"img":{"alt_text":"","src":"https:\/\/i0.wp.com\/www.grieta.org.mx\/wp-content\/uploads\/2019\/06\/Operativo-coordinado-Atascaderos-2.jpeg?resize=350%2C200&ssl=1","width":350,"height":200,"srcset":"https:\/\/i0.wp.com\/www.grieta.org.mx\/wp-content\/uploads\/2019\/06\/Operativo-coordinado-Atascaderos-2.jpeg?resize=350%2C200&ssl=1 1x, https:\/\/i0.wp.com\/www.grieta.org.mx\/wp-content\/uploads\/2019\/06\/Operativo-coordinado-Atascaderos-2.jpeg?resize=525%2C300&ssl=1 1.5x, https:\/\/i0.wp.com\/www.grieta.org.mx\/wp-content\/uploads\/2019\/06\/Operativo-coordinado-Atascaderos-2.jpeg?resize=700%2C400&ssl=1 2x"},"classes":[]},{"id":29881,"url":"https:\/\/www.grieta.org.mx\/index.php\/2019\/02\/02\/denuncian-ecocidio-en-la-sierra-tarahumara-chihuahua\/","url_meta":{"origin":48274,"position":4},"title":"Denuncian ecocidio en la sierra tarahumara (Chihuahua)","author":"grieta","date":"2 febrero, 2019","format":false,"excerpt":"La Opci\u00f3n de Chihuahua Chihuahua.- La destrucci\u00f3n de la Sierra Tarahumara contin\u00faa; a trav\u00e9s de fotograf\u00edas que circulan en redes sociales se muestran numerosos \u00e1rboles cortados. De acuerdo con la publicaci\u00f3n Semarnat, Profepa y Desarrollo Forestal del Estado no hacen nada para detener la tala ilegal de \u00e1rboles de la\u2026","rel":"","context":"En &quot;Chihuahua&quot;","block_context":{"text":"Chihuahua","link":"https:\/\/www.grieta.org.mx\/index.php\/category\/noticias-nacionales\/chihuahua\/"},"img":{"alt_text":"","src":"https:\/\/i0.wp.com\/www.grieta.org.mx\/wp-content\/uploads\/2019\/03\/Sierra-Tarahu.jpeg?resize=350%2C200&ssl=1","width":350,"height":200,"srcset":"https:\/\/i0.wp.com\/www.grieta.org.mx\/wp-content\/uploads\/2019\/03\/Sierra-Tarahu.jpeg?resize=350%2C200&ssl=1 1x, https:\/\/i0.wp.com\/www.grieta.org.mx\/wp-content\/uploads\/2019\/03\/Sierra-Tarahu.jpeg?resize=525%2C300&ssl=1 1.5x, https:\/\/i0.wp.com\/www.grieta.org.mx\/wp-content\/uploads\/2019\/03\/Sierra-Tarahu.jpeg?resize=700%2C400&ssl=1 2x"},"classes":[]},{"id":35082,"url":"https:\/\/www.grieta.org.mx\/index.php\/2019\/05\/26\/guerra-por-el-agua-al-menos-4-empresarios-detras-del-desalojo-en-sacramento-denuncian-chihuahua\/","url_meta":{"origin":48274,"position":5},"title":"Guerra por el agua: Al menos 4 empresarios detr\u00e1s del desalojo en Sacramento, denuncian (Chihuahua)","author":"grieta","date":"26 mayo, 2019","format":false,"excerpt":"RA\u00edCHALI\/ LA VERDAD Chihuahua.- Mientras decenas de agentes estatales arrestaban a 12 personas por oponerse al bloqueo del camino vecinal del Ejido Sacramento, el Gobierno del Estado emiti\u00f3 un bolet\u00edn en el que informan que la zanja fue construida por solicitud \u201cde propietarios de los predios, ya que se trata\u2026","rel":"","context":"En &quot;Chihuahua&quot;","block_context":{"text":"Chihuahua","link":"https:\/\/www.grieta.org.mx\/index.php\/category\/noticias-nacionales\/chihuahua\/"},"img":{"alt_text":"","src":"https:\/\/i0.wp.com\/www.grieta.org.mx\/wp-content\/uploads\/2019\/06\/Foto-Sacramento-Ra%C3%ADchali.jpg?resize=350%2C200&ssl=1","width":350,"height":200,"srcset":"https:\/\/i0.wp.com\/www.grieta.org.mx\/wp-content\/uploads\/2019\/06\/Foto-Sacramento-Ra%C3%ADchali.jpg?resize=350%2C200&ssl=1 1x, https:\/\/i0.wp.com\/www.grieta.org.mx\/wp-content\/uploads\/2019\/06\/Foto-Sacramento-Ra%C3%ADchali.jpg?resize=525%2C300&ssl=1 1.5x, https:\/\/i0.wp.com\/www.grieta.org.mx\/wp-content\/uploads\/2019\/06\/Foto-Sacramento-Ra%C3%ADchali.jpg?resize=700%2C400&ssl=1 2x, https:\/\/i0.wp.com\/www.grieta.org.mx\/wp-content\/uploads\/2019\/06\/Foto-Sacramento-Ra%C3%ADchali.jpg?resize=1050%2C600&ssl=1 3x"},"classes":[]}],"_links":{"self":[{"href":"https:\/\/www.grieta.org.mx\/index.php\/wp-json\/wp\/v2\/posts\/48274","targetHints":{"allow":["GET"]}}],"collection":[{"href":"https:\/\/www.grieta.org.mx\/index.php\/wp-json\/wp\/v2\/posts"}],"about":[{"href":"https:\/\/www.grieta.org.mx\/index.php\/wp-json\/wp\/v2\/types\/post"}],"author":[{"embeddable":true,"href":"https:\/\/www.grieta.org.mx\/index.php\/wp-json\/wp\/v2\/users\/2"}],"replies":[{"embeddable":true,"href":"https:\/\/www.grieta.org.mx\/index.php\/wp-json\/wp\/v2\/comments?post=48274"}],"version-history":[{"count":1,"href":"https:\/\/www.grieta.org.mx\/index.php\/wp-json\/wp\/v2\/posts\/48274\/revisions"}],"predecessor-version":[{"id":48278,"href":"https:\/\/www.grieta.org.mx\/index.php\/wp-json\/wp\/v2\/posts\/48274\/revisions\/48278"}],"wp:featuredmedia":[{"embeddable":true,"href":"https:\/\/www.grieta.org.mx\/index.php\/wp-json\/wp\/v2\/media\/48275"}],"wp:attachment":[{"href":"https:\/\/www.grieta.org.mx\/index.php\/wp-json\/wp\/v2\/media?parent=48274"}],"wp:term":[{"taxonomy":"category","embeddable":true,"href":"https:\/\/www.grieta.org.mx\/index.php\/wp-json\/wp\/v2\/categories?post=48274"},{"taxonomy":"post_tag","embeddable":true,"href":"https:\/\/www.grieta.org.mx\/index.php\/wp-json\/wp\/v2\/tags?post=48274"}],"curies":[{"name":"wp","href":"https:\/\/api.w.org\/{rel}","templated":true}]}}