{"id":48215,"date":"2020-04-23T16:57:43","date_gmt":"2020-04-23T21:57:43","guid":{"rendered":"http:\/\/www.grieta.org.mx\/?p=48215"},"modified":"2020-04-25T17:30:27","modified_gmt":"2020-04-25T22:30:27","slug":"ambientalistas-presentan-denuncia-ante-profepa-por-tala-de-manglar-en-la-laguna-nichupte-quintana-roo","status":"publish","type":"post","link":"https:\/\/www.grieta.org.mx\/index.php\/2020\/04\/23\/ambientalistas-presentan-denuncia-ante-profepa-por-tala-de-manglar-en-la-laguna-nichupte-quintana-roo\/","title":{"rendered":"Ambientalistas presentan denuncia ante Profepa por tala de manglar en la laguna Nichupt\u00e9  (Quintana Roo)"},"content":{"rendered":"<p><img loading=\"lazy\" decoding=\"async\" data-attachment-id=\"48216\" data-permalink=\"https:\/\/www.grieta.org.mx\/index.php\/2020\/04\/23\/ambientalistas-presentan-denuncia-ante-profepa-por-tala-de-manglar-en-la-laguna-nichupte-quintana-roo\/nichupte\/\" data-orig-file=\"https:\/\/www.grieta.org.mx\/wp-content\/uploads\/2020\/04\/Nichupte-e1587853623984.png\" data-orig-size=\"800,372\" data-comments-opened=\"0\" data-image-meta=\"{&quot;aperture&quot;:&quot;0&quot;,&quot;credit&quot;:&quot;&quot;,&quot;camera&quot;:&quot;&quot;,&quot;caption&quot;:&quot;&quot;,&quot;created_timestamp&quot;:&quot;0&quot;,&quot;copyright&quot;:&quot;&quot;,&quot;focal_length&quot;:&quot;0&quot;,&quot;iso&quot;:&quot;0&quot;,&quot;shutter_speed&quot;:&quot;0&quot;,&quot;title&quot;:&quot;&quot;,&quot;orientation&quot;:&quot;0&quot;}\" data-image-title=\"Nichupte\" data-image-description=\"\" data-image-caption=\"\" data-medium-file=\"https:\/\/www.grieta.org.mx\/wp-content\/uploads\/2020\/04\/Nichupte-300x140.png\" data-large-file=\"https:\/\/www.grieta.org.mx\/wp-content\/uploads\/2020\/04\/Nichupte-e1587853623984.png\" src=\"http:\/\/www.grieta.org.mx\/wp-content\/uploads\/2020\/04\/Nichupte-e1587853623984.png\" alt=\"\" width=\"800\" height=\"372\" class=\"aligncenter size-full wp-image-48216\" \/><\/p>\n<p>Sara\u00ed Reyes \/ Noticaribe<\/p>\n<p>CANC\u00daN, MX.- Tras la denuncia hecha en redes sociales sobre la tala de manglar en el litoral lagunar Nichupt\u00e9 frente a plaza Kukulc\u00e1n, la presidenta del Grupo de Ecologistas del Mayab A.C., Araceli Dom\u00ednguez, confirm\u00f3 que han presentado la denuncia ante las instancias correspondientes para que detengan el da\u00f1o ambiental en Canc\u00fan.<\/p>\n<p>\u201cYa se present\u00f3 la denuncia, se ha presentado oficialmente ante Profepa (Procuradur\u00eda Federal de Protecci\u00f3n al Medio Ambiente), nosotros presentamos una ante la Conanp (Comisi\u00f3n Nacional de \u00c1reas Naturales Protegidas), que corresponde velar por los manglares Nichupt\u00e9 y tambi\u00e9n se present\u00f3 la denuncia ante la direcci\u00f3n municipal de Ecolog\u00eda\u201d, confirm\u00f3.<\/p>\n<p>Esto, luego de que a trav\u00e9s de redes sociales se tuvo conocimiento de la presencia de maquinaria pesada con la que se lleva a cabo el trabajo de tala de mangle en el kil\u00f3metro 13 de la zona hotelera, situaci\u00f3n qu\u00e9 violenta a todas luces las leyes de protecci\u00f3n al manglar.<\/p>\n<p>La ambientalista a\u00f1adi\u00f3 que en este tema hay dos cuestiones que se tienen que investigar, el da\u00f1o al medio ambiente por la tala de manglar y la violaci\u00f3n a las \u00f3rdenes oficiales, con motivo de la contingencia.<\/p>\n<p>\u201cEst\u00e1n aprovechando el momento para incumplir con la ley y abusando del momento en que el gobierno en los tres \u00f3rdenes, a pesar de que est\u00e1n pidiendo a la poblaci\u00f3n que se mantenga en su casa, sin embargo, no lo est\u00e1n haciendo, como ya lo vimos est\u00e1n abusando de esa situaci\u00f3n y violando a todas luces las leyes del estado\u201d, abund\u00f3.<\/p>\n<p>La ambientalista Araceli Dom\u00ednguez, tambi\u00e9n denunci\u00f3 otro ecocidio  en Canc\u00fan, que es el saqueo de arena en Puerto Canc\u00fan, cuyos trabajos iniciaron hace varias semanas, cuando el desarrollo SLS Harbour Baech y SLS Marina Beach, aprovecharon la cuarentena para robar arena de la bah\u00eda para crear las playas de su lujosas torres de 600 departamentos.<\/p>\n<p>A trav\u00e9s de una barcaza de dragado atracada a un kil\u00f3metro de la playa de Puerto Canc\u00fan, se extrae la arena en una zona de alta anidaci\u00f3n de tortuga. A pesar de las denuncias, dijo que es lamentable que las autoridades no hayan intervenido. <\/p>\n<p><a href=\"https:\/\/noticaribe.com.mx\/2020\/04\/23\/ambientalistas-presentan-denuncia-ante-profepa-por-tala-de-manglar-en-la-laguna-nichupte\/\" rel=\"noopener noreferrer\" target=\"_blank\">https:\/\/noticaribe.com.mx\/2020\/04\/23\/ambientalistas-presentan-denuncia-ante-profepa-por-tala-de-manglar-en-la-laguna-nichupte\/<\/a><\/p>\n","protected":false},"excerpt":{"rendered":"<p>Sara\u00ed Reyes \/ Noticaribe CANC\u00daN, MX.- Tras la denuncia hecha en redes sociales sobre la tala de manglar en el litoral lagunar Nichupt\u00e9 frente a plaza Kukulc\u00e1n, la presidenta del &hellip; <a href=\"https:\/\/www.grieta.org.mx\/index.php\/2020\/04\/23\/ambientalistas-presentan-denuncia-ante-profepa-por-tala-de-manglar-en-la-laguna-nichupte-quintana-roo\/\" class=\"more-link\">Leer m\u00e1s<\/a><\/p>\n","protected":false},"author":2,"featured_media":48216,"comment_status":"closed","ping_status":"closed","sticky":false,"template":"","format":"standard","meta":{"ngg_post_thumbnail":0,"_jetpack_newsletter_access":"","_jetpack_dont_email_post_to_subs":false,"_jetpack_newsletter_tier_id":0,"_jetpack_memberships_contains_paywalled_content":false,"_jetpack_memberships_contains_paid_content":false,"footnotes":""},"categories":[80,3279,2749,2,28],"tags":[3241,223],"class_list":["post-48215","post","type-post","status-publish","format-standard","has-post-thumbnail","hentry","category-cintillo","category-covid-19-en-quintana-roo","category-destruccion-y-contaminacion-ambiental-en-quintana-roo","category-noticias-nacionales","category-quintana-roo","tag-covid-19","tag-ecocidio","entry"],"jetpack_featured_media_url":"https:\/\/www.grieta.org.mx\/wp-content\/uploads\/2020\/04\/Nichupte-e1587853623984.png","jetpack_sharing_enabled":true,"jetpack_shortlink":"https:\/\/wp.me\/p7ZJR4-cxF","jetpack_likes_enabled":false,"jetpack-related-posts":[{"id":68916,"url":"https:\/\/www.grieta.org.mx\/index.php\/2024\/05\/07\/denuncian-derrame-de-cemento-en-la-laguna-por-obras-del-puente-nichupte-quintana-roo\/","url_meta":{"origin":48215,"position":0},"title":"Denuncian derrame de cemento en la laguna por obras del Puente Nichupt\u00e9 (Quintana Roo)","author":"grieta","date":"7 mayo, 2024","format":false,"excerpt":"Notcaribe CANC\u00daN.- Distintos ambientalistas denunciaron ayer, con fotos tomadas con un dron, un derrame de cemento en las obras del puente vehicular que se ubican en la Laguna Nichupt\u00e9. A trav\u00e9s de redes sociales, los activistas compartiendo est\u00e1s fotos que al parecer fueron tomadas por una persona que prefiri\u00f3 mantenerse\u2026","rel":"","context":"En &quot;CINTILLO&quot;","block_context":{"text":"CINTILLO","link":"https:\/\/www.grieta.org.mx\/index.php\/category\/cintillo\/"},"img":{"alt_text":"","src":"https:\/\/i0.wp.com\/www.grieta.org.mx\/wp-content\/uploads\/2024\/05\/Nichupte-e1715791047872.jpg?resize=350%2C200&ssl=1","width":350,"height":200,"srcset":"https:\/\/i0.wp.com\/www.grieta.org.mx\/wp-content\/uploads\/2024\/05\/Nichupte-e1715791047872.jpg?resize=350%2C200&ssl=1 1x, https:\/\/i0.wp.com\/www.grieta.org.mx\/wp-content\/uploads\/2024\/05\/Nichupte-e1715791047872.jpg?resize=525%2C300&ssl=1 1.5x, https:\/\/i0.wp.com\/www.grieta.org.mx\/wp-content\/uploads\/2024\/05\/Nichupte-e1715791047872.jpg?resize=700%2C400&ssl=1 2x"},"classes":[]},{"id":68844,"url":"https:\/\/www.grieta.org.mx\/index.php\/2024\/04\/29\/ambientalistas-clausuran-las-oficinas-de-semarnat-tras-calificarla-de-ecocida-quintana-roo\/","url_meta":{"origin":48215,"position":1},"title":"Ambientalistas &#8220;clausuran&#8221; las oficinas de Semarnat tras calificarla de ecocida (Quintana Roo)","author":"grieta","date":"29 abril, 2024","format":false,"excerpt":"Leslie Gordillo \/ NOTICARIBE PENINSULAR CANC\u00daN.- Un grupo de ambientalistas, representante de diferentes organismos y asociaciones civiles, se manifestaron en la zona hotelera de Canc\u00fan y clausuraron de manera simb\u00f3lica las oficinas de la Secretar\u00eda de Medio Ambiente y Recursos Naturales (Semarnat). La denuncia es que la Semarnat ha sido\u2026","rel":"","context":"En &quot;Campeche&quot;","block_context":{"text":"Campeche","link":"https:\/\/www.grieta.org.mx\/index.php\/category\/noticias-nacionales\/campeche\/"},"img":{"alt_text":"","src":"https:\/\/i0.wp.com\/www.grieta.org.mx\/wp-content\/uploads\/2024\/04\/ambientalitas-e1715552774254.jpg?resize=350%2C200&ssl=1","width":350,"height":200,"srcset":"https:\/\/i0.wp.com\/www.grieta.org.mx\/wp-content\/uploads\/2024\/04\/ambientalitas-e1715552774254.jpg?resize=350%2C200&ssl=1 1x, https:\/\/i0.wp.com\/www.grieta.org.mx\/wp-content\/uploads\/2024\/04\/ambientalitas-e1715552774254.jpg?resize=525%2C300&ssl=1 1.5x, https:\/\/i0.wp.com\/www.grieta.org.mx\/wp-content\/uploads\/2024\/04\/ambientalitas-e1715552774254.jpg?resize=700%2C400&ssl=1 2x"},"classes":[]},{"id":4486,"url":"https:\/\/www.grieta.org.mx\/index.php\/2016\/06\/10\/protestas-ante-devastacion-provocada-por-malecon-tajamar-quintana-roo\/","url_meta":{"origin":48215,"position":2},"title":"Protestas ante devastaci\u00f3n provocada por Malec\u00f3n Tajamar (Quintana Roo)","author":"grieta","date":"10 junio, 2016","format":false,"excerpt":"10\/06\/16. Afrenta para Canc\u00fan aval de Profepa a Fonatur por destrucci\u00f3n en TajamarMarcrixnoticias 07\/06\/16. No hay delito ambiental en Tajamar Canc\u00fan resolvi\u00f3 la Profepa. El Fonatur actu\u00f3 apegado a lo autorizado por SemarnatNoticaribeNews 12\/04\/16. Ignoran 7 mil denuncias por TajamarLuces del Siglo 11\/02\/16. Defensores del Tajamar se dividen, desconocen a\u2026","rel":"","context":"En &quot;NOTICIAS NACIONALES&quot;","block_context":{"text":"NOTICIAS NACIONALES","link":"https:\/\/www.grieta.org.mx\/index.php\/category\/noticias-nacionales\/"},"img":{"alt_text":"","src":"https:\/\/i0.wp.com\/www.grieta.org.mx\/wp-content\/uploads\/2018\/03\/14524434_1106112876131411_958039263622046936_o.jpg?resize=350%2C200&ssl=1","width":350,"height":200,"srcset":"https:\/\/i0.wp.com\/www.grieta.org.mx\/wp-content\/uploads\/2018\/03\/14524434_1106112876131411_958039263622046936_o.jpg?resize=350%2C200&ssl=1 1x, https:\/\/i0.wp.com\/www.grieta.org.mx\/wp-content\/uploads\/2018\/03\/14524434_1106112876131411_958039263622046936_o.jpg?resize=525%2C300&ssl=1 1.5x, https:\/\/i0.wp.com\/www.grieta.org.mx\/wp-content\/uploads\/2018\/03\/14524434_1106112876131411_958039263622046936_o.jpg?resize=700%2C400&ssl=1 2x"},"classes":[]},{"id":5033,"url":"https:\/\/www.grieta.org.mx\/index.php\/2016\/01\/20\/mexico-denuncian-destruccion-en-emblematica-laguna-de-cancun\/","url_meta":{"origin":48215,"position":3},"title":"M\u00e9xico: denuncian destrucci\u00f3n en emblem\u00e1tica laguna de Canc\u00fan","author":"grieta","date":"20 enero, 2016","format":false,"excerpt":"Juan Paullier BBC Mundo, Ciudad de M\u00e9xico (@juanpaullier) 20 enero 2016 Organizaciones civiles en Canc\u00fan denuncian la destrucci\u00f3n total de una zona de manglar en una emblem\u00e1tica laguna de ese centro tur\u00edstico en el Caribe mexicano. De acuerdo a la organizaci\u00f3n Salvemos Manglar Tajamar, creada para aunar esfuerzos en torno\u2026","rel":"","context":"En &quot;CINTILLO&quot;","block_context":{"text":"CINTILLO","link":"https:\/\/www.grieta.org.mx\/index.php\/category\/cintillo\/"},"img":{"alt_text":"","src":"https:\/\/i0.wp.com\/www.grieta.org.mx\/wp-content\/uploads\/2018\/03\/14524434_1106112876131411_958039263622046936_o.jpg?resize=350%2C200&ssl=1","width":350,"height":200,"srcset":"https:\/\/i0.wp.com\/www.grieta.org.mx\/wp-content\/uploads\/2018\/03\/14524434_1106112876131411_958039263622046936_o.jpg?resize=350%2C200&ssl=1 1x, https:\/\/i0.wp.com\/www.grieta.org.mx\/wp-content\/uploads\/2018\/03\/14524434_1106112876131411_958039263622046936_o.jpg?resize=525%2C300&ssl=1 1.5x, https:\/\/i0.wp.com\/www.grieta.org.mx\/wp-content\/uploads\/2018\/03\/14524434_1106112876131411_958039263622046936_o.jpg?resize=700%2C400&ssl=1 2x"},"classes":[]},{"id":5029,"url":"https:\/\/www.grieta.org.mx\/index.php\/2016\/01\/25\/impulsan-estacion-naviera-en-tajamar\/","url_meta":{"origin":48215,"position":4},"title":"Impulsan estaci\u00f3n naviera en Tajamar","author":"grieta","date":"25 enero, 2016","format":false,"excerpt":"Por Agustin Ambriz M\u00e9xico 25 Enero 2016 Se asocia Roberto Borge con la empresa de barcos Ultramar y Apuestan echar abajo proyecto original de Fonatur Canc\u00fan 25 Enero.- Detr\u00e1s del conflicto por los terrenos devastados de Malec\u00f3n Tajamar, se oculta la pretensi\u00f3n del gobierno de Roberto Borge Angulo de echar\u2026","rel":"","context":"En &quot;CINTILLO&quot;","block_context":{"text":"CINTILLO","link":"https:\/\/www.grieta.org.mx\/index.php\/category\/cintillo\/"},"img":{"alt_text":"","src":"https:\/\/i0.wp.com\/www.grieta.org.mx\/wp-content\/uploads\/2018\/03\/14524434_1106112876131411_958039263622046936_o.jpg?resize=350%2C200&ssl=1","width":350,"height":200,"srcset":"https:\/\/i0.wp.com\/www.grieta.org.mx\/wp-content\/uploads\/2018\/03\/14524434_1106112876131411_958039263622046936_o.jpg?resize=350%2C200&ssl=1 1x, https:\/\/i0.wp.com\/www.grieta.org.mx\/wp-content\/uploads\/2018\/03\/14524434_1106112876131411_958039263622046936_o.jpg?resize=525%2C300&ssl=1 1.5x, https:\/\/i0.wp.com\/www.grieta.org.mx\/wp-content\/uploads\/2018\/03\/14524434_1106112876131411_958039263622046936_o.jpg?resize=700%2C400&ssl=1 2x"},"classes":[]},{"id":5036,"url":"https:\/\/www.grieta.org.mx\/index.php\/2016\/01\/16\/cancun-despierta-devastan-malecon-tajamar-en-la-madrugada-y-con-proteccion-de-granaderos-entran-con-maquinaria-para-rellenar-manglar\/","url_meta":{"origin":48215,"position":5},"title":"\u201c\u00a1Canc\u00fan, Despierta!\u201d | Devastan Malec\u00f3n Tajamar: En la madrugada y con protecci\u00f3n de granaderos, entran con maquinaria para rellenar manglar","author":"grieta","date":"16 enero, 2016","format":false,"excerpt":"CANC\u00daN, MX.- En la oscuridad de la noche, como los delincuentes, con protecci\u00f3n de decenas de granaderos del gobierno municipal de Paul Carrillo y de la polic\u00eda estatal de Roberto Borge, la madrugada de este s\u00e1bado, maquinaria pesada y volquetes ingresaron a los terrenos del Malec\u00f3n Tajamar y empezaron a\u2026","rel":"","context":"En &quot;CINTILLO&quot;","block_context":{"text":"CINTILLO","link":"https:\/\/www.grieta.org.mx\/index.php\/category\/cintillo\/"},"img":{"alt_text":"","src":"https:\/\/i0.wp.com\/www.grieta.org.mx\/wp-content\/uploads\/2018\/03\/14524434_1106112876131411_958039263622046936_o.jpg?resize=350%2C200&ssl=1","width":350,"height":200,"srcset":"https:\/\/i0.wp.com\/www.grieta.org.mx\/wp-content\/uploads\/2018\/03\/14524434_1106112876131411_958039263622046936_o.jpg?resize=350%2C200&ssl=1 1x, https:\/\/i0.wp.com\/www.grieta.org.mx\/wp-content\/uploads\/2018\/03\/14524434_1106112876131411_958039263622046936_o.jpg?resize=525%2C300&ssl=1 1.5x, https:\/\/i0.wp.com\/www.grieta.org.mx\/wp-content\/uploads\/2018\/03\/14524434_1106112876131411_958039263622046936_o.jpg?resize=700%2C400&ssl=1 2x"},"classes":[]}],"_links":{"self":[{"href":"https:\/\/www.grieta.org.mx\/index.php\/wp-json\/wp\/v2\/posts\/48215","targetHints":{"allow":["GET"]}}],"collection":[{"href":"https:\/\/www.grieta.org.mx\/index.php\/wp-json\/wp\/v2\/posts"}],"about":[{"href":"https:\/\/www.grieta.org.mx\/index.php\/wp-json\/wp\/v2\/types\/post"}],"author":[{"embeddable":true,"href":"https:\/\/www.grieta.org.mx\/index.php\/wp-json\/wp\/v2\/users\/2"}],"replies":[{"embeddable":true,"href":"https:\/\/www.grieta.org.mx\/index.php\/wp-json\/wp\/v2\/comments?post=48215"}],"version-history":[{"count":1,"href":"https:\/\/www.grieta.org.mx\/index.php\/wp-json\/wp\/v2\/posts\/48215\/revisions"}],"predecessor-version":[{"id":48217,"href":"https:\/\/www.grieta.org.mx\/index.php\/wp-json\/wp\/v2\/posts\/48215\/revisions\/48217"}],"wp:featuredmedia":[{"embeddable":true,"href":"https:\/\/www.grieta.org.mx\/index.php\/wp-json\/wp\/v2\/media\/48216"}],"wp:attachment":[{"href":"https:\/\/www.grieta.org.mx\/index.php\/wp-json\/wp\/v2\/media?parent=48215"}],"wp:term":[{"taxonomy":"category","embeddable":true,"href":"https:\/\/www.grieta.org.mx\/index.php\/wp-json\/wp\/v2\/categories?post=48215"},{"taxonomy":"post_tag","embeddable":true,"href":"https:\/\/www.grieta.org.mx\/index.php\/wp-json\/wp\/v2\/tags?post=48215"}],"curies":[{"name":"wp","href":"https:\/\/api.w.org\/{rel}","templated":true}]}}