{"id":48193,"date":"2020-04-21T15:32:04","date_gmt":"2020-04-21T20:32:04","guid":{"rendered":"http:\/\/www.grieta.org.mx\/?p=48193"},"modified":"2020-04-24T15:37:22","modified_gmt":"2020-04-24T20:37:22","slug":"doctora-en-coahuila-gana-amparo-contra-el-imss-por-covid-19","status":"publish","type":"post","link":"https:\/\/www.grieta.org.mx\/index.php\/2020\/04\/21\/doctora-en-coahuila-gana-amparo-contra-el-imss-por-covid-19\/","title":{"rendered":"Doctora en Coahuila gana amparo contra el IMSS por covid-19"},"content":{"rendered":"<p><strong>Un juez le concedi\u00f3 garant\u00edas de licencia con goce de sueldo hasta que el Instituto acredite que se le proporciona equipo suficiente de protecci\u00f3n en su desempe\u00f1o.<\/strong><\/p>\n<p><img loading=\"lazy\" decoding=\"async\" data-attachment-id=\"48194\" data-permalink=\"https:\/\/www.grieta.org.mx\/index.php\/2020\/04\/21\/doctora-en-coahuila-gana-amparo-contra-el-imss-por-covid-19\/la-oferta-de-empleo-crecio\/\" data-orig-file=\"https:\/\/www.grieta.org.mx\/wp-content\/uploads\/2020\/04\/la-oferta-de-empleo-crecio.jpeg\" data-orig-size=\"958,596\" data-comments-opened=\"0\" data-image-meta=\"{&quot;aperture&quot;:&quot;0&quot;,&quot;credit&quot;:&quot;&quot;,&quot;camera&quot;:&quot;&quot;,&quot;caption&quot;:&quot;&quot;,&quot;created_timestamp&quot;:&quot;0&quot;,&quot;copyright&quot;:&quot;&quot;,&quot;focal_length&quot;:&quot;0&quot;,&quot;iso&quot;:&quot;0&quot;,&quot;shutter_speed&quot;:&quot;0&quot;,&quot;title&quot;:&quot;&quot;,&quot;orientation&quot;:&quot;0&quot;}\" data-image-title=\"la-oferta-de-empleo-crecio\" data-image-description=\"\" data-image-caption=\"\" data-medium-file=\"https:\/\/www.grieta.org.mx\/wp-content\/uploads\/2020\/04\/la-oferta-de-empleo-crecio-300x187.jpeg\" data-large-file=\"https:\/\/www.grieta.org.mx\/wp-content\/uploads\/2020\/04\/la-oferta-de-empleo-crecio.jpeg\" class=\"aligncenter wp-image-48194\" src=\"http:\/\/www.grieta.org.mx\/wp-content\/uploads\/2020\/04\/la-oferta-de-empleo-crecio.jpeg\" alt=\"\" width=\"800\" height=\"498\" srcset=\"https:\/\/www.grieta.org.mx\/wp-content\/uploads\/2020\/04\/la-oferta-de-empleo-crecio.jpeg 958w, https:\/\/www.grieta.org.mx\/wp-content\/uploads\/2020\/04\/la-oferta-de-empleo-crecio-300x187.jpeg 300w, https:\/\/www.grieta.org.mx\/wp-content\/uploads\/2020\/04\/la-oferta-de-empleo-crecio-768x478.jpeg 768w, https:\/\/www.grieta.org.mx\/wp-content\/uploads\/2020\/04\/la-oferta-de-empleo-crecio-804x500.jpeg 804w\" sizes=\"auto, (max-width: 800px) 100vw, 800px\" \/><\/p>\n<p>Jessica Rosales\/ MILENIO<br \/>\nAcu\u00f1a, Coahuila \/ 21.04.2020 16:48:19<\/p>\n<p>Al demandar que no se le ha proporcionado el equipo ni insumos necesarios por parte del IMSS para evitar un contagio por covid-19 en el desempe\u00f1o de su labor, la doctora Azalea Citlali Castro Hern\u00e1ndez, interpuso un amparo para evitar presentarse a trabajar hasta que se le garantice protecci\u00f3n, mismo que le fue concedido por un juez. La doctora, originaria del municipio de Acu\u00f1a, Coahuila, obtuvo una resoluci\u00f3n a su favor por parte del Juez tercero de distrito en el estado con residencia en Piedras Negras, Juan Marcos D\u00e1vila Rangel, que representa el primer precedente en el pa\u00eds de este tipo. De esta forma se le concedi\u00f3 la suspensi\u00f3n de plano y con efecto inmediato para que no la obliguen a asistir a trabajar hasta que el gobierno federal garantice que cuenta con el equipamiento y las medidas de seguridad y protecci\u00f3n para el desempe\u00f1o de su funci\u00f3n, adem\u00e1s de que continuar\u00e1 percibiendo su sueldo al 100 por ciento. \u201cDebe garantizarse que perciba el sueldo respectivo, ya que el tomar en cuenta que sus menores hijos, pertenecen a un grupo vulnerable se puede traducir en el contagio del virus SARS-Cov2 (covid-19) e incluso en la propagaci\u00f3n en el territorio mexicano, con lo que resultar\u00eda imposible restituir a la parte quejosa en el disfrute del derecho humano a la salud y a la vida\u201d, destaca el documento. A la par de trabajar en el Instituto Mexicano del Seguro Social, la doctora est\u00e1 al frente de la direcci\u00f3n de Salud del Ayuntamiento de Acu\u00f1a, y debido a que el Instituto no ha emitido una respuesta, seg\u00fan especialistas en derecho consideran que podr\u00eda \u00e9ste ser un factor para determinar que se encuentra expuesta por otras v\u00edas. De acuerdo al resolutivo \u201cSe le permite no presentarse a laborar si no cuenta con el equipo m\u00e9dico apropiado para evitar pueda contagiarse, sin que ello implique un descuento por ausencia, pues debe garantizarse que perciba el sueldo respectivo\u201d. CALE <\/p>\n<p><a href=\"https:\/\/www.milenio.com\/estados\/coronavirus-coahuila-doctora-acuna-gana-amparo-imss\" rel=\"noopener noreferrer\" target=\"_blank\">https:\/\/www.milenio.com\/estados\/coronavirus-coahuila-doctora-acuna-gana-amparo-imss<\/a><\/p>\n","protected":false},"excerpt":{"rendered":"<p>Un juez le concedi\u00f3 garant\u00edas de licencia con goce de sueldo hasta que el Instituto acredite que se le proporciona equipo suficiente de protecci\u00f3n en su desempe\u00f1o. Jessica Rosales\/ MILENIO &hellip; <a href=\"https:\/\/www.grieta.org.mx\/index.php\/2020\/04\/21\/doctora-en-coahuila-gana-amparo-contra-el-imss-por-covid-19\/\" class=\"more-link\">Leer m\u00e1s<\/a><\/p>\n","protected":false},"author":2,"featured_media":48194,"comment_status":"closed","ping_status":"closed","sticky":false,"template":"","format":"standard","meta":{"ngg_post_thumbnail":0,"_jetpack_newsletter_access":"","_jetpack_dont_email_post_to_subs":false,"_jetpack_newsletter_tier_id":0,"_jetpack_memberships_contains_paywalled_content":false,"_jetpack_memberships_contains_paid_content":false,"footnotes":""},"categories":[80,419,3240,918,2,83],"tags":[384,3241,3321,3322,166,640],"class_list":["post-48193","post","type-post","status-publish","format-standard","has-post-thumbnail","hentry","category-cintillo","category-coahuila","category-covid-19-en-coahuila","category-privatizacion-del-sector-salud","category-noticias-nacionales","category-temas-nacionales","tag-amparo","tag-covid-19","tag-escasez-de-insumos","tag-hospitales","tag-imss","tag-medicos","entry"],"jetpack_featured_media_url":"https:\/\/www.grieta.org.mx\/wp-content\/uploads\/2020\/04\/la-oferta-de-empleo-crecio.jpeg","jetpack_sharing_enabled":true,"jetpack_shortlink":"https:\/\/wp.me\/p7ZJR4-cxj","jetpack_likes_enabled":false,"jetpack-related-posts":[{"id":47339,"url":"https:\/\/www.grieta.org.mx\/index.php\/2020\/04\/06\/en-monclova-mueren-doctora-y-padre-de-reportera-sospechoso-de-covid-19-coahuila\/","url_meta":{"origin":48193,"position":0},"title":"En Monclova, mueren doctora y padre de reportera, sospechoso de COVID-19 (Coahuila)","author":"grieta","date":"6 abril, 2020","format":false,"excerpt":"VANGUARDIA MX Aunque la neumon\u00eda fue la causa del fallecimiento de la m\u00e9dico, su hermana exigi\u00f3 a trav\u00e9s de una publicaci\u00f3n, aplicar al cuerpo la prueba de COVID-19 y que esclarezca la situaci\u00f3n de su muerte Luego de la ola de contagios de coronavirus que padeci\u00f3 el Hospital General de\u2026","rel":"","context":"En &quot;Coahuila&quot;","block_context":{"text":"Coahuila","link":"https:\/\/www.grieta.org.mx\/index.php\/category\/noticias-nacionales\/coahuila\/"},"img":{"alt_text":"","src":"https:\/\/i0.wp.com\/www.grieta.org.mx\/wp-content\/uploads\/2020\/04\/dscn3544-1_0_0.jpg?resize=350%2C200&ssl=1","width":350,"height":200,"srcset":"https:\/\/i0.wp.com\/www.grieta.org.mx\/wp-content\/uploads\/2020\/04\/dscn3544-1_0_0.jpg?resize=350%2C200&ssl=1 1x, https:\/\/i0.wp.com\/www.grieta.org.mx\/wp-content\/uploads\/2020\/04\/dscn3544-1_0_0.jpg?resize=525%2C300&ssl=1 1.5x, https:\/\/i0.wp.com\/www.grieta.org.mx\/wp-content\/uploads\/2020\/04\/dscn3544-1_0_0.jpg?resize=700%2C400&ssl=1 2x"},"classes":[]},{"id":47346,"url":"https:\/\/www.grieta.org.mx\/index.php\/2020\/04\/03\/piden-enfermeros-de-hospital-general-de-monclova-se-les-realicen-pruebas-de-covid-19-coahuila\/","url_meta":{"origin":48193,"position":1},"title":"Piden enfermeros de Hospital General de Monclova se les realicen pruebas de COVID-19 (Coahuila)","author":"grieta","date":"3 abril, 2020","format":false,"excerpt":"Lidiet Mexicano\/ VANGUARDIA MX S\u00f3lo autorizaron 25 pruebas para el equipo de enfermeros y algunos m\u00e9dicos Al haber estado en contacto con dos pacientes portadores de COVID-19, personal de enfermer\u00eda del Hospital General Amparo Pape de Benavides se manifest\u00f3 al exterior del nosocomio para exigir a la Secretar\u00eda de Salud\u2026","rel":"","context":"En &quot;CINTILLO&quot;","block_context":{"text":"CINTILLO","link":"https:\/\/www.grieta.org.mx\/index.php\/category\/cintillo\/"},"img":{"alt_text":"","src":"https:\/\/i0.wp.com\/www.grieta.org.mx\/wp-content\/uploads\/2020\/04\/f6ad8a28-19cc-42a8-b195-0ead6f5d8044.jpg?resize=350%2C200&ssl=1","width":350,"height":200,"srcset":"https:\/\/i0.wp.com\/www.grieta.org.mx\/wp-content\/uploads\/2020\/04\/f6ad8a28-19cc-42a8-b195-0ead6f5d8044.jpg?resize=350%2C200&ssl=1 1x, https:\/\/i0.wp.com\/www.grieta.org.mx\/wp-content\/uploads\/2020\/04\/f6ad8a28-19cc-42a8-b195-0ead6f5d8044.jpg?resize=525%2C300&ssl=1 1.5x, https:\/\/i0.wp.com\/www.grieta.org.mx\/wp-content\/uploads\/2020\/04\/f6ad8a28-19cc-42a8-b195-0ead6f5d8044.jpg?resize=700%2C400&ssl=1 2x"},"classes":[]},{"id":47482,"url":"https:\/\/www.grieta.org.mx\/index.php\/2020\/04\/08\/rinden-homenaje-a-medicos-fallecidos-por-el-coronavirus-monclova-coahuila\/","url_meta":{"origin":48193,"position":2},"title":"Rinden homenaje a m\u00e9dicos fallecidos por el Coronavirus (Monclova, Coahuila)","author":"grieta","date":"8 abril, 2020","format":false,"excerpt":"Roberto Ortiz\/ EL TIEMPO Con tristeza, con enojo, con sentimientos encontrados, personal de la Cl\u00ednica 7 del IMSS, realizaron un peque\u00f1o pero emotivo homenaje post mortem a sus compa\u00f1eros Elisa Amaya y Walberto Reyes, ambos fallecidos al ser contagiados de coronavirus y considerarlos como v\u00edctimas de la irresponsabilidad de directivos\u2026","rel":"","context":"En &quot;CINTILLO&quot;","block_context":{"text":"CINTILLO","link":"https:\/\/www.grieta.org.mx\/index.php\/category\/cintillo\/"},"img":{"alt_text":"","src":"https:\/\/i0.wp.com\/www.grieta.org.mx\/wp-content\/uploads\/2020\/04\/11-copia-1.jpg?resize=350%2C200&ssl=1","width":350,"height":200,"srcset":"https:\/\/i0.wp.com\/www.grieta.org.mx\/wp-content\/uploads\/2020\/04\/11-copia-1.jpg?resize=350%2C200&ssl=1 1x, https:\/\/i0.wp.com\/www.grieta.org.mx\/wp-content\/uploads\/2020\/04\/11-copia-1.jpg?resize=525%2C300&ssl=1 1.5x, https:\/\/i0.wp.com\/www.grieta.org.mx\/wp-content\/uploads\/2020\/04\/11-copia-1.jpg?resize=700%2C400&ssl=1 2x"},"classes":[]},{"id":47444,"url":"https:\/\/www.grieta.org.mx\/index.php\/2020\/04\/07\/piden-insumos-para-clinica-18-del-imss-en-torreon-coahuila\/","url_meta":{"origin":48193,"position":3},"title":"Piden insumos para Cl\u00ednica 18 del IMSS en Torre\u00f3n (Coahuila)","author":"grieta","date":"7 abril, 2020","format":false,"excerpt":"Beatriz Silva\/ EL SIGLO DE TORRE\u00d3N Al haberse ya asignado como hospital para COVID-19, personal de la cl\u00ednica 18 del Instituto Mexicano del Seguro Social (IMSS) se encuentra temeroso en el tema de los insumos. Aunque se\u00f1alan que s\u00ed hay material, les preocupa que no se den abasto, por lo\u2026","rel":"","context":"En &quot;Coahuila&quot;","block_context":{"text":"Coahuila","link":"https:\/\/www.grieta.org.mx\/index.php\/category\/noticias-nacionales\/coahuila\/"},"img":{"alt_text":"","src":"https:\/\/i0.wp.com\/www.grieta.org.mx\/wp-content\/uploads\/2020\/04\/1297319.jpeg?resize=350%2C200&ssl=1","width":350,"height":200,"srcset":"https:\/\/i0.wp.com\/www.grieta.org.mx\/wp-content\/uploads\/2020\/04\/1297319.jpeg?resize=350%2C200&ssl=1 1x, https:\/\/i0.wp.com\/www.grieta.org.mx\/wp-content\/uploads\/2020\/04\/1297319.jpeg?resize=525%2C300&ssl=1 1.5x, https:\/\/i0.wp.com\/www.grieta.org.mx\/wp-content\/uploads\/2020\/04\/1297319.jpeg?resize=700%2C400&ssl=1 2x"},"classes":[]},{"id":50290,"url":"https:\/\/www.grieta.org.mx\/index.php\/2020\/06\/02\/cinco-enfermeras-del-imss-se-amparan-para-recibir-equipo-de-proteccion-por-covid-19-baja-california\/","url_meta":{"origin":48193,"position":4},"title":"Cinco enfermeras del IMSS se amparan para recibir equipo de protecci\u00f3n por COVID-19 (Baja California)","author":"grieta","date":"2 junio, 2020","format":false,"excerpt":"Zeta Tijuana \/ Eduardo Villa Lugo. Un grupo de enfermeras de la cl\u00ednica 31 del Instituto Mexicano del Seguro Social (IMSS) de Mexicali, tuvo que recurrir al amparo de la justicia federal, para que se les otorgara todo el equipo de protecci\u00f3n contra el COVID-19. La demanda de amparo 350\/2020,\u2026","rel":"","context":"En &quot;Baja California&quot;","block_context":{"text":"Baja California","link":"https:\/\/www.grieta.org.mx\/index.php\/category\/noticias-nacionales\/baja-california\/"},"img":{"alt_text":"","src":"https:\/\/i0.wp.com\/www.grieta.org.mx\/wp-content\/uploads\/2018\/03\/14524434_1106112876131411_958039263622046936_o.jpg?resize=350%2C200&ssl=1","width":350,"height":200,"srcset":"https:\/\/i0.wp.com\/www.grieta.org.mx\/wp-content\/uploads\/2018\/03\/14524434_1106112876131411_958039263622046936_o.jpg?resize=350%2C200&ssl=1 1x, https:\/\/i0.wp.com\/www.grieta.org.mx\/wp-content\/uploads\/2018\/03\/14524434_1106112876131411_958039263622046936_o.jpg?resize=525%2C300&ssl=1 1.5x, https:\/\/i0.wp.com\/www.grieta.org.mx\/wp-content\/uploads\/2018\/03\/14524434_1106112876131411_958039263622046936_o.jpg?resize=700%2C400&ssl=1 2x"},"classes":[]},{"id":49803,"url":"https:\/\/www.grieta.org.mx\/index.php\/2020\/05\/18\/medicos-luchan-en-tribunales-por-falta-de-insumos\/","url_meta":{"origin":48193,"position":5},"title":"M\u00e9dicos luchan en tribunales por falta de insumos","author":"grieta","date":"18 mayo, 2020","format":false,"excerpt":"Foto: Mauricio Huizar Pablo Reyes \/ El Sol de M\u00e9xico Las acusaciones por falta de equipo seguro para tratar a pacientes con Covid-19 y la exigencia de trabajadores vulnerables para quedar fuera del campo de batalla han llevado a institutos de salud p\u00fablica de todo el pa\u00eds y personal m\u00e9dicos\u2026","rel":"","context":"En &quot;CINTILLO&quot;","block_context":{"text":"CINTILLO","link":"https:\/\/www.grieta.org.mx\/index.php\/category\/cintillo\/"},"img":{"alt_text":"","src":"https:\/\/i0.wp.com\/www.grieta.org.mx\/wp-content\/uploads\/2020\/05\/MEDICOS-LUCHAN-EN-TRIBUNAL-mauricio-huizar-1.jpg?resize=350%2C200&ssl=1","width":350,"height":200,"srcset":"https:\/\/i0.wp.com\/www.grieta.org.mx\/wp-content\/uploads\/2020\/05\/MEDICOS-LUCHAN-EN-TRIBUNAL-mauricio-huizar-1.jpg?resize=350%2C200&ssl=1 1x, https:\/\/i0.wp.com\/www.grieta.org.mx\/wp-content\/uploads\/2020\/05\/MEDICOS-LUCHAN-EN-TRIBUNAL-mauricio-huizar-1.jpg?resize=525%2C300&ssl=1 1.5x, https:\/\/i0.wp.com\/www.grieta.org.mx\/wp-content\/uploads\/2020\/05\/MEDICOS-LUCHAN-EN-TRIBUNAL-mauricio-huizar-1.jpg?resize=700%2C400&ssl=1 2x"},"classes":[]}],"_links":{"self":[{"href":"https:\/\/www.grieta.org.mx\/index.php\/wp-json\/wp\/v2\/posts\/48193","targetHints":{"allow":["GET"]}}],"collection":[{"href":"https:\/\/www.grieta.org.mx\/index.php\/wp-json\/wp\/v2\/posts"}],"about":[{"href":"https:\/\/www.grieta.org.mx\/index.php\/wp-json\/wp\/v2\/types\/post"}],"author":[{"embeddable":true,"href":"https:\/\/www.grieta.org.mx\/index.php\/wp-json\/wp\/v2\/users\/2"}],"replies":[{"embeddable":true,"href":"https:\/\/www.grieta.org.mx\/index.php\/wp-json\/wp\/v2\/comments?post=48193"}],"version-history":[{"count":1,"href":"https:\/\/www.grieta.org.mx\/index.php\/wp-json\/wp\/v2\/posts\/48193\/revisions"}],"predecessor-version":[{"id":48195,"href":"https:\/\/www.grieta.org.mx\/index.php\/wp-json\/wp\/v2\/posts\/48193\/revisions\/48195"}],"wp:featuredmedia":[{"embeddable":true,"href":"https:\/\/www.grieta.org.mx\/index.php\/wp-json\/wp\/v2\/media\/48194"}],"wp:attachment":[{"href":"https:\/\/www.grieta.org.mx\/index.php\/wp-json\/wp\/v2\/media?parent=48193"}],"wp:term":[{"taxonomy":"category","embeddable":true,"href":"https:\/\/www.grieta.org.mx\/index.php\/wp-json\/wp\/v2\/categories?post=48193"},{"taxonomy":"post_tag","embeddable":true,"href":"https:\/\/www.grieta.org.mx\/index.php\/wp-json\/wp\/v2\/tags?post=48193"}],"curies":[{"name":"wp","href":"https:\/\/api.w.org\/{rel}","templated":true}]}}