{"id":48189,"date":"2020-04-05T14:52:41","date_gmt":"2020-04-05T19:52:41","guid":{"rendered":"http:\/\/www.grieta.org.mx\/?p=48189"},"modified":"2020-04-24T15:03:44","modified_gmt":"2020-04-24T20:03:44","slug":"mexico-detuvo-arbitrariamente-a-dos-migrantes-y-debe-pagarles-una-indemnizacion-onu","status":"publish","type":"post","link":"https:\/\/www.grieta.org.mx\/index.php\/2020\/04\/05\/mexico-detuvo-arbitrariamente-a-dos-migrantes-y-debe-pagarles-una-indemnizacion-onu\/","title":{"rendered":"M\u00e9xico detuvo arbitrariamente a dos migrantes y debe pagarles una indemnizaci\u00f3n: ONU"},"content":{"rendered":"<p><strong>Dos hombres detenidos en 2015 y 2016 y pasaron un a\u00f1o y nueve meses de encierro, respectivamente. M\u00e9xico debe pagarles una indemnizaci\u00f3n.<\/strong><\/p>\n<figure id=\"attachment_48190\" aria-describedby=\"caption-attachment-48190\" style=\"width: 800px\" class=\"wp-caption aligncenter\"><img loading=\"lazy\" decoding=\"async\" data-attachment-id=\"48190\" data-permalink=\"https:\/\/www.grieta.org.mx\/index.php\/2020\/04\/05\/mexico-detuvo-arbitrariamente-a-dos-migrantes-y-debe-pagarles-una-indemnizacion-onu\/cuartoscuro_740480_digital-e1586054700823\/\" data-orig-file=\"https:\/\/www.grieta.org.mx\/wp-content\/uploads\/2020\/04\/cuartoscuro_740480_digital-e1586054700823.jpeg\" data-orig-size=\"1905,1276\" data-comments-opened=\"0\" data-image-meta=\"{&quot;aperture&quot;:&quot;0&quot;,&quot;credit&quot;:&quot;&quot;,&quot;camera&quot;:&quot;&quot;,&quot;caption&quot;:&quot;&quot;,&quot;created_timestamp&quot;:&quot;0&quot;,&quot;copyright&quot;:&quot;&quot;,&quot;focal_length&quot;:&quot;0&quot;,&quot;iso&quot;:&quot;0&quot;,&quot;shutter_speed&quot;:&quot;0&quot;,&quot;title&quot;:&quot;&quot;,&quot;orientation&quot;:&quot;0&quot;}\" data-image-title=\"cuartoscuro_740480_digital-e1586054700823\" data-image-description=\"\" data-image-caption=\"&lt;p&gt;FOTO: ISABEL MATEOS \/CUARTOSCURO.COM&lt;\/p&gt;\n\" data-medium-file=\"https:\/\/www.grieta.org.mx\/wp-content\/uploads\/2020\/04\/cuartoscuro_740480_digital-e1586054700823-300x201.jpeg\" data-large-file=\"https:\/\/www.grieta.org.mx\/wp-content\/uploads\/2020\/04\/cuartoscuro_740480_digital-e1586054700823-1024x686.jpeg\" class=\"wp-image-48190\" src=\"http:\/\/www.grieta.org.mx\/wp-content\/uploads\/2020\/04\/cuartoscuro_740480_digital-e1586054700823.jpeg\" alt=\"\" width=\"800\" height=\"536\" srcset=\"https:\/\/www.grieta.org.mx\/wp-content\/uploads\/2020\/04\/cuartoscuro_740480_digital-e1586054700823.jpeg 1905w, https:\/\/www.grieta.org.mx\/wp-content\/uploads\/2020\/04\/cuartoscuro_740480_digital-e1586054700823-300x201.jpeg 300w, https:\/\/www.grieta.org.mx\/wp-content\/uploads\/2020\/04\/cuartoscuro_740480_digital-e1586054700823-768x514.jpeg 768w, https:\/\/www.grieta.org.mx\/wp-content\/uploads\/2020\/04\/cuartoscuro_740480_digital-e1586054700823-1024x686.jpeg 1024w, https:\/\/www.grieta.org.mx\/wp-content\/uploads\/2020\/04\/cuartoscuro_740480_digital-e1586054700823-746x500.jpeg 746w\" sizes=\"auto, (max-width: 800px) 100vw, 800px\" \/><figcaption id=\"caption-attachment-48190\" class=\"wp-caption-text\">FOTO: ISABEL MATEOS \/CUARTOSCURO.COM<\/figcaption><\/figure>\n<p>Alberto Pradilla\/ ANIMAL POL\u00cdTICO<\/p>\n<p>Jos\u00e9 de la Paz Ferman Cruz, de 58 a\u00f1os, huy\u00f3 de Anamor\u00f3s, departamento de La Uni\u00f3n, en El Salvador en 2015. \u201cMe persegu\u00edan para matarme. Mataron a mi madre y violaron a mi hija de doce a\u00f1os\u201d, dice. Apenas hab\u00eda puesto un pie en M\u00e9xico cuando fue arrestado por agentes del Instituto Nacional de Migraci\u00f3n (INM) que lo encerraron en la estaci\u00f3n migratoria Siglo XXI. Pidi\u00f3 protecci\u00f3n a la Comisi\u00f3n Mexicana de Ayuda al Refugiado (Comar) y permaneci\u00f3 en cautividad durante casi un a\u00f1o. Ahora el grupo de trabajo de la ONU sobre detenci\u00f3n arbitraria considera que el salvadore\u00f1o fue v\u00edctima de una detenci\u00f3n inmotivada y pide a M\u00e9xico una reparaci\u00f3n del da\u00f1o, as\u00ed como una indemnizaci\u00f3n.<\/p>\n<p>El grupo de trabajo sobre detenci\u00f3n arbitraria, adscrito al Consejo de Derechos Humanos, emiti\u00f3 el 18 de febrero la opini\u00f3n A\/HRC\/WGAD\/2019\/54 en relaci\u00f3n a las quejas de dos extranjeros detenidos en M\u00e9xico. Se trata del salvadore\u00f1o Ferman Cruz y de un ciudadano ruso, Aren Boyazhyan, detenido en Tijuana en 2013.<\/p>\n<p>En ambos casos los expertos de la ONU consideran que se produjo una detenci\u00f3n arbitraria, por lo que instan a M\u00e9xico a conceder \u201cel derecho efectivo a obtener una indemnizaci\u00f3n y otros tipos de reparaci\u00f3n, de conformidad con el derecho internacional\u201d.<\/p>\n<p>\u201cEl Grupo de Trabajo insta al Gobierno a que lleve a cabo una investigaci\u00f3n exhaustiva e independiente de las circunstancias en torno a la privaci\u00f3n arbitraria de libertad de los Sres. Ferman Cruz y Boyazhyan y adopte las medidas pertinentes contra los responsables de la violaci\u00f3n de sus derechos\u201d, dice el documento.<\/p>\n<p>\u201cTendr\u00eda que ser un mensaje para reevaluar la pol\u00edtica migratoria\u201d, dijo Sim\u00f3n Hern\u00e1ndez, acad\u00e9mico de la Ibero en Puebla y el abogado que ha defendido el caso. Se trata de la primera vez que la ONU califica como \u201cdetenci\u00f3n arbitraria\u201d un arresto administrativo contra un migrante.<\/p>\n<p>La opini\u00f3n del grupo de trabajo no es vinculante jur\u00eddicamente, explica Hern\u00e1ndez. Sin embargo, destaca que el gobierno de Andr\u00e9s Manuel L\u00f3pez Obrador, al contrario que sus antecesores, ha cumplido con las recomendaciones llegadas desde instituciones internacionales.<\/p>\n<p>Animal Pol\u00edtico consult\u00f3 con el INM y la secretar\u00eda de Relaciones Exteriores (SRE) pero al cierre de la nota no hab\u00eda recibido respuesta.<\/p>\n<p>Esta recomendaci\u00f3n viene en un momento de tensi\u00f3n en las estaciones migratorias. La pandemia por COVID-19 ha provocado el cierre de fronteras en Centroam\u00e9rica, lo que impide que M\u00e9xico pueda deportar a quien se encuentra en situaci\u00f3n irregular. Al mismo tiempo, se han registrado motines en centros de detenci\u00f3n de Sonora y Tabasco. En este \u00faltimo, un solicitante de asilo de origen guatemalteco muri\u00f3 asfixiado despu\u00e9s de que los internos prendiesen fuego a unos colchones para denunciar su situaci\u00f3n.<\/p>\n<p>La Comisi\u00f3n Nacional de los Derechos Humanos (CNDH) ha emitido diversas recomendaciones para poner fin al hacinamiento y ha denunciado que instalaciones como la de Tenosique, Tabasco, no cumpl\u00edan con los derechos humanos. Adem\u00e1s, instituciones como Acnur, M\u00e9dicos Sin Fronteras o Amnist\u00eda Internacional han solicitado la libertad de los migrantes que se encuentran en detenci\u00f3n administrativa, especialmente en un contexto de pandemia en el que el hacinamiento incrementa el riesgo de contagio.<\/p>\n<p>Denuncias de malos tratos en el centro de detenci\u00f3n<br \/>\nRelata Ferman Cruz es un agricultor salvadore\u00f1o que no fue a la escuela, que nunca aprendi\u00f3 a leer y que ahora est\u00e1 convertido en pastor. Explica en entrevista telef\u00f3nica que sus problemas comenzaron por una propiedad que le vendi\u00f3 su madre. \u201cMe hice enemigos\u201d, dice.<\/p>\n<p>Entre 1980 y 2000, el hombre hab\u00eda vivido en Los \u00c1ngeles y Miami, en Estados Unidos. Es decir, que estuvo fuera durante todo el periodo de la guerra civil, de su pa\u00eds que se extendi\u00f3 entre 1980 y 1992. Con el inicio del siglo, dice que recibi\u00f3 \u201cla llamada de Dios al ministerio\u201d y regres\u00f3 a su pa\u00eds para levantar la Iglesia Restauraci\u00f3n Genice. All\u00ed se hubiese quedado de no ser porque su vida corr\u00eda peligro.<\/p>\n<p>El 10 de octubre de 2015, Ferman Cruz entr\u00f3 en M\u00e9xico. Un d\u00eda despu\u00e9s fue arrestado por el INM en Tapachula. Denuncia las condiciones en las que estaban encerrados los migrantes, en pleno operativo Plan Frontera Sur, aquella iniciativa con la que el gobierno de Enrique Pe\u00f1a Nieto quiso contentar al gobierno de Barack Obama y frenar el flujo migratorio hacia el norte. Algo similar a las pol\u00edticas implementadas actualmente por L\u00f3pez Obrador tras su acuerdo con su hom\u00f3logo estadounidense, Donald Trump.<\/p>\n<p>El salvadore\u00f1o denuncia las malas condiciones en las que se encontraba en el centro de detenci\u00f3n, tanto en Tapachula como en Ciudad de M\u00e9xico.<\/p>\n<p>\u201cApenas te dan de comer, en las celdas hay demasiada gente, uno tiene que estar sentado\u201d, relata.<\/p>\n<p>Seg\u00fan su explicaci\u00f3n, \u00e9l solicit\u00f3 asilo a la Comar, lo que imped\u00eda que fuera deportado. Sin embargo, durante todo el tiempo sufri\u00f3 presiones para que firmase su devoluci\u00f3n voluntaria.<\/p>\n<p>\u201cEst\u00e1 pensado para destruir al migrante. La gente est\u00e1 sufriendo. Lo rega\u00f1an, lo tratan mal, lo pegan\u201d, dijo.<\/p>\n<p>Durante m\u00e1s de un a\u00f1o, entre el 11 de octubre de 2015 y el 8 de noviembre de 2016, Ferman Cruz estuvo peleando su libertad. En este per\u00edodo, seg\u00fan su relato, fueron continuas las amenazas y represalias por parte de funcionarios del INM.<\/p>\n<p><img loading=\"lazy\" decoding=\"async\" data-attachment-id=\"48191\" data-permalink=\"https:\/\/www.grieta.org.mx\/index.php\/2020\/04\/05\/mexico-detuvo-arbitrariamente-a-dos-migrantes-y-debe-pagarles-una-indemnizacion-onu\/mesa-dos\/\" data-orig-file=\"https:\/\/www.grieta.org.mx\/wp-content\/uploads\/2020\/04\/mesa-dos.jpeg\" data-orig-size=\"456,342\" data-comments-opened=\"0\" data-image-meta=\"{&quot;aperture&quot;:&quot;0&quot;,&quot;credit&quot;:&quot;&quot;,&quot;camera&quot;:&quot;&quot;,&quot;caption&quot;:&quot;&quot;,&quot;created_timestamp&quot;:&quot;0&quot;,&quot;copyright&quot;:&quot;&quot;,&quot;focal_length&quot;:&quot;0&quot;,&quot;iso&quot;:&quot;0&quot;,&quot;shutter_speed&quot;:&quot;0&quot;,&quot;title&quot;:&quot;&quot;,&quot;orientation&quot;:&quot;0&quot;}\" data-image-title=\"mesa dos\" data-image-description=\"\" data-image-caption=\"\" data-medium-file=\"https:\/\/www.grieta.org.mx\/wp-content\/uploads\/2020\/04\/mesa-dos-300x225.jpeg\" data-large-file=\"https:\/\/www.grieta.org.mx\/wp-content\/uploads\/2020\/04\/mesa-dos.jpeg\" class=\"aligncenter wp-image-48191\" src=\"http:\/\/www.grieta.org.mx\/wp-content\/uploads\/2020\/04\/mesa-dos.jpeg\" alt=\"\" width=\"800\" height=\"600\" srcset=\"https:\/\/www.grieta.org.mx\/wp-content\/uploads\/2020\/04\/mesa-dos.jpeg 456w, https:\/\/www.grieta.org.mx\/wp-content\/uploads\/2020\/04\/mesa-dos-300x225.jpeg 300w\" sizes=\"auto, (max-width: 800px) 100vw, 800px\" \/><\/p>\n<p>\u201cFue cr\u00edtico. Estaba con puras amenazas de que me iban a matar. Quer\u00edan que firmara deportaci\u00f3n, pero si llegaba a El Salvador no contaba con vida\u201d, dice.<\/p>\n<p>Despu\u00e9s de varios amparos y de solicitar su condici\u00f3n de refugiado insistentemente, el salvadore\u00f1o obtuvo su libertad tras recibir un oficio de Comar. \u201cNo obstante, no se ha reconocido la arbitrariedad de la detenci\u00f3n ni las irregularidades en el proceso\u201d, alegan sus abogados.<\/p>\n<p>Intento de deportaci\u00f3n pese a ser solicitante de asilo<br \/>\nEl caso de Aren Boyazhyan es distinto, aunque tiene las mismas consecuencias. El hombre es originario de Sebastopol, en Crimea, territorio en disputa actualmente bajo administraci\u00f3n rusa pero que Ucrania no reconoce. En 2013 se mud\u00f3 a M\u00e9xico para vivir con su pareja y entr\u00f3 con visa de turista, por lo que se encontraba en situaci\u00f3n irregular. El 16 de marzo de 2016, agentes del INM irrumpieron en su domicilio en Tijuana, Baja California, y lo arrestaron por no tener papeles. A pesar de ser solicitante de asilo y, por lo tanto, no expulsable, tuvo varios intentos de deportaci\u00f3n que \u00e9l eludi\u00f3 neg\u00e1ndose a subir al avi\u00f3n. El 1 de diciembre de 2019 fue reconocido como \u201cap\u00e1trida\u201d y recibi\u00f3 la protecci\u00f3n de Comar.<\/p>\n<p>Su defensa denunci\u00f3 un proceso sin garant\u00edas en el que ni siquiera se tom\u00f3 en cuenta que apenas hablaba espa\u00f1ol y malos tratos por parte de funcionarios del INM.<\/p>\n<p>En sus alegaciones ante el procedimiento extraconvencional del sistema ONU, el gobierno mexicano defendi\u00f3 la actuaci\u00f3n de sus instituciones. \u201cTeniendo en cuenta que la presentaci\u00f3n y alojamiento de los Sres. Ferman Cruz y Boyazhyan se dio en virtud de una base legal, al no contar con documentos que acreditaran su estancia regular en territorio, as\u00ed como que la misma era necesaria, proporcional y razonable, y que incluso ambos peticionarios se encuentran en libertad, el Gobierno solicita que la detenci\u00f3n sea considerada como no arbitraria\u201d, dijo.<\/p>\n<p>\u201cLa Constituci\u00f3n establece que las detenciones administrativas no podr\u00e1n exceder de 36 horas. Sin embargo, la medida de alojamiento prevista en la ley puede ser por 15 d\u00edas o prolongarse, bajo ciertos supuestos, hasta por 60 d\u00edas o de forma indefinida. Se reclama que la suspensi\u00f3n del procedimiento migratorio implique la prolongaci\u00f3n de la detenci\u00f3n, sin estar sujeta a un plazo m\u00e1ximo ni a salvaguardas como la revisi\u00f3n peri\u00f3dica\u201d, argumentaron los abogados de los dos migrantes.<\/p>\n<p>Los razonamientos del gobierno mexicano no convencieron a la instituci\u00f3n internacional.<\/p>\n<p>\u201cSolicitar asilo no es delito\u201d<br \/>\n\u201cEl tema clave a ser analizado en el presente caso es el r\u00e9gimen de privaci\u00f3n administrativa de la libertad de las personas migrantes\u201d, dicen los expertos de la ONU. Es decir, que al margen de los dos casos particulares, estos sirven tambi\u00e9n para analizar la problem\u00e1tico en su conjunto.<\/p>\n<p>\u201cEl Grupo de Trabajo recuerda que las personas migrantes no deben ser privadas de su libertad de manera autom\u00e1tica y obligatoria, mientras que cualquier privaci\u00f3n de la libertad, que excepcionalmente se vaya a imponer, debe estar limitada en el tiempo sin prolongaciones innecesarias. Adem\u00e1s, toda detenci\u00f3n migratoria debe estar sujeta a revisi\u00f3n peri\u00f3dica y a una supervisi\u00f3n judicial adecuada2. En el presente caso, la forma en que se produjo la detenci\u00f3n de las dos personas migrantes demuestra que no se tuvo debidamente en cuenta ninguna alternativa a la privaci\u00f3n de la libertad, por lo que la misma fue impuesta de manera obligatoria\u201d, indica.De este modo, el procedimiento extraconvencional del sistema ONU consider\u00f3 que ambos extranjeros fueron v\u00edctimas de detenci\u00f3n arbitraria. Por eso, instaron al gobierno a compensarles y a pagar una indemnizaci\u00f3n.<\/p>\n<p>Adem\u00e1s, solicit\u00f3 al gobierno que \u201clleve a cabo una investigaci\u00f3n exhaustiva e independiente de las circunstancias en torno a la privaci\u00f3n arbitraria de libertad de los Sres. Ferman Cruz y Boyazhyan y adopte las medidas pertinentes contra los responsables de la violaci\u00f3n de sus derechos\u201d. Por \u00faltimo, remitir\u00e1 el caso al Relator Especial sobre la tortura y otros tratos o penas crueles, inhumanos o degradantes, al Relator Especial sobre el derecho de toda persona al disfrute del m\u00e1s alto nivel posible de salud f\u00edsica y mental y al Relator Especial sobre los derechos humanos de los migrantes.<\/p>\n<p>Ahora, M\u00e9xico deber\u00e1 decir, a trav\u00e9s de la secretar\u00eda de Relaciones Exteriores, si acepta las recomendaciones. En caso de que as\u00ed sea, las dos personas deber\u00edan pasar a la Comisi\u00f3n Ejecutiva de Atenci\u00f3n a las V\u00edctimas, que ser\u00eda la encargada de gestionar sus tr\u00e1mites. Adem\u00e1s, tambi\u00e9n existen amparos en la justicia ordinaria.<\/p>\n<p>\u201cEsto tiene un impacto significativo\u201d, dijo Sim\u00f3n Hern\u00e1ndez, que destac\u00f3 que la opini\u00f3n se centra en \u201clo que ocurre en las estaciones migratorias\u201d. En su opini\u00f3n, decisiones como esta deber\u00edan impactar en las pol\u00edticas del gobierno. \u201cPor un lado habla de derechos humanos pero por otro est\u00e1 deteniendo, deportando, encerrando a menores y separando a familias\u201d, dijo.<\/p>\n<p>Ferman Cruz, por su parte, se mostr\u00f3 cauto. Por un lado, asegur\u00f3 estar satisfecho de que una instituci\u00f3n internacional le de la raz\u00f3n. Pero, por otra, afirm\u00f3 que sigue  sin sentirse seguro en M\u00e9xico, ya que las amenazas siguieron a pesar de haber abandonado la estaci\u00f3n migratoria.<\/p>\n<p>\u201cEl Grupo de Trabajo ha encontrado que la \u00fanica raz\u00f3n por la que los Sres. Ferman Cruz y Boyazhyan fueron detenidos es por su estatus migratorio y por solicitar protecci\u00f3n de conformidad con la ley. En efecto, sus acciones se basaron en intentar disfrutar de sus derechos, como el de solicitar asilo, reflejado en el art\u00edculo 14 de la Declaraci\u00f3n Universal de Derechos Humanos. El Grupo de Trabajo ha afirmado reiteradamente que solicitar asilo no es un delito y no puede ser el \u00fanico motivo de privaci\u00f3n de libertad\u201d, reitera.<\/p>\n<p><a href=\"https:\/\/www.animalpolitico.com\/2020\/04\/mexico-detuvo-apagarles-indemnizacion\/\" rel=\"noopener noreferrer\" target=\"_blank\">https:\/\/www.animalpolitico.com\/2020\/04\/mexico-detuvo-apagarles-indemnizacion\/<\/a><\/p>\n","protected":false},"excerpt":{"rendered":"<p>Dos hombres detenidos en 2015 y 2016 y pasaron un a\u00f1o y nueve meses de encierro, respectivamente. M\u00e9xico debe pagarles una indemnizaci\u00f3n. Alberto Pradilla\/ ANIMAL POL\u00cdTICO Jos\u00e9 de la Paz &hellip; <a href=\"https:\/\/www.grieta.org.mx\/index.php\/2020\/04\/05\/mexico-detuvo-arbitrariamente-a-dos-migrantes-y-debe-pagarles-una-indemnizacion-onu\/\" class=\"more-link\">Leer m\u00e1s<\/a><\/p>\n","protected":false},"author":2,"featured_media":48190,"comment_status":"closed","ping_status":"closed","sticky":false,"template":"","format":"standard","meta":{"ngg_post_thumbnail":0,"_jetpack_newsletter_access":"","_jetpack_dont_email_post_to_subs":false,"_jetpack_newsletter_tier_id":0,"_jetpack_memberships_contains_paywalled_content":false,"_jetpack_memberships_contains_paid_content":false,"footnotes":""},"categories":[80,86,370,83],"tags":[3318,2600,3319,158,3320],"class_list":["post-48189","post","type-post","status-publish","format-standard","has-post-thumbnail","hentry","category-cintillo","category-migrantes","category-migrantes-analisis","category-temas-nacionales","tag-abuso","tag-inm","tag-mexico","tag-migrantes","tag-onu","entry"],"jetpack_featured_media_url":"https:\/\/www.grieta.org.mx\/wp-content\/uploads\/2020\/04\/cuartoscuro_740480_digital-e1586054700823.jpeg","jetpack_sharing_enabled":true,"jetpack_shortlink":"https:\/\/wp.me\/p7ZJR4-cxf","jetpack_likes_enabled":false,"jetpack-related-posts":[{"id":61478,"url":"https:\/\/www.grieta.org.mx\/index.php\/2021\/09\/01\/inm-y-gn-desarticulan-caravana-y-detienen-a-migrantes-en-mapastepec-chiapas\/","url_meta":{"origin":48189,"position":0},"title":"INM y GN desarticulan caravana y detienen a migrantes en Mapastepec, Chiapas","author":"grieta","date":"1 septiembre, 2021","format":false,"excerpt":"Los migrantes de Hait\u00ed, Guatemala, Honduras, Nicaragua, El Salvador y otros pa\u00edses sudamericanos, del Caribe y hasta africanos, hab\u00edan caminado ya 107 kil\u00f3metros desde Tapachula hasta ese punto y esperaban en ese lugar a una segunda caravana que hab\u00eda partido de Tapachula el d\u00eda de ayer lunes. Isa\u00edn Mandujano\/PROCESO TUXTLA\u2026","rel":"","context":"En &quot;CINTILLO&quot;","block_context":{"text":"CINTILLO","link":"https:\/\/www.grieta.org.mx\/index.php\/category\/cintillo\/"},"img":{"alt_text":"","src":"https:\/\/i0.wp.com\/www.grieta.org.mx\/wp-content\/uploads\/2021\/09\/f800x450-141739_193185_5073.jpg?resize=350%2C200&ssl=1","width":350,"height":200,"srcset":"https:\/\/i0.wp.com\/www.grieta.org.mx\/wp-content\/uploads\/2021\/09\/f800x450-141739_193185_5073.jpg?resize=350%2C200&ssl=1 1x, https:\/\/i0.wp.com\/www.grieta.org.mx\/wp-content\/uploads\/2021\/09\/f800x450-141739_193185_5073.jpg?resize=525%2C300&ssl=1 1.5x, https:\/\/i0.wp.com\/www.grieta.org.mx\/wp-content\/uploads\/2021\/09\/f800x450-141739_193185_5073.jpg?resize=700%2C400&ssl=1 2x"},"classes":[]},{"id":47539,"url":"https:\/\/www.grieta.org.mx\/index.php\/2020\/04\/08\/inm-abandona-a-480-migrantes-en-la-linea-fronteriza-de-mexico-con-guatemala\/","url_meta":{"origin":48189,"position":1},"title":"INM abandona a 480 migrantes en la l\u00ednea fronteriza de M\u00e9xico con Guatemala","author":"grieta","date":"8 abril, 2020","format":false,"excerpt":"Isa\u00edn Mandujano\/ PROCESO El traslado de migrantes se realiz\u00f3 en varios autobuses, Foto: Archivo TUXTLA GUTI\u00c9RREZ, Chis. (apro).- M\u00e1s de 480 migrantes de Honduras, Guatemala y El Salvador fueron abandonados por el Instituto Nacional de Migraci\u00f3n (INM) en la l\u00ednea fronteriza de M\u00e9xico con Guatemala, luego de que el gobierno\u2026","rel":"","context":"En &quot;CINTILLO&quot;","block_context":{"text":"CINTILLO","link":"https:\/\/www.grieta.org.mx\/index.php\/category\/cintillo\/"},"img":{"alt_text":"","src":"https:\/\/i0.wp.com\/www.grieta.org.mx\/wp-content\/uploads\/2020\/04\/mugra.jpeg?resize=350%2C200&ssl=1","width":350,"height":200,"srcset":"https:\/\/i0.wp.com\/www.grieta.org.mx\/wp-content\/uploads\/2020\/04\/mugra.jpeg?resize=350%2C200&ssl=1 1x, https:\/\/i0.wp.com\/www.grieta.org.mx\/wp-content\/uploads\/2020\/04\/mugra.jpeg?resize=525%2C300&ssl=1 1.5x, https:\/\/i0.wp.com\/www.grieta.org.mx\/wp-content\/uploads\/2020\/04\/mugra.jpeg?resize=700%2C400&ssl=1 2x"},"classes":[]},{"id":62556,"url":"https:\/\/www.grieta.org.mx\/index.php\/2021\/10\/16\/el-inm-intercepta-a-casi-2-mil-migrantes-en-un-solo-dia-532-de-ellos-en-oaxaca-despliegue-militar\/","url_meta":{"origin":48189,"position":2},"title":"El INM intercepta a casi 2 mil migrantes en un solo d\u00eda, 532 de ellos en Oaxaca (Despliegue militar)","author":"grieta","date":"16 octubre, 2021","format":false,"excerpt":"El Gobierno de M\u00e9xico ha recibido cr\u00edticas por el despliegue de la Guardia Nacional y el Ej\u00e9rcito en la frontera sur, de donde han surgido im\u00e1genes que muestran a los elementos mientras golpean a caravanas con migrantes de Hait\u00ed y Centroam\u00e9rica. Sinembargo.org \/ Por EFE. El INM destac\u00f3 la identificaci\u00f3n\u2026","rel":"","context":"En &quot;Brutalidad polic\u00edaca en Oaxaca&quot;","block_context":{"text":"Brutalidad polic\u00edaca en Oaxaca","link":"https:\/\/www.grieta.org.mx\/index.php\/category\/noticias-nacionales\/oaxaca\/brutalidad-policiaca-en-oaxaca\/"},"img":{"alt_text":"","src":"https:\/\/i0.wp.com\/www.grieta.org.mx\/wp-content\/uploads\/2018\/03\/14524434_1106112876131411_958039263622046936_o.jpg?resize=350%2C200&ssl=1","width":350,"height":200,"srcset":"https:\/\/i0.wp.com\/www.grieta.org.mx\/wp-content\/uploads\/2018\/03\/14524434_1106112876131411_958039263622046936_o.jpg?resize=350%2C200&ssl=1 1x, https:\/\/i0.wp.com\/www.grieta.org.mx\/wp-content\/uploads\/2018\/03\/14524434_1106112876131411_958039263622046936_o.jpg?resize=525%2C300&ssl=1 1.5x, https:\/\/i0.wp.com\/www.grieta.org.mx\/wp-content\/uploads\/2018\/03\/14524434_1106112876131411_958039263622046936_o.jpg?resize=700%2C400&ssl=1 2x"},"classes":[]},{"id":63459,"url":"https:\/\/www.grieta.org.mx\/index.php\/2022\/02\/18\/mexico-detenciones-masivas-de-migrantes-en-la-frontera\/","url_meta":{"origin":48189,"position":3},"title":"M\u00e9xico: detenciones masivas de migrantes en la frontera","author":"grieta","date":"18 febrero, 2022","format":false,"excerpt":"Redacci\u00f3n \/ NIUS Madrid Un total de 1.266 migrantes de 33 nacionalidades han sido detenidos este jueves Un total de 1.266 migrantes de 33 nacionalidades han sido detenidos este jueves en varias operaciones realizadas en M\u00e9xico, seg\u00fan ha informado el Instituto Nacional de Migraci\u00f3n (INM) de M\u00e9xico. \"En las \u00faltimas\u2026","rel":"","context":"En &quot;CINTILLO&quot;","block_context":{"text":"CINTILLO","link":"https:\/\/www.grieta.org.mx\/index.php\/category\/cintillo\/"},"img":{"alt_text":"","src":"https:\/\/i0.wp.com\/www.grieta.org.mx\/wp-content\/uploads\/2022\/02\/clipping_BiXSBd_d867.jpg?resize=350%2C200&ssl=1","width":350,"height":200,"srcset":"https:\/\/i0.wp.com\/www.grieta.org.mx\/wp-content\/uploads\/2022\/02\/clipping_BiXSBd_d867.jpg?resize=350%2C200&ssl=1 1x, https:\/\/i0.wp.com\/www.grieta.org.mx\/wp-content\/uploads\/2022\/02\/clipping_BiXSBd_d867.jpg?resize=525%2C300&ssl=1 1.5x, https:\/\/i0.wp.com\/www.grieta.org.mx\/wp-content\/uploads\/2022\/02\/clipping_BiXSBd_d867.jpg?resize=700%2C400&ssl=1 2x"},"classes":[]},{"id":43971,"url":"https:\/\/www.grieta.org.mx\/index.php\/2020\/02\/01\/aplica-inm-electrochoques-a-migrantes-en-tabasco\/","url_meta":{"origin":48189,"position":4},"title":"Aplica INM electrochoques a migrantes en Tabasco","author":"grieta","date":"1 febrero, 2020","format":false,"excerpt":"Redacci\u00f3n \/ Z\u00f3calo Ciudad de M\u00e9xico.- Pese a que la titular de la Comisi\u00f3n Nacional de los Derechos Humanos (CNDH), Rosario Piedra Ibarra, se\u00f1al\u00f3 que no hay agresiones por parte de la Guardia Nacional y el Instituto Nacional de Migraci\u00f3n a la caravana migrante y a quienes intentan transitar por\u2026","rel":"","context":"En &quot;Abuso de fuerzas represivas en Tabasco&quot;","block_context":{"text":"Abuso de fuerzas represivas en Tabasco","link":"https:\/\/www.grieta.org.mx\/index.php\/category\/noticias-nacionales\/tabasco\/abuso-de-fuerzas-represivas-en-tabasco\/"},"img":{"alt_text":"","src":"https:\/\/i0.wp.com\/www.grieta.org.mx\/wp-content\/uploads\/2020\/02\/tabasco-inm-621x354.jpg?resize=350%2C200&ssl=1","width":350,"height":200,"srcset":"https:\/\/i0.wp.com\/www.grieta.org.mx\/wp-content\/uploads\/2020\/02\/tabasco-inm-621x354.jpg?resize=350%2C200&ssl=1 1x, https:\/\/i0.wp.com\/www.grieta.org.mx\/wp-content\/uploads\/2020\/02\/tabasco-inm-621x354.jpg?resize=525%2C300&ssl=1 1.5x"},"classes":[]},{"id":24473,"url":"https:\/\/www.grieta.org.mx\/index.php\/2018\/06\/22\/en-mexico-como-en-eu-ninos-migrantes-con-frecuencia-son-separados-de-sus-familiares-cuando-son-detenidos-por-el-inm-academica\/","url_meta":{"origin":48189,"position":5},"title":"En M\u00e9xico como en EU, ni\u00f1os migrantes con frecuencia son separados de sus familiares cuando son detenidos por el INM: Acad\u00e9mica","author":"grieta","date":"22 junio, 2018","format":false,"excerpt":"Revoluci\u00f3n En M\u00e9xico como en Estados Unidos, el trato a los ni\u00f1os migrantes es inhumano, ya que son cotidianamente separados de sus familiares cuando son detenidos por autoridades migratorias, acusaron especialistas. Aunque las deportaciones s\u00ed se hacen en familia, expertos en el tema alertaron que, cuando son aprehendidos, los peque\u00f1os\u2026","rel":"","context":"En &quot;CINTILLO&quot;","block_context":{"text":"CINTILLO","link":"https:\/\/www.grieta.org.mx\/index.php\/category\/cintillo\/"},"img":{"alt_text":"","src":"https:\/\/i0.wp.com\/www.grieta.org.mx\/wp-content\/uploads\/2018\/07\/direct.png?resize=350%2C200&ssl=1","width":350,"height":200,"srcset":"https:\/\/i0.wp.com\/www.grieta.org.mx\/wp-content\/uploads\/2018\/07\/direct.png?resize=350%2C200&ssl=1 1x, https:\/\/i0.wp.com\/www.grieta.org.mx\/wp-content\/uploads\/2018\/07\/direct.png?resize=525%2C300&ssl=1 1.5x"},"classes":[]}],"_links":{"self":[{"href":"https:\/\/www.grieta.org.mx\/index.php\/wp-json\/wp\/v2\/posts\/48189","targetHints":{"allow":["GET"]}}],"collection":[{"href":"https:\/\/www.grieta.org.mx\/index.php\/wp-json\/wp\/v2\/posts"}],"about":[{"href":"https:\/\/www.grieta.org.mx\/index.php\/wp-json\/wp\/v2\/types\/post"}],"author":[{"embeddable":true,"href":"https:\/\/www.grieta.org.mx\/index.php\/wp-json\/wp\/v2\/users\/2"}],"replies":[{"embeddable":true,"href":"https:\/\/www.grieta.org.mx\/index.php\/wp-json\/wp\/v2\/comments?post=48189"}],"version-history":[{"count":1,"href":"https:\/\/www.grieta.org.mx\/index.php\/wp-json\/wp\/v2\/posts\/48189\/revisions"}],"predecessor-version":[{"id":48192,"href":"https:\/\/www.grieta.org.mx\/index.php\/wp-json\/wp\/v2\/posts\/48189\/revisions\/48192"}],"wp:featuredmedia":[{"embeddable":true,"href":"https:\/\/www.grieta.org.mx\/index.php\/wp-json\/wp\/v2\/media\/48190"}],"wp:attachment":[{"href":"https:\/\/www.grieta.org.mx\/index.php\/wp-json\/wp\/v2\/media?parent=48189"}],"wp:term":[{"taxonomy":"category","embeddable":true,"href":"https:\/\/www.grieta.org.mx\/index.php\/wp-json\/wp\/v2\/categories?post=48189"},{"taxonomy":"post_tag","embeddable":true,"href":"https:\/\/www.grieta.org.mx\/index.php\/wp-json\/wp\/v2\/tags?post=48189"}],"curies":[{"name":"wp","href":"https:\/\/api.w.org\/{rel}","templated":true}]}}