{"id":48180,"date":"2020-04-23T13:58:04","date_gmt":"2020-04-23T18:58:04","guid":{"rendered":"http:\/\/www.grieta.org.mx\/?p=48180"},"modified":"2020-04-24T14:07:27","modified_gmt":"2020-04-24T19:07:27","slug":"temen-fundej-incineracion-de-personas-no-identificadas-sin-protocolos-jalisco","status":"publish","type":"post","link":"https:\/\/www.grieta.org.mx\/index.php\/2020\/04\/23\/temen-fundej-incineracion-de-personas-no-identificadas-sin-protocolos-jalisco\/","title":{"rendered":"Temen Fundej incineraci\u00f3n de personas no identificadas sin protocolos (Jalisco)"},"content":{"rendered":"<p><img loading=\"lazy\" decoding=\"async\" data-attachment-id=\"48181\" data-permalink=\"https:\/\/www.grieta.org.mx\/index.php\/2020\/04\/23\/temen-fundej-incineracion-de-personas-no-identificadas-sin-protocolos-jalisco\/2020-04-23_06-04-54___7221\/\" data-orig-file=\"https:\/\/www.grieta.org.mx\/wp-content\/uploads\/2020\/04\/2020-04-23_06-04-54___7221.jpg\" data-orig-size=\"750,500\" data-comments-opened=\"0\" data-image-meta=\"{&quot;aperture&quot;:&quot;0&quot;,&quot;credit&quot;:&quot;&quot;,&quot;camera&quot;:&quot;&quot;,&quot;caption&quot;:&quot;&quot;,&quot;created_timestamp&quot;:&quot;0&quot;,&quot;copyright&quot;:&quot;&quot;,&quot;focal_length&quot;:&quot;0&quot;,&quot;iso&quot;:&quot;0&quot;,&quot;shutter_speed&quot;:&quot;0&quot;,&quot;title&quot;:&quot;&quot;,&quot;orientation&quot;:&quot;0&quot;}\" data-image-title=\"2020-04-23_06-04-54___7221\" data-image-description=\"\" data-image-caption=\"\" data-medium-file=\"https:\/\/www.grieta.org.mx\/wp-content\/uploads\/2020\/04\/2020-04-23_06-04-54___7221-300x200.jpg\" data-large-file=\"https:\/\/www.grieta.org.mx\/wp-content\/uploads\/2020\/04\/2020-04-23_06-04-54___7221.jpg\" class=\"aligncenter wp-image-48181\" src=\"http:\/\/www.grieta.org.mx\/wp-content\/uploads\/2020\/04\/2020-04-23_06-04-54___7221.jpg\" alt=\"\" width=\"800\" height=\"534\" srcset=\"https:\/\/www.grieta.org.mx\/wp-content\/uploads\/2020\/04\/2020-04-23_06-04-54___7221.jpg 750w, https:\/\/www.grieta.org.mx\/wp-content\/uploads\/2020\/04\/2020-04-23_06-04-54___7221-300x200.jpg 300w\" sizes=\"auto, (max-width: 800px) 100vw, 800px\" \/><\/p>\n<p>Foto: Jorge Alberto Mendoza<\/p>\n<p>Redacci\u00f3n \/ EL Diario NTR<\/p>\n<p>Tras la aprobaci\u00f3n del protocolo manejo de cuerpos de personas que fallecieron a causa de Covid-19, integrantes de la organizaci\u00f3n Familias Unidas por Nuestros Desaparecidos Jalisco (Fundej) temen que el gobierno de Jalisco utilice este momento de contingencia para incinerar los cuerpos de personas que no han sido identificadas que est\u00e1n en las morgues y adem\u00e1s lo hagan sin los protocolos correspondientes.<\/p>\n<p>En entrevista con Informativo NTR, Lupita Aguilar de Fundej se\u00f1al\u00f3 que el protocolo aprobado por el gobierno de Jalisco no cumple los est\u00e1ndares para que despu\u00e9s los familiares reconozcan a las personas fallecidas.<\/p>\n<p>\u201cLa falta de confianza de todas las instituciones no lleva a creer que no se hagan las cosas como se deben de hacer, no incinerar o que las personas que hayan muerto por covid-19 se lleven una identificaci\u00f3n forense, as\u00ed se le estuvo haciendo en el comit\u00e9 de inhumaciones que se estaba llevando acabo, en el cual todos los cuerpos no identificados, llevaban fecha de muerte, causa de muerte y todos datos principales, con los cuales en un futuro sus familiares los pudieran identificar, tengo entendido que no se van a llevar estas precauciones\u201d.<\/p>\n<p>Explic\u00f3 que el gobierno de Jalisco cre\u00f3 un Comit\u00e9 de Inhumaciones sin la participaci\u00f3n de la sociedad, por lo que pide se abra un espacio para que los ciudadanos constante que la persona muri\u00f3 de Covid-19 y no es una persona reportada como desaparecida.<\/p>\n<p>\u201cSi quisiera que haya alguien de la sociedad o alguien de los derechos humanos, que pueda estar presente cuando se hagan las disposiciones de estos cuerpos, con qu\u00e9 finalidad, con la finalidad basada en la desconfianza de las instituciones de que no vayan a querer echar ah\u00ed tantos y tantos cuerpos no identificados de nuestros desaparecidos\u201d.<\/p>\n<p>Lupita Aguilar, integrante de la organizaci\u00f3n Familias Unidas por Nuestros Desaparecidos Jalisco, denunci\u00f3 que por la contingencia sanitaria la exhumaci\u00f3n de cuerpos en las fosas se han parado y no hay avances en la localizaci\u00f3n de personas desaparecidas.<\/p>\n<p><a href=\"https:\/\/www.ntrguadalajara.com\/post.php?id_nota=147449\">https:\/\/www.ntrguadalajara.com\/post.php?id_nota=147449<\/a><\/p>\n<p>&nbsp;<\/p>\n","protected":false},"excerpt":{"rendered":"<p>Foto: Jorge Alberto Mendoza Redacci\u00f3n \/ EL Diario NTR Tras la aprobaci\u00f3n del protocolo manejo de cuerpos de personas que fallecieron a causa de Covid-19, integrantes de la organizaci\u00f3n Familias &hellip; <a href=\"https:\/\/www.grieta.org.mx\/index.php\/2020\/04\/23\/temen-fundej-incineracion-de-personas-no-identificadas-sin-protocolos-jalisco\/\" class=\"more-link\">Leer m\u00e1s<\/a><\/p>\n","protected":false},"author":2,"featured_media":48181,"comment_status":"closed","ping_status":"closed","sticky":false,"template":"","format":"standard","meta":{"ngg_post_thumbnail":0,"_jetpack_newsletter_access":"","_jetpack_dont_email_post_to_subs":false,"_jetpack_newsletter_tier_id":0,"_jetpack_memberships_contains_paywalled_content":false,"_jetpack_memberships_contains_paid_content":false,"footnotes":""},"categories":[80,3271,87,1032,20,2,83],"tags":[1828,3018,1668],"class_list":["post-48180","post","type-post","status-publish","format-standard","has-post-thumbnail","hentry","category-cintillo","category-covid-19-en-jalisco","category-desaparecidos","category-desaparecidos-en-jalisco","category-jalisco","category-noticias-nacionales","category-temas-nacionales","tag-busqueda-de-desaparecidos","tag-colectivos-de-busqueda-de-desaparecidos","tag-familiares-de-desaparecidos","entry"],"jetpack_featured_media_url":"https:\/\/www.grieta.org.mx\/wp-content\/uploads\/2020\/04\/2020-04-23_06-04-54___7221.jpg","jetpack_sharing_enabled":true,"jetpack_shortlink":"https:\/\/wp.me\/p7ZJR4-cx6","jetpack_likes_enabled":false,"jetpack-related-posts":[{"id":3241,"url":"https:\/\/www.grieta.org.mx\/index.php\/2016\/09\/12\/desaparecidos-en-jalisco\/","url_meta":{"origin":48180,"position":0},"title":"Desaparecidos en Jalisco","author":"grieta","date":"12 septiembre, 2016","format":false,"excerpt":"12\/09\/16. Exigen resolver falta de presupuesto en b\u00fasqueda de desaparecidosNtr Guadalajara 30\/08\/16. Gobierno de Jalisco oculta la tragedia de los desaparecidosSomos el Medio 10\/08\/16. Jalisco, tercer lugar en desapariciones Ntr Guadalajara 15\/06\/16. Familiares de desaparecidos van ante la oficina de la ONU Ntr Guadalajara 08\/06\/16. Jalisco: cr\u00edmenes de lesa humanidad\u2026","rel":"","context":"En &quot;Desaparecidos&quot;","block_context":{"text":"Desaparecidos","link":"https:\/\/www.grieta.org.mx\/index.php\/category\/temas-nacionales\/desaparecidos\/"},"img":{"alt_text":"","src":"https:\/\/i0.wp.com\/www.grieta.org.mx\/wp-content\/uploads\/2018\/03\/14524434_1106112876131411_958039263622046936_o.jpg?resize=350%2C200&ssl=1","width":350,"height":200,"srcset":"https:\/\/i0.wp.com\/www.grieta.org.mx\/wp-content\/uploads\/2018\/03\/14524434_1106112876131411_958039263622046936_o.jpg?resize=350%2C200&ssl=1 1x, https:\/\/i0.wp.com\/www.grieta.org.mx\/wp-content\/uploads\/2018\/03\/14524434_1106112876131411_958039263622046936_o.jpg?resize=525%2C300&ssl=1 1.5x, https:\/\/i0.wp.com\/www.grieta.org.mx\/wp-content\/uploads\/2018\/03\/14524434_1106112876131411_958039263622046936_o.jpg?resize=700%2C400&ssl=1 2x"},"classes":[]},{"id":63414,"url":"https:\/\/www.grieta.org.mx\/index.php\/2022\/02\/15\/ante-un-gobierno-ciego-sordo-y-mudo-familiares-de-desaparecidos-se-unen-jalisco\/","url_meta":{"origin":48180,"position":1},"title":"Ante un gobierno ciego, sordo y mudo, familiares de desaparecidos se unen (Jalisco)","author":"grieta","date":"15 febrero, 2022","format":false,"excerpt":"Foto:\u00a0\u00a0Lauro Rodr\u00edguez Lauro Rodr\u00edguez\u00a0 \/ El Diario NTR Guadalajara cumple 480 a\u00f1os. En este marco, no hay nada que celebrar, m\u00e1s de 15 mil jaliscienses est\u00e1n desaparecidos. Familias Unidas por Nuestros Desaparecidos Jalisco (Fundej) sali\u00f3 a marchar para recordarle al Estado que es incompetente para buscar a quienes fueron desaparecidos,\u2026","rel":"","context":"En &quot;CINTILLO&quot;","block_context":{"text":"CINTILLO","link":"https:\/\/www.grieta.org.mx\/index.php\/category\/cintillo\/"},"img":{"alt_text":"","src":"https:\/\/i0.wp.com\/www.grieta.org.mx\/wp-content\/uploads\/2022\/02\/2022-02-15_11-02-26___6418.jpg?resize=350%2C200&ssl=1","width":350,"height":200,"srcset":"https:\/\/i0.wp.com\/www.grieta.org.mx\/wp-content\/uploads\/2022\/02\/2022-02-15_11-02-26___6418.jpg?resize=350%2C200&ssl=1 1x, https:\/\/i0.wp.com\/www.grieta.org.mx\/wp-content\/uploads\/2022\/02\/2022-02-15_11-02-26___6418.jpg?resize=525%2C300&ssl=1 1.5x, https:\/\/i0.wp.com\/www.grieta.org.mx\/wp-content\/uploads\/2022\/02\/2022-02-15_11-02-26___6418.jpg?resize=700%2C400&ssl=1 2x"},"classes":[]},{"id":65052,"url":"https:\/\/www.grieta.org.mx\/index.php\/2022\/08\/31\/gobierno-estatal-desaparece-a-los-desaparecidos-colectivos-jalisco\/","url_meta":{"origin":48180,"position":2},"title":"Gobierno estatal desaparece a los desaparecidos: colectivos (Jalisco)","author":"grieta","date":"31 agosto, 2022","format":false,"excerpt":"Imagen: Lauro Rodr\u00edguez Lauro Rodr\u00edguez \/ El Diario NTR L\u00edderes de colectivos de b\u00fasqueda se\u00f1alaron que el gobierno de Jalisco le apuesta a desaparecer a los desaparecidos como la \u00fanica estrategia para tratar de terminar con esta problem\u00e1tica. Guadalupe Aguilar, del colectivo Familias Unidas por Nuestros Desaparecidos Jalisco (Fundej), describi\u00f3\u2026","rel":"","context":"En &quot;CINTILLO&quot;","block_context":{"text":"CINTILLO","link":"https:\/\/www.grieta.org.mx\/index.php\/category\/cintillo\/"},"img":{"alt_text":"","src":"https:\/\/i0.wp.com\/www.grieta.org.mx\/wp-content\/uploads\/2022\/08\/2022-08-31_01-08-13___5555.jpg?resize=350%2C200&ssl=1","width":350,"height":200,"srcset":"https:\/\/i0.wp.com\/www.grieta.org.mx\/wp-content\/uploads\/2022\/08\/2022-08-31_01-08-13___5555.jpg?resize=350%2C200&ssl=1 1x, https:\/\/i0.wp.com\/www.grieta.org.mx\/wp-content\/uploads\/2022\/08\/2022-08-31_01-08-13___5555.jpg?resize=525%2C300&ssl=1 1.5x, https:\/\/i0.wp.com\/www.grieta.org.mx\/wp-content\/uploads\/2022\/08\/2022-08-31_01-08-13___5555.jpg?resize=700%2C400&ssl=1 2x"},"classes":[]},{"id":49366,"url":"https:\/\/www.grieta.org.mx\/index.php\/2020\/05\/09\/madres-de-desaparecidos-se-manifestaron-para-exigir-su-localizacion-jalisco\/","url_meta":{"origin":48180,"position":3},"title":"Madres de desaparecidos se manifestaron para exigir su localizaci\u00f3n (Jalisco)","author":"grieta","date":"9 mayo, 2020","format":false,"excerpt":"Foto: Cortes\u00eda Fundej Elizabeth Ibal \/ El Occidental Para decenas de mujeres no hay nada qu\u00e9 festejar en este D\u00eda de las Madres, ya que sus hijos les fueron arrebatados y hasta ahora nada se sabe de su paradero. Para que su causa no sea olvidada, madres de familia de\u2026","rel":"","context":"En &quot;CINTILLO&quot;","block_context":{"text":"CINTILLO","link":"https:\/\/www.grieta.org.mx\/index.php\/category\/cintillo\/"},"img":{"alt_text":"","src":"https:\/\/i0.wp.com\/www.grieta.org.mx\/wp-content\/uploads\/2020\/05\/Madres-de-manifestaci%C3%B3n.jpg?resize=350%2C200&ssl=1","width":350,"height":200,"srcset":"https:\/\/i0.wp.com\/www.grieta.org.mx\/wp-content\/uploads\/2020\/05\/Madres-de-manifestaci%C3%B3n.jpg?resize=350%2C200&ssl=1 1x, https:\/\/i0.wp.com\/www.grieta.org.mx\/wp-content\/uploads\/2020\/05\/Madres-de-manifestaci%C3%B3n.jpg?resize=525%2C300&ssl=1 1.5x, https:\/\/i0.wp.com\/www.grieta.org.mx\/wp-content\/uploads\/2020\/05\/Madres-de-manifestaci%C3%B3n.jpg?resize=700%2C400&ssl=1 2x"},"classes":[]},{"id":41969,"url":"https:\/\/www.grieta.org.mx\/index.php\/2019\/12\/03\/familiares-de-desaparecidos-reclamaron-la-falta-de-trabajos-y-de-resultados-jalisco\/","url_meta":{"origin":48180,"position":4},"title":"Familiares de desaparecidos reclamaron la falta de trabajos y de resultados (Jalisco)","author":"grieta","date":"3 diciembre, 2019","format":false,"excerpt":"Foto: Especial Juan Levario \/ El Diario NTR Durante la presentaci\u00f3n de un proyecto de colaboraci\u00f3n con expertos guatemaltecos para b\u00fasqueda de personas\u00a0en Jalisco, familiares de desaparecidos reclamaron a Enrique Ibarra Pedroza, secretario general de Gobierno,\u00a0y a otros funcionarios la falta de trabajos y de resultados. Representantes de los colectivos\u2026","rel":"","context":"En &quot;CINTILLO&quot;","block_context":{"text":"CINTILLO","link":"https:\/\/www.grieta.org.mx\/index.php\/category\/cintillo\/"},"img":{"alt_text":"","src":"https:\/\/i0.wp.com\/www.grieta.org.mx\/wp-content\/uploads\/2019\/12\/2019-12-02_11-12-13___5378.jpg?resize=350%2C200&ssl=1","width":350,"height":200,"srcset":"https:\/\/i0.wp.com\/www.grieta.org.mx\/wp-content\/uploads\/2019\/12\/2019-12-02_11-12-13___5378.jpg?resize=350%2C200&ssl=1 1x, https:\/\/i0.wp.com\/www.grieta.org.mx\/wp-content\/uploads\/2019\/12\/2019-12-02_11-12-13___5378.jpg?resize=525%2C300&ssl=1 1.5x, https:\/\/i0.wp.com\/www.grieta.org.mx\/wp-content\/uploads\/2019\/12\/2019-12-02_11-12-13___5378.jpg?resize=700%2C400&ssl=1 2x"},"classes":[]},{"id":40952,"url":"https:\/\/www.grieta.org.mx\/index.php\/2019\/11\/01\/familias-de-desaparecidos-instalan-altar-por-cuerpos-en-semefo\/","url_meta":{"origin":48180,"position":5},"title":"Familias de desaparecidos instalan altar por cuerpos en Semefo","author":"grieta","date":"1 noviembre, 2019","format":false,"excerpt":"Foto: Paloma L\u00f3pez Paloma L\u00f3pez \/ INFORMADOR.MX Cerca de 12 mujeres del colectivo Familias Unidas por Nuestros Desaparecidos en Jalisco,\u00a0FUNDEJ, instalaron un altar del d\u00eda de muertos\u00a0 afuera de las instalaciones del Instituto Jalisciense de Ciencias Forenses,\u00a0para honrar a las personas que perdieron la vida y se encuentran en sus\u2026","rel":"","context":"En &quot;CINTILLO&quot;","block_context":{"text":"CINTILLO","link":"https:\/\/www.grieta.org.mx\/index.php\/category\/cintillo\/"},"img":{"alt_text":"","src":"https:\/\/i0.wp.com\/www.grieta.org.mx\/wp-content\/uploads\/2019\/11\/1_1_crop1572643037509.jpeg_1970638775.jpeg?resize=350%2C200&ssl=1","width":350,"height":200,"srcset":"https:\/\/i0.wp.com\/www.grieta.org.mx\/wp-content\/uploads\/2019\/11\/1_1_crop1572643037509.jpeg_1970638775.jpeg?resize=350%2C200&ssl=1 1x, https:\/\/i0.wp.com\/www.grieta.org.mx\/wp-content\/uploads\/2019\/11\/1_1_crop1572643037509.jpeg_1970638775.jpeg?resize=525%2C300&ssl=1 1.5x, https:\/\/i0.wp.com\/www.grieta.org.mx\/wp-content\/uploads\/2019\/11\/1_1_crop1572643037509.jpeg_1970638775.jpeg?resize=700%2C400&ssl=1 2x"},"classes":[]}],"_links":{"self":[{"href":"https:\/\/www.grieta.org.mx\/index.php\/wp-json\/wp\/v2\/posts\/48180","targetHints":{"allow":["GET"]}}],"collection":[{"href":"https:\/\/www.grieta.org.mx\/index.php\/wp-json\/wp\/v2\/posts"}],"about":[{"href":"https:\/\/www.grieta.org.mx\/index.php\/wp-json\/wp\/v2\/types\/post"}],"author":[{"embeddable":true,"href":"https:\/\/www.grieta.org.mx\/index.php\/wp-json\/wp\/v2\/users\/2"}],"replies":[{"embeddable":true,"href":"https:\/\/www.grieta.org.mx\/index.php\/wp-json\/wp\/v2\/comments?post=48180"}],"version-history":[{"count":1,"href":"https:\/\/www.grieta.org.mx\/index.php\/wp-json\/wp\/v2\/posts\/48180\/revisions"}],"predecessor-version":[{"id":48182,"href":"https:\/\/www.grieta.org.mx\/index.php\/wp-json\/wp\/v2\/posts\/48180\/revisions\/48182"}],"wp:featuredmedia":[{"embeddable":true,"href":"https:\/\/www.grieta.org.mx\/index.php\/wp-json\/wp\/v2\/media\/48181"}],"wp:attachment":[{"href":"https:\/\/www.grieta.org.mx\/index.php\/wp-json\/wp\/v2\/media?parent=48180"}],"wp:term":[{"taxonomy":"category","embeddable":true,"href":"https:\/\/www.grieta.org.mx\/index.php\/wp-json\/wp\/v2\/categories?post=48180"},{"taxonomy":"post_tag","embeddable":true,"href":"https:\/\/www.grieta.org.mx\/index.php\/wp-json\/wp\/v2\/tags?post=48180"}],"curies":[{"name":"wp","href":"https:\/\/api.w.org\/{rel}","templated":true}]}}