{"id":48162,"date":"2020-04-22T13:02:06","date_gmt":"2020-04-22T18:02:06","guid":{"rendered":"http:\/\/www.grieta.org.mx\/?p=48162"},"modified":"2020-04-24T13:10:49","modified_gmt":"2020-04-24T18:10:49","slug":"mueren-por-falta-de-hemodialisis-nayarit","status":"publish","type":"post","link":"https:\/\/www.grieta.org.mx\/index.php\/2020\/04\/22\/mueren-por-falta-de-hemodialisis-nayarit\/","title":{"rendered":"Mueren por falta de hemodi\u00e1lisis (Nayarit)"},"content":{"rendered":"<p><img loading=\"lazy\" decoding=\"async\" data-attachment-id=\"48163\" data-permalink=\"https:\/\/www.grieta.org.mx\/index.php\/2020\/04\/22\/mueren-por-falta-de-hemodialisis-nayarit\/raul-santiago-lopez-diaz-secretario-de-salud-696x393\/\" data-orig-file=\"https:\/\/www.grieta.org.mx\/wp-content\/uploads\/2020\/04\/Ra\u00fal-Santiago-L\u00f3pez-D\u00edaz.-Secretario-de-Salud-696x393.jpg\" data-orig-size=\"696,393\" data-comments-opened=\"0\" data-image-meta=\"{&quot;aperture&quot;:&quot;0&quot;,&quot;credit&quot;:&quot;&quot;,&quot;camera&quot;:&quot;&quot;,&quot;caption&quot;:&quot;&quot;,&quot;created_timestamp&quot;:&quot;0&quot;,&quot;copyright&quot;:&quot;&quot;,&quot;focal_length&quot;:&quot;0&quot;,&quot;iso&quot;:&quot;0&quot;,&quot;shutter_speed&quot;:&quot;0&quot;,&quot;title&quot;:&quot;&quot;,&quot;orientation&quot;:&quot;0&quot;}\" data-image-title=\"Ra\u00fal-Santiago-L\u00f3pez-D\u00edaz.-Secretario-de-Salud-696&amp;#215;393\" data-image-description=\"\" data-image-caption=\"\" data-medium-file=\"https:\/\/www.grieta.org.mx\/wp-content\/uploads\/2020\/04\/Ra\u00fal-Santiago-L\u00f3pez-D\u00edaz.-Secretario-de-Salud-696x393-300x169.jpg\" data-large-file=\"https:\/\/www.grieta.org.mx\/wp-content\/uploads\/2020\/04\/Ra\u00fal-Santiago-L\u00f3pez-D\u00edaz.-Secretario-de-Salud-696x393.jpg\" class=\"aligncenter wp-image-48163\" src=\"http:\/\/www.grieta.org.mx\/wp-content\/uploads\/2020\/04\/Ra\u00fal-Santiago-L\u00f3pez-D\u00edaz.-Secretario-de-Salud-696x393.jpg\" alt=\"\" width=\"800\" height=\"452\" srcset=\"https:\/\/www.grieta.org.mx\/wp-content\/uploads\/2020\/04\/Ra\u00fal-Santiago-L\u00f3pez-D\u00edaz.-Secretario-de-Salud-696x393.jpg 696w, https:\/\/www.grieta.org.mx\/wp-content\/uploads\/2020\/04\/Ra\u00fal-Santiago-L\u00f3pez-D\u00edaz.-Secretario-de-Salud-696x393-300x169.jpg 300w\" sizes=\"auto, (max-width: 800px) 100vw, 800px\" \/><\/p>\n<p>Foto: Realidades de Nayarit<\/p>\n<p>Desde que empez\u00f3 la emergencia por COVID, los Servicios de Salud de Nayarit, no le brinda servicio a los pacientes con c\u00e1ncer e insuficiencia renal, denuncian afectados<\/p>\n<p>Ver\u00f3nica Ram\u00edrez \/ Realidades de Nayarit<\/p>\n<p>Tepic, Nayarit.- Mi\u00e9rcoles 22 de abril del 2020.-<\/p>\n<p>Desde que comenz\u00f3 la pandemia por Covid-19, la Unidad de Especialidades M\u00e9dicas (UNEME) niega el servicio de hemodi\u00e1lisis a los pacientes con insuficiencia renal y tratamiento a personas que padecen c\u00e1ncer, as\u00ed lo denunciaron afectados.<\/p>\n<p>La vida de decenas de personas est\u00e1n en riego, al negarse presuntamente a otorgar este servicio, el cual anteriormente era gratuito y hoy los pacientes y sus familiares deben pagar por \u00e9l, as\u00ed lo aseguraron.<\/p>\n<p>Y es que los tratamientos eran subsidiados por la Beneficencia P\u00fablica, instituci\u00f3n que dej\u00f3 de otorgar \u201cvales\u201d a quienes tienen ambos padecimientos para destinar el dinero a la emergencia sanitaria del coronavirus.<\/p>\n<p>Miryam Hern\u00e1ndez Flores tiene un hijo que requiere tres hemodi\u00e1lisis a la semana, y dos de ellas eran subsidiadas por la Beneficencia P\u00fablica, la tercera ella la pagaba con muchos sacrificios, ya que es viuda y labora como empleada dom\u00e9stica.<\/p>\n<p>Cada hemodi\u00e1lisis tiene un costo de mil 200 pero al requerir tres, debe cubrir 3 mil 600 pesos semanales, lo que es imposible para ellos.<\/p>\n<p>Pero la UNEME si no hay vales o condonaci\u00f3n, no les da el servicio, ya empe\u00f1aron todo lo que ten\u00edan de valor pero para esta semana ya no tienen dinero, y no recibi\u00f3 su tratamiento esta semana, misma situaci\u00f3n pasa con decenas de pacientes tambi\u00e9n de c\u00e1ncer, quienes segu\u00edan el mismo mecanismo.<\/p>\n<p>\u201cYo fui a la Beneficencia y me dijeron que s\u00ed hab\u00eda vales pero no pueden darlos porque genera muchos gastos\u201d, indic\u00f3 Hern\u00e1ndez Flores.<\/p>\n<p>Han expuesto el caso ante varias autoridades pero les dan atole con el dedo sin importar que los enfermos de hemodi\u00e1lisis y c\u00e1ncer se est\u00e1n muriendo porque no tienen los medicamentos.<\/p>\n<p>\u201cMuchos enfermos de hemodi\u00e1lisis se les sube el agua al pulm\u00f3n\u201d, y eso es se\u00f1al que de un momento a otro puedan fallecer.<\/p>\n<p>De no obtener una respuesta por parte de las autoridades de salud para que los enfermos reciban su tratamiento de forma gratuita en la UNEME, sin importar la contingencia sanitaria, los familiares se van a manifestar con todo y enfermos para que puedan constatar las precarias condiciones de salud de los enfermos que requieren ya, sus tratamientos.<\/p>\n<p><a href=\"http:\/\/realidadesperiodico.com\/local\/mueren-por-falta-de-hemodialisis\/\">http:\/\/realidadesperiodico.com\/local\/mueren-por-falta-de-hemodialisis\/<\/a><\/p>\n","protected":false},"excerpt":{"rendered":"<p>Foto: Realidades de Nayarit Desde que empez\u00f3 la emergencia por COVID, los Servicios de Salud de Nayarit, no le brinda servicio a los pacientes con c\u00e1ncer e insuficiencia renal, denuncian &hellip; <a href=\"https:\/\/www.grieta.org.mx\/index.php\/2020\/04\/22\/mueren-por-falta-de-hemodialisis-nayarit\/\" class=\"more-link\">Leer m\u00e1s<\/a><\/p>\n","protected":false},"author":2,"featured_media":48163,"comment_status":"closed","ping_status":"closed","sticky":false,"template":"","format":"standard","meta":{"ngg_post_thumbnail":0,"_jetpack_newsletter_access":"","_jetpack_dont_email_post_to_subs":false,"_jetpack_newsletter_tier_id":0,"_jetpack_memberships_contains_paywalled_content":false,"_jetpack_memberships_contains_paid_content":false,"footnotes":""},"categories":[80,3306,918,2573,23,2,83],"tags":[3241,3133,2367,3134],"class_list":["post-48162","post","type-post","status-publish","format-standard","has-post-thumbnail","hentry","category-cintillo","category-covid-19-en-nayarit","category-privatizacion-del-sector-salud","category-crisis-del-sector-salud-en-nayarit","category-nayarit","category-noticias-nacionales","category-temas-nacionales","tag-covid-19","tag-crisis-del-sector-salud","tag-crisis-en-el-sector-salud","tag-falta-de-atencion-medica","entry"],"jetpack_featured_media_url":"https:\/\/www.grieta.org.mx\/wp-content\/uploads\/2020\/04\/Ra\u00fal-Santiago-L\u00f3pez-D\u00edaz.-Secretario-de-Salud-696x393.jpg","jetpack_sharing_enabled":true,"jetpack_shortlink":"https:\/\/wp.me\/p7ZJR4-cwO","jetpack_likes_enabled":false,"jetpack-related-posts":[{"id":53003,"url":"https:\/\/www.grieta.org.mx\/index.php\/2020\/09\/04\/cierran-el-nuevo-hospital-del-issste-nayarit\/","url_meta":{"origin":48162,"position":0},"title":"Cierran el nuevo hospital del ISSSTE (Nayarit)","author":"grieta","date":"4 septiembre, 2020","format":false,"excerpt":"Foto: Realidades de Nayarit Durante 5 d\u00edas no funcionar\u00e1 porque culminaron los contratos del personal m\u00e9dico que laboran all\u00ed Mildra Ben\u00edtez Robledo \/ Realidades de Nayarit Tepic, Nayarit.- Viernes 04 de septiembre del 2020.- El hospital del ISSSTE ubicado en la zona de La Cantera, Tepic, mismo que atiende a\u2026","rel":"","context":"En &quot;CINTILLO&quot;","block_context":{"text":"CINTILLO","link":"https:\/\/www.grieta.org.mx\/index.php\/category\/cintillo\/"},"img":{"alt_text":"","src":"https:\/\/i0.wp.com\/www.grieta.org.mx\/wp-content\/uploads\/2020\/09\/hospital.jpg?resize=350%2C200&ssl=1","width":350,"height":200,"srcset":"https:\/\/i0.wp.com\/www.grieta.org.mx\/wp-content\/uploads\/2020\/09\/hospital.jpg?resize=350%2C200&ssl=1 1x, https:\/\/i0.wp.com\/www.grieta.org.mx\/wp-content\/uploads\/2020\/09\/hospital.jpg?resize=525%2C300&ssl=1 1.5x, https:\/\/i0.wp.com\/www.grieta.org.mx\/wp-content\/uploads\/2020\/09\/hospital.jpg?resize=700%2C400&ssl=1 2x"},"classes":[]},{"id":47189,"url":"https:\/\/www.grieta.org.mx\/index.php\/2020\/04\/01\/protesta-personal-de-la-secretaria-de-salud-nayarit\/","url_meta":{"origin":48162,"position":1},"title":"Protesta personal de la Secretar\u00eda de Salud (Nayarit)","author":"grieta","date":"1 abril, 2020","format":false,"excerpt":"Foto: Realidades de Nayarit Mildre Ben\u00edtez Robledo \/ Realidades deNayarit Tepic, Nayarit; 01-abril-2020.- Pese a que los trabajadores de la Salud han pedido en diversas ocasiones al Gobierno Estatal que les surtan lo necesario, para hacerle frente a la pandemia que ha dejado miles de muertes en varios pa\u00edses del\u2026","rel":"","context":"En &quot;CINTILLO&quot;","block_context":{"text":"CINTILLO","link":"https:\/\/www.grieta.org.mx\/index.php\/category\/cintillo\/"},"img":{"alt_text":"","src":"https:\/\/i0.wp.com\/www.grieta.org.mx\/wp-content\/uploads\/2020\/04\/protesta-768x480.jpg?resize=350%2C200&ssl=1","width":350,"height":200,"srcset":"https:\/\/i0.wp.com\/www.grieta.org.mx\/wp-content\/uploads\/2020\/04\/protesta-768x480.jpg?resize=350%2C200&ssl=1 1x, https:\/\/i0.wp.com\/www.grieta.org.mx\/wp-content\/uploads\/2020\/04\/protesta-768x480.jpg?resize=525%2C300&ssl=1 1.5x, https:\/\/i0.wp.com\/www.grieta.org.mx\/wp-content\/uploads\/2020\/04\/protesta-768x480.jpg?resize=700%2C400&ssl=1 2x"},"classes":[]},{"id":56632,"url":"https:\/\/www.grieta.org.mx\/index.php\/2021\/01\/29\/denuncia-trabajadores-issste-adscritos-a-la-clinica-catra-que-no-son-tomados-en-cuenta-para-vacuna-contra-el-covid-19-nayarit\/","url_meta":{"origin":48162,"position":2},"title":"Denuncia trabajadores ISSSTE adscritos a la Cl\u00ednica Catra que no son tomados en cuenta para vacuna contra el Covid-19 (Nayarit)","author":"grieta","date":"29 enero, 2021","format":false,"excerpt":"Foto: Realidades de Nayarit Al llegar la vacuna, fueron relegados\u2026\u2026. Y privilegiaron gente del Hospital, pero muchos de ellos confinados, sin tener contacto con pacientes del Instituto, otros con trabajo eventual, otros comisionados al sindicato sin tener el contacto a diario con pacientes que han sido infectados por la enfermedad\u2026","rel":"","context":"En &quot;CINTILLO&quot;","block_context":{"text":"CINTILLO","link":"https:\/\/www.grieta.org.mx\/index.php\/category\/cintillo\/"},"img":{"alt_text":"","src":"https:\/\/i0.wp.com\/www.grieta.org.mx\/wp-content\/uploads\/2021\/02\/CATRA-2.jpg?resize=350%2C200&ssl=1","width":350,"height":200,"srcset":"https:\/\/i0.wp.com\/www.grieta.org.mx\/wp-content\/uploads\/2021\/02\/CATRA-2.jpg?resize=350%2C200&ssl=1 1x, https:\/\/i0.wp.com\/www.grieta.org.mx\/wp-content\/uploads\/2021\/02\/CATRA-2.jpg?resize=525%2C300&ssl=1 1.5x, https:\/\/i0.wp.com\/www.grieta.org.mx\/wp-content\/uploads\/2021\/02\/CATRA-2.jpg?resize=700%2C400&ssl=1 2x"},"classes":[]},{"id":47908,"url":"https:\/\/www.grieta.org.mx\/index.php\/2020\/04\/15\/ante-carencia-de-equipo-de-proteccion-retiran-a-internos-de-hospitales-nayarit\/","url_meta":{"origin":48162,"position":3},"title":"Ante carencia de equipo de protecci\u00f3n retiran a internos de hospitales (Nayarit)","author":"grieta","date":"15 abril, 2020","format":false,"excerpt":"Foto: Realidades de Nayarit Carecen de lo m\u00e1s indispensable para atender a la poblaci\u00f3n en plena pandemia Ver\u00f3nica Ram\u00edrez\/ Realidades de Nayarit Tepic, Nayarit.- Mi\u00e9rcoles 15 de abril del 2020.- La Federaci\u00f3n de Estudiantes de la Universidad Aut\u00f3noma de Nayarit (FEUAN) retira a los internos, pasantes y estudiantes de medicina\u2026","rel":"","context":"En &quot;CINTILLO&quot;","block_context":{"text":"CINTILLO","link":"https:\/\/www.grieta.org.mx\/index.php\/category\/cintillo\/"},"img":{"alt_text":"","src":"https:\/\/i0.wp.com\/www.grieta.org.mx\/wp-content\/uploads\/2020\/04\/Aar%C3%B3n-Verduzco.-L%C3%ADder-de-la-FEUAN.jpg?resize=350%2C200&ssl=1","width":350,"height":200,"srcset":"https:\/\/i0.wp.com\/www.grieta.org.mx\/wp-content\/uploads\/2020\/04\/Aar%C3%B3n-Verduzco.-L%C3%ADder-de-la-FEUAN.jpg?resize=350%2C200&ssl=1 1x, https:\/\/i0.wp.com\/www.grieta.org.mx\/wp-content\/uploads\/2020\/04\/Aar%C3%B3n-Verduzco.-L%C3%ADder-de-la-FEUAN.jpg?resize=525%2C300&ssl=1 1.5x, https:\/\/i0.wp.com\/www.grieta.org.mx\/wp-content\/uploads\/2020\/04\/Aar%C3%B3n-Verduzco.-L%C3%ADder-de-la-FEUAN.jpg?resize=700%2C400&ssl=1 2x"},"classes":[]},{"id":53267,"url":"https:\/\/www.grieta.org.mx\/index.php\/2020\/09\/07\/en-imss-nayarit-desabasto-de-tratamientos-de-vih-sida\/","url_meta":{"origin":48162,"position":4},"title":"En IMSS Nayarit, desabasto de tratamientos de VIH\/SIDA","author":"grieta","date":"7 septiembre, 2020","format":false,"excerpt":"Imagen: Realidades de Nayarit Mildra Ben\u00edtez Robledo Tepic, Nayarit.- Lunes 07 de septiembre del 2020.- El presidente en el Estado de la \u201cRed de Diversidad Sexual\u201d, Omar Cordero, denunci\u00f3 que desde que inici\u00f3 la pandemia por COVID-19 en la Entidad, el Instituto Mexicano del Seguro Social (IMSS), ha dejado de\u2026","rel":"","context":"En &quot;CINTILLO&quot;","block_context":{"text":"CINTILLO","link":"https:\/\/www.grieta.org.mx\/index.php\/category\/cintillo\/"},"img":{"alt_text":"","src":"https:\/\/i0.wp.com\/www.grieta.org.mx\/wp-content\/uploads\/2020\/09\/vih-1.jpg?resize=350%2C200&ssl=1","width":350,"height":200,"srcset":"https:\/\/i0.wp.com\/www.grieta.org.mx\/wp-content\/uploads\/2020\/09\/vih-1.jpg?resize=350%2C200&ssl=1 1x, https:\/\/i0.wp.com\/www.grieta.org.mx\/wp-content\/uploads\/2020\/09\/vih-1.jpg?resize=525%2C300&ssl=1 1.5x, https:\/\/i0.wp.com\/www.grieta.org.mx\/wp-content\/uploads\/2020\/09\/vih-1.jpg?resize=700%2C400&ssl=1 2x"},"classes":[]},{"id":48604,"url":"https:\/\/www.grieta.org.mx\/index.php\/2020\/04\/28\/pide-universidad-de-nayarit-a-sector-salud-retirar-internos-durante-pandemia\/","url_meta":{"origin":48162,"position":5},"title":"Pide Universidad de Nayarit a sector Salud retirar internos durante pandemia","author":"grieta","date":"28 abril, 2020","format":false,"excerpt":"Foto: Cortes\u00eda Crys Ben\u00edtez \/ El Occidental Tepic, Nayarit.- Derivado del peligro que representa que los estudiantes se encuentren durante la pandemia, terminando sus estad\u00edas o servicio social, la Universidad Aut\u00f3noma de Nayarit (UAN), se pronuncia en contra de que sigan asistiendo, ya que ellos como instituci\u00f3n est\u00e1n obligada a\u2026","rel":"","context":"En &quot;CINTILLO&quot;","block_context":{"text":"CINTILLO","link":"https:\/\/www.grieta.org.mx\/index.php\/category\/cintillo\/"},"img":{"alt_text":"","src":"https:\/\/i0.wp.com\/www.grieta.org.mx\/wp-content\/uploads\/2020\/05\/uan.jpg?resize=350%2C200&ssl=1","width":350,"height":200,"srcset":"https:\/\/i0.wp.com\/www.grieta.org.mx\/wp-content\/uploads\/2020\/05\/uan.jpg?resize=350%2C200&ssl=1 1x, https:\/\/i0.wp.com\/www.grieta.org.mx\/wp-content\/uploads\/2020\/05\/uan.jpg?resize=525%2C300&ssl=1 1.5x, https:\/\/i0.wp.com\/www.grieta.org.mx\/wp-content\/uploads\/2020\/05\/uan.jpg?resize=700%2C400&ssl=1 2x"},"classes":[]}],"_links":{"self":[{"href":"https:\/\/www.grieta.org.mx\/index.php\/wp-json\/wp\/v2\/posts\/48162","targetHints":{"allow":["GET"]}}],"collection":[{"href":"https:\/\/www.grieta.org.mx\/index.php\/wp-json\/wp\/v2\/posts"}],"about":[{"href":"https:\/\/www.grieta.org.mx\/index.php\/wp-json\/wp\/v2\/types\/post"}],"author":[{"embeddable":true,"href":"https:\/\/www.grieta.org.mx\/index.php\/wp-json\/wp\/v2\/users\/2"}],"replies":[{"embeddable":true,"href":"https:\/\/www.grieta.org.mx\/index.php\/wp-json\/wp\/v2\/comments?post=48162"}],"version-history":[{"count":1,"href":"https:\/\/www.grieta.org.mx\/index.php\/wp-json\/wp\/v2\/posts\/48162\/revisions"}],"predecessor-version":[{"id":48164,"href":"https:\/\/www.grieta.org.mx\/index.php\/wp-json\/wp\/v2\/posts\/48162\/revisions\/48164"}],"wp:featuredmedia":[{"embeddable":true,"href":"https:\/\/www.grieta.org.mx\/index.php\/wp-json\/wp\/v2\/media\/48163"}],"wp:attachment":[{"href":"https:\/\/www.grieta.org.mx\/index.php\/wp-json\/wp\/v2\/media?parent=48162"}],"wp:term":[{"taxonomy":"category","embeddable":true,"href":"https:\/\/www.grieta.org.mx\/index.php\/wp-json\/wp\/v2\/categories?post=48162"},{"taxonomy":"post_tag","embeddable":true,"href":"https:\/\/www.grieta.org.mx\/index.php\/wp-json\/wp\/v2\/tags?post=48162"}],"curies":[{"name":"wp","href":"https:\/\/api.w.org\/{rel}","templated":true}]}}