{"id":48149,"date":"2020-04-20T19:46:27","date_gmt":"2020-04-21T00:46:27","guid":{"rendered":"http:\/\/www.grieta.org.mx\/?p=48149"},"modified":"2020-04-24T00:50:59","modified_gmt":"2020-04-24T05:50:59","slug":"acusan-a-edil-de-tlacolula-por-tentativa-de-feminicidio-contra-ex-titular-de-la-instancia-de-la-mujer-oaxaca","status":"publish","type":"post","link":"https:\/\/www.grieta.org.mx\/index.php\/2020\/04\/20\/acusan-a-edil-de-tlacolula-por-tentativa-de-feminicidio-contra-ex-titular-de-la-instancia-de-la-mujer-oaxaca\/","title":{"rendered":"Acusan a edil de Tlacolula por tentativa de feminicidio contra ex titular de la instancia de la mujer (Oaxaca)"},"content":{"rendered":"<p>Noticias \/ Citlalli Luciana.<\/p>\n<p><img loading=\"lazy\" decoding=\"async\" src=\"http:\/\/www.nvinoticias.com\/sites\/default\/files\/styles\/node\/public\/carlos-leon-monterrubio.jpg?itok=sFWW5m-p\" width=\"1144\" height=\"645\" class=\"alignnone size-full\" \/><\/p>\n<p>A trav\u00e9s de una denuncia p\u00fablica, la extitular de la instancia de la Mujer de Tlacolula de Matamoros, Christian Montserrat Mat\u00edas D\u00edaz, se\u00f1al\u00f3 al presidente municipal de dicho ayuntamiento, Carlos Le\u00f3n Monterrubio, como autor intelectual de tentativa de feminicidio en su contra.<\/p>\n<p>Mat\u00edas D\u00edaz, quien es tambi\u00e9n activista feminista, fue golpeada la ma\u00f1ana del lunes por dos mujeres con aspecto de origen centroamericano, quienes durante la acci\u00f3n le indicaron que hab\u00edan sido enviadas por el edil, mismo que en otras ocasiones ha sido se\u00f1alado por actos mis\u00f3ginos.<\/p>\n<p>De acuerdo a lo informado, fue alrededor de las 11:00 horas cuando cinco personas dos mujeres y tres hombres, ingresaron a su negocio en donde vende alimentos.  Tras recibir el servicio los hombres se retiraron, mientras que las mujeres se quedaron y la agredieron f\u00edsicamente.<\/p>\n<p>Posterior a ello, elementos de la polic\u00eda municipal le indicaron que se presentara a interponer su denuncia ya que hab\u00edan logrado la captura, sin embargo, minutos m\u00e1s tarde por instrucciones del comandante Jorge Roque Altamirano, dejaron libres a las agresoras.<\/p>\n<p>A trav\u00e9s de su cuenta en Facebook, Mat\u00edas D\u00edaz hizo un llamado a la Fiscal\u00eda del Estado de Oaxaca, a la Secretar\u00eda de la Mujer Oaxaque\u00f1a.<\/p>\n<p>\u201cHoy estoy preocupada porque esta lucha por el derecho de las mujeres, pueda significar un riesgo para mi vida ya que por la ma\u00f1ana fui cobardemente golpeada por dos mujeres que bajo la frase: traemos \u00f3rdenes del presidente de madrearte, me agredieron pretendiendo terminar con mi vida. Esto ocurri\u00f3 a plena luz del d\u00eda, frente al Palacio Municipal y frente a mucha gente que transita por estas calles. Quiz\u00e1 sea esto lo m\u00e1s preocupantes, que puedo contar esto gracias a la oportuna intervenci\u00f3n de un amigo, sin embargo, la polic\u00eda municipal fue testigo y c\u00f3mplice de estas agresiones\u201d, se\u00f1al\u00f3.<\/p>\n<p>Mat\u00edas D\u00edaz, fue una de las mujeres que se pronunci\u00f3 en contra de las actitudes mis\u00f3ginas del edil que se hicieron p\u00fablicas por un video circulado en redes sociales en las que el mun\u00edcipe alardeaba de haber tenido muchas parejas y posteriormente calificarlas como pendejas. Por este hecho el Instituto Nacional de las Mujeres (Inmujeres) hizo un llamado al Le\u00f3n Monterrubio para que ofreciera disculpas p\u00fablicas.<\/p>\n<p>\u201cYo s\u00f3lo deseo no ser una cifra, no ser una m\u00e1s, deseo que esto se investigue sin corrupci\u00f3n y se llegue hasta los autores intelectuales de esta agresi\u00f3n, de este intento de feminicidio y que mi vida y seguridad pueda ser garantizada\u201d, expuso.<\/p>\n<p>Esta agresi\u00f3n, se suma a los actos intimidatorios que ha lanzado el mun\u00edcipe contra quienes han cuestionado su actuar. Cabe hacer menci\u00f3n que en fechas pasadas tambi\u00e9n interpuso una demanda penal en contra de la activista feminista Elizabeth S\u00e1nchez.<\/p>\n<p><a href=\"https:\/\/www.nvinoticias.com\/nota\/143323\/acusan-edil-de-tlacolula-por-tentativa-de-feminicidio-contra-ex-titular-de-la-instancia\" rel=\"noopener noreferrer\" target=\"_blank\">https:\/\/www.nvinoticias.com\/nota\/143323\/acusan-edil-de-tlacolula-por-tentativa-de-feminicidio-contra-ex-titular-de-la-instancia<\/a><\/p>\n","protected":false},"excerpt":{"rendered":"<p>Noticias \/ Citlalli Luciana. A trav\u00e9s de una denuncia p\u00fablica, la extitular de la instancia de la Mujer de Tlacolula de Matamoros, Christian Montserrat Mat\u00edas D\u00edaz, se\u00f1al\u00f3 al presidente municipal &hellip; <a href=\"https:\/\/www.grieta.org.mx\/index.php\/2020\/04\/20\/acusan-a-edil-de-tlacolula-por-tentativa-de-feminicidio-contra-ex-titular-de-la-instancia-de-la-mujer-oaxaca\/\" class=\"more-link\">Leer m\u00e1s<\/a><\/p>\n","protected":false},"author":2,"featured_media":21928,"comment_status":"closed","ping_status":"closed","sticky":false,"template":"","format":"standard","meta":{"ngg_post_thumbnail":0,"_jetpack_newsletter_access":"","_jetpack_dont_email_post_to_subs":false,"_jetpack_newsletter_tier_id":0,"_jetpack_memberships_contains_paywalled_content":false,"_jetpack_memberships_contains_paid_content":false,"footnotes":""},"categories":[80,1325,2,25,1665],"tags":[],"class_list":["post-48149","post","type-post","status-publish","format-standard","has-post-thumbnail","hentry","category-cintillo","category-feminicidios-en-oaxaca-oaxaca","category-noticias-nacionales","category-oaxaca","category-violencia-contra-las-mujeres-en-oaxaca","entry"],"jetpack_featured_media_url":"https:\/\/www.grieta.org.mx\/wp-content\/uploads\/2018\/03\/14524434_1106112876131411_958039263622046936_o.jpg","jetpack_sharing_enabled":true,"jetpack_shortlink":"https:\/\/wp.me\/p7ZJR4-cwB","jetpack_likes_enabled":false,"jetpack-related-posts":[{"id":66084,"url":"https:\/\/www.grieta.org.mx\/index.php\/2023\/01\/10\/han-privado-de-la-vida-a-ocho-mujeres-en-oaxaca-en-lo-que-va-de-2023\/","url_meta":{"origin":48149,"position":0},"title":"Han privado de la vida a ocho mujeres en Oaxaca en lo que va de 2023","author":"grieta","date":"10 enero, 2023","format":false,"excerpt":"Imagen: Agencia Reforma Clitalli L\u00f3pez Vel\u00e1zquez \/ NVI Noticias Durante los primeros nueve d\u00edas del a\u00f1o seis mujeres y dos ni\u00f1as fueron v\u00edctimas de muertes violentas, dos m\u00e1s se encuentran graves en el hospital. Los \u00faltimos dos asesinatos ocurrieron la madrugada de este lunes en Santa Cruz Xoxocotl\u00e1n al interior\u2026","rel":"","context":"En &quot;CINTILLO&quot;","block_context":{"text":"CINTILLO","link":"https:\/\/www.grieta.org.mx\/index.php\/category\/cintillo\/"},"img":{"alt_text":"","src":"https:\/\/i0.wp.com\/www.grieta.org.mx\/wp-content\/uploads\/2023\/01\/cruz_rosa.webp?resize=350%2C200&ssl=1","width":350,"height":200,"srcset":"https:\/\/i0.wp.com\/www.grieta.org.mx\/wp-content\/uploads\/2023\/01\/cruz_rosa.webp?resize=350%2C200&ssl=1 1x, https:\/\/i0.wp.com\/www.grieta.org.mx\/wp-content\/uploads\/2023\/01\/cruz_rosa.webp?resize=525%2C300&ssl=1 1.5x, https:\/\/i0.wp.com\/www.grieta.org.mx\/wp-content\/uploads\/2023\/01\/cruz_rosa.webp?resize=700%2C400&ssl=1 2x"},"classes":[]},{"id":35476,"url":"https:\/\/www.grieta.org.mx\/index.php\/2019\/06\/28\/con-18-asesinatos-a-mujeres-junio-es-el-mes-mas-violento-contra-mujeres-gesmujer-oaxaca\/","url_meta":{"origin":48149,"position":1},"title":"Con 18 asesinatos a mujeres, junio es el mes mas violento contra mujeres: GESMujer (Oaxaca)","author":"grieta","date":"28 junio, 2019","format":false,"excerpt":"Pedro Mat\u00edas \/ P\u00e1gina 3. Foto recuperada de The Huffington Post. Oaxaca.- De cuatro impactos de arma de fuego fue privada de la vida la se\u00f1ora Flavia en el municipio de Xoxocotl\u00e1n, mientras que otra mujer fue asesinada en una comunidad de San Pedro Pochutla; con ambos, suman 76 muertes\u2026","rel":"","context":"En &quot;CINTILLO&quot;","block_context":{"text":"CINTILLO","link":"https:\/\/www.grieta.org.mx\/index.php\/category\/cintillo\/"},"img":{"alt_text":"","src":"https:\/\/i0.wp.com\/www.grieta.org.mx\/wp-content\/uploads\/2019\/06\/Muertes-violentas-a-mujeres.jpeg?resize=350%2C200&ssl=1","width":350,"height":200,"srcset":"https:\/\/i0.wp.com\/www.grieta.org.mx\/wp-content\/uploads\/2019\/06\/Muertes-violentas-a-mujeres.jpeg?resize=350%2C200&ssl=1 1x, https:\/\/i0.wp.com\/www.grieta.org.mx\/wp-content\/uploads\/2019\/06\/Muertes-violentas-a-mujeres.jpeg?resize=525%2C300&ssl=1 1.5x"},"classes":[]},{"id":68537,"url":"https:\/\/www.grieta.org.mx\/index.php\/2024\/02\/22\/ejecutan-a-norma-maribel-en-miahuatlan-suman-17-asesinatos-de-mujeres-en-oaxaca-en-2024\/","url_meta":{"origin":48149,"position":2},"title":"Ejecutan a Norma Maribel en Miahuatl\u00e1n; suman 17 asesinatos de mujeres en Oaxaca en 2024","author":"grieta","date":"22 febrero, 2024","format":false,"excerpt":"Imagen: P\u00e1gina 3 Pedro Mat\u00edas \/ P\u00e1gina OAXACA, Oax. (pagina3.mx).- Norma Maribel es la mujer que fue ejecutada este jueves en el municipio Miahuatl\u00e1n de Porfirio D\u00edaz, en la Sierra Sur. Con ella suman 17 mujeres asesinadas en Oaxaca en lo que va del a\u00f1o. Seg\u00fan el Informe del Grupo\u2026","rel":"","context":"En &quot;CINTILLO&quot;","block_context":{"text":"CINTILLO","link":"https:\/\/www.grieta.org.mx\/index.php\/category\/cintillo\/"},"img":{"alt_text":"","src":"https:\/\/i0.wp.com\/www.grieta.org.mx\/wp-content\/uploads\/2024\/02\/feminicidios.webp?resize=350%2C200&ssl=1","width":350,"height":200,"srcset":"https:\/\/i0.wp.com\/www.grieta.org.mx\/wp-content\/uploads\/2024\/02\/feminicidios.webp?resize=350%2C200&ssl=1 1x, https:\/\/i0.wp.com\/www.grieta.org.mx\/wp-content\/uploads\/2024\/02\/feminicidios.webp?resize=525%2C300&ssl=1 1.5x"},"classes":[]},{"id":51988,"url":"https:\/\/www.grieta.org.mx\/index.php\/2020\/07\/21\/234-mujeres-asesinadas-en-oaxaca-a-dos-anos-de-la-alerta-de-violencia-de-genero\/","url_meta":{"origin":48149,"position":3},"title":"234 mujeres asesinadas en Oaxaca, a dos a\u00f1os de la Alerta de Violencia de G\u00e9nero","author":"grieta","date":"21 julio, 2020","format":false,"excerpt":"Noticias \/ Citlalli Luciana. *AVGM fue emitida en 40 municipios de Oaxaca A casi dos a\u00f1os de que se emitiera la Alerta de Violencia de G\u00e9nero contra las Mujeres en 40 municipios de Oaxaca, los \u00edndices de violencia feminicida evidencian la falta de impacto para salvaguardar su vida. En ese\u2026","rel":"","context":"En &quot;CINTILLO&quot;","block_context":{"text":"CINTILLO","link":"https:\/\/www.grieta.org.mx\/index.php\/category\/cintillo\/"},"img":{"alt_text":"","src":"https:\/\/i0.wp.com\/www.grieta.org.mx\/wp-content\/uploads\/2018\/03\/14524434_1106112876131411_958039263622046936_o.jpg?resize=350%2C200&ssl=1","width":350,"height":200,"srcset":"https:\/\/i0.wp.com\/www.grieta.org.mx\/wp-content\/uploads\/2018\/03\/14524434_1106112876131411_958039263622046936_o.jpg?resize=350%2C200&ssl=1 1x, https:\/\/i0.wp.com\/www.grieta.org.mx\/wp-content\/uploads\/2018\/03\/14524434_1106112876131411_958039263622046936_o.jpg?resize=525%2C300&ssl=1 1.5x, https:\/\/i0.wp.com\/www.grieta.org.mx\/wp-content\/uploads\/2018\/03\/14524434_1106112876131411_958039263622046936_o.jpg?resize=700%2C400&ssl=1 2x"},"classes":[]},{"id":45845,"url":"https:\/\/www.grieta.org.mx\/index.php\/2020\/03\/08\/mujer-escucha-esta-es-tu-lucha-gritan-oaxaquenas-en-el-8m\/","url_meta":{"origin":48149,"position":4},"title":"&#8220;Mujer, escucha, esta es tu lucha&#8221;, gritan oaxaque\u00f1as en el 8M","author":"grieta","date":"8 marzo, 2020","format":false,"excerpt":"Noticias \/ Citlalli Luciana. Foto: Citlalli L\u00f3pez Miles de mujeres marcharon este 8 de marzo en la capital de Oaxaca en contra de la violencia contra las mujeres y la exigencia de justicia para las v\u00edctimas de feminicidio. Un primer bloque del contingente fue encabezado por familiares de v\u00edctimas de\u2026","rel":"","context":"En &quot;CINTILLO&quot;","block_context":{"text":"CINTILLO","link":"https:\/\/www.grieta.org.mx\/index.php\/category\/cintillo\/"},"img":{"alt_text":"","src":"https:\/\/i0.wp.com\/www.grieta.org.mx\/wp-content\/uploads\/2020\/03\/2.jpeg?resize=350%2C200&ssl=1","width":350,"height":200,"srcset":"https:\/\/i0.wp.com\/www.grieta.org.mx\/wp-content\/uploads\/2020\/03\/2.jpeg?resize=350%2C200&ssl=1 1x, https:\/\/i0.wp.com\/www.grieta.org.mx\/wp-content\/uploads\/2020\/03\/2.jpeg?resize=525%2C300&ssl=1 1.5x, https:\/\/i0.wp.com\/www.grieta.org.mx\/wp-content\/uploads\/2020\/03\/2.jpeg?resize=700%2C400&ssl=1 2x, https:\/\/i0.wp.com\/www.grieta.org.mx\/wp-content\/uploads\/2020\/03\/2.jpeg?resize=1050%2C600&ssl=1 3x"},"classes":[]},{"id":45630,"url":"https:\/\/www.grieta.org.mx\/index.php\/2020\/03\/02\/ejecutan-a-otra-mujer-en-oaxaca-suman-23-en-lo-que-va-del-ano-entre-ellas-el-feminicidio-de-una-nina-de-un-ano-4-meses\/","url_meta":{"origin":48149,"position":5},"title":"Ejecutan a otra mujer en Oaxaca; suman 23 en lo que va del a\u00f1o entre ellas el feminicidio de una ni\u00f1a de un a\u00f1o 4 meses","author":"grieta","date":"2 marzo, 2020","format":false,"excerpt":"P\u00e1gina 3 \/ Pedro Mat\u00edas. OAXACA, Oax.- Con la ejecuci\u00f3n de Nancy G. R., suman 23 mujeres asesinadas en lo que va del a\u00f1o, entre ellas, el feminicidio infantil de una ni\u00f1a de escasos un a\u00f1o y cuatro meses que presentaba severas complicaciones de salud y agresi\u00f3n sexual. El mes\u2026","rel":"","context":"En &quot;CINTILLO&quot;","block_context":{"text":"CINTILLO","link":"https:\/\/www.grieta.org.mx\/index.php\/category\/cintillo\/"},"img":{"alt_text":"","src":"https:\/\/i0.wp.com\/www.grieta.org.mx\/wp-content\/uploads\/2020\/03\/3.jpg?resize=350%2C200&ssl=1","width":350,"height":200},"classes":[]}],"_links":{"self":[{"href":"https:\/\/www.grieta.org.mx\/index.php\/wp-json\/wp\/v2\/posts\/48149","targetHints":{"allow":["GET"]}}],"collection":[{"href":"https:\/\/www.grieta.org.mx\/index.php\/wp-json\/wp\/v2\/posts"}],"about":[{"href":"https:\/\/www.grieta.org.mx\/index.php\/wp-json\/wp\/v2\/types\/post"}],"author":[{"embeddable":true,"href":"https:\/\/www.grieta.org.mx\/index.php\/wp-json\/wp\/v2\/users\/2"}],"replies":[{"embeddable":true,"href":"https:\/\/www.grieta.org.mx\/index.php\/wp-json\/wp\/v2\/comments?post=48149"}],"version-history":[{"count":1,"href":"https:\/\/www.grieta.org.mx\/index.php\/wp-json\/wp\/v2\/posts\/48149\/revisions"}],"predecessor-version":[{"id":48151,"href":"https:\/\/www.grieta.org.mx\/index.php\/wp-json\/wp\/v2\/posts\/48149\/revisions\/48151"}],"wp:featuredmedia":[{"embeddable":true,"href":"https:\/\/www.grieta.org.mx\/index.php\/wp-json\/wp\/v2\/media\/21928"}],"wp:attachment":[{"href":"https:\/\/www.grieta.org.mx\/index.php\/wp-json\/wp\/v2\/media?parent=48149"}],"wp:term":[{"taxonomy":"category","embeddable":true,"href":"https:\/\/www.grieta.org.mx\/index.php\/wp-json\/wp\/v2\/categories?post=48149"},{"taxonomy":"post_tag","embeddable":true,"href":"https:\/\/www.grieta.org.mx\/index.php\/wp-json\/wp\/v2\/tags?post=48149"}],"curies":[{"name":"wp","href":"https:\/\/api.w.org\/{rel}","templated":true}]}}