{"id":48146,"date":"2020-04-20T20:39:58","date_gmt":"2020-04-21T01:39:58","guid":{"rendered":"http:\/\/www.grieta.org.mx\/?p=48146"},"modified":"2020-04-24T00:45:03","modified_gmt":"2020-04-24T05:45:03","slug":"reclaman-a-delegada-para-el-desarrollo-de-oaxaca-por-realizar-eventos-masivos-en-plena-pandemia","status":"publish","type":"post","link":"https:\/\/www.grieta.org.mx\/index.php\/2020\/04\/20\/reclaman-a-delegada-para-el-desarrollo-de-oaxaca-por-realizar-eventos-masivos-en-plena-pandemia\/","title":{"rendered":"Reclaman a delegada para el desarrollo de Oaxaca por realizar eventos masivos en plena pandemia"},"content":{"rendered":"<p>Proceso \/ Pedro Mat\u00edas.<\/p>\n<p><img loading=\"lazy\" decoding=\"async\" data-attachment-id=\"48147\" data-permalink=\"https:\/\/www.grieta.org.mx\/index.php\/2020\/04\/20\/reclaman-a-delegada-para-el-desarrollo-de-oaxaca-por-realizar-eventos-masivos-en-plena-pandemia\/cabrera-870x522\/\" data-orig-file=\"https:\/\/www.grieta.org.mx\/wp-content\/uploads\/2020\/04\/Cabrera-870x522.jpg\" data-orig-size=\"870,522\" data-comments-opened=\"0\" data-image-meta=\"{&quot;aperture&quot;:&quot;0&quot;,&quot;credit&quot;:&quot;&quot;,&quot;camera&quot;:&quot;&quot;,&quot;caption&quot;:&quot;&quot;,&quot;created_timestamp&quot;:&quot;0&quot;,&quot;copyright&quot;:&quot;&quot;,&quot;focal_length&quot;:&quot;0&quot;,&quot;iso&quot;:&quot;0&quot;,&quot;shutter_speed&quot;:&quot;0&quot;,&quot;title&quot;:&quot;&quot;,&quot;orientation&quot;:&quot;0&quot;}\" data-image-title=\"Cabrera-870&amp;#215;522\" data-image-description=\"\" data-image-caption=\"\" data-medium-file=\"https:\/\/www.grieta.org.mx\/wp-content\/uploads\/2020\/04\/Cabrera-870x522-300x180.jpg\" data-large-file=\"https:\/\/www.grieta.org.mx\/wp-content\/uploads\/2020\/04\/Cabrera-870x522.jpg\" class=\"aligncenter wp-image-48147\" src=\"http:\/\/www.grieta.org.mx\/wp-content\/uploads\/2020\/04\/Cabrera-870x522.jpg\" alt=\"\" width=\"800\" height=\"480\" srcset=\"https:\/\/www.grieta.org.mx\/wp-content\/uploads\/2020\/04\/Cabrera-870x522.jpg 870w, https:\/\/www.grieta.org.mx\/wp-content\/uploads\/2020\/04\/Cabrera-870x522-300x180.jpg 300w, https:\/\/www.grieta.org.mx\/wp-content\/uploads\/2020\/04\/Cabrera-870x522-768x461.jpg 768w, https:\/\/www.grieta.org.mx\/wp-content\/uploads\/2020\/04\/Cabrera-870x522-833x500.jpg 833w\" sizes=\"auto, (max-width: 800px) 100vw, 800px\" \/><br \/>\nla delegada federal de Programas para el Desarrollo en el Estado de Oaxaca, Nancy Ortiz Cabrera. Foto: Twitter @NancyOrtizOax<\/p>\n<p>OAXACA, Oax. (apro).- Autoridades municipales de la regi\u00f3n de la Costa calificaron de \u201cirresponsable\u201d e \u201cinsensible\u201d a la delegada federal de Programas para el Desarrollo en el Estado de Oaxaca, Nancy Ortiz Cabrera, por realizar eventos masivos sin respetar las medidas de prevenci\u00f3n y mitigaci\u00f3n para evitar el contagio de covid-19.<\/p>\n<p>Por tal raz\u00f3n, \u201chacemos directamente responsable de propagar el virus en nuestra comunidad\u201d a la delegada federal Nancy Ortiz Cabrera y por poner en riesgo a la poblaci\u00f3n cuando \u201cse dice que en dicho evento (realizado el viernes 18 de abril en Santa Mar\u00eda Huatulco) existe la confirmaci\u00f3n de un caso positivo de covid-19.<\/p>\n<p>El comunicado est\u00e1 firmado por las autoridades municipales de Candelaria Loxicha, Santa Mar\u00eda Huatulco, Santa Mar\u00eda Tonameca, Santa Mar\u00eda de Morelos, San Miguel del Puerto, San Pedro Pochutla y Pluma Hidalgo, quienes hacen un llamado contundente a Nancy Ortiz Cabrera para \u201cresponder por esta acci\u00f3n tan irresponsable, insensible y, sobre todo, demostrando poco respeto al bienestar que promueve nuestro presidente Andr\u00e9s Manuel L\u00f3pez Obrador\u201d.<\/p>\n<p>OAXACA, Oax. (apro).- Autoridades municipales de la regi\u00f3n de la Costa calificaron de \u201cirresponsable\u201d e \u201cinsensible\u201d a la delegada federal de Programas para el Desarrollo en el Estado de Oaxaca, Nancy Ortiz Cabrera, por realizar eventos masivos sin respetar las medidas de prevenci\u00f3n y mitigaci\u00f3n para evitar el contagio de covid-19.<\/p>\n<p>Por tal raz\u00f3n, \u201chacemos directamente responsable de propagar el virus en nuestra comunidad\u201d a la delegada federal Nancy Ortiz Cabrera y por poner en riesgo a la poblaci\u00f3n cuando \u201cse dice que en dicho evento (realizado el viernes 18 de abril en Santa Mar\u00eda Huatulco) existe la confirmaci\u00f3n de un caso positivo de covid-19.<\/p>\n<p>El comunicado est\u00e1 firmado por las autoridades municipales de Candelaria Loxicha, Santa Mar\u00eda Huatulco, Santa Mar\u00eda Tonameca, Santa Mar\u00eda de Morelos, San Miguel del Puerto, San Pedro Pochutla y Pluma Hidalgo, quienes hacen un llamado contundente a Nancy Ortiz Cabrera para \u201cresponder por esta acci\u00f3n tan irresponsable, insensible y, sobre todo, demostrando poco respeto al bienestar que promueve nuestro presidente Andr\u00e9s Manuel L\u00f3pez Obrador\u201d.<\/p>\n<p>Y agregaron:<\/p>\n<p>\u201cNo vamos a poner en riesgo a nuestros ciudadanos (por lo que pedimos) que la autonom\u00eda de los municipios debe ser respetada y m\u00e1s ahora cuando el trabajo en equipo y la comunicaci\u00f3n son la clave principal para superar esta pandemia\u201d.<\/p>\n<p>Entrega de apoyos sin aviso<\/p>\n<p>Resaltaron que en la costa oaxaque\u00f1a han tomado muy seriamente las medidas establecidas por el gobierno federal y estatal para prevenir durante esta emergencia sanitaria la propagaci\u00f3n del covid-19, \u201cpor lo tanto no podemos tolerar cuando una autoridad de cualquier \u00edndole, viole estas medidas de seguridad\u201d.<\/p>\n<p>Cuestionaron que durante estos d\u00edas y sin previo aviso a las autoridades municipales se realiz\u00f3 la entrega de apoyos econ\u00f3micos del programa federal \u201cProducci\u00f3n para el Bienestar\u201d, sin tomar en cuenta las medidas de sana distancia que la misma secretar\u00eda de Salud del gobierno de M\u00e9xico han establecido.<\/p>\n<p>\u201cComo municipios estamos a favor de que los ciudadanos reciban los apoyos que tanto necesitan, pero totalmente en contra de exponer la salud de los beneficiados, si esta entrega de apoyos hubiera sido comunicada, se les brindar\u00eda como siempre todas las facilidades y personal de seguridad para cuidar debidamente a la ciudadan\u00eda\u201d.<\/p>\n<p>Cabe mencionar que esos eventos masivos se han replicado en la mayor parte del estado en plena pandemia, raz\u00f3n por la que la delegada federal ha sido duramente cuestionada.<\/p>\n<p>Incluso a trav\u00e9s de su cuenta de Twiter la funcionaria ha llamado a respetar la pol\u00edtica de sana distancia implementada por el gobierno federal.<\/p>\n<p><a href=\"https:\/\/www.proceso.com.mx\/626550\/reclaman-a-delegada-para-el-desarrollo-de-oaxaca-por-realizar-eventos-masivos-en-plena-pandemia\" target=\"_blank\" rel=\"noopener noreferrer\">https:\/\/www.proceso.com.mx\/626550\/reclaman-a-delegada-para-el-desarrollo-de-oaxaca-por-realizar-eventos-masivos-en-plena-pandemia<\/a><\/p>\n","protected":false},"excerpt":{"rendered":"<p>Proceso \/ Pedro Mat\u00edas. la delegada federal de Programas para el Desarrollo en el Estado de Oaxaca, Nancy Ortiz Cabrera. Foto: Twitter @NancyOrtizOax OAXACA, Oax. (apro).- Autoridades municipales de la &hellip; <a href=\"https:\/\/www.grieta.org.mx\/index.php\/2020\/04\/20\/reclaman-a-delegada-para-el-desarrollo-de-oaxaca-por-realizar-eventos-masivos-en-plena-pandemia\/\" class=\"more-link\">Leer m\u00e1s<\/a><\/p>\n","protected":false},"author":2,"featured_media":48147,"comment_status":"closed","ping_status":"closed","sticky":false,"template":"","format":"standard","meta":{"ngg_post_thumbnail":0,"_jetpack_newsletter_access":"","_jetpack_dont_email_post_to_subs":false,"_jetpack_newsletter_tier_id":0,"_jetpack_memberships_contains_paywalled_content":false,"_jetpack_memberships_contains_paid_content":false,"footnotes":""},"categories":[80,3262,2,25],"tags":[],"class_list":["post-48146","post","type-post","status-publish","format-standard","has-post-thumbnail","hentry","category-cintillo","category-crisis-covid-19-en-oaxaca","category-noticias-nacionales","category-oaxaca","entry"],"jetpack_featured_media_url":"https:\/\/www.grieta.org.mx\/wp-content\/uploads\/2020\/04\/Cabrera-870x522.jpg","jetpack_sharing_enabled":true,"jetpack_shortlink":"https:\/\/wp.me\/p7ZJR4-cwy","jetpack_likes_enabled":false,"jetpack-related-posts":[{"id":30101,"url":"https:\/\/www.grieta.org.mx\/index.php\/2019\/03\/03\/recorte-a-estancias-infantiles-amenaza-a-228-planteles-y-8-mil-600-menores-oaxaca\/","url_meta":{"origin":48146,"position":0},"title":"Recorte a estancias infantiles amenaza a 228 planteles y 8 mil 600 menores (Oaxaca)","author":"grieta","date":"3 marzo, 2019","format":false,"excerpt":"Noticias. Pedro Silva, Encargadas de estancias infantiles protestan frente a la delegaci\u00f3n de Bienestar ante adeudos y retraso de pagos. El Programa de Estancias Infantiles (PEI) para apoyar a madres y padres Trabajadores cumple 12 a\u00f1os; creado en 2007 por la administraci\u00f3n panista de Felipe Calder\u00f3n podr\u00eda estar viviendo sus\u2026","rel":"","context":"En &quot;CINTILLO&quot;","block_context":{"text":"CINTILLO","link":"https:\/\/www.grieta.org.mx\/index.php\/category\/cintillo\/"},"img":{"alt_text":"","src":"https:\/\/i0.wp.com\/www.grieta.org.mx\/wp-content\/uploads\/2019\/03\/image_35_327.jpg?resize=350%2C200&ssl=1","width":350,"height":200,"srcset":"https:\/\/i0.wp.com\/www.grieta.org.mx\/wp-content\/uploads\/2019\/03\/image_35_327.jpg?resize=350%2C200&ssl=1 1x, https:\/\/i0.wp.com\/www.grieta.org.mx\/wp-content\/uploads\/2019\/03\/image_35_327.jpg?resize=525%2C300&ssl=1 1.5x, https:\/\/i0.wp.com\/www.grieta.org.mx\/wp-content\/uploads\/2019\/03\/image_35_327.jpg?resize=700%2C400&ssl=1 2x, https:\/\/i0.wp.com\/www.grieta.org.mx\/wp-content\/uploads\/2019\/03\/image_35_327.jpg?resize=1050%2C600&ssl=1 3x"},"classes":[]},{"id":51718,"url":"https:\/\/www.grieta.org.mx\/index.php\/2020\/07\/12\/contagio-masivo-de-covid-19-entre-personal-medico-del-hospital-de-juchitan-dan-positivo-115-oaxaca\/","url_meta":{"origin":48146,"position":1},"title":"Contagio masivo de covid-19 entre personal m\u00e9dico del Hospital de Juchit\u00e1n; dan positivo 115 (Oaxaca)","author":"grieta","date":"12 julio, 2020","format":false,"excerpt":"P\u00e1gina 3 \/ Diana Manzo y Pedro Mat\u00edas. OAXACA, Oax.- A unas horas de la reapertura del Hospital General \u201cMacedonio Ben\u00edtez Fuentes\u201d de Juchit\u00e1n de Zaragoza, en el Istmo de Tehuantepec, surge un nuevo brote masivo de contagio de covid-19 al confirmarse que 115 trabajadores de Salud dieron positivo. Esto\u2026","rel":"","context":"En &quot;CINTILLO&quot;","block_context":{"text":"CINTILLO","link":"https:\/\/www.grieta.org.mx\/index.php\/category\/cintillo\/"},"img":{"alt_text":"","src":"https:\/\/i0.wp.com\/www.grieta.org.mx\/wp-content\/uploads\/2018\/03\/14524434_1106112876131411_958039263622046936_o.jpg?resize=350%2C200&ssl=1","width":350,"height":200,"srcset":"https:\/\/i0.wp.com\/www.grieta.org.mx\/wp-content\/uploads\/2018\/03\/14524434_1106112876131411_958039263622046936_o.jpg?resize=350%2C200&ssl=1 1x, https:\/\/i0.wp.com\/www.grieta.org.mx\/wp-content\/uploads\/2018\/03\/14524434_1106112876131411_958039263622046936_o.jpg?resize=525%2C300&ssl=1 1.5x, https:\/\/i0.wp.com\/www.grieta.org.mx\/wp-content\/uploads\/2018\/03\/14524434_1106112876131411_958039263622046936_o.jpg?resize=700%2C400&ssl=1 2x"},"classes":[]},{"id":59531,"url":"https:\/\/www.grieta.org.mx\/index.php\/2021\/03\/17\/puente-madera-denuncia-imposicion-de-parque-industrial-en-san-blas-atempa-oaxaca\/","url_meta":{"origin":48146,"position":2},"title":"Puente Madera denuncia imposici\u00f3n de parque industrial en San Blas Atempa, Oaxaca","author":"grieta","date":"17 marzo, 2021","format":false,"excerpt":"La coperacha \/ Redacci\u00f3n. Foto: Cortamortaja \/ Facebook. Expresan inconformidad con un bloqueo carretero y exigen regulaci\u00f3n de tierras de uso com\u00fan. Este domingo, se llev\u00f3 a cabo una asamblea en donde comuneros del municipio de San Blas Atempa, Oaxaca, validaron la construcci\u00f3n de un parque industrial, el cual forma\u2026","rel":"","context":"En &quot;CINTILLO&quot;","block_context":{"text":"CINTILLO","link":"https:\/\/www.grieta.org.mx\/index.php\/category\/cintillo\/"},"img":{"alt_text":"","src":"https:\/\/i0.wp.com\/www.grieta.org.mx\/wp-content\/uploads\/2021\/05\/1-2.jpg?resize=350%2C200&ssl=1","width":350,"height":200,"srcset":"https:\/\/i0.wp.com\/www.grieta.org.mx\/wp-content\/uploads\/2021\/05\/1-2.jpg?resize=350%2C200&ssl=1 1x, https:\/\/i0.wp.com\/www.grieta.org.mx\/wp-content\/uploads\/2021\/05\/1-2.jpg?resize=525%2C300&ssl=1 1.5x, https:\/\/i0.wp.com\/www.grieta.org.mx\/wp-content\/uploads\/2021\/05\/1-2.jpg?resize=700%2C400&ssl=1 2x, https:\/\/i0.wp.com\/www.grieta.org.mx\/wp-content\/uploads\/2021\/05\/1-2.jpg?resize=1050%2C600&ssl=1 3x"},"classes":[]},{"id":60354,"url":"https:\/\/www.grieta.org.mx\/index.php\/2021\/07\/10\/saxofonista-atacada-con-acido-protesta-en-palacio-nacional-oaxaca\/","url_meta":{"origin":48146,"position":3},"title":"Saxofonista atacada con \u00e1cido protesta en Palacio Nacional (Oaxaca)","author":"grieta","date":"10 julio, 2021","format":false,"excerpt":"Proceso \/ Redacci\u00f3n. La saxofonista Mar\u00eda Elena R\u00edos Ortiz, v\u00edctima de un ataque con \u00e1cido, protest\u00f3 en Palacio Nacional para pedir la intervenci\u00f3n del presidente Andr\u00e9s Manuel L\u00f3pez Obrador y que se haga justicia en su caso. Foto: twitter@abismada_ CIUDAD DE M\u00c9XICO (proceso.com.mx).\u2013 La saxofonista Mar\u00eda Elena R\u00edos Ortiz, v\u00edctima\u2026","rel":"","context":"En &quot;CINTILLO&quot;","block_context":{"text":"CINTILLO","link":"https:\/\/www.grieta.org.mx\/index.php\/category\/cintillo\/"},"img":{"alt_text":"","src":"https:\/\/i0.wp.com\/www.grieta.org.mx\/wp-content\/uploads\/2021\/07\/A-2.jpg?resize=350%2C200&ssl=1","width":350,"height":200,"srcset":"https:\/\/i0.wp.com\/www.grieta.org.mx\/wp-content\/uploads\/2021\/07\/A-2.jpg?resize=350%2C200&ssl=1 1x, https:\/\/i0.wp.com\/www.grieta.org.mx\/wp-content\/uploads\/2021\/07\/A-2.jpg?resize=525%2C300&ssl=1 1.5x, https:\/\/i0.wp.com\/www.grieta.org.mx\/wp-content\/uploads\/2021\/07\/A-2.jpg?resize=700%2C400&ssl=1 2x"},"classes":[]},{"id":66578,"url":"https:\/\/www.grieta.org.mx\/index.php\/2023\/03\/14\/madre-de-victima-de-feminicida-de-oaxaca-acusa-de-corrupcion-a-juzgado-cinco-anos-sin-justicia\/","url_meta":{"origin":48146,"position":4},"title":"Madre de v\u00edctima de feminicida de Oaxaca acusa de corrupci\u00f3n a juzgado, cinco a\u00f1os sin justicia","author":"grieta","date":"14 marzo, 2023","format":false,"excerpt":"Imagen: Cortes\u00eda Leslie Aguilar \/ NVI Noticias HUAJUAPAN DE LE\u00d3N, Oaxaca.- La madre de la joven estudiante Joselyn Alejandra Vargas Ortiz, Susana Ortiz \u00c1ngeles, refiri\u00f3 que el caso que se lleva ante el Juzgado de Garant\u00edas ha estado plagado de corrupci\u00f3n, y temen que el presunto feminicida pueda salir en\u2026","rel":"","context":"En &quot;CINTILLO&quot;","block_context":{"text":"CINTILLO","link":"https:\/\/www.grieta.org.mx\/index.php\/category\/cintillo\/"},"img":{"alt_text":"","src":"https:\/\/i0.wp.com\/www.grieta.org.mx\/wp-content\/uploads\/2023\/03\/feminicidio-mixteca.webp?resize=350%2C200&ssl=1","width":350,"height":200,"srcset":"https:\/\/i0.wp.com\/www.grieta.org.mx\/wp-content\/uploads\/2023\/03\/feminicidio-mixteca.webp?resize=350%2C200&ssl=1 1x, https:\/\/i0.wp.com\/www.grieta.org.mx\/wp-content\/uploads\/2023\/03\/feminicidio-mixteca.webp?resize=525%2C300&ssl=1 1.5x, https:\/\/i0.wp.com\/www.grieta.org.mx\/wp-content\/uploads\/2023\/03\/feminicidio-mixteca.webp?resize=700%2C400&ssl=1 2x"},"classes":[]},{"id":44855,"url":"https:\/\/www.grieta.org.mx\/index.php\/2020\/02\/21\/se-opone-cuatro-venados-a-la-mineria-oaxaca\/","url_meta":{"origin":48146,"position":5},"title":"Se opone Cuatro Venados a la miner\u00eda (Oaxaca)","author":"grieta","date":"21 febrero, 2020","format":false,"excerpt":"Noticias \/ Octavio V\u00e9lez. Comuneros de San Pablo Cuatro Venados, regi\u00f3n de Valles Centrales, denunciaron que el gobierno federal de Enrique Pe\u00f1a Nieto entreg\u00f3 tres concesiones mineras en su territorio para la explotaci\u00f3n de oro y plata, sin su consentimiento y sin respetar sus derechos. En conferencia de prensa, la\u2026","rel":"","context":"En &quot;CINTILLO&quot;","block_context":{"text":"CINTILLO","link":"https:\/\/www.grieta.org.mx\/index.php\/category\/cintillo\/"},"img":{"alt_text":"","src":"https:\/\/i0.wp.com\/www.grieta.org.mx\/wp-content\/uploads\/2020\/02\/copia_de_minera_1.jpg?resize=350%2C200&ssl=1","width":350,"height":200,"srcset":"https:\/\/i0.wp.com\/www.grieta.org.mx\/wp-content\/uploads\/2020\/02\/copia_de_minera_1.jpg?resize=350%2C200&ssl=1 1x, https:\/\/i0.wp.com\/www.grieta.org.mx\/wp-content\/uploads\/2020\/02\/copia_de_minera_1.jpg?resize=525%2C300&ssl=1 1.5x, https:\/\/i0.wp.com\/www.grieta.org.mx\/wp-content\/uploads\/2020\/02\/copia_de_minera_1.jpg?resize=700%2C400&ssl=1 2x, https:\/\/i0.wp.com\/www.grieta.org.mx\/wp-content\/uploads\/2020\/02\/copia_de_minera_1.jpg?resize=1050%2C600&ssl=1 3x"},"classes":[]}],"_links":{"self":[{"href":"https:\/\/www.grieta.org.mx\/index.php\/wp-json\/wp\/v2\/posts\/48146","targetHints":{"allow":["GET"]}}],"collection":[{"href":"https:\/\/www.grieta.org.mx\/index.php\/wp-json\/wp\/v2\/posts"}],"about":[{"href":"https:\/\/www.grieta.org.mx\/index.php\/wp-json\/wp\/v2\/types\/post"}],"author":[{"embeddable":true,"href":"https:\/\/www.grieta.org.mx\/index.php\/wp-json\/wp\/v2\/users\/2"}],"replies":[{"embeddable":true,"href":"https:\/\/www.grieta.org.mx\/index.php\/wp-json\/wp\/v2\/comments?post=48146"}],"version-history":[{"count":1,"href":"https:\/\/www.grieta.org.mx\/index.php\/wp-json\/wp\/v2\/posts\/48146\/revisions"}],"predecessor-version":[{"id":48148,"href":"https:\/\/www.grieta.org.mx\/index.php\/wp-json\/wp\/v2\/posts\/48146\/revisions\/48148"}],"wp:featuredmedia":[{"embeddable":true,"href":"https:\/\/www.grieta.org.mx\/index.php\/wp-json\/wp\/v2\/media\/48147"}],"wp:attachment":[{"href":"https:\/\/www.grieta.org.mx\/index.php\/wp-json\/wp\/v2\/media?parent=48146"}],"wp:term":[{"taxonomy":"category","embeddable":true,"href":"https:\/\/www.grieta.org.mx\/index.php\/wp-json\/wp\/v2\/categories?post=48146"},{"taxonomy":"post_tag","embeddable":true,"href":"https:\/\/www.grieta.org.mx\/index.php\/wp-json\/wp\/v2\/tags?post=48146"}],"curies":[{"name":"wp","href":"https:\/\/api.w.org\/{rel}","templated":true}]}}