{"id":48043,"date":"2020-04-21T22:45:23","date_gmt":"2020-04-22T03:45:23","guid":{"rendered":"http:\/\/www.grieta.org.mx\/?p=48043"},"modified":"2020-04-22T22:51:31","modified_gmt":"2020-04-23T03:51:31","slug":"no-es-que-no-queramos-dar-informes-es-que-estamos-rebasados-medicos-de-la-clinica-27-del-imss-ciudad-de-mexico","status":"publish","type":"post","link":"https:\/\/www.grieta.org.mx\/index.php\/2020\/04\/21\/no-es-que-no-queramos-dar-informes-es-que-estamos-rebasados-medicos-de-la-clinica-27-del-imss-ciudad-de-mexico\/","title":{"rendered":"\u201cNo es que no queramos dar informes, es que estamos rebasados\u201d: m\u00e9dicos de la Cl\u00ednica 27 del IMSS (Ciudad de M\u00e9xico)"},"content":{"rendered":"<p><img loading=\"lazy\" decoding=\"async\" data-attachment-id=\"48044\" data-permalink=\"https:\/\/www.grieta.org.mx\/index.php\/2020\/04\/21\/no-es-que-no-queramos-dar-informes-es-que-estamos-rebasados-medicos-de-la-clinica-27-del-imss-ciudad-de-mexico\/no-es-que-no-queramos-dar-informes-es-que-estamos-rebasados-medicos-de-la-clinica-27-del-imss-cdmx-abr\/\" data-orig-file=\"https:\/\/www.grieta.org.mx\/wp-content\/uploads\/2020\/04\/\u201cNo-es-que-no-queramos-dar-informes-es-que-estamos-rebasados-m\u00e9dicos-de-la-Cl\u00ednica-27-del-IMSS-cdmx-abr.jpeg\" data-orig-size=\"960,640\" data-comments-opened=\"0\" data-image-meta=\"{&quot;aperture&quot;:&quot;0&quot;,&quot;credit&quot;:&quot;&quot;,&quot;camera&quot;:&quot;&quot;,&quot;caption&quot;:&quot;&quot;,&quot;created_timestamp&quot;:&quot;0&quot;,&quot;copyright&quot;:&quot;&quot;,&quot;focal_length&quot;:&quot;0&quot;,&quot;iso&quot;:&quot;0&quot;,&quot;shutter_speed&quot;:&quot;0&quot;,&quot;title&quot;:&quot;&quot;,&quot;orientation&quot;:&quot;0&quot;}\" data-image-title=\"\u201cNo es que no queramos dar informes, es que estamos rebasados m\u00e9dicos de la Cl\u00ednica 27 del IMSS cdmx abr\" data-image-description=\"\" data-image-caption=\"\" data-medium-file=\"https:\/\/www.grieta.org.mx\/wp-content\/uploads\/2020\/04\/\u201cNo-es-que-no-queramos-dar-informes-es-que-estamos-rebasados-m\u00e9dicos-de-la-Cl\u00ednica-27-del-IMSS-cdmx-abr-300x200.jpeg\" data-large-file=\"https:\/\/www.grieta.org.mx\/wp-content\/uploads\/2020\/04\/\u201cNo-es-que-no-queramos-dar-informes-es-que-estamos-rebasados-m\u00e9dicos-de-la-Cl\u00ednica-27-del-IMSS-cdmx-abr.jpeg\" class=\"aligncenter  wp-image-48044\" src=\"http:\/\/www.grieta.org.mx\/wp-content\/uploads\/2020\/04\/\u201cNo-es-que-no-queramos-dar-informes-es-que-estamos-rebasados-m\u00e9dicos-de-la-Cl\u00ednica-27-del-IMSS-cdmx-abr.jpeg\" alt=\"\" width=\"634\" height=\"423\" srcset=\"https:\/\/www.grieta.org.mx\/wp-content\/uploads\/2020\/04\/\u201cNo-es-que-no-queramos-dar-informes-es-que-estamos-rebasados-m\u00e9dicos-de-la-Cl\u00ednica-27-del-IMSS-cdmx-abr.jpeg 960w, https:\/\/www.grieta.org.mx\/wp-content\/uploads\/2020\/04\/\u201cNo-es-que-no-queramos-dar-informes-es-que-estamos-rebasados-m\u00e9dicos-de-la-Cl\u00ednica-27-del-IMSS-cdmx-abr-300x200.jpeg 300w, https:\/\/www.grieta.org.mx\/wp-content\/uploads\/2020\/04\/\u201cNo-es-que-no-queramos-dar-informes-es-que-estamos-rebasados-m\u00e9dicos-de-la-Cl\u00ednica-27-del-IMSS-cdmx-abr-768x512.jpeg 768w, https:\/\/www.grieta.org.mx\/wp-content\/uploads\/2020\/04\/\u201cNo-es-que-no-queramos-dar-informes-es-que-estamos-rebasados-m\u00e9dicos-de-la-Cl\u00ednica-27-del-IMSS-cdmx-abr-750x500.jpeg 750w\" sizes=\"auto, (max-width: 634px) 100vw, 634px\" \/><br \/>\n<em>Foto: Cuartoscuro<\/em><\/p>\n<p>Andrea Vega \/ Animal Pol\u00edtico<\/p>\n<blockquote><p>El domingo 19 de abril alrededor de 20 personas ingresaron por la fuerza al hospital acusando falta de informaci\u00f3n oportuna sobre el estado de sus familiares.<\/p><\/blockquote>\n<p>Los cuatro m\u00e9dicos que estuvieron el fin de semana en el \u00e1rea de medicina interna del Hospital General de Zona #27 del IMSS, en Tlatelolco, debieron atender este domingo 19 de abril a 16 pacientes con COVID-19, y 32 sospechosos de tenerlo, adem\u00e1s de a 37 con otros padecimientos. Con esa carga de trabajo les queda poco tiempo para dar informes y s\u00ed a veces se les hace tarde.<\/p>\n<p>Este 19 de abril eso pas\u00f3, de acuerdo al relato de dos de los m\u00e9dicos adscritos del hospital. Los especialistas no hab\u00edan terminado su recorrido de reconocimiento con todos los pacientes, por eso no hab\u00edan enviado la informaci\u00f3n a la subdirectora, que es quien se encarga de salir a dar los informes, casi siempre, en esta contingencia.<\/p>\n<p>En una jornada normal, estos se daban a las 12 del d\u00eda y los familiares estaban adentro. Ahora solo el personal puede estar en el interior del hospital y se generan retrasos al proporcionar los partes m\u00e9dicos. Familiares disgustados por esto irrumpieron a fuerza en la instituci\u00f3n, alrededor de las 5 de la tarde de este domingo.<\/p>\n<p>\u201cEntraron unas 20 personas, pero no eran familiares de los pacientes con COVID o sospechosos, porque a ellos los tenemos en el primer piso, eran los familiares de personas con otros padecimientos, y se fueron directo al segundo piso de medicina interna\u201d, narra Ramiro, uno de los m\u00e9dicos, a quien llamaremos as\u00ed para proteger su identidad.<\/p>\n<p>Algunas de las personas que irrumpieron, dice, s\u00ed lograron ver a su familiar. Las autoridades del hospital tuvieron que llamar a la polic\u00eda, que tard\u00f3 alrededor de 15 minutos en llegar, para que los sacaron.<\/p>\n<p>\u201cNo se us\u00f3 la fuerza eso s\u00ed. La polic\u00eda les pidi\u00f3 que se retiraran y no se us\u00f3 la fuerza en ning\u00fan momento. Tampoco hubo agresiones hacia el personal m\u00e9dico. Pero si no se permite a ning\u00fan familiar estar en ninguna zona del hospital en estos d\u00edas es por el peligro de contagio, es por su seguridad\u201d.<\/p>\n<p>Estos son los problemas que se generan, dice \u201cJuan\u201d, otro de los m\u00e9dicos de HGZ 27, cuando tienes un hospital h\u00edbrido como este, es decir, con pacientes COVID y no COVID, porque quienes tienen adentro familiares con otros padecimientos como diabetes, insuficiencia renal o falla card\u00edaca sienten injusto no poder estar adentro y se desesperan m\u00e1s ante el riesgo de contagio de su familiar.<\/p>\n<p>No entienden, dice, que no dar informes no es una negligencia ni un trato inhumano deliberado hacia los familiares.<\/p>\n<p>\u201cEstamos rebasados. Eso es todo. Hay cuatro m\u00e9dicos en medicina interna en fin de semana para todos esos pacientes. Sabemos que la gente quiere saber de su familiar, pero los m\u00e9dicos de todos los turnos estamos sobre cargados de trabajo, no tenemos apoyo ni de personal administrativo porque no pueden estar en \u00e1rea COVID, as\u00ed que debemos tomar muestras, sacar placas, intubar, hacer tr\u00e1mites, preparar informes, en ocho horas no hay un minuto de descanso\u201d, explica Ramiro.<\/p>\n<p>La sobre carga de trabajo se ha generado tambi\u00e9n por las bajas en el personal que ha tenido que irse a su casa por ser de los grupos de riesgo: mayores de 65 a\u00f1os, mujeres embarazadas o personas con alg\u00fan padecimiento como diabetes o hipertensi\u00f3n. \u201cHasta 30% de los compa\u00f1eros se fueron a casa\u201d, dicen los m\u00e9dicos.<\/p>\n<p>A eso hay que agregarle los que, a decir de los dos especialistas, han dado positivo a COVID y se han ido a aislamiento. \u201cSon ocho m\u00e9dicos adscritos y tres residentes. Hay adem\u00e1s otros cinco residentes a los que no se les ha hecho la prueba pero empezaron con s\u00edntomas y se fueron tambi\u00e9n a casa\u201d, precisa Ramiro. Animal Pol\u00edtico tiene copia de al menos cuatro de los resultados positivos de m\u00e9dicos de este hospital.<\/p>\n<p>Con esa merma en el personal, los que quedan deben atender a los pacientes, con el agravante de lo que implica dar atenci\u00f3n a pacientes COVID.<\/p>\n<p>\u201cPara entrar a verlos hay que ponerse el traje especial y el equipo de protecci\u00f3n, del que adem\u00e1s nosotros compramos los trajes especiales blancos, porque en el hospital solo nos dan batas quir\u00fargicas tipo impermeable que no cubren por completo y tambi\u00e9n compramos las mascarillas N95 porque a las del hospital se les rompen las bandas el\u00e1sticas y no sellan de forma adecuada. Ponernos el traje nos lleva hasta 20 minutos y al salir hay que quit\u00e1rselo y es el mismo tiempo\u201d, relata Juan.<\/p>\n<p>Adem\u00e1s, agrega, \u201cportar todo ese equipo nos causa una fatiga adicional, a las cinco o seis horas empiezas a sentir que te ahogas. La jornada dura ocho horas y no puedes salir del \u00e1rea de aislados y menos quitarte el traje. El sudor no nos deja ver a trav\u00e9s de los googles y para desempa\u00f1arnos hay que sanitizarse las manos, retirarlos, limpiarlos, sanitizarlos. Es agotador\u201d.<\/p>\n<p>El especialista refiere que de los cuatro m\u00e9dicos que est\u00e1n en fin de semana en medicina interna, a dos les toca atender a los pacientes COVID y sospechosos por la ma\u00f1ana, mientras otros dos ven al resto, y despu\u00e9s se intercambian.<\/p>\n<p>\u201cEs l\u00f3gico que no d\u00e9 tiempo a veces de dar los informes a tiempo. Pero no es un descuido, los m\u00e9dicos de todos los turnos, no solo los de fin de semana, hacemos lo que podemos\u201d, dice Ramiro.<\/p>\n<p>Incluso cuenta que los pacientes con COVID o sospechosos a veces escriben cartas a sus familiares cont\u00e1ndoles c\u00f3mo est\u00e1n y preguntando c\u00f3mo va todo en casa. \u201cEsas cartas las pegamos en la zona donde se colocan los informes para que los familiares las lean\u201d.<\/p>\n<p>Para el personal m\u00e9dico, cuenta, \u201ctodo esto es muy duro tambi\u00e9n. No podemos considerar estable a ning\u00fan paciente. Sabemos que de un momento a otro se agravan y eso nos desespera. Aunque tambi\u00e9n hay buenas noticas. Ya ha habido seis altas de pacientes COVID, as\u00ed que eso nos da esperanza\u201d.<\/p>\n<p><a href=\"https:\/\/www.animalpolitico.com\/2020\/04\/medicos-informes-covid-19-rebasados-clinica-27-imss\/\" target=\"_blank\" rel=\"noopener noreferrer\">https:\/\/www.animalpolitico.com\/2020\/04\/medicos-informes-covid-19-rebasados-clinica-27-imss\/<\/a><\/p>\n","protected":false},"excerpt":{"rendered":"<p>Foto: Cuartoscuro Andrea Vega \/ Animal Pol\u00edtico El domingo 19 de abril alrededor de 20 personas ingresaron por la fuerza al hospital acusando falta de informaci\u00f3n oportuna sobre el estado &hellip; <a href=\"https:\/\/www.grieta.org.mx\/index.php\/2020\/04\/21\/no-es-que-no-queramos-dar-informes-es-que-estamos-rebasados-medicos-de-la-clinica-27-del-imss-ciudad-de-mexico\/\" class=\"more-link\">Leer m\u00e1s<\/a><\/p>\n","protected":false},"author":2,"featured_media":48044,"comment_status":"closed","ping_status":"closed","sticky":false,"template":"","format":"standard","meta":{"ngg_post_thumbnail":0,"_jetpack_newsletter_access":"","_jetpack_dont_email_post_to_subs":false,"_jetpack_newsletter_tier_id":0,"_jetpack_memberships_contains_paywalled_content":false,"_jetpack_memberships_contains_paid_content":false,"footnotes":""},"categories":[80,14,3295,918,3033,1225,910,2065,2,2119,83],"tags":[3241,3133,2841],"class_list":["post-48043","post","type-post","status-publish","format-standard","has-post-thumbnail","hentry","category-cintillo","category-ciudad-de-mexico","category-covid-19-en-ciudad-de-mexico","category-privatizacion-del-sector-salud","category-crisis-en-el-sector-salud-en-la-ciudad-de-mexico","category-explotacion-laboral-en-la-ciudad-de-mexico","category-explotacion-y-precariedad-laboral","category-movilizaciones-y-protestas-de-habitantes-de-la-ciudad-de-mexico","category-noticias-nacionales","category-precarizacion-de-las-condiciones-laborales-en-la-ciudad-de-mexico","category-temas-nacionales","tag-covid-19","tag-crisis-del-sector-salud","tag-explotacion-y-precariedad-laboral","entry"],"jetpack_featured_media_url":"https:\/\/www.grieta.org.mx\/wp-content\/uploads\/2020\/04\/\u201cNo-es-que-no-queramos-dar-informes-es-que-estamos-rebasados-m\u00e9dicos-de-la-Cl\u00ednica-27-del-IMSS-cdmx-abr.jpeg","jetpack_sharing_enabled":true,"jetpack_shortlink":"https:\/\/wp.me\/p7ZJR4-cuT","jetpack_likes_enabled":false,"jetpack-related-posts":[{"id":48327,"url":"https:\/\/www.grieta.org.mx\/index.php\/2020\/04\/27\/personal-medico-bloquea-ermita-iztapalapa-por-falta-de-insumos-ciudad-de-mexico\/","url_meta":{"origin":48043,"position":0},"title":"Personal m\u00e9dico bloquea Ermita Iztapalapa por falta de insumos (Ciudad de M\u00e9xico)","author":"grieta","date":"27 abril, 2020","format":false,"excerpt":"Foto: @GRAWPEREZ Diario de M\u00e9xico Ciudad de M\u00e9xico. -M\u00e9dicos, enfermeras y personal de salud que trabaja en el Hospital Pedi\u00e1trico de Iztapalapa, mantienen bloqueada la circulaci\u00f3n en la Avenida Ermita Iztapalapa, entre Eje 3 Oriente y La Viga. El personal m\u00e9dico asegura que no tienen los materiales necesarios, como cubrebocas\u2026","rel":"","context":"En &quot;CINTILLO&quot;","block_context":{"text":"CINTILLO","link":"https:\/\/www.grieta.org.mx\/index.php\/category\/cintillo\/"},"img":{"alt_text":"","src":"https:\/\/i0.wp.com\/www.grieta.org.mx\/wp-content\/uploads\/2020\/04\/Personal-m%C3%A9dico-bloquea-Ermita-Iztapalapa-por-falta-de-insumos-cdmx-abr.jpg?resize=350%2C200&ssl=1","width":350,"height":200,"srcset":"https:\/\/i0.wp.com\/www.grieta.org.mx\/wp-content\/uploads\/2020\/04\/Personal-m%C3%A9dico-bloquea-Ermita-Iztapalapa-por-falta-de-insumos-cdmx-abr.jpg?resize=350%2C200&ssl=1 1x, https:\/\/i0.wp.com\/www.grieta.org.mx\/wp-content\/uploads\/2020\/04\/Personal-m%C3%A9dico-bloquea-Ermita-Iztapalapa-por-falta-de-insumos-cdmx-abr.jpg?resize=525%2C300&ssl=1 1.5x, https:\/\/i0.wp.com\/www.grieta.org.mx\/wp-content\/uploads\/2020\/04\/Personal-m%C3%A9dico-bloquea-Ermita-Iztapalapa-por-falta-de-insumos-cdmx-abr.jpg?resize=700%2C400&ssl=1 2x, https:\/\/i0.wp.com\/www.grieta.org.mx\/wp-content\/uploads\/2020\/04\/Personal-m%C3%A9dico-bloquea-Ermita-Iztapalapa-por-falta-de-insumos-cdmx-abr.jpg?resize=1050%2C600&ssl=1 3x"},"classes":[]},{"id":47810,"url":"https:\/\/www.grieta.org.mx\/index.php\/2020\/04\/13\/personal-medico-del-imss-exige-insumos-para-atender-coronavirus-ciudad-de-mexico\/","url_meta":{"origin":48043,"position":1},"title":"Personal m\u00e9dico del IMSS exige insumos para atender coronavirus (Ciudad de M\u00e9xico)","author":"grieta","date":"13 abril, 2020","format":false,"excerpt":"Imagen tomada de: www.eluniversal.com.mx Carla Mart\u00ednez \/ El Universal Personal que labora en el Hospital General de Zona Venados del IMSS bloque\u00f3 la avenida Municipio Libre para exigir insumos m\u00e9dicos para atender a pacientes con Covid-19 Por falta de insumos m\u00e9dicos para atender a pacientes con Covid-19, personal de salud\u2026","rel":"","context":"En &quot;CINTILLO&quot;","block_context":{"text":"CINTILLO","link":"https:\/\/www.grieta.org.mx\/index.php\/category\/cintillo\/"},"img":{"alt_text":"","src":"https:\/\/i0.wp.com\/www.grieta.org.mx\/wp-content\/uploads\/2020\/04\/Personal-m%C3%A9dico-del-IMSS-exige-insumos-para-atender-coronavirus-cdmx-abr.jpg?resize=350%2C200","width":350,"height":200},"classes":[]},{"id":46659,"url":"https:\/\/www.grieta.org.mx\/index.php\/2020\/03\/23\/personal-del-imss-protesta-por-falta-de-insumos-y-protocolos-ante-covid-19-ciudad-de-mexico\/","url_meta":{"origin":48043,"position":2},"title":"Personal del IMSS protesta por falta de insumos y protocolos ante Covid-19 (Ciudad de M\u00e9xico)","author":"grieta","date":"23 marzo, 2020","format":false,"excerpt":"Foto: Jorge Gonz\u00e1lez Jorge Gonz\u00e1lez \/ Excelsior Enfermeras, camilleros y doctores de la Cl\u00ednica 32, piden capacitaci\u00f3n y medidas para la recepci\u00f3n de pacientes CIUDAD DE M\u00c9XICO. La ma\u00f1ana de este lunes, trabajadores del Instituto Mexicano del Seguro Social (IMSS) salieron a las calles a levantar la voz por la\u2026","rel":"","context":"En &quot;CINTILLO&quot;","block_context":{"text":"CINTILLO","link":"https:\/\/www.grieta.org.mx\/index.php\/category\/cintillo\/"},"img":{"alt_text":"","src":"https:\/\/i0.wp.com\/www.grieta.org.mx\/wp-content\/uploads\/2020\/03\/Personal-del-IMSS-protesta-por-falta-de-insumos-y-protocolos-ante-Covid-19-cdmx-mzo.jpg?resize=350%2C200&ssl=1","width":350,"height":200,"srcset":"https:\/\/i0.wp.com\/www.grieta.org.mx\/wp-content\/uploads\/2020\/03\/Personal-del-IMSS-protesta-por-falta-de-insumos-y-protocolos-ante-Covid-19-cdmx-mzo.jpg?resize=350%2C200&ssl=1 1x, https:\/\/i0.wp.com\/www.grieta.org.mx\/wp-content\/uploads\/2020\/03\/Personal-del-IMSS-protesta-por-falta-de-insumos-y-protocolos-ante-Covid-19-cdmx-mzo.jpg?resize=525%2C300&ssl=1 1.5x, https:\/\/i0.wp.com\/www.grieta.org.mx\/wp-content\/uploads\/2020\/03\/Personal-del-IMSS-protesta-por-falta-de-insumos-y-protocolos-ante-Covid-19-cdmx-mzo.jpg?resize=700%2C400&ssl=1 2x, https:\/\/i0.wp.com\/www.grieta.org.mx\/wp-content\/uploads\/2020\/03\/Personal-del-IMSS-protesta-por-falta-de-insumos-y-protocolos-ante-Covid-19-cdmx-mzo.jpg?resize=1050%2C600&ssl=1 3x"},"classes":[]},{"id":48333,"url":"https:\/\/www.grieta.org.mx\/index.php\/2020\/04\/27\/bloquean-calzada-vallejo-por-falta-de-insumos-en-el-hospital-la-raza-ciudad-de-mexico\/","url_meta":{"origin":48043,"position":3},"title":"Bloquean Calzada Vallejo por falta de insumos en el Hospital La Raza (Ciudad de M\u00e9xico)","author":"grieta","date":"27 abril, 2020","format":false,"excerpt":"Personal de La Raza exige insumos m\u00e9dicos para laborar. Foto: Germ\u00e1n Canseco Rodrigo Vera \/ Proceso Personal m\u00e9dico del Hospital La Raza realiz\u00f3 esta tarde una protesta para exigir insumos m\u00e9dicos que les permitan atender a sus pacientes con coronavirus, aparte de que, se\u00f1alan, 45 de sus compa\u00f1eros ya han\u2026","rel":"","context":"En &quot;CINTILLO&quot;","block_context":{"text":"CINTILLO","link":"https:\/\/www.grieta.org.mx\/index.php\/category\/cintillo\/"},"img":{"alt_text":"","src":"https:\/\/i0.wp.com\/www.grieta.org.mx\/wp-content\/uploads\/2020\/04\/Bloquean-Calzada-Vallejo-por-falta-de-insumos-en-el-Hospital-La-Raza-cdmx-abr.jpg?resize=350%2C200&ssl=1","width":350,"height":200,"srcset":"https:\/\/i0.wp.com\/www.grieta.org.mx\/wp-content\/uploads\/2020\/04\/Bloquean-Calzada-Vallejo-por-falta-de-insumos-en-el-Hospital-La-Raza-cdmx-abr.jpg?resize=350%2C200&ssl=1 1x, https:\/\/i0.wp.com\/www.grieta.org.mx\/wp-content\/uploads\/2020\/04\/Bloquean-Calzada-Vallejo-por-falta-de-insumos-en-el-Hospital-La-Raza-cdmx-abr.jpg?resize=525%2C300&ssl=1 1.5x, https:\/\/i0.wp.com\/www.grieta.org.mx\/wp-content\/uploads\/2020\/04\/Bloquean-Calzada-Vallejo-por-falta-de-insumos-en-el-Hospital-La-Raza-cdmx-abr.jpg?resize=700%2C400&ssl=1 2x"},"classes":[]},{"id":71967,"url":"https:\/\/www.grieta.org.mx\/index.php\/2025\/07\/08\/trabajadores-de-la-salud-bloquean-paseo-de-la-reforma-denuncian-irregularidades-ciudad-de-mexico\/","url_meta":{"origin":48043,"position":4},"title":"Trabajadores de la salud bloquean Paseo de la Reforma; denuncian irregularidades (Ciudad de M\u00e9xico)","author":"grieta","date":"8 julio, 2025","format":false,"excerpt":"Natalia Estrada Garc\u00eda \/ Enfoque noticias CDMX.- Trabajadoras y trabajadores pertenecientes al sector salud fueron agredidos tras mantener un bloqueo sobre carriles laterales del Perif\u00e9rico y avenida Paseo de la Reforma en la colonia Bosques de Chapultepec, Miguel Hidalgo. Laura Quintero delegada estatal de Ciudad de M\u00e9xico de la Fuerza\u2026","rel":"","context":"En &quot;Abuso policiaco y tortura en la Ciudad de M\u00e9xico&quot;","block_context":{"text":"Abuso policiaco y tortura en la Ciudad de M\u00e9xico","link":"https:\/\/www.grieta.org.mx\/index.php\/category\/noticias-nacionales\/ciudad-de-mexico\/abuso-policiaco-y-tortura-en-la-ciudad-de-mexico\/"},"img":{"alt_text":"","src":"https:\/\/i0.wp.com\/www.grieta.org.mx\/wp-content\/uploads\/2025\/07\/Captura-de-pantalla-2025-07-08-233604.png?resize=350%2C200&ssl=1","width":350,"height":200,"srcset":"https:\/\/i0.wp.com\/www.grieta.org.mx\/wp-content\/uploads\/2025\/07\/Captura-de-pantalla-2025-07-08-233604.png?resize=350%2C200&ssl=1 1x, https:\/\/i0.wp.com\/www.grieta.org.mx\/wp-content\/uploads\/2025\/07\/Captura-de-pantalla-2025-07-08-233604.png?resize=525%2C300&ssl=1 1.5x, https:\/\/i0.wp.com\/www.grieta.org.mx\/wp-content\/uploads\/2025\/07\/Captura-de-pantalla-2025-07-08-233604.png?resize=700%2C400&ssl=1 2x"},"classes":[]},{"id":48770,"url":"https:\/\/www.grieta.org.mx\/index.php\/2020\/05\/06\/personal-de-clinica-del-imss-en-zaragoza-denuncian-que-han-sido-rebasados-ciudad-de-mexico\/","url_meta":{"origin":48043,"position":5},"title":"PERSONAL DE CL\u00cdNICA DEL IMSS EN ZARAGOZA DENUNCIAN QUE HAN SIDO REBASADOS (Ciudad de M\u00e9xico)","author":"grieta","date":"6 mayo, 2020","format":false,"excerpt":"Foto: www.reporteindigo.com Reporte \u00cdndigo Trabajadores de la cl\u00ednica ubicada en calzada Ignacio Zaragoza se manifestaron este mi\u00e9rcoles a las afueras de la UMF 120 y cerraron la avenida El personal m\u00e9dico de la Unidad M\u00e9dica Familiar (UMF)120 en Zaragoza del Instituto Mexicano del Seguro Social (IMSS) denunci\u00f3 este mi\u00e9rcoles que\u2026","rel":"","context":"En &quot;CINTILLO&quot;","block_context":{"text":"CINTILLO","link":"https:\/\/www.grieta.org.mx\/index.php\/category\/cintillo\/"},"img":{"alt_text":"","src":"https:\/\/i0.wp.com\/www.grieta.org.mx\/wp-content\/uploads\/2020\/05\/PERSONAL-DE-CL%C3%8DNICA-DEL-IMSS-EN-ZARAGOZA-DENUNCIAN-QUE-HAN-SIDO-REBASADOS-cdmx-may.jpg?resize=350%2C200","width":350,"height":200},"classes":[]}],"_links":{"self":[{"href":"https:\/\/www.grieta.org.mx\/index.php\/wp-json\/wp\/v2\/posts\/48043","targetHints":{"allow":["GET"]}}],"collection":[{"href":"https:\/\/www.grieta.org.mx\/index.php\/wp-json\/wp\/v2\/posts"}],"about":[{"href":"https:\/\/www.grieta.org.mx\/index.php\/wp-json\/wp\/v2\/types\/post"}],"author":[{"embeddable":true,"href":"https:\/\/www.grieta.org.mx\/index.php\/wp-json\/wp\/v2\/users\/2"}],"replies":[{"embeddable":true,"href":"https:\/\/www.grieta.org.mx\/index.php\/wp-json\/wp\/v2\/comments?post=48043"}],"version-history":[{"count":1,"href":"https:\/\/www.grieta.org.mx\/index.php\/wp-json\/wp\/v2\/posts\/48043\/revisions"}],"predecessor-version":[{"id":48045,"href":"https:\/\/www.grieta.org.mx\/index.php\/wp-json\/wp\/v2\/posts\/48043\/revisions\/48045"}],"wp:featuredmedia":[{"embeddable":true,"href":"https:\/\/www.grieta.org.mx\/index.php\/wp-json\/wp\/v2\/media\/48044"}],"wp:attachment":[{"href":"https:\/\/www.grieta.org.mx\/index.php\/wp-json\/wp\/v2\/media?parent=48043"}],"wp:term":[{"taxonomy":"category","embeddable":true,"href":"https:\/\/www.grieta.org.mx\/index.php\/wp-json\/wp\/v2\/categories?post=48043"},{"taxonomy":"post_tag","embeddable":true,"href":"https:\/\/www.grieta.org.mx\/index.php\/wp-json\/wp\/v2\/tags?post=48043"}],"curies":[{"name":"wp","href":"https:\/\/api.w.org\/{rel}","templated":true}]}}