{"id":48012,"date":"2020-04-20T12:33:38","date_gmt":"2020-04-20T17:33:38","guid":{"rendered":"http:\/\/www.grieta.org.mx\/?p=48012"},"modified":"2020-04-21T12:45:44","modified_gmt":"2020-04-21T17:45:44","slug":"exigen-justicia-por-multihomicidio-en-la-tarahumara-chihuahua","status":"publish","type":"post","link":"https:\/\/www.grieta.org.mx\/index.php\/2020\/04\/20\/exigen-justicia-por-multihomicidio-en-la-tarahumara-chihuahua\/","title":{"rendered":"Exigen justicia por multihomicidio en la Tarahumara (Chihuahua)"},"content":{"rendered":"<p>Patricia Mayorga (Proceso)<br \/>\n<img loading=\"lazy\" decoding=\"async\" data-attachment-id=\"48015\" data-permalink=\"https:\/\/www.grieta.org.mx\/index.php\/2020\/04\/20\/exigen-justicia-por-multihomicidio-en-la-tarahumara-chihuahua\/foto-principal-1024x683\/\" data-orig-file=\"https:\/\/www.grieta.org.mx\/wp-content\/uploads\/2020\/04\/foto-principal-1024x683.jpg\" data-orig-size=\"1100,581\" data-comments-opened=\"0\" data-image-meta=\"{&quot;aperture&quot;:&quot;0&quot;,&quot;credit&quot;:&quot;&quot;,&quot;camera&quot;:&quot;&quot;,&quot;caption&quot;:&quot;&quot;,&quot;created_timestamp&quot;:&quot;0&quot;,&quot;copyright&quot;:&quot;&quot;,&quot;focal_length&quot;:&quot;0&quot;,&quot;iso&quot;:&quot;0&quot;,&quot;shutter_speed&quot;:&quot;0&quot;,&quot;title&quot;:&quot;&quot;,&quot;orientation&quot;:&quot;0&quot;}\" data-image-title=\"foto-principal-1024&amp;#215;683\" data-image-description=\"\" data-image-caption=\"\" data-medium-file=\"https:\/\/www.grieta.org.mx\/wp-content\/uploads\/2020\/04\/foto-principal-1024x683-300x158.jpg\" data-large-file=\"https:\/\/www.grieta.org.mx\/wp-content\/uploads\/2020\/04\/foto-principal-1024x683-1024x541.jpg\" class=\"aligncenter  wp-image-48015\" src=\"http:\/\/www.grieta.org.mx\/wp-content\/uploads\/2020\/04\/foto-principal-1024x683.jpg\" alt=\"\" width=\"800\" height=\"423\" srcset=\"https:\/\/www.grieta.org.mx\/wp-content\/uploads\/2020\/04\/foto-principal-1024x683.jpg 1100w, https:\/\/www.grieta.org.mx\/wp-content\/uploads\/2020\/04\/foto-principal-1024x683-300x158.jpg 300w, https:\/\/www.grieta.org.mx\/wp-content\/uploads\/2020\/04\/foto-principal-1024x683-768x406.jpg 768w, https:\/\/www.grieta.org.mx\/wp-content\/uploads\/2020\/04\/foto-principal-1024x683-1024x541.jpg 1024w, https:\/\/www.grieta.org.mx\/wp-content\/uploads\/2020\/04\/foto-principal-1024x683-947x500.jpg 947w\" sizes=\"auto, (max-width: 800px) 100vw, 800px\" \/><\/p>\n<p>Foto tomada de SinEmbargo<\/p>\n<p>CIUDAD DE M\u00c9XICO (apro).- .\u00a0El obispo de la Tarahumara, Juan Manuel Gonz\u00e1lez Sandoval, exigi\u00f3 justicia y pidi\u00f3 que las autoridades ejerzan su trabajo para dar una respuesta pronta y eficaz a las familias de las v\u00edctimas que fueron asesinadas por un grupo armado el s\u00e1bado por la noche, en Sisoguichi, municipio de Bocoyna.<\/p>\n<div id=\"stagi-09e8d6ec99b889a8f09fa1f0f5b2889a\"><\/div>\n<p>Un grupo de hombres armados ingres\u00f3 la noche del s\u00e1bado al poblado de Sisoguichi, uno de los principales de la Sierra Tarahumara, asesin\u00f3 a cinco hombres, entre ellos un adolescente ind\u00edgena de 14 a\u00f1os,\u00a0rafague\u00f3 viviendas y tiendas de abarrotes, y rob\u00f3 cuatro veh\u00edculos y gasolina.<\/p>\n<div id=\"stagi-5f541cc926dcf445615908f8d93807b2\"><\/div>\n<p>El ataque fue contra la poblaci\u00f3n, aseguran habitantes del lugar, ya que es uno de los centros m\u00e1s importantes de la Di\u00f3cesis de la Tarahumara.<\/p>\n<p>La Fiscal\u00eda Zona Norte emiti\u00f3 un comunicado en el que da a conocer que el grupo delictivo asesin\u00f3 a cuatro personas y priv\u00f3 de la libertad a otros dos, pero personas de la regi\u00f3n, confirmaron que ya apareci\u00f3 una de ellas muerta.<\/p>\n<h5>Las v\u00edctimas<\/h5>\n<p>Las v\u00edctimas son: el comisariado ejidal de Panalachi, Carlos Ra\u00fal Lozano, a quien privaron de su libertad y posteriormente lo dejaron muerto en el camino a Soj\u00e1wachi y lo encontraron esta ma\u00f1ana.<\/p>\n<p>En una vivienda encontraron dos cuerpos m\u00e1s con impactos de arma de fuego y\u00a0en el\u00a0hospital Tarahumara de Sisoguichi, les notificaron la muerte de un menor que seg\u00fan la gente de la regi\u00f3n se llamaba Mart\u00edn Ad\u00e1n, un adolescente ind\u00edgena que cursaba primero de secundaria.<\/p>\n<div id=\"stagi-2e843fb49705c47857a7b1d32d0ebf03\"><\/div>\n<p>Las otras personas fallecidas fueron identificadas como Enrique Zavala de 46 a\u00f1os, quien era sacrist\u00e1n de la parroquia y era famoso porque representaba a Judas Iscariote en los viacrucis de Semana Santa; Jes\u00fas David Guti\u00e9rrez de 36 a\u00f1os y Jes\u00fas C\u00f3rdova de 40 a\u00f1os. Todos viv\u00edan en Sisoghichi.<\/p>\n<p>Los hechos se le atribuyen al grupo delictivo La L\u00ednea, que desde por lo menos el a\u00f1o 2017, mantiene una pugna encarnizada por la tala de \u00e1rboles, mantiene a ejidos y comunidades ind\u00edgenas aterrorizadas para llevar a cabo el negocio de la tala clandestina como una de sus ramas delictivas.<\/p>\n<h5><strong>El crimen, vinculado a tala ilegal<\/strong><\/h5>\n<p>El\u00a0fiscal general, C\u00e9sar Augusto Peniche Espejel, confirm\u00f3 a medios de comunicaci\u00f3n de Chihuahua, que el ataque tiene que ver con el problema de la tala ilegal de la zona.<\/p>\n<p>El obispo emiti\u00f3 ayer en la tarde el siguiente comunicado en el que condena el m\u00faltiple asesinato y pide justicia.<\/p>\n<p>\u201cA todos en general, nos preocupa, entristece y nos indigna grandemente lo que ha sucedido en Sisoguichi este 18 de abril. Oramos por las v\u00edctimas y por su familia, pidiendo a Dios el consuelo y la esperanza de una futura Resurrecci\u00f3n. Nos unimos al dolor a la oraci\u00f3n o de los sacerdotes y religiosas que acompa\u00f1an a esta parroquia. Esperando en que las autoridades ejerzan su trabajo y de una respuesta pronta y eficaz a los familiares que sufren ante estos hechos tan lamentables<\/p>\n<p>\u201cMi m\u00e1s sincero p\u00e9same a las familias que en este momento est\u00e1n sufriendo por esta tragedia\u201d, expres\u00f3 el obispo.<\/p>\n<p><a href=\"https:\/\/www.proceso.com.mx\/626475\/exigen-justicia-por-multihomicidio-en-la-tarahumara\">https:\/\/www.proceso.com.mx\/626475\/exigen-justicia-por-multihomicidio-en-la-tarahumara<span data-mce-type=\"bookmark\" style=\"display: inline-block; width: 0px; overflow: hidden; line-height: 0;\" class=\"mce_SELRES_start\">?<\/span><\/a><\/p>\n","protected":false},"excerpt":{"rendered":"<p>Patricia Mayorga (Proceso) Foto tomada de SinEmbargo CIUDAD DE M\u00c9XICO (apro).- .\u00a0El obispo de la Tarahumara, Juan Manuel Gonz\u00e1lez Sandoval, exigi\u00f3 justicia y pidi\u00f3 que las autoridades ejerzan su trabajo &hellip; <a href=\"https:\/\/www.grieta.org.mx\/index.php\/2020\/04\/20\/exigen-justicia-por-multihomicidio-en-la-tarahumara-chihuahua\/\" class=\"more-link\">Leer m\u00e1s<\/a><\/p>\n","protected":false},"author":2,"featured_media":48015,"comment_status":"closed","ping_status":"closed","sticky":false,"template":"","format":"standard","meta":{"ngg_post_thumbnail":0,"_jetpack_newsletter_access":"","_jetpack_dont_email_post_to_subs":false,"_jetpack_newsletter_tier_id":0,"_jetpack_memberships_contains_paywalled_content":false,"_jetpack_memberships_contains_paid_content":false,"footnotes":""},"categories":[12,80,1278,1402,2211,83],"tags":[3064,2569],"class_list":["post-48012","post","type-post","status-publish","format-standard","has-post-thumbnail","hentry","category-chihuahua","category-cintillo","category-despojo-de-tierras-y-territorios","category-privatizacion-del-agua-en-chihuahua","category-tala-ilegal-en-la-tarahumara","category-temas-nacionales","tag-depojo","tag-tala-de-arboles","entry"],"jetpack_featured_media_url":"https:\/\/www.grieta.org.mx\/wp-content\/uploads\/2020\/04\/foto-principal-1024x683.jpg","jetpack_sharing_enabled":true,"jetpack_shortlink":"https:\/\/wp.me\/p7ZJR4-cuo","jetpack_likes_enabled":false,"jetpack-related-posts":[{"id":29881,"url":"https:\/\/www.grieta.org.mx\/index.php\/2019\/02\/02\/denuncian-ecocidio-en-la-sierra-tarahumara-chihuahua\/","url_meta":{"origin":48012,"position":0},"title":"Denuncian ecocidio en la sierra tarahumara (Chihuahua)","author":"grieta","date":"2 febrero, 2019","format":false,"excerpt":"La Opci\u00f3n de Chihuahua Chihuahua.- La destrucci\u00f3n de la Sierra Tarahumara contin\u00faa; a trav\u00e9s de fotograf\u00edas que circulan en redes sociales se muestran numerosos \u00e1rboles cortados. De acuerdo con la publicaci\u00f3n Semarnat, Profepa y Desarrollo Forestal del Estado no hacen nada para detener la tala ilegal de \u00e1rboles de la\u2026","rel":"","context":"En &quot;Chihuahua&quot;","block_context":{"text":"Chihuahua","link":"https:\/\/www.grieta.org.mx\/index.php\/category\/noticias-nacionales\/chihuahua\/"},"img":{"alt_text":"","src":"https:\/\/i0.wp.com\/www.grieta.org.mx\/wp-content\/uploads\/2019\/03\/Sierra-Tarahu.jpeg?resize=350%2C200&ssl=1","width":350,"height":200,"srcset":"https:\/\/i0.wp.com\/www.grieta.org.mx\/wp-content\/uploads\/2019\/03\/Sierra-Tarahu.jpeg?resize=350%2C200&ssl=1 1x, https:\/\/i0.wp.com\/www.grieta.org.mx\/wp-content\/uploads\/2019\/03\/Sierra-Tarahu.jpeg?resize=525%2C300&ssl=1 1.5x, https:\/\/i0.wp.com\/www.grieta.org.mx\/wp-content\/uploads\/2019\/03\/Sierra-Tarahu.jpeg?resize=700%2C400&ssl=1 2x"},"classes":[]},{"id":13403,"url":"https:\/\/www.grieta.org.mx\/index.php\/2016\/05\/26\/tala-clandestina-tiene-la-sierra-tarahumara-en-situacion-de-riesgo\/","url_meta":{"origin":48012,"position":1},"title":"Tala clandestina tiene la sierra Tarahumara en situaci\u00f3n de riesgo","author":"grieta","date":"26 mayo, 2016","format":false,"excerpt":"La Di\u00f3cesis de la Tarahumara env\u00edo una carta donde denuncia la cr\u00edtica situaci\u00f3n que est\u00e1n viviendo los bosques de la Sierra Tarahumara al enfrentarse a la tala ilegal y a la impunidad respaldada por las autoridades que no castigan a los responsables. Anteriormente hab\u00eda se\u00f1alado que desde el a\u00f1o 2000,\u2026","rel":"","context":"En &quot;chihuahua&quot;","block_context":{"text":"chihuahua","link":"https:\/\/www.grieta.org.mx\/index.php\/category\/chihuahua\/"},"img":{"alt_text":"","src":"https:\/\/i0.wp.com\/www.grieta.org.mx\/wp-content\/uploads\/2018\/03\/14524434_1106112876131411_958039263622046936_o.jpg?resize=350%2C200&ssl=1","width":350,"height":200,"srcset":"https:\/\/i0.wp.com\/www.grieta.org.mx\/wp-content\/uploads\/2018\/03\/14524434_1106112876131411_958039263622046936_o.jpg?resize=350%2C200&ssl=1 1x, https:\/\/i0.wp.com\/www.grieta.org.mx\/wp-content\/uploads\/2018\/03\/14524434_1106112876131411_958039263622046936_o.jpg?resize=525%2C300&ssl=1 1.5x, https:\/\/i0.wp.com\/www.grieta.org.mx\/wp-content\/uploads\/2018\/03\/14524434_1106112876131411_958039263622046936_o.jpg?resize=700%2C400&ssl=1 2x"},"classes":[]},{"id":22820,"url":"https:\/\/www.grieta.org.mx\/index.php\/2018\/04\/30\/indigenas-se-plantan-en-bosque-de-la-sierra-tarahumara-para-evitar-tala-anuncian-mas-acciones-chihuahua\/","url_meta":{"origin":48012,"position":2},"title":"Ind\u00edgenas se plantan en bosque de la Sierra Tarahumara para evitar tala; anuncian m\u00e1s acciones (Chihuahua)","author":"grieta","date":"30 abril, 2018","format":false,"excerpt":"CIUDAD DE M\u00c9XICO (apro).- Hombres, mujeres y ni\u00f1os de la comunidad de Bosques San El\u00edas Repechique, en el municipio de Bocoyna de la Sierra Tarahumara, llevan un mes plantados en el bosque de su territorio para evitar que particulares talen m\u00e1s \u00e1rboles, como lo han hecho sistem\u00e1ticamente durante los \u00faltimos\u2026","rel":"","context":"En &quot;Chihuahua&quot;","block_context":{"text":"Chihuahua","link":"https:\/\/www.grieta.org.mx\/index.php\/category\/noticias-nacionales\/chihuahua\/"},"img":{"alt_text":"","src":"https:\/\/i0.wp.com\/www.grieta.org.mx\/wp-content\/uploads\/2018\/03\/14524434_1106112876131411_958039263622046936_o.jpg?resize=350%2C200&ssl=1","width":350,"height":200,"srcset":"https:\/\/i0.wp.com\/www.grieta.org.mx\/wp-content\/uploads\/2018\/03\/14524434_1106112876131411_958039263622046936_o.jpg?resize=350%2C200&ssl=1 1x, https:\/\/i0.wp.com\/www.grieta.org.mx\/wp-content\/uploads\/2018\/03\/14524434_1106112876131411_958039263622046936_o.jpg?resize=525%2C300&ssl=1 1.5x, https:\/\/i0.wp.com\/www.grieta.org.mx\/wp-content\/uploads\/2018\/03\/14524434_1106112876131411_958039263622046936_o.jpg?resize=700%2C400&ssl=1 2x"},"classes":[]},{"id":9881,"url":"https:\/\/www.grieta.org.mx\/index.php\/2016\/07\/22\/despojo-en-la-sierra-tarahumara\/","url_meta":{"origin":48012,"position":3},"title":"Despojo en la Sierra Tarahumara","author":"grieta","date":"22 julio, 2016","format":false,"excerpt":"22\/07\/16. Huyen tarahumaras de violencia y hambre para asentarse en SamalayucaEntrelineas 23\/05\/16. Tala clandestina tiene la sierra Tarahumara en situaci\u00f3n de riesgoFrontenet 21\/05\/16. Aumenta desplazamiento forzado en la Tarahumara en pleno proceso electoralProceso 27\/03\/16. Habitantes de la Sierra viven en una constante intimidaci\u00f3n por parte del crimen organizadoEntrelineas 8\/03\/16. Sierra\u2026","rel":"","context":"En &quot;Chihuahua&quot;","block_context":{"text":"Chihuahua","link":"https:\/\/www.grieta.org.mx\/index.php\/category\/noticias-nacionales\/chihuahua\/"},"img":{"alt_text":"","src":"https:\/\/i0.wp.com\/www.grieta.org.mx\/wp-content\/uploads\/2018\/03\/14524434_1106112876131411_958039263622046936_o.jpg?resize=350%2C200&ssl=1","width":350,"height":200,"srcset":"https:\/\/i0.wp.com\/www.grieta.org.mx\/wp-content\/uploads\/2018\/03\/14524434_1106112876131411_958039263622046936_o.jpg?resize=350%2C200&ssl=1 1x, https:\/\/i0.wp.com\/www.grieta.org.mx\/wp-content\/uploads\/2018\/03\/14524434_1106112876131411_958039263622046936_o.jpg?resize=525%2C300&ssl=1 1.5x, https:\/\/i0.wp.com\/www.grieta.org.mx\/wp-content\/uploads\/2018\/03\/14524434_1106112876131411_958039263622046936_o.jpg?resize=700%2C400&ssl=1 2x"},"classes":[]},{"id":60154,"url":"https:\/\/www.grieta.org.mx\/index.php\/2021\/06\/20\/fuego-saqueo-e-indiferencia-consumen-a-la-sierra-tarahumara\/","url_meta":{"origin":48012,"position":4},"title":"Fuego, saqueo e indiferencia consumen a la Sierra Tarahumara","author":"grieta","date":"20 junio, 2021","format":false,"excerpt":"La actual crisis de sequ\u00eda que vive Chihuahua y el problema recurrente de tala ilegal se han vuelto la mancuerna perfecta para desatar m\u00e1s de una decena de incendios que arrasan con los bosques del territorio ind\u00edgena Texto: \u00d3scar Rosales\u00a0 \/ Ra\u00edchali CHIHUAHUA.- Al menos once municipios de Chihuahua se\u2026","rel":"","context":"En &quot;Chihuahua&quot;","block_context":{"text":"Chihuahua","link":"https:\/\/www.grieta.org.mx\/index.php\/category\/noticias-nacionales\/chihuahua\/"},"img":{"alt_text":"","src":"https:\/\/i0.wp.com\/www.grieta.org.mx\/wp-content\/uploads\/2021\/06\/Raichalli_incendios_forestales_especial3.jpeg?resize=350%2C200&ssl=1","width":350,"height":200,"srcset":"https:\/\/i0.wp.com\/www.grieta.org.mx\/wp-content\/uploads\/2021\/06\/Raichalli_incendios_forestales_especial3.jpeg?resize=350%2C200&ssl=1 1x, https:\/\/i0.wp.com\/www.grieta.org.mx\/wp-content\/uploads\/2021\/06\/Raichalli_incendios_forestales_especial3.jpeg?resize=525%2C300&ssl=1 1.5x, https:\/\/i0.wp.com\/www.grieta.org.mx\/wp-content\/uploads\/2021\/06\/Raichalli_incendios_forestales_especial3.jpeg?resize=700%2C400&ssl=1 2x"},"classes":[]},{"id":64724,"url":"https:\/\/www.grieta.org.mx\/index.php\/2022\/06\/06\/asesinan-a-2-sacerdotes-jesuitas-dentro-de-iglesia-en-la-sierra-tarahumara-se-vive-violencia-y-olvido\/","url_meta":{"origin":48012,"position":5},"title":"Asesinan a 2 sacerdotes jesuitas dentro de iglesia en la Sierra Tarahumara; &#8220;se vive violencia y olvido&#8221;","author":"grieta","date":"6 junio, 2022","format":false,"excerpt":"Jaime Armend\u00e1riz\/Raichali Los sacerdotes jesuitas Javier Campos Morales (Padre Gallo) y Joaqu\u00edn C\u00e9sar Mora Salazar, fueron asesinados ayer por la tarde dentro del templo de la comunidad de Cerocahui, ubicada en el municipio de Urique, en la Sierra Tarahumara. Las v\u00edctimas estaban en la iglesia cuando un hombre lleg\u00f3 a\u2026","rel":"","context":"En &quot;Chihuahua&quot;","block_context":{"text":"Chihuahua","link":"https:\/\/www.grieta.org.mx\/index.php\/category\/noticias-nacionales\/chihuahua\/"},"img":{"alt_text":"","src":"https:\/\/i0.wp.com\/www.grieta.org.mx\/wp-content\/uploads\/2022\/08\/portadajesuitas-1024x535-1.jpg?resize=350%2C200&ssl=1","width":350,"height":200,"srcset":"https:\/\/i0.wp.com\/www.grieta.org.mx\/wp-content\/uploads\/2022\/08\/portadajesuitas-1024x535-1.jpg?resize=350%2C200&ssl=1 1x, https:\/\/i0.wp.com\/www.grieta.org.mx\/wp-content\/uploads\/2022\/08\/portadajesuitas-1024x535-1.jpg?resize=525%2C300&ssl=1 1.5x, https:\/\/i0.wp.com\/www.grieta.org.mx\/wp-content\/uploads\/2022\/08\/portadajesuitas-1024x535-1.jpg?resize=700%2C400&ssl=1 2x"},"classes":[]}],"_links":{"self":[{"href":"https:\/\/www.grieta.org.mx\/index.php\/wp-json\/wp\/v2\/posts\/48012","targetHints":{"allow":["GET"]}}],"collection":[{"href":"https:\/\/www.grieta.org.mx\/index.php\/wp-json\/wp\/v2\/posts"}],"about":[{"href":"https:\/\/www.grieta.org.mx\/index.php\/wp-json\/wp\/v2\/types\/post"}],"author":[{"embeddable":true,"href":"https:\/\/www.grieta.org.mx\/index.php\/wp-json\/wp\/v2\/users\/2"}],"replies":[{"embeddable":true,"href":"https:\/\/www.grieta.org.mx\/index.php\/wp-json\/wp\/v2\/comments?post=48012"}],"version-history":[{"count":1,"href":"https:\/\/www.grieta.org.mx\/index.php\/wp-json\/wp\/v2\/posts\/48012\/revisions"}],"predecessor-version":[{"id":48017,"href":"https:\/\/www.grieta.org.mx\/index.php\/wp-json\/wp\/v2\/posts\/48012\/revisions\/48017"}],"wp:featuredmedia":[{"embeddable":true,"href":"https:\/\/www.grieta.org.mx\/index.php\/wp-json\/wp\/v2\/media\/48015"}],"wp:attachment":[{"href":"https:\/\/www.grieta.org.mx\/index.php\/wp-json\/wp\/v2\/media?parent=48012"}],"wp:term":[{"taxonomy":"category","embeddable":true,"href":"https:\/\/www.grieta.org.mx\/index.php\/wp-json\/wp\/v2\/categories?post=48012"},{"taxonomy":"post_tag","embeddable":true,"href":"https:\/\/www.grieta.org.mx\/index.php\/wp-json\/wp\/v2\/tags?post=48012"}],"curies":[{"name":"wp","href":"https:\/\/api.w.org\/{rel}","templated":true}]}}