{"id":48003,"date":"2020-04-21T00:50:47","date_gmt":"2020-04-21T05:50:47","guid":{"rendered":"http:\/\/www.grieta.org.mx\/?p=48003"},"modified":"2020-04-21T12:19:03","modified_gmt":"2020-04-21T17:19:03","slug":"suman-cuatro-brotes-de-covid-19-en-maquilas-obligan-el-cierre-de-14-empresas-ciudad-juarez","status":"publish","type":"post","link":"https:\/\/www.grieta.org.mx\/index.php\/2020\/04\/21\/suman-cuatro-brotes-de-covid-19-en-maquilas-obligan-el-cierre-de-14-empresas-ciudad-juarez\/","title":{"rendered":"Suman cuatro brotes de COVID-19 en maquilas; obligan el cierre de 14 empresas (Ciudad Ju\u00e1rez)"},"content":{"rendered":"<p>Roc\u00edo Gallegos\/La Verdad Ju\u00e1rez<\/p>\n<p><img loading=\"lazy\" decoding=\"async\" data-attachment-id=\"48004\" data-permalink=\"https:\/\/www.grieta.org.mx\/index.php\/2020\/04\/21\/suman-cuatro-brotes-de-covid-19-en-maquilas-obligan-el-cierre-de-14-empresas-ciudad-juarez\/foto-paro-en-electrocomponentes-parque-juarez_alejandro-sanchez-1536x1152\/\" data-orig-file=\"https:\/\/www.grieta.org.mx\/wp-content\/uploads\/2020\/04\/Foto-Paro-en-Electrocomponentes-Parque-JU\u00c1REZ_Alejandro-S\u00e1nchez-1536x1152.jpg\" data-orig-size=\"1536,1152\" data-comments-opened=\"0\" data-image-meta=\"{&quot;aperture&quot;:&quot;0&quot;,&quot;credit&quot;:&quot;&quot;,&quot;camera&quot;:&quot;&quot;,&quot;caption&quot;:&quot;&quot;,&quot;created_timestamp&quot;:&quot;0&quot;,&quot;copyright&quot;:&quot;&quot;,&quot;focal_length&quot;:&quot;0&quot;,&quot;iso&quot;:&quot;0&quot;,&quot;shutter_speed&quot;:&quot;0&quot;,&quot;title&quot;:&quot;&quot;,&quot;orientation&quot;:&quot;0&quot;}\" data-image-title=\"Foto-Paro-en-Electrocomponentes-Parque-JU\u00c1REZ_Alejandro-S\u00e1nchez-1536&amp;#215;1152\" data-image-description=\"\" data-image-caption=\"\" data-medium-file=\"https:\/\/www.grieta.org.mx\/wp-content\/uploads\/2020\/04\/Foto-Paro-en-Electrocomponentes-Parque-JU\u00c1REZ_Alejandro-S\u00e1nchez-1536x1152-300x225.jpg\" data-large-file=\"https:\/\/www.grieta.org.mx\/wp-content\/uploads\/2020\/04\/Foto-Paro-en-Electrocomponentes-Parque-JU\u00c1REZ_Alejandro-S\u00e1nchez-1536x1152-1024x768.jpg\" class=\"aligncenter  wp-image-48004\" src=\"http:\/\/www.grieta.org.mx\/wp-content\/uploads\/2020\/04\/Foto-Paro-en-Electrocomponentes-Parque-JU\u00c1REZ_Alejandro-S\u00e1nchez-1536x1152.jpg\" alt=\"\" width=\"800\" height=\"600\" srcset=\"https:\/\/www.grieta.org.mx\/wp-content\/uploads\/2020\/04\/Foto-Paro-en-Electrocomponentes-Parque-JU\u00c1REZ_Alejandro-S\u00e1nchez-1536x1152.jpg 1536w, https:\/\/www.grieta.org.mx\/wp-content\/uploads\/2020\/04\/Foto-Paro-en-Electrocomponentes-Parque-JU\u00c1REZ_Alejandro-S\u00e1nchez-1536x1152-300x225.jpg 300w, https:\/\/www.grieta.org.mx\/wp-content\/uploads\/2020\/04\/Foto-Paro-en-Electrocomponentes-Parque-JU\u00c1REZ_Alejandro-S\u00e1nchez-1536x1152-768x576.jpg 768w, https:\/\/www.grieta.org.mx\/wp-content\/uploads\/2020\/04\/Foto-Paro-en-Electrocomponentes-Parque-JU\u00c1REZ_Alejandro-S\u00e1nchez-1536x1152-1024x768.jpg 1024w, https:\/\/www.grieta.org.mx\/wp-content\/uploads\/2020\/04\/Foto-Paro-en-Electrocomponentes-Parque-JU\u00c1REZ_Alejandro-S\u00e1nchez-1536x1152-667x500.jpg 667w\" sizes=\"auto, (max-width: 800px) 100vw, 800px\" \/><\/p>\n<p>FOTOGRAF\u00cdA: ALEJANDRO S\u00c1NCHEZ<\/p>\n<p>Ciudad Ju\u00e1rez \u2013Los contagios por COVID-19 detectados en los centros de trabajo van en aumento en la ciudad. Arturo Valenzuela Zorrilla, director m\u00e9dico de la Zona Norte, report\u00f3 este lunes que se han registrado cuatro brotes en maquiladoras del estado de Chihuahua, de los que tres se desataron en Ju\u00e1rez.<\/p>\n<p>El funcionario asegur\u00f3 que esas plantas cerraron, pero no proporcion\u00f3 m\u00e1s detalles sobre ellas.<\/p>\n<p>Los datos de los brotes de coronavirus en maquiladoras se dieron a conocer al tiempo que la Secretar\u00eda de Trabajo y Previsi\u00f3n Social (STPS) del Gobierno Federal forz\u00f3 el cierre de 14 empresas de car\u00e1cter productivo no esencial; ocho de ellas con sede en Ciudad Ju\u00e1rez, el resto est\u00e1 en Chihuahua, Cuauht\u00e9moc y Parral<\/p>\n<p>La dependencia federal inform\u00f3 que se activ\u00f3 un operativo en varias ciudades de la entidad para detectar a empresas que desaf\u00edan el acuerdo del Gobierno Federal publicado en el Diario Oficial de la Federaci\u00f3n el 31 de marzo de 2020, con relaci\u00f3n a la pandemia provocada por el virus Covid-19.<\/p>\n<p>En ese documento se espec\u00edfica qu\u00e9 sectores fundamentales de la econom\u00eda puede continuar su actividad en medio de la pandemia, estos son:<\/p>\n<p>1.- Las actividades para atender a la emergencia (m\u00e9dicos, param\u00e9dicos, servicios de salud integrales, abasto de medicamentos, manufactura farmac\u00e9utica, equipo m\u00e9dico, tecnolog\u00eda de la salud, sanitizaci\u00f3n, etc).<\/p>\n<p>2.- Seguridad p\u00fablica, soberan\u00eda y la defensa nacional, procuraci\u00f3n e impartici\u00f3n de justicia y las funciones legislativas federal y locales.<\/p>\n<p>3.- Sectores fundamentales de la econom\u00eda (financiero, recaudaci\u00f3n, energ\u00e9tico, alimentaci\u00f3n, tiendas de autoservicio y mercados, estancias infantiles, seguridad privada, telecomunicaciones, medios de informaci\u00f3n y servicios funerarios).<\/p>\n<p>4.- Programas sociales del gobierno.<\/p>\n<p>5.- Todo lo relacionado con la conservaci\u00f3n y reparaci\u00f3n de la infraestructura de servicios b\u00e1sicos (agua potable, energ\u00eda el\u00e9ctrica, gas, etc).<\/p>\n<p>Toda actividad que no se encuentre en alguno de esos cinco puntos se considera como actividad no esencial y deben mantenerse sin actividades. Sin embargo, no todos lo cumplen.<\/p>\n<p>Por al desaf\u00edo a esa disposici\u00f3n, ocho empresas \u2013en su mayor\u00eda maquiladoras\u2013 fueron obligadas por la STPS a suspender actividades en Ciudad Ju\u00e1rez este lunes, estas son: BPI Manufacturing Ju\u00e1rez, TPI Composites, Motores Electr\u00f3nicos de Ju\u00e1rez, Hansuh Automotive de M\u00e9xico, Controles de Temperatura, la tienda Coppel, NAPS-Ju\u00e1rez y el Centro de Rehabilitaci\u00f3n Oral e Implantes Dentales.<\/p>\n<p>En Cuauht\u00e9moc, las empresas clausuradas son: Hermanos Batta, Grupo Remolques del Norte, Leoni Cable, Tu Mejor Agencia Automotriz, dio a conocer la dependencia.<\/p>\n<p>La STPS inform\u00f3 que en Chihuahua se procedi\u00f3 contra Papel Kino y en Hidalgo del Parral, se oblig\u00f3 al cierre de Fundici\u00f3n Parral.<\/p>\n<p>Los cierres forzados de empresas y los datos sobre los brotes de contagio en maquiladoras trascendieron en medio de quejas y protestas de empleados de varias compa\u00f1\u00edas de la industria manufacturera que denuncian falta de medidas contra la pandemia, externan su temor a contagios y exhiben su inconformidad porque son enviados a casa con la mitad de su salario.<\/p>\n<p>LOS BROTES, LOS CONTAGIOS<br \/>\nGumaro Barrios, subdirector de Epidemiolog\u00eda de la Secretar\u00eda de Salud Estatal, inform\u00f3 que hasta este lunes, 24 empleados de la industria manufacturera fueron contagiados por el virus, de los cuales 13 murieron, siete a\u00fan contin\u00faan hospitalizados y cuatro fueron dados de alta por tener una buena evoluci\u00f3n.<\/p>\n<p>El 14 de abril, Humberto Campos Favela, jefe de Prestaciones M\u00e9dicas del Instituto Mexicano del Seguro Social (IMSS), dio a conocer que 13 trabajadores la maquiladora Lear hab\u00edan fallecido por Covid-19.<\/p>\n<p>El brote en Lear, que ha causado casi la mitad de las 29 muertes por coronavirus reportadas en la ciudad hasta este lunes, fue el primero que trascendi\u00f3 p\u00fablicamente.<\/p>\n<p>Ahora se sabe que suman cuatro los brotes de coronavirus en maquiladoras. Aunque hasta ahora las autoridades no han revelado cu\u00e1les son esas industrias.<\/p>\n<p>En los \u00faltimos d\u00edas trabajadores de Regal, TPI Composites, Norma Group, Electro Componentes, y Honeywell han realizado paros de labores para exigir a sus directivos que cierren o extiendan el aislamiento por temor a contagios, debido a que varios de sus compa\u00f1eros han contra\u00eddo el coronavirus, de acuerdo con reportes period\u00edsticos.<\/p>\n<p>Los empleados de Regal protestaron este lunes porque su empresa les inform\u00f3 que deben regresar a trabajar este 23 de abril. Ellos pararon el 16 de este mes luego de que varios de sus compa\u00f1eros presentaban s\u00edntomas de contagio por COVID-19.<\/p>\n<p>Los trabajadores dicen que Regal inform\u00f3 que tres integrantes del equipo murieron presuntamente contagiados por el virus.<\/p>\n<p>\u201cSe sospecha que el coronavirus (Covid-19) puede haber contribuido a su muerte\u201d, se lee en un mensaje que la empresa, ubicada en parque R\u00edo Bravo, supuestamente entreg\u00f3 a sus empleados para comunicarles que ya se han tomado las medidas con las que garantizan su salud y seguridad en la planta, con el fin de que regresen a sus labores este jueves.<\/p>\n<p>En el escrito, la empresa que asegura se dedica a la fabricaci\u00f3n de productos farmac\u00e9uticos, as\u00ed como para aplicaciones de atenci\u00f3n m\u00e9dica, alimentos y bebidas, no indica d\u00f3nde se contagiaron sus trabajadores.<\/p>\n<p>Los empleados de Electro Componentes de M\u00e9xico en Ciudad Ju\u00e1rez, planta 1 y 2, tambi\u00e9n realizaron este lunes una manifestaci\u00f3n frente a las instalaciones de la empresa en el Parque Industrial Ju\u00e1rez, en protesta porque aseguran que la maquiladora fren\u00f3 su producci\u00f3n por el coronavirus y les inform\u00f3 que solo les pagar\u00e1 el 50 por ciento de su salario, que es de 185 pesos diarios.<\/p>\n<p>El paro de actividades se mantendr\u00e1 hasta el 4 de mayo, dijo una de las mujeres en la protesta. La empresa no se pronunci\u00f3 al respecto.<\/p>\n<p>Los inconformes dicen que no pueden aceptar porque va en contra de lo que ha informado el gobierno y piden intervenci\u00f3n de las autoridades laborales. Aseguraron que entre los manifestantes hay mujeres embarazadas y con padecimientos de hipertensi\u00f3n y diabetes.<\/p>\n<p>Ante las protestas y la desobediencia de las empresas no esenciales, el delegado de Programas de Desarrollo de la Secretar\u00eda de Bienestar en el estado de Chihuahua, Juan Carlos Loera De la Rosa, llam\u00f3 a la concientizaci\u00f3n de los empresarios acerca la importancia de que el mayor n\u00famero de personas se resguarden en sus casas y sigan los protocolos sanitarios que indica la Secretar\u00eda de Salud federal para evitar contagios.<\/p>\n<p>\u201cHacemos un llamado y confiamos en el profesionalismo de las empresas maquiladoras para que se haga todo lo posible y que trabajen las que son estrictamente esenciales y con la menor cantidad de trabajadores. Las dem\u00e1s empresas que frenen operaciones para que los trabajadores se mantengan en sus casas\u201d, afirm\u00f3.<\/p>\n<p><a href=\"https:\/\/laverdadjuarez.com\/index.php\/2020\/04\/21\/suman-cuatro-brotes-de-covid-19-en-maquilas-obligan-el-cierre-de-14-empresas\/\">https:\/\/laverdadjuarez.com\/index.php\/2020\/04\/21\/suman-cuatro-brotes-de-covid-19-en-maquilas-obligan-el-cierre-de-14-empresas\/<\/a><\/p>\n","protected":false},"excerpt":{"rendered":"<p>Roc\u00edo Gallegos\/La Verdad Ju\u00e1rez FOTOGRAF\u00cdA: ALEJANDRO S\u00c1NCHEZ Ciudad Ju\u00e1rez \u2013Los contagios por COVID-19 detectados en los centros de trabajo van en aumento en la ciudad. Arturo Valenzuela Zorrilla, director m\u00e9dico &hellip; <a href=\"https:\/\/www.grieta.org.mx\/index.php\/2020\/04\/21\/suman-cuatro-brotes-de-covid-19-en-maquilas-obligan-el-cierre-de-14-empresas-ciudad-juarez\/\" class=\"more-link\">Leer m\u00e1s<\/a><\/p>\n","protected":false},"author":2,"featured_media":48004,"comment_status":"closed","ping_status":"closed","sticky":false,"template":"","format":"standard","meta":{"ngg_post_thumbnail":0,"_jetpack_newsletter_access":"","_jetpack_dont_email_post_to_subs":false,"_jetpack_newsletter_tier_id":0,"_jetpack_memberships_contains_paywalled_content":false,"_jetpack_memberships_contains_paid_content":false,"footnotes":""},"categories":[12,80,1398,3244],"tags":[113,163],"class_list":["post-48003","post","type-post","status-publish","format-standard","has-post-thumbnail","hentry","category-chihuahua","category-cintillo","category-conflictos-laborales-en-chihuahua","category-covid-19-en-chihuahua","tag-conflictos-laborales","tag-despidos","entry"],"jetpack_featured_media_url":"https:\/\/www.grieta.org.mx\/wp-content\/uploads\/2020\/04\/Foto-Paro-en-Electrocomponentes-Parque-JU\u00c1REZ_Alejandro-S\u00e1nchez-1536x1152.jpg","jetpack_sharing_enabled":true,"jetpack_shortlink":"https:\/\/wp.me\/p7ZJR4-cuf","jetpack_likes_enabled":false,"jetpack-related-posts":[{"id":48008,"url":"https:\/\/www.grieta.org.mx\/index.php\/2020\/04\/17\/operan-en-juarez-28-maquiladoras-con-actividades-no-esenciales-ciudad-juarez\/","url_meta":{"origin":48003,"position":0},"title":"Operan en Ju\u00e1rez 28 maquiladoras con actividades no esenciales (Ciudad Ju\u00e1rez)","author":"grieta","date":"17 abril, 2020","format":false,"excerpt":"Marco Antonio L\u00f3pez\/YoCiudadano FOTOGRAF\u00cdA: TOMADA DE YOCIUDADANO Ciudad Ju\u00e1rez \u2014 Todas las empresas en el estado que realizan actividades consideradas no esenciales deben cerrar debido al exhorto emitido por el Gobierno Federal, dijo hoy la secretaria estatal del Trabajo y Previsi\u00f3n Social, Ana Luisa Herrera Laso. En Ciudad Ju\u00e1rez han\u2026","rel":"","context":"En &quot;Chihuahua&quot;","block_context":{"text":"Chihuahua","link":"https:\/\/www.grieta.org.mx\/index.php\/category\/noticias-nacionales\/chihuahua\/"},"img":{"alt_text":"","src":"https:\/\/i0.wp.com\/www.grieta.org.mx\/wp-content\/uploads\/2020\/04\/Foto-Inspecciones-a-centros-laborales.jpg?resize=350%2C200&ssl=1","width":350,"height":200,"srcset":"https:\/\/i0.wp.com\/www.grieta.org.mx\/wp-content\/uploads\/2020\/04\/Foto-Inspecciones-a-centros-laborales.jpg?resize=350%2C200&ssl=1 1x, https:\/\/i0.wp.com\/www.grieta.org.mx\/wp-content\/uploads\/2020\/04\/Foto-Inspecciones-a-centros-laborales.jpg?resize=525%2C300&ssl=1 1.5x, https:\/\/i0.wp.com\/www.grieta.org.mx\/wp-content\/uploads\/2020\/04\/Foto-Inspecciones-a-centros-laborales.jpg?resize=700%2C400&ssl=1 2x"},"classes":[]},{"id":49705,"url":"https:\/\/www.grieta.org.mx\/index.php\/2020\/05\/19\/trabajadores-de-maquiladoras-en-la-frontera-norte-protestan-ante-reinicio-de-actividades-baja-california-chihuahua-tamaulipas\/","url_meta":{"origin":48003,"position":1},"title":"TRABAJADORES DE MAQUILADORAS EN LA FRONTERA NORTE PROTESTAN ANTE REINICIO DE ACTIVIDADES (Baja California, Chihuahua, Tamaulipas)","author":"grieta","date":"19 mayo, 2020","format":false,"excerpt":"Lucy Sanabria\/Sopitas.com 19 mayo 2020 Foto: Cuatoscuro El gobierno se alista para la \u201cnueva normalidad\u201d, el regreso a las actividades econ\u00f3micas. Sin embargo, \u00bfc\u00f3mo se har\u00e1 la reapertura si en algunas zonas hay un mont\u00f3n de problemas en cuanto a los protocolos de la Emergencia Sanitaria y se han registrado\u2026","rel":"","context":"En &quot;Baja California&quot;","block_context":{"text":"Baja California","link":"https:\/\/www.grieta.org.mx\/index.php\/category\/noticias-nacionales\/baja-california\/"},"img":{"alt_text":"","src":"https:\/\/i0.wp.com\/www.grieta.org.mx\/wp-content\/uploads\/2020\/05\/protestas-maquiladoras-tijuana-baja-california-coronavirus-1110x581.jpeg?resize=350%2C200&ssl=1","width":350,"height":200,"srcset":"https:\/\/i0.wp.com\/www.grieta.org.mx\/wp-content\/uploads\/2020\/05\/protestas-maquiladoras-tijuana-baja-california-coronavirus-1110x581.jpeg?resize=350%2C200&ssl=1 1x, https:\/\/i0.wp.com\/www.grieta.org.mx\/wp-content\/uploads\/2020\/05\/protestas-maquiladoras-tijuana-baja-california-coronavirus-1110x581.jpeg?resize=525%2C300&ssl=1 1.5x, https:\/\/i0.wp.com\/www.grieta.org.mx\/wp-content\/uploads\/2020\/05\/protestas-maquiladoras-tijuana-baja-california-coronavirus-1110x581.jpeg?resize=700%2C400&ssl=1 2x, https:\/\/i0.wp.com\/www.grieta.org.mx\/wp-content\/uploads\/2020\/05\/protestas-maquiladoras-tijuana-baja-california-coronavirus-1110x581.jpeg?resize=1050%2C600&ssl=1 3x"},"classes":[]},{"id":17965,"url":"https:\/\/www.grieta.org.mx\/index.php\/2016\/09\/11\/protestan-profesores-de-telebachilleratos-por-falta-de-pagos-en-chihuahua\/","url_meta":{"origin":48003,"position":2},"title":"Conflictos laborales en la industria maquiladora de Chihuahua","author":"grieta","date":"11 septiembre, 2016","format":false,"excerpt":"10\/09\/16. Convocan a obreros a grito \u201cMaquilero\u201d vs campa\u00f1a medi\u00e1tica de empresas, Ciudad Ju\u00e1rezEl Pueblo 06\/09\/16. Preparan obreros verbena contra compa\u00f1a de Index, Ciudad Ju\u00e1rezEl Mexicano 30\/08\/16. Cruza fronteras lucha maquilera contra explotaci\u00f3n laboral, ChihuahuaEl Pueblo 20\/08\/16. Salario maquilador en d\u00f3lares baja 13%, ChihuahuaEl Diario 05\/08\/16. Revela abogada Prieto los\u2026","rel":"","context":"En &quot;Chihuahua&quot;","block_context":{"text":"Chihuahua","link":"https:\/\/www.grieta.org.mx\/index.php\/category\/noticias-nacionales\/chihuahua\/"},"img":{"alt_text":"","src":"https:\/\/i0.wp.com\/www.grieta.org.mx\/wp-content\/uploads\/2018\/03\/14524434_1106112876131411_958039263622046936_o.jpg?resize=350%2C200&ssl=1","width":350,"height":200,"srcset":"https:\/\/i0.wp.com\/www.grieta.org.mx\/wp-content\/uploads\/2018\/03\/14524434_1106112876131411_958039263622046936_o.jpg?resize=350%2C200&ssl=1 1x, https:\/\/i0.wp.com\/www.grieta.org.mx\/wp-content\/uploads\/2018\/03\/14524434_1106112876131411_958039263622046936_o.jpg?resize=525%2C300&ssl=1 1.5x, https:\/\/i0.wp.com\/www.grieta.org.mx\/wp-content\/uploads\/2018\/03\/14524434_1106112876131411_958039263622046936_o.jpg?resize=700%2C400&ssl=1 2x"},"classes":[]},{"id":49400,"url":"https:\/\/www.grieta.org.mx\/index.php\/2020\/05\/12\/protestan-contra-maquilas-exigen-revelar-cifra-real-de-muertes-por-covid-ciudad-juarez\/","url_meta":{"origin":48003,"position":3},"title":"Protestan contra maquilas; exigen revelar cifra real de muertes por Covid (Ciudad Ju\u00e1rez)","author":"grieta","date":"12 mayo, 2020","format":false,"excerpt":"El Diario\/H\u00e9rika Mart\u00ednez Prado Ciudad Ju\u00e1rez.-\u00a0Activistas exigieron hoy a las autoridades estatales y federales que den a conocer las cifras reales de los trabajadores de maquiladoras que han muerto en Ciudad Ju\u00e1rez a causa de Covid-19. La agrupaci\u00f3n Salud, Trabaj\u00f3 y Dignidad Ju\u00e1rez, a trav\u00e9s de su movimiento \u201cStop Makillas\u201d,\u2026","rel":"","context":"En &quot;Chihuahua&quot;","block_context":{"text":"Chihuahua","link":"https:\/\/www.grieta.org.mx\/index.php\/category\/noticias-nacionales\/chihuahua\/"},"img":{"alt_text":"","src":"https:\/\/i0.wp.com\/www.grieta.org.mx\/wp-content\/uploads\/2020\/05\/20200512120754143-0-1661839.jpg?resize=350%2C200&ssl=1","width":350,"height":200,"srcset":"https:\/\/i0.wp.com\/www.grieta.org.mx\/wp-content\/uploads\/2020\/05\/20200512120754143-0-1661839.jpg?resize=350%2C200&ssl=1 1x, https:\/\/i0.wp.com\/www.grieta.org.mx\/wp-content\/uploads\/2020\/05\/20200512120754143-0-1661839.jpg?resize=525%2C300&ssl=1 1.5x, https:\/\/i0.wp.com\/www.grieta.org.mx\/wp-content\/uploads\/2020\/05\/20200512120754143-0-1661839.jpg?resize=700%2C400&ssl=1 2x"},"classes":[]},{"id":4027,"url":"https:\/\/www.grieta.org.mx\/index.php\/2015\/11\/13\/autoridades-laborales-complices-de-maquiladoras-en-ciudad-juarez\/","url_meta":{"origin":48003,"position":4},"title":"Autoridades laborales, c\u00f3mplices de maquiladoras en Ciudad Ju\u00e1rez","author":"grieta","date":"13 noviembre, 2015","format":false,"excerpt":"Rub\u00e9n Villalpando La Jornada Ciudad Ju\u00e1rez, Chih. Alrededor de 400 obreros de las maquiladoras ADC y Foxconn, en los parques Industrial Berm\u00fadez e Intermex, respectivamente, marcharon a la Junta Local de Conciliaci\u00f3n y Arbitraje (JLCA) para demandar a las autoridades laborales que dejen de ser c\u00f3mplices de los propietarios de\u2026","rel":"","context":"En &quot;chihuahua&quot;","block_context":{"text":"chihuahua","link":"https:\/\/www.grieta.org.mx\/index.php\/category\/chihuahua\/"},"img":{"alt_text":"","src":"https:\/\/i0.wp.com\/www.grieta.org.mx\/wp-content\/uploads\/2018\/03\/14524434_1106112876131411_958039263622046936_o.jpg?resize=350%2C200&ssl=1","width":350,"height":200,"srcset":"https:\/\/i0.wp.com\/www.grieta.org.mx\/wp-content\/uploads\/2018\/03\/14524434_1106112876131411_958039263622046936_o.jpg?resize=350%2C200&ssl=1 1x, https:\/\/i0.wp.com\/www.grieta.org.mx\/wp-content\/uploads\/2018\/03\/14524434_1106112876131411_958039263622046936_o.jpg?resize=525%2C300&ssl=1 1.5x, https:\/\/i0.wp.com\/www.grieta.org.mx\/wp-content\/uploads\/2018\/03\/14524434_1106112876131411_958039263622046936_o.jpg?resize=700%2C400&ssl=1 2x"},"classes":[]},{"id":48677,"url":"https:\/\/www.grieta.org.mx\/index.php\/2020\/05\/07\/obreras-y-obreros-realizan-pintas-contra-la-explotacion-y-condiciones-de-insalubridad-en-las-maquiladoras-en-ciudad-juarez\/","url_meta":{"origin":48003,"position":5},"title":"Obreras y obreros\u00a0realizan pintas contra la explotaci\u00f3n y condiciones de insalubridad en las maquiladoras en Ciudad Ju\u00e1rez","author":"grieta","date":"7 mayo, 2020","format":false,"excerpt":"\u00a0 Colectivo Grieta, 07 de mayo de 2020 \u00a0 En una acci\u00f3n dislocada, desde las primeras horas del primero de\u00a0mayo de 2020, colectivos de trabajadores y trabajadoras de la industria maquiladora realizaron pintas de denuncia contra las empresas maquiladoras ubicadas en Ciudad Ju\u00e1rez.\u00a0Las paredes y portones de diferentes plantas industriales\u2026","rel":"","context":"En &quot;Chihuahua&quot;","block_context":{"text":"Chihuahua","link":"https:\/\/www.grieta.org.mx\/index.php\/category\/noticias-nacionales\/chihuahua\/"},"img":{"alt_text":"","src":"https:\/\/i0.wp.com\/www.grieta.org.mx\/wp-content\/uploads\/2020\/05\/A.jpg?resize=350%2C200&ssl=1","width":350,"height":200,"srcset":"https:\/\/i0.wp.com\/www.grieta.org.mx\/wp-content\/uploads\/2020\/05\/A.jpg?resize=350%2C200&ssl=1 1x, https:\/\/i0.wp.com\/www.grieta.org.mx\/wp-content\/uploads\/2020\/05\/A.jpg?resize=525%2C300&ssl=1 1.5x, https:\/\/i0.wp.com\/www.grieta.org.mx\/wp-content\/uploads\/2020\/05\/A.jpg?resize=700%2C400&ssl=1 2x, https:\/\/i0.wp.com\/www.grieta.org.mx\/wp-content\/uploads\/2020\/05\/A.jpg?resize=1050%2C600&ssl=1 3x"},"classes":[]}],"_links":{"self":[{"href":"https:\/\/www.grieta.org.mx\/index.php\/wp-json\/wp\/v2\/posts\/48003","targetHints":{"allow":["GET"]}}],"collection":[{"href":"https:\/\/www.grieta.org.mx\/index.php\/wp-json\/wp\/v2\/posts"}],"about":[{"href":"https:\/\/www.grieta.org.mx\/index.php\/wp-json\/wp\/v2\/types\/post"}],"author":[{"embeddable":true,"href":"https:\/\/www.grieta.org.mx\/index.php\/wp-json\/wp\/v2\/users\/2"}],"replies":[{"embeddable":true,"href":"https:\/\/www.grieta.org.mx\/index.php\/wp-json\/wp\/v2\/comments?post=48003"}],"version-history":[{"count":1,"href":"https:\/\/www.grieta.org.mx\/index.php\/wp-json\/wp\/v2\/posts\/48003\/revisions"}],"predecessor-version":[{"id":48007,"href":"https:\/\/www.grieta.org.mx\/index.php\/wp-json\/wp\/v2\/posts\/48003\/revisions\/48007"}],"wp:featuredmedia":[{"embeddable":true,"href":"https:\/\/www.grieta.org.mx\/index.php\/wp-json\/wp\/v2\/media\/48004"}],"wp:attachment":[{"href":"https:\/\/www.grieta.org.mx\/index.php\/wp-json\/wp\/v2\/media?parent=48003"}],"wp:term":[{"taxonomy":"category","embeddable":true,"href":"https:\/\/www.grieta.org.mx\/index.php\/wp-json\/wp\/v2\/categories?post=48003"},{"taxonomy":"post_tag","embeddable":true,"href":"https:\/\/www.grieta.org.mx\/index.php\/wp-json\/wp\/v2\/tags?post=48003"}],"curies":[{"name":"wp","href":"https:\/\/api.w.org\/{rel}","templated":true}]}}