{"id":47988,"date":"2020-04-20T20:15:50","date_gmt":"2020-04-21T01:15:50","guid":{"rendered":"http:\/\/www.grieta.org.mx\/?p=47988"},"modified":"2020-04-21T00:30:29","modified_gmt":"2020-04-21T05:30:29","slug":"sin-equipo-medico-trabajadores-de-salud-expuestos-a-morir-y-dejar-sin-atencion-a-la-poblacion-oaxaca","status":"publish","type":"post","link":"https:\/\/www.grieta.org.mx\/index.php\/2020\/04\/20\/sin-equipo-medico-trabajadores-de-salud-expuestos-a-morir-y-dejar-sin-atencion-a-la-poblacion-oaxaca\/","title":{"rendered":"Sin equipo m\u00e9dico, trabajadores de Salud expuestos a morir y dejar sin atenci\u00f3n a la poblaci\u00f3n (Oaxaca)"},"content":{"rendered":"<p>P\u00e1gina 3 \/ Pedro Mat\u00edas.<\/p>\n<p><img loading=\"lazy\" decoding=\"async\" src=\"https:\/\/pagina3.mx\/wp-content\/uploads\/2020\/04\/Con-miedo-de-morir-personal-me%CC%81dico-ante-falta-de-equipo-696x351.jpeg\" width=\"696\" height=\"351\" class=\"alignnone size-full\" \/><\/p>\n<p>*Personal m\u00e9dico tiene miedo de contagiarse y morir por hacer su trabajo; lo peor, ser\u00eda lamentable que fuera por falta del equipo. | *Protestan en el Hospital Civil \u201cAurelio Valdivieso\u201d y en el de Tuxtepec donde no hay equipo.<\/p>\n<p>OAXACA, Oax. (pagina3.mx).- \u201cAqu\u00ed todos tenemos miedo de contagiarnos de COVID-19, de enfermarnos y hasta de morirnos porque tambi\u00e9n somos padres, tenemos hijos y tenemos familia. <\/p>\n<p>\u201cAqu\u00ed trabajamos para salvar vidas humanas y lo \u00fanico que pedimos es que nos den equipo de calidad y en cantidad para hacer nuestro trabajo\u201d, clam\u00f3 el personal m\u00e9dico del Hospital Civil \u201cAurelio Valdivieso\u201d.<\/p>\n<p>En tanto, el personal m\u00e9dico del Hospital Regional de Tuxtepec realiz\u00f3 una protesta para emplazar a las autoridades de Salud a que en un t\u00e9rmino de 72 horas les doten de equipo necesario para hacer frente al Coronavirus; de lo contrario, realizar\u00edan un paro de labores por la falta de insumos para seguir en la primera l\u00ednea contra esta pandemia.<\/p>\n<p>En una conferencia de prensa en la capital oaxaque\u00f1a, directivos y profesionales m\u00e9dicos del Hospital Civil de Oaxaca volvieron a desmentir al gobernador Alejandro Murat Hinojosa respecto al supuesto robo que denunci\u00f3 y a la entrega de equipo que dice entregar cuando el 70% de los insumos con que cuentan es resultado de donaciones.<\/p>\n<p>En ambos hospitales refirieron que el personal m\u00e9dico se ha visto disminuido porque tan solo en el Hospital Civil se fueron 300 trabajadores por cuestiones de salud o de edad al ser vulnerables al COVID-19 y en el de Tuxtepec de los 450 trabajadores el 60 % se retir\u00f3 por las mismas medidas.<\/p>\n<p>Entonces, si de por s\u00ed ya se ha visto disminuido el personal de Salud, qu\u00e9 podr\u00eda pasar si se contagia el personal m\u00e9dico que se encuentra en la primera l\u00ednea para combatir el COVID-19, que la poblaci\u00f3n se quedar\u00eda sin protecci\u00f3n.<br \/>\nLAS CARENCIAS EN EL CIVIL<\/p>\n<p>El subdirector del Hospital Civil, Marco Adulfo Barroso Rojas, dijo que ante la pandemia, la direcci\u00f3n tuvo a bien implementar acciones para el combate del COVID-19 como instalar, desde hace 3 semanas, un consultorio que est\u00e1 en la parte externa.<\/p>\n<p>Adem\u00e1s, dijo, \u201cse est\u00e1 implementando un \u00e1rea de hospitalizaci\u00f3n que es atendida por m\u00e9dicos de medicina interna; sin embargo, esta \u00e1rea no est\u00e1 habilitada porque nos hacen falta recursos para la apertura. Est\u00e1n los m\u00e9dicos, las enfermeras, los camilleros y personal de limpieza pero nos faltan insumos para abrir el \u00e1rea\u201d.<\/p>\n<p>A su vez, jefe del servicio Pediatr\u00eda, Alberto Paz Pacheco, manifest\u00f3 su preocupaci\u00f3n por las declaraciones del gobernador Alejandro Murat, y del titular de Salud, Donato Casas Escamilla, porque en ning\u00fan momento mencionan al hospital como \u00e1rea COVID. <\/p>\n<p>\u201cMenciona al Hospital de la Mujer, de Especialidades y de la Ni\u00f1ez, pero nosotros somos el hospital de referencia y es donde llega la gran cantidad de pacientes como primer contacto\u201d.<\/p>\n<p>La realidad es que \u201cs\u00ed vamos a atender nacimientos con mam\u00e1s con COVID confirmado o sospechosos y eso nos preocupa porque el Hospital de la Mujer no est\u00e1 habilitado para eso y en el momento que tengamos los primeros nacimientos con alto riesgo nos vamos a meter en un gran conflicto y el conflicto est\u00e1 porque no se cuenta con el equipo de protecci\u00f3n\u201d.<br \/>\nQUEREMOS ATENDER A PACIENTES, PERO CON EQUIPO<\/p>\n<p>Aclar\u00f3 que \u201cel personal no se opone a atender a los pacientes, los que preocupa es que no se cuenta con el equipo de protecci\u00f3n\u201d.<\/p>\n<p>Detall\u00f3 que \u201cde pronto las autoridades mandan equipo y lo que ha recibido es material o equipo de donaci\u00f3n, el 70% del equipo es de donaci\u00f3n y muy poquito de las autoridades federales y a\u00fan as\u00ed se intenta trabajar\u201d.<\/p>\n<p>Entonces, \u201cla postura del servicio de pediatr\u00eda es que s\u00ed trabajamos pero no se cuenta con equipo. Si tenemos un paciente con COVID, un solo paciente tendr\u00e1 que consumir 20 o 24 horas y no se cuenta con equipo, lo que no queremos es que vaya a fallecer ning\u00fan paciente\u201d.<\/p>\n<p>El m\u00e9dico Alfonso Yuri Roldan mencion\u00f3 que aunque \u201cOaxaca est\u00e1 entrando m\u00e1s tard\u00edo en esta epidemia, si llegamos a tener muchos casos, los Hospitales de la Mujer y de Especialidades pudieran no ser suficientes por esa raz\u00f3n es importante que este hospital sea abastecido de insumos.<\/p>\n<p>De entrada, dijo, \u201cestamos preocupados porque cerca de 300 trabajadores de este hospital se tuvieron que retirar por cuestiones de salud o de edad y eso hizo que personal de este hospital se vea disminuido y para que el personal no se pueda enfermar, estamos solicitando a las autoridades nos den el equipo necesario para poder trabajar y atender a los enfermos\u201d.<\/p>\n<p>Y es que \u201cadem\u00e1s del equipo, el hospital tiene muchas carencias, no tenemos soluciones, algo tan sencillo y b\u00e1sico para la atenci\u00f3n de un enfermo carecemos de ello\u201d.<br \/>\nINSUMOS INSUFICIENTES<\/p>\n<p>Considera que \u201cno es suficiente los insumos que les dan, es para pocos d\u00edas. El motivo es que estamos preocupados de cuidar al personal de Salud que de por s\u00ed ya estamos menguados ahora que nos den el equipo necesario para apoyar al pueblo de Oaxaca\u201d.<\/p>\n<p>El jefe de servicio de Medicina Interna, Miguel \u00c1ngel Cruz Reyes, reconoci\u00f3 que \u201cno tenemos para atender a pacientes de rutina, a los el d\u00eda a d\u00eda, a los traumatizados, infartados, con VIH, pacientes con patolog\u00eda oncol\u00f3gica, embarazadas, si no tenemos para solventar esos pacientes, menos para pacientes tipo COVID\u201d.<\/p>\n<p>Insisti\u00f3 en que \u201cnadie se niega atender pacientes, lo que exigimos es equipos de calidad como marcan las normas internacionales en tiempo y forma, suficiente no solo por una semana sino por todo el tiempo que dure la contingencia.<\/p>\n<p>\u201cOaxaca, no solo por estar en el sur, merece menos y mucho menos en calidad y cantidad que otros estados, somos M\u00e9xico y somos exactamente iguales\u201d.<\/p>\n<p>Entonces, lo que \u201cnecesitamos es apoyo para cuando seamos designados como \u00e1rea COVID y tengamos lo suficiente para trabajar\u201d.<br \/>\nPROTESTA EN TUXTEPEC<\/p>\n<p>Finalmente, la subdelegada del sindicato de Salud en Tuxtepec, de la Secci\u00f3n 35, Irene Cruz Cruz, manifest\u00f3 que hoy trabajadores del Hospital Regional de Tuxtepec realizaron una protesta para \u201calzar la voz\u201d para exigir a las autoridades dotaci\u00f3n de equipo para su protecci\u00f3n.<\/p>\n<p>Luego de que ya les fue notificado un caso de Coronavirus en Tuxtepec han solicitado a la direcci\u00f3n guantes, cubrebocas y m\u00e1s equipo porque lo que les llega solo les alcanza para un d\u00eda.<\/p>\n<p>\u201cCon el material que sobreviven es el que ha donado la sociedad civil porque lo que les llega de la instituci\u00f3n solo es por un d\u00eda, entonces, decidimos ejercer presi\u00f3n porque ya estamos trabajando con pacientes positivos de Coronavirus\u201d, remat\u00f3 la enfermera.<\/p>\n<p><a href=\"https:\/\/pagina3.mx\/2020\/04\/sin-equipo-medico-trabajadores-de-salud-expuestos-a-morir-y-dejar-sin-atencion-a-la-poblacion\/\" rel=\"noopener noreferrer\" target=\"_blank\">https:\/\/pagina3.mx\/2020\/04\/sin-equipo-medico-trabajadores-de-salud-expuestos-a-morir-y-dejar-sin-atencion-a-la-poblacion\/<\/a><\/p>\n","protected":false},"excerpt":{"rendered":"<p>P\u00e1gina 3 \/ Pedro Mat\u00edas. *Personal m\u00e9dico tiene miedo de contagiarse y morir por hacer su trabajo; lo peor, ser\u00eda lamentable que fuera por falta del equipo. | *Protestan en &hellip; <a href=\"https:\/\/www.grieta.org.mx\/index.php\/2020\/04\/20\/sin-equipo-medico-trabajadores-de-salud-expuestos-a-morir-y-dejar-sin-atencion-a-la-poblacion-oaxaca\/\" class=\"more-link\">Leer m\u00e1s<\/a><\/p>\n","protected":false},"author":2,"featured_media":21928,"comment_status":"closed","ping_status":"closed","sticky":false,"template":"","format":"standard","meta":{"ngg_post_thumbnail":0,"_jetpack_newsletter_access":"","_jetpack_dont_email_post_to_subs":false,"_jetpack_newsletter_tier_id":0,"_jetpack_memberships_contains_paywalled_content":false,"_jetpack_memberships_contains_paid_content":false,"footnotes":""},"categories":[80,3262,1728,2,25],"tags":[],"class_list":["post-47988","post","type-post","status-publish","format-standard","has-post-thumbnail","hentry","category-cintillo","category-crisis-covid-19-en-oaxaca","category-crisis-del-sector-salud-en-oaxaca","category-noticias-nacionales","category-oaxaca","entry"],"jetpack_featured_media_url":"https:\/\/www.grieta.org.mx\/wp-content\/uploads\/2018\/03\/14524434_1106112876131411_958039263622046936_o.jpg","jetpack_sharing_enabled":true,"jetpack_shortlink":"https:\/\/wp.me\/p7ZJR4-cu0","jetpack_likes_enabled":false,"jetpack-related-posts":[{"id":48507,"url":"https:\/\/www.grieta.org.mx\/index.php\/2020\/05\/03\/personal-de-hospital-civil-se-rebela-contra-el-gobernador-de-oaxaca\/","url_meta":{"origin":47988,"position":0},"title":"Personal de Hospital Civil se rebela contra el gobernador de Oaxaca","author":"grieta","date":"3 mayo, 2020","format":false,"excerpt":"Proceso \/ Pedro Mat\u00edas. El Hospital Civil \u201cAurelio Valdivieso\u201d. Foto: NVI OAXACA, Oax. (proceso.com.mx).\u2013 Personal m\u00e9dico del Hospital Civil Aurelio Valdivieso se rebel\u00f3 contra la orden del gobernador, Alejandro Murat Hinojosa, de cambiar al director del nosocomio, Ernesto Garz\u00f3n S\u00e1nchez, en supuesta venganza por desmentirlo al negar el robo de\u2026","rel":"","context":"En &quot;CINTILLO&quot;","block_context":{"text":"CINTILLO","link":"https:\/\/www.grieta.org.mx\/index.php\/category\/cintillo\/"},"img":{"alt_text":"","src":"https:\/\/i0.wp.com\/www.grieta.org.mx\/wp-content\/uploads\/2018\/03\/14524434_1106112876131411_958039263622046936_o.jpg?resize=350%2C200&ssl=1","width":350,"height":200,"srcset":"https:\/\/i0.wp.com\/www.grieta.org.mx\/wp-content\/uploads\/2018\/03\/14524434_1106112876131411_958039263622046936_o.jpg?resize=350%2C200&ssl=1 1x, https:\/\/i0.wp.com\/www.grieta.org.mx\/wp-content\/uploads\/2018\/03\/14524434_1106112876131411_958039263622046936_o.jpg?resize=525%2C300&ssl=1 1.5x, https:\/\/i0.wp.com\/www.grieta.org.mx\/wp-content\/uploads\/2018\/03\/14524434_1106112876131411_958039263622046936_o.jpg?resize=700%2C400&ssl=1 2x"},"classes":[]},{"id":49280,"url":"https:\/\/www.grieta.org.mx\/index.php\/2020\/05\/15\/ante-colapso-de-hospitales-habilitan-red-hospitalaria-para-atender-pacientes-de-coronavirus-en-oaxaca\/","url_meta":{"origin":47988,"position":1},"title":"Ante colapso de hospitales, habilitan red hospitalaria para atender pacientes de coronavirus en Oaxaca","author":"grieta","date":"15 mayo, 2020","format":false,"excerpt":"P\u00e1gina 3 \/ Pedro Mat\u00edas. Ampl\u00edan a 25 la red hospitalaria ante incremento de caso de covid-19. Pese a pugnas con personal sindicalizado Murat determin\u00f3 Hospital Covid al Aurelio Valdivieso OAXACA, Oax.- Ante el colapso de los dos principales hospitales covid-19 de la capital de Oaxaca, el gobernador Alejandro Murat\u2026","rel":"","context":"En &quot;CINTILLO&quot;","block_context":{"text":"CINTILLO","link":"https:\/\/www.grieta.org.mx\/index.php\/category\/cintillo\/"},"img":{"alt_text":"","src":"https:\/\/i0.wp.com\/www.grieta.org.mx\/wp-content\/uploads\/2020\/05\/Hospital-Aurelio-Valdivieso-Oax-1024x529.jpg?resize=350%2C200&ssl=1","width":350,"height":200,"srcset":"https:\/\/i0.wp.com\/www.grieta.org.mx\/wp-content\/uploads\/2020\/05\/Hospital-Aurelio-Valdivieso-Oax-1024x529.jpg?resize=350%2C200&ssl=1 1x, https:\/\/i0.wp.com\/www.grieta.org.mx\/wp-content\/uploads\/2020\/05\/Hospital-Aurelio-Valdivieso-Oax-1024x529.jpg?resize=525%2C300&ssl=1 1.5x, https:\/\/i0.wp.com\/www.grieta.org.mx\/wp-content\/uploads\/2020\/05\/Hospital-Aurelio-Valdivieso-Oax-1024x529.jpg?resize=700%2C400&ssl=1 2x"},"classes":[]},{"id":47886,"url":"https:\/\/www.grieta.org.mx\/index.php\/2020\/04\/15\/desaparicion-de-20-kits-de-materiales-de-covid-19-confronta-a-murat-y-sindicalizados-de-salud-oaxaca\/","url_meta":{"origin":47988,"position":2},"title":"Desaparici\u00f3n de 20 kits de materiales de Covid-19 confronta a Murat y sindicalizados de Salud (Oaxaca)","author":"grieta","date":"15 abril, 2020","format":false,"excerpt":"P\u00e1gina 3 \/ Pedro Mat\u00edas. *Murat afirma que hay denuncia ante FGO y FGR por el robo de equipo de coronavirus *Sindicato alega campa\u00f1a de \u201clinchamiento social\u201d para rehuir a sus obligaciones *Trabajadores del Hospital Civil advierten que se reservan su derecho a manifestarse OAXACA, Oax.- En plena pandemia del\u2026","rel":"","context":"En &quot;CINTILLO&quot;","block_context":{"text":"CINTILLO","link":"https:\/\/www.grieta.org.mx\/index.php\/category\/cintillo\/"},"img":{"alt_text":"","src":"https:\/\/i0.wp.com\/www.grieta.org.mx\/wp-content\/uploads\/2018\/03\/14524434_1106112876131411_958039263622046936_o.jpg?resize=350%2C200&ssl=1","width":350,"height":200,"srcset":"https:\/\/i0.wp.com\/www.grieta.org.mx\/wp-content\/uploads\/2018\/03\/14524434_1106112876131411_958039263622046936_o.jpg?resize=350%2C200&ssl=1 1x, https:\/\/i0.wp.com\/www.grieta.org.mx\/wp-content\/uploads\/2018\/03\/14524434_1106112876131411_958039263622046936_o.jpg?resize=525%2C300&ssl=1 1.5x, https:\/\/i0.wp.com\/www.grieta.org.mx\/wp-content\/uploads\/2018\/03\/14524434_1106112876131411_958039263622046936_o.jpg?resize=700%2C400&ssl=1 2x"},"classes":[]},{"id":56376,"url":"https:\/\/www.grieta.org.mx\/index.php\/2021\/01\/19\/exigen-semaforo-rojo-en-oaxaca-covid-19-fuera-de-control\/","url_meta":{"origin":47988,"position":3},"title":"Exigen sem\u00e1foro rojo en Oaxaca: Covid-19 fuera de control","author":"grieta","date":"19 enero, 2021","format":false,"excerpt":"P\u00e1gina 3 \/ Pedro Mat\u00edas. *Alrededor de 20 Colegios M\u00e9dicos calificaron de \u201cinaudita la actitud irresponsable\u201d de los gobiernos de Alejandro Murat y de Oswaldo Garc\u00eda Jarqu\u00edn. | *Cuestionaron que prioricen \u201cla politiquer\u00eda y la econom\u00eda por encima de la salud p\u00fablica\u201d. | *Los hospitales est\u00e1n colapsados OAXACA, Oax.- Oaxaca\u2026","rel":"","context":"En &quot;CINTILLO&quot;","block_context":{"text":"CINTILLO","link":"https:\/\/www.grieta.org.mx\/index.php\/category\/cintillo\/"},"img":{"alt_text":"","src":"https:\/\/i0.wp.com\/www.grieta.org.mx\/wp-content\/uploads\/2021\/01\/1-9.jpg?resize=350%2C200&ssl=1","width":350,"height":200,"srcset":"https:\/\/i0.wp.com\/www.grieta.org.mx\/wp-content\/uploads\/2021\/01\/1-9.jpg?resize=350%2C200&ssl=1 1x, https:\/\/i0.wp.com\/www.grieta.org.mx\/wp-content\/uploads\/2021\/01\/1-9.jpg?resize=525%2C300&ssl=1 1.5x"},"classes":[]},{"id":46585,"url":"https:\/\/www.grieta.org.mx\/index.php\/2020\/03\/23\/hospital-civil-en-terapia-intensiva-carece-de-medicamentos-insumos-y-equipo-para-enfrentar-coronavirus-oaxaca\/","url_meta":{"origin":47988,"position":4},"title":"Hospital Civil en terapia intensiva: carece de medicamentos, insumos y equipo para enfrentar coronavirus (Oaxaca)","author":"grieta","date":"23 marzo, 2020","format":false,"excerpt":"P\u00e1gina 3 \/ Pedro Mat\u00edas. OAXACA, Oax.- Trabajadores sindicalizados del Hospital General \u201cAurelio Valdivieso\u201d urgieron al gobernador Alejandro Murat Hinojosa que firme el convenio con el Instituto de Salud para el Bienestar (Insabi) para que baje el recurso federal porque no tienen medicamentos, insumos y equipo de protecci\u00f3n para los\u2026","rel":"","context":"En &quot;CINTILLO&quot;","block_context":{"text":"CINTILLO","link":"https:\/\/www.grieta.org.mx\/index.php\/category\/cintillo\/"},"img":{"alt_text":"","src":"https:\/\/i0.wp.com\/www.grieta.org.mx\/wp-content\/uploads\/2020\/03\/hospital-civil-696x464.jpg?resize=350%2C200&ssl=1","width":350,"height":200,"srcset":"https:\/\/i0.wp.com\/www.grieta.org.mx\/wp-content\/uploads\/2020\/03\/hospital-civil-696x464.jpg?resize=350%2C200&ssl=1 1x, https:\/\/i0.wp.com\/www.grieta.org.mx\/wp-content\/uploads\/2020\/03\/hospital-civil-696x464.jpg?resize=525%2C300&ssl=1 1.5x"},"classes":[]},{"id":72106,"url":"https:\/\/www.grieta.org.mx\/index.php\/2025\/07\/31\/pacientes-sin-comida-bebes-sin-leche-el-colapso-del-hospital-civil-de-oaxaca\/","url_meta":{"origin":47988,"position":5},"title":"Pacientes sin comida, beb\u00e9s sin leche: el colapso del Hospital Civil de Oaxaca","author":"grieta","date":"31 julio, 2025","format":false,"excerpt":"Imagen: P\u00e1gina 3 Y mientras el nosocomio \"\u00a0Dr. Aurelio Valdivieso\" enfrenta una grave crisis, el gobierno gasta millones en conciertos Ana Luisa Cantoral \/ P\u00e1gina 3 OAXACA, Oax., (pagina3.mx).- En el Hospital Civil \u201cDr. Aurelio Valdivieso\u201d, el personal m\u00e9dico no tiene qu\u00e9 comer, las y los pacientes tampoco. Los beb\u00e9s\u2026","rel":"","context":"En &quot;CINTILLO&quot;","block_context":{"text":"CINTILLO","link":"https:\/\/www.grieta.org.mx\/index.php\/category\/cintillo\/"},"img":{"alt_text":"","src":"https:\/\/i0.wp.com\/www.grieta.org.mx\/wp-content\/uploads\/2025\/08\/Hospital-Civil-paro-de-labores.jpeg?resize=350%2C200&ssl=1","width":350,"height":200,"srcset":"https:\/\/i0.wp.com\/www.grieta.org.mx\/wp-content\/uploads\/2025\/08\/Hospital-Civil-paro-de-labores.jpeg?resize=350%2C200&ssl=1 1x, https:\/\/i0.wp.com\/www.grieta.org.mx\/wp-content\/uploads\/2025\/08\/Hospital-Civil-paro-de-labores.jpeg?resize=525%2C300&ssl=1 1.5x, https:\/\/i0.wp.com\/www.grieta.org.mx\/wp-content\/uploads\/2025\/08\/Hospital-Civil-paro-de-labores.jpeg?resize=700%2C400&ssl=1 2x"},"classes":[]}],"_links":{"self":[{"href":"https:\/\/www.grieta.org.mx\/index.php\/wp-json\/wp\/v2\/posts\/47988","targetHints":{"allow":["GET"]}}],"collection":[{"href":"https:\/\/www.grieta.org.mx\/index.php\/wp-json\/wp\/v2\/posts"}],"about":[{"href":"https:\/\/www.grieta.org.mx\/index.php\/wp-json\/wp\/v2\/types\/post"}],"author":[{"embeddable":true,"href":"https:\/\/www.grieta.org.mx\/index.php\/wp-json\/wp\/v2\/users\/2"}],"replies":[{"embeddable":true,"href":"https:\/\/www.grieta.org.mx\/index.php\/wp-json\/wp\/v2\/comments?post=47988"}],"version-history":[{"count":1,"href":"https:\/\/www.grieta.org.mx\/index.php\/wp-json\/wp\/v2\/posts\/47988\/revisions"}],"predecessor-version":[{"id":47991,"href":"https:\/\/www.grieta.org.mx\/index.php\/wp-json\/wp\/v2\/posts\/47988\/revisions\/47991"}],"wp:featuredmedia":[{"embeddable":true,"href":"https:\/\/www.grieta.org.mx\/index.php\/wp-json\/wp\/v2\/media\/21928"}],"wp:attachment":[{"href":"https:\/\/www.grieta.org.mx\/index.php\/wp-json\/wp\/v2\/media?parent=47988"}],"wp:term":[{"taxonomy":"category","embeddable":true,"href":"https:\/\/www.grieta.org.mx\/index.php\/wp-json\/wp\/v2\/categories?post=47988"},{"taxonomy":"post_tag","embeddable":true,"href":"https:\/\/www.grieta.org.mx\/index.php\/wp-json\/wp\/v2\/tags?post=47988"}],"curies":[{"name":"wp","href":"https:\/\/api.w.org\/{rel}","templated":true}]}}