{"id":47979,"date":"2020-04-16T20:33:56","date_gmt":"2020-04-17T01:33:56","guid":{"rendered":"http:\/\/www.grieta.org.mx\/?p=47979"},"modified":"2020-04-20T23:39:14","modified_gmt":"2020-04-21T04:39:14","slug":"por-emergencia-sanitaria-olvidan-a-parturientas-en-los-cabos-baja-california-sur","status":"publish","type":"post","link":"https:\/\/www.grieta.org.mx\/index.php\/2020\/04\/16\/por-emergencia-sanitaria-olvidan-a-parturientas-en-los-cabos-baja-california-sur\/","title":{"rendered":"Por emergencia sanitaria, olvidan a parturientas en Los Cabos (Baja California Sur)"},"content":{"rendered":"<p>Pie de P\u00e1gina \/ Texto: Lydiette Carri\u00f3n; Fotos: Javier de la Maza \/ Unsplash<\/p>\n<p><img loading=\"lazy\" decoding=\"async\" data-attachment-id=\"47980\" data-permalink=\"https:\/\/www.grieta.org.mx\/index.php\/2020\/04\/16\/por-emergencia-sanitaria-olvidan-a-parturientas-en-los-cabos-baja-california-sur\/nacimiento_unsplash_javier_maza\/\" data-orig-file=\"https:\/\/www.grieta.org.mx\/wp-content\/uploads\/2020\/04\/nacimiento_Unsplash_Javier_Maza.jpeg\" data-orig-size=\"1950,1300\" data-comments-opened=\"0\" data-image-meta=\"{&quot;aperture&quot;:&quot;0&quot;,&quot;credit&quot;:&quot;&quot;,&quot;camera&quot;:&quot;&quot;,&quot;caption&quot;:&quot;&quot;,&quot;created_timestamp&quot;:&quot;0&quot;,&quot;copyright&quot;:&quot;&quot;,&quot;focal_length&quot;:&quot;0&quot;,&quot;iso&quot;:&quot;0&quot;,&quot;shutter_speed&quot;:&quot;0&quot;,&quot;title&quot;:&quot;&quot;,&quot;orientation&quot;:&quot;0&quot;}\" data-image-title=\"nacimiento_Unsplash_Javier_Maza\" data-image-description=\"\" data-image-caption=\"\" data-medium-file=\"https:\/\/www.grieta.org.mx\/wp-content\/uploads\/2020\/04\/nacimiento_Unsplash_Javier_Maza-300x200.jpeg\" data-large-file=\"https:\/\/www.grieta.org.mx\/wp-content\/uploads\/2020\/04\/nacimiento_Unsplash_Javier_Maza-1024x683.jpeg\" class=\"aligncenter wp-image-47980\" src=\"http:\/\/www.grieta.org.mx\/wp-content\/uploads\/2020\/04\/nacimiento_Unsplash_Javier_Maza.jpeg\" alt=\"\" width=\"800\" height=\"533\" srcset=\"https:\/\/www.grieta.org.mx\/wp-content\/uploads\/2020\/04\/nacimiento_Unsplash_Javier_Maza.jpeg 1950w, https:\/\/www.grieta.org.mx\/wp-content\/uploads\/2020\/04\/nacimiento_Unsplash_Javier_Maza-300x200.jpeg 300w, https:\/\/www.grieta.org.mx\/wp-content\/uploads\/2020\/04\/nacimiento_Unsplash_Javier_Maza-768x512.jpeg 768w, https:\/\/www.grieta.org.mx\/wp-content\/uploads\/2020\/04\/nacimiento_Unsplash_Javier_Maza-1024x683.jpeg 1024w, https:\/\/www.grieta.org.mx\/wp-content\/uploads\/2020\/04\/nacimiento_Unsplash_Javier_Maza-750x500.jpeg 750w\" sizes=\"auto, (max-width: 800px) 100vw, 800px\" \/><\/p>\n<p>De un d\u00eda al otro, el Hospital del IMSS de Cabo dej\u00f3 de atender partos. S\u00f3lo se dedicar\u00e1 a antender la emergencia por covid-19. El problema es que nadie avis\u00f3 a las embarazadas, quienes tambi\u00e9n se quedaron sin consultas ni seguimientos m\u00e9dicos en una ciudad que est\u00e1 en virtual toque de queda.<\/p>\n<p>La contingencia sanitaria en Cabo San Lucas puso en riesgo a las mujeres a punto de parir. En una semana, y sin mediar aviso o informaci\u00f3n institucional alguna, las mujeres embarazadas y parturientas se quedaron sin consultas ni seguimientos m\u00e9dicos, y sin acceso al hospital del IMSS de la ciudad. Esta falta de informaci\u00f3n pone en riesgo a las mujeres y sus familias, as\u00ed lo denuncia la colectiva de parteras Nueve Lunas.<\/p>\n<p>Este mi\u00e9rcoles, al menos dos mujeres en labor de parto llegaron al hospital del IMSS de Cabo San Lucas (donde deb\u00edan dirigirse para dar a luz). Pero en las puertas les informaron que el hospital s\u00f3lo recibir\u00eda casos por covid. Y las enviaron \u201ca su casa\u201d. Ning\u00fan funcionario brind\u00f3 informaci\u00f3n sobre otras cl\u00ednicas u hospitales donde podr\u00edan ser atendidas.<br \/>\nBrote masivo<\/p>\n<p>Hace una semana, el pasado 8 de abril, el Hospital General de Subzona con Medicina Familiar n\u00famero 26 de Cabo inform\u00f3 sobre un brote importante de contagio en sus instalaciones: al menos 42 trabajadores \u2013m\u00e9dicos, enfermeros, personal en general\u2013 fueron infectados de covid-19 ah\u00ed, en el hospital. El primer caso se present\u00f3 el 2 de abril.<\/p>\n<p>El caso de Cabo San Lucas se suma al del IMSS Coahuila, donde se infectaron 29 personas; y tambi\u00e9n al de Tlalnepantla, Estado de M\u00e9xico, donde fueron 22 trabajadores de la salud.<\/p>\n<p>En su momento, el IMSS asegur\u00f3 que ser\u00eda la Hospital del IMSS Cabo (como lo conocen en la regi\u00f3n) el destino de referencia para enfermedades respiratorias, pero seguir\u00eda funcionando de manera normal. Sin embargo, para esta semana no era as\u00ed.<br \/>\nParto sin hospital<\/p>\n<p>Nuria Landa es partera de la tradici\u00f3n, y pertenece a la colectiva Nueve Lunas. Ellas ofrecen el servicio de parter\u00eda tradicional, que implica dar a luz en la casa, siempre con un protocolo de salud y seguridad. Deben conocer a la mujer gestante desde antes, dar seguimiento durante su embarazo, asegurarse de que se proyecta un parto sin complicaciones. De ah\u00ed que no asistan partos de mujeres a las que no han seguido en el proceso.<\/p>\n<p>Sin embargo, explica Nuria en entrevista telef\u00f3nica, \u201chace dos d\u00edas recib\u00ed dos llamadas de dos mujeres que iniciaron su trabajo de parto y fueron al hospital de Cabo San Lucas y no las recibieron, porque ah\u00ed s\u00f3lo est\u00e1n recibiendo covid. Pero, no las recibieron y, \u00a1tampoco las refirieron a ning\u00fan lado!, s\u00f3lo les dijeron que regresaran a sus casas\u201d.<\/p>\n<p>Las mujeres quer\u00edan que Nuria asistiera su parto; pero esto no era posible, debido al protocolo.\u201cNosotras no solemos acompa\u00f1ar a mujeres que no conocemos\u201d, porque Nuria o ninguna otra partera no estar\u00eda al tanto de posibles complicaciones. Ellas, entonces, sin saber a qui\u00e9n recurrir le preguntaban qui\u00e9n podr\u00eda recibir a sus beb\u00e9s.<\/p>\n<p>\u201cLas refer\u00ed a la l\u00ednea materna. Pero no les dieron informaci\u00f3n porque no hab\u00eda nada qu\u00e9 denunciar, todav\u00eda\u201d, explica Nuria.<\/p>\n<p>\u201cLes dije que fueran al hospital de san Jos\u00e9 del cabo, a 40 kil\u00f3metros de distancia\u201d. Aunque la cl\u00ednica no queda realmente lejos, en una emergencia, los minutos son importantes. Adem\u00e1s, debido al brote en San Lucas, la regi\u00f3n entera est\u00e1 en una situaci\u00f3n muy restrictiva. Hay polic\u00eda patrullando la carretera, deteniendo y preguntando a quienes viajan qu\u00e9 hacen ah\u00ed.<\/p>\n<p>\u201cAqu\u00ed, el problema m\u00e1s grande, que es mi petici\u00f3n, mi exigencia al gobierno, es que informen. O sea, las mujeres se enteraron hasta que llegaron a la cl\u00ednica. Si hubiera informaci\u00f3n oportuna\u2026 se van a suspender las consultas.. Se va a realizar de esta forma\u2026 un poco de previsi\u00f3n de la situaci\u00f3n, para que las mujeres puedan tener un poco m\u00e1s de paz.<\/p>\n<p>Consultas canceladas<\/p>\n<p>Nuria narra c\u00f3mo a las mujeres gestantes les dio terror acercarse al hospital desde el pasado 8 de abril. \u201cDesde el momento en el que hicieron p\u00fablico esto [el brote], pues las llamadas a las parteras \u2013que no somos muchas, somos dos de planta y dos eventuales\u2013 se volvi\u00f3 una locura. Porque las mujeres tienen much\u00edsimo miedo de ir al hospital con esta situaci\u00f3n\u201d.<\/p>\n<p>Pero se sum\u00f3 otro factor: los m\u00e9dicos ginecobstetras, tanto p\u00fablicos como privados, suspendieron sus consultas. \u201cA partir de que empec\u00e9 a recibir llamadas en cantidades no normales, supe que se hab\u00cdan suspendido las consultas a mujeres en el embarazo.\u201d<\/p>\n<p>El estado de Baja California Sur es, actualmente, la entidad con m\u00e1s brotes de covid-19 en relaci\u00f3n con su poblaci\u00f3n. \u201cEs un estado que ya est\u00e1 viviendo una situaci\u00f3n bastante fuerte [\u2026]. Aqu\u00ed estamos en confinamiento. La polic\u00eda est\u00e1 en las calles. No hay equipo m\u00e9dico, no hay equipo de protecci\u00f3n, la gente est\u00e1 teniendo, estamos teniendo que donar equipo de protecci\u00f3n en colectas que han hecho los mismos doctores. Y eso ha generado una conciencia de la situaci\u00f3n, por un lado, y por el otro, un nivel de estr\u00e9s incre\u00edble\u201d.<\/p>\n<p>Y en este contexto, las mujeres embarazadas quedaron olvidadas de la atenci\u00f3n institucional.<\/p>\n<p>Despu\u00e9s de una semana en esta situaci\u00f3n, Protecci\u00f3n Civil de Cabo San Lucas emiti\u00f3 un comunicado informando que el Hospital IMSS Cabo est\u00e1 destinado a covid. \u201cY todo lo que no es hospital covid va a ser derivado a otros lugares. Pero no dijo cu\u00e1les\u201d.<\/p>\n<p>Nuria resume: \u201csabemos que a todos nos corresponde hacer nuestra parte. No s\u00f3lo el gobierno, sino a cada uno de nosotros, en colectivo o el lo individual. Pero genuinamente creo que aqu\u00ed la instituci\u00f3n fue irresponsable\u201d.<\/p>\n<p><a href=\"https:\/\/piedepagina.mx\/por-emergencia-sanitaria-olvidan-a-parturientas-en-los-cabos\/\" rel=\"noopener noreferrer\" target=\"_blank\">https:\/\/piedepagina.mx\/por-emergencia-sanitaria-olvidan-a-parturientas-en-los-cabos\/<\/a><\/p>\n","protected":false},"excerpt":{"rendered":"<p>Pie de P\u00e1gina \/ Texto: Lydiette Carri\u00f3n; Fotos: Javier de la Maza \/ Unsplash De un d\u00eda al otro, el Hospital del IMSS de Cabo dej\u00f3 de atender partos. S\u00f3lo &hellip; <a href=\"https:\/\/www.grieta.org.mx\/index.php\/2020\/04\/16\/por-emergencia-sanitaria-olvidan-a-parturientas-en-los-cabos-baja-california-sur\/\" class=\"more-link\">Leer m\u00e1s<\/a><\/p>\n","protected":false},"author":2,"featured_media":47980,"comment_status":"closed","ping_status":"closed","sticky":false,"template":"","format":"standard","meta":{"ngg_post_thumbnail":0,"_jetpack_newsletter_access":"","_jetpack_dont_email_post_to_subs":false,"_jetpack_newsletter_tier_id":0,"_jetpack_memberships_contains_paywalled_content":false,"_jetpack_memberships_contains_paid_content":false,"footnotes":""},"categories":[10,80,3312,2],"tags":[],"class_list":["post-47979","post","type-post","status-publish","format-standard","has-post-thumbnail","hentry","category-baja-california-sur","category-cintillo","category-covid-19-en-baja-california-sur","category-noticias-nacionales","entry"],"jetpack_featured_media_url":"https:\/\/www.grieta.org.mx\/wp-content\/uploads\/2020\/04\/nacimiento_Unsplash_Javier_Maza.jpeg","jetpack_sharing_enabled":true,"jetpack_shortlink":"https:\/\/wp.me\/p7ZJR4-ctR","jetpack_likes_enabled":false,"jetpack-related-posts":[{"id":52249,"url":"https:\/\/www.grieta.org.mx\/index.php\/2020\/07\/16\/mujeres-embarazadas-expuestas-a-mas-violencia-obstetrica-por-covid-19-baja-california-sur\/","url_meta":{"origin":47979,"position":0},"title":"Mujeres embarazadas expuestas a m\u00e1s violencia obst\u00e9trica por covid-19 (Baja California Sur)","author":"grieta","date":"16 julio, 2020","format":false,"excerpt":"Pie de P\u00e1gina \/ Texto: Lydiette Carri\u00f3n y Daniela Rea; Fotos: Mar\u00eda Ruiz. La reorganizaci\u00f3n hospitalaria en el pa\u00eds para la emergencia sanitaria alter\u00f3 la atenci\u00f3n a mujeres embarazadas quienes se quedaron sin revisiones m\u00e9dicas y se vieron m\u00e1s expuestas a violencia obst\u00e9trica. La masiva reorganizaci\u00f3n de hospitales que M\u00e9xico\u2026","rel":"","context":"En &quot;Baja California Sur&quot;","block_context":{"text":"Baja California Sur","link":"https:\/\/www.grieta.org.mx\/index.php\/category\/noticias-nacionales\/baja-california-sur\/"},"img":{"alt_text":"","src":"https:\/\/i0.wp.com\/www.grieta.org.mx\/wp-content\/uploads\/2020\/08\/a.jpg?resize=350%2C200&ssl=1","width":350,"height":200,"srcset":"https:\/\/i0.wp.com\/www.grieta.org.mx\/wp-content\/uploads\/2020\/08\/a.jpg?resize=350%2C200&ssl=1 1x, https:\/\/i0.wp.com\/www.grieta.org.mx\/wp-content\/uploads\/2020\/08\/a.jpg?resize=525%2C300&ssl=1 1.5x, https:\/\/i0.wp.com\/www.grieta.org.mx\/wp-content\/uploads\/2020\/08\/a.jpg?resize=700%2C400&ssl=1 2x, https:\/\/i0.wp.com\/www.grieta.org.mx\/wp-content\/uploads\/2020\/08\/a.jpg?resize=1050%2C600&ssl=1 3x"},"classes":[]},{"id":51408,"url":"https:\/\/www.grieta.org.mx\/index.php\/2020\/06\/23\/43-pacientes-y-personal-de-la-clinica-30-del-imss-sin-aire-acondicionado-enfermeros-y-medicos-trabajan-bajo-protesta-baja-california\/","url_meta":{"origin":47979,"position":1},"title":"43 Pacientes y personal de la Cl\u00ednica 30 del IMSS sin aire acondicionado; Enfermeros y m\u00e9dicos trabajan bajo protesta (Baja California)","author":"grieta","date":"23 junio, 2020","format":false,"excerpt":"Lindero Norte \/ Jorge Heras, Mexicali.-Desde hace dos semanas el \u00e1rea del Anexo (la primera zona con pacientes contagiados) y Urgencias de la Cl\u00ednica 30 del IMSS no cuenta con aire acondicionado, denunciaron trabajadores de la salud de este nosocomio Covid-19 de Mexicali. Personal de enfermer\u00eda y m\u00e9dicos revelaron que\u2026","rel":"","context":"En &quot;Baja California&quot;","block_context":{"text":"Baja California","link":"https:\/\/www.grieta.org.mx\/index.php\/category\/noticias-nacionales\/baja-california\/"},"img":{"alt_text":"","src":"https:\/\/i0.wp.com\/www.grieta.org.mx\/wp-content\/uploads\/2018\/03\/14524434_1106112876131411_958039263622046936_o.jpg?resize=350%2C200&ssl=1","width":350,"height":200,"srcset":"https:\/\/i0.wp.com\/www.grieta.org.mx\/wp-content\/uploads\/2018\/03\/14524434_1106112876131411_958039263622046936_o.jpg?resize=350%2C200&ssl=1 1x, https:\/\/i0.wp.com\/www.grieta.org.mx\/wp-content\/uploads\/2018\/03\/14524434_1106112876131411_958039263622046936_o.jpg?resize=525%2C300&ssl=1 1.5x, https:\/\/i0.wp.com\/www.grieta.org.mx\/wp-content\/uploads\/2018\/03\/14524434_1106112876131411_958039263622046936_o.jpg?resize=700%2C400&ssl=1 2x"},"classes":[]},{"id":47234,"url":"https:\/\/www.grieta.org.mx\/index.php\/2020\/04\/02\/la-emergencia-sanitaria-pone-en-riesgo-la-pesca-de-indigenas-cucapa-baja-california\/","url_meta":{"origin":47979,"position":2},"title":"La emergencia sanitaria pone en riesgo la pesca de ind\u00edgenas Cucap\u00e1 (Baja California)","author":"grieta","date":"2 abril, 2020","format":false,"excerpt":"Pi\u00e9 de P\u00e1gina \/ Texto Daniela Pastrana, Foto Ximena Natera \/ Archivo Los 300 ind\u00edgenas que quedan de este pueblo milenario viven de la pesca durante la temporada de la Cuaresma cat\u00f3lica. Pero este a\u00f1o, el precio de compra de su pescado amenaza su \u00fanica actividad comercial. Los cucap\u00e1s hacen\u2026","rel":"","context":"En &quot;Baja California&quot;","block_context":{"text":"Baja California","link":"https:\/\/www.grieta.org.mx\/index.php\/category\/noticias-nacionales\/baja-california\/"},"img":{"alt_text":"","src":"https:\/\/i0.wp.com\/www.grieta.org.mx\/wp-content\/uploads\/2020\/04\/I.jpg?resize=350%2C200&ssl=1","width":350,"height":200,"srcset":"https:\/\/i0.wp.com\/www.grieta.org.mx\/wp-content\/uploads\/2020\/04\/I.jpg?resize=350%2C200&ssl=1 1x, https:\/\/i0.wp.com\/www.grieta.org.mx\/wp-content\/uploads\/2020\/04\/I.jpg?resize=525%2C300&ssl=1 1.5x, https:\/\/i0.wp.com\/www.grieta.org.mx\/wp-content\/uploads\/2020\/04\/I.jpg?resize=700%2C400&ssl=1 2x, https:\/\/i0.wp.com\/www.grieta.org.mx\/wp-content\/uploads\/2020\/04\/I.jpg?resize=1050%2C600&ssl=1 3x"},"classes":[]},{"id":50812,"url":"https:\/\/www.grieta.org.mx\/index.php\/2020\/06\/05\/medicos-del-imss-atienden-ninos-enfermos-de-covid-19-sin-proteccion-y-en-pesimas-condiciones-laborales\/","url_meta":{"origin":47979,"position":3},"title":"M\u00e9dicos del IMSS atienden ni\u00f1os enfermos de covid-19 sin protecci\u00f3n y en p\u00e9simas condiciones laborales","author":"grieta","date":"5 junio, 2020","format":false,"excerpt":"Foto: Reuters Econom\u00eda hoy Las contrataciones son por un tiempo corto y el personal pierde sus prestaciones si enferma El 1 de julio se prepara un paro activo del personal m\u00e9dico Los m\u00e9dicos que combaten el coronavirus en ni\u00f1os dentro del Instituto Mexicano del Seguro Social (IMSS) han denunciado que\u2026","rel":"","context":"En &quot;CINTILLO&quot;","block_context":{"text":"CINTILLO","link":"https:\/\/www.grieta.org.mx\/index.php\/category\/cintillo\/"},"img":{"alt_text":"","src":"https:\/\/i0.wp.com\/www.grieta.org.mx\/wp-content\/uploads\/2020\/06\/M%C3%A9dicos-del-IMSS-atienden-ni%C3%B1os-enfermos-de-covid-19-sin-protecci%C3%B3n-y-en-p%C3%A9simas-condiciones-laborales-cdmx-jun.jpg?resize=350%2C200&ssl=1","width":350,"height":200,"srcset":"https:\/\/i0.wp.com\/www.grieta.org.mx\/wp-content\/uploads\/2020\/06\/M%C3%A9dicos-del-IMSS-atienden-ni%C3%B1os-enfermos-de-covid-19-sin-protecci%C3%B3n-y-en-p%C3%A9simas-condiciones-laborales-cdmx-jun.jpg?resize=350%2C200&ssl=1 1x, https:\/\/i0.wp.com\/www.grieta.org.mx\/wp-content\/uploads\/2020\/06\/M%C3%A9dicos-del-IMSS-atienden-ni%C3%B1os-enfermos-de-covid-19-sin-protecci%C3%B3n-y-en-p%C3%A9simas-condiciones-laborales-cdmx-jun.jpg?resize=525%2C300&ssl=1 1.5x, https:\/\/i0.wp.com\/www.grieta.org.mx\/wp-content\/uploads\/2020\/06\/M%C3%A9dicos-del-IMSS-atienden-ni%C3%B1os-enfermos-de-covid-19-sin-protecci%C3%B3n-y-en-p%C3%A9simas-condiciones-laborales-cdmx-jun.jpg?resize=700%2C400&ssl=1 2x"},"classes":[]},{"id":57480,"url":"https:\/\/www.grieta.org.mx\/index.php\/2021\/03\/08\/plantones-y-marchas-mujeres-de-baja-california-sur-conmemoran-el-8m\/","url_meta":{"origin":47979,"position":4},"title":"Plantones y marchas: mujeres de Baja California Sur conmemoran el #8M","author":"grieta","date":"8 marzo, 2021","format":false,"excerpt":"Zeta Tijuana \/ Gilberto Santiesteban. Fotos: Gilberto Santiesteban. Mujeres de Baja California Sur salieron a las calles a manifestarse en conmemoraci\u00f3n del 8 de marzo, D\u00eda Internacional de la Mujer. Plantones, marchas y otras protestas alusivas colorearon de morado las principales ciudades de la entidad. El grito fue claro: alto\u2026","rel":"","context":"En &quot;Baja California Sur&quot;","block_context":{"text":"Baja California Sur","link":"https:\/\/www.grieta.org.mx\/index.php\/category\/noticias-nacionales\/baja-california-sur\/"},"img":{"alt_text":"","src":"https:\/\/i0.wp.com\/www.grieta.org.mx\/wp-content\/uploads\/2021\/03\/1-2.jpeg?resize=350%2C200&ssl=1","width":350,"height":200,"srcset":"https:\/\/i0.wp.com\/www.grieta.org.mx\/wp-content\/uploads\/2021\/03\/1-2.jpeg?resize=350%2C200&ssl=1 1x, https:\/\/i0.wp.com\/www.grieta.org.mx\/wp-content\/uploads\/2021\/03\/1-2.jpeg?resize=525%2C300&ssl=1 1.5x, https:\/\/i0.wp.com\/www.grieta.org.mx\/wp-content\/uploads\/2021\/03\/1-2.jpeg?resize=700%2C400&ssl=1 2x, https:\/\/i0.wp.com\/www.grieta.org.mx\/wp-content\/uploads\/2021\/03\/1-2.jpeg?resize=1050%2C600&ssl=1 3x"},"classes":[]},{"id":49876,"url":"https:\/\/www.grieta.org.mx\/index.php\/2020\/05\/26\/se-atendieron-132-llamadas-por-violencia-a-mujeres-en-aguascalientes-en-abril\/","url_meta":{"origin":47979,"position":5},"title":"Se atendieron 132 llamadas por violencia a mujeres en Aguascalientes en abril","author":"grieta","date":"26 mayo, 2020","format":false,"excerpt":"Alejandro Romo\/Newsweek Aguascalientes 26 mayo 2020 Foto: Pixabay Durante el periodo de contingencia sanitaria por el coronavirus Covid-19 en abril, el servicio de emergencias 911 report\u00f3 132 llamadas de mujeres que padecieron alg\u00fan tipo de violencia al interior de sus hogares, principalmente, seg\u00fan los datos del Secretariado Ejecutivo del Sistema\u2026","rel":"","context":"En &quot;Aguascalientes&quot;","block_context":{"text":"Aguascalientes","link":"https:\/\/www.grieta.org.mx\/index.php\/category\/noticias-nacionales\/aguascalientes\/"},"img":{"alt_text":"","src":"https:\/\/i0.wp.com\/www.grieta.org.mx\/wp-content\/uploads\/2020\/05\/violencia.-violaci%C3%B3n.jpg?resize=350%2C200&ssl=1","width":350,"height":200,"srcset":"https:\/\/i0.wp.com\/www.grieta.org.mx\/wp-content\/uploads\/2020\/05\/violencia.-violaci%C3%B3n.jpg?resize=350%2C200&ssl=1 1x, https:\/\/i0.wp.com\/www.grieta.org.mx\/wp-content\/uploads\/2020\/05\/violencia.-violaci%C3%B3n.jpg?resize=525%2C300&ssl=1 1.5x"},"classes":[]}],"_links":{"self":[{"href":"https:\/\/www.grieta.org.mx\/index.php\/wp-json\/wp\/v2\/posts\/47979","targetHints":{"allow":["GET"]}}],"collection":[{"href":"https:\/\/www.grieta.org.mx\/index.php\/wp-json\/wp\/v2\/posts"}],"about":[{"href":"https:\/\/www.grieta.org.mx\/index.php\/wp-json\/wp\/v2\/types\/post"}],"author":[{"embeddable":true,"href":"https:\/\/www.grieta.org.mx\/index.php\/wp-json\/wp\/v2\/users\/2"}],"replies":[{"embeddable":true,"href":"https:\/\/www.grieta.org.mx\/index.php\/wp-json\/wp\/v2\/comments?post=47979"}],"version-history":[{"count":1,"href":"https:\/\/www.grieta.org.mx\/index.php\/wp-json\/wp\/v2\/posts\/47979\/revisions"}],"predecessor-version":[{"id":47981,"href":"https:\/\/www.grieta.org.mx\/index.php\/wp-json\/wp\/v2\/posts\/47979\/revisions\/47981"}],"wp:featuredmedia":[{"embeddable":true,"href":"https:\/\/www.grieta.org.mx\/index.php\/wp-json\/wp\/v2\/media\/47980"}],"wp:attachment":[{"href":"https:\/\/www.grieta.org.mx\/index.php\/wp-json\/wp\/v2\/media?parent=47979"}],"wp:term":[{"taxonomy":"category","embeddable":true,"href":"https:\/\/www.grieta.org.mx\/index.php\/wp-json\/wp\/v2\/categories?post=47979"},{"taxonomy":"post_tag","embeddable":true,"href":"https:\/\/www.grieta.org.mx\/index.php\/wp-json\/wp\/v2\/tags?post=47979"}],"curies":[{"name":"wp","href":"https:\/\/api.w.org\/{rel}","templated":true}]}}