{"id":47966,"date":"2020-04-04T23:57:56","date_gmt":"2020-04-05T05:57:56","guid":{"rendered":"http:\/\/www.grieta.org.mx\/?p=47966"},"modified":"2020-04-19T00:07:00","modified_gmt":"2020-04-19T05:07:00","slug":"vecinos-de-neza-donan-viveres-e-insumos-medicos-para-gente-que-los-necesita-estado-de-mexico","status":"publish","type":"post","link":"https:\/\/www.grieta.org.mx\/index.php\/2020\/04\/04\/vecinos-de-neza-donan-viveres-e-insumos-medicos-para-gente-que-los-necesita-estado-de-mexico\/","title":{"rendered":"Vecinos de Neza donan v\u00edveres e insumos m\u00e9dicos para gente que los necesita (Estado de M\u00e9xico)"},"content":{"rendered":"<p><img loading=\"lazy\" decoding=\"async\" data-attachment-id=\"47967\" data-permalink=\"https:\/\/www.grieta.org.mx\/index.php\/2020\/04\/04\/vecinos-de-neza-donan-viveres-e-insumos-medicos-para-gente-que-los-necesita-estado-de-mexico\/vecinos-de-neza-donan-viveres-e-insumos-medicos-para-gente-que-los-necesita-edomex-abr\/\" data-orig-file=\"https:\/\/www.grieta.org.mx\/wp-content\/uploads\/2020\/04\/Vecinos-de-Neza-donan-v\u00edveres-e-insumos-m\u00e9dicos-para-gente-que-los-necesita-edomex-abr.jpg\" data-orig-size=\"768,479\" data-comments-opened=\"0\" data-image-meta=\"{&quot;aperture&quot;:&quot;0&quot;,&quot;credit&quot;:&quot;&quot;,&quot;camera&quot;:&quot;&quot;,&quot;caption&quot;:&quot;&quot;,&quot;created_timestamp&quot;:&quot;0&quot;,&quot;copyright&quot;:&quot;&quot;,&quot;focal_length&quot;:&quot;0&quot;,&quot;iso&quot;:&quot;0&quot;,&quot;shutter_speed&quot;:&quot;0&quot;,&quot;title&quot;:&quot;&quot;,&quot;orientation&quot;:&quot;0&quot;}\" data-image-title=\"Vecinos de Neza donan v\u00edveres e insumos m\u00e9dicos para gente que los necesita edomex abr\" data-image-description=\"\" data-image-caption=\"\" data-medium-file=\"https:\/\/www.grieta.org.mx\/wp-content\/uploads\/2020\/04\/Vecinos-de-Neza-donan-v\u00edveres-e-insumos-m\u00e9dicos-para-gente-que-los-necesita-edomex-abr-300x187.jpg\" data-large-file=\"https:\/\/www.grieta.org.mx\/wp-content\/uploads\/2020\/04\/Vecinos-de-Neza-donan-v\u00edveres-e-insumos-m\u00e9dicos-para-gente-que-los-necesita-edomex-abr.jpg\" class=\"aligncenter  wp-image-47967\" src=\"http:\/\/www.grieta.org.mx\/wp-content\/uploads\/2020\/04\/Vecinos-de-Neza-donan-v\u00edveres-e-insumos-m\u00e9dicos-para-gente-que-los-necesita-edomex-abr.jpg\" alt=\"\" width=\"646\" height=\"403\" srcset=\"https:\/\/www.grieta.org.mx\/wp-content\/uploads\/2020\/04\/Vecinos-de-Neza-donan-v\u00edveres-e-insumos-m\u00e9dicos-para-gente-que-los-necesita-edomex-abr.jpg 768w, https:\/\/www.grieta.org.mx\/wp-content\/uploads\/2020\/04\/Vecinos-de-Neza-donan-v\u00edveres-e-insumos-m\u00e9dicos-para-gente-que-los-necesita-edomex-abr-300x187.jpg 300w\" sizes=\"auto, (max-width: 646px) 100vw, 646px\" \/><br \/>\n<em>Foto: La Vox de Neza<\/em><\/p>\n<p>Orlando Salinas \/ El Sol de Toluca<\/p>\n<blockquote><p>Tambi\u00e9n realizaron una colecta de alimentos ante la emergencia sanitaria por la pandemia del COVID-19<\/p><\/blockquote>\n<p>Ante la emergencia sanitaria por la pandemia del COVID-19, un grupo de personas del municipio de Nezahualc\u00f3yotl realizaron una colecta de alimentos, v\u00edveres e insumos m\u00e9dicos para apoyar a personas de escasos recursos, as\u00ed como para el personal de hospitales de esta localidad.<\/p>\n<p>Por medio de redes sociales y p\u00e1ginas como Que Belleza la de Neza, La Vox de Neza, Coyotv, Nezeando, Soy de Neza, Neza Radio, Coyote Hambriento, Aqu\u00ed en Mi Nezota y El Apestado fueron algunos de los organizadores quienes convocaron a la ciudadan\u00eda a donar v\u00edveres.<\/p>\n<p>\u201cEste es el momento de actuar, hagamos a un lado las mezquindades, los intereses personales, la falta de solidaridad, tengamos unidad, porque hasta en este momento los jaloneos de pol\u00edtica barata est\u00e1n a la orden del d\u00eda\u201d, recalcaron los organizadores.<\/p>\n<p>La colecta tuvo lugar este s\u00e1bado en la explanada municipal donde decenas de personas acudieron a donar productos como papel higi\u00e9nico, cloro, arroz, frijol, huevo, az\u00facar, aceite, sopa, sal, cereal entre otros.<\/p>\n<p>Los organizadores informaron que con lo recaudado se har\u00e1n despensas, las cuales ser\u00e1n entregadas a personas de escasos de recursos, as\u00ed como a gente que por la contingencia sanitaria se est\u00e1 viendo afectada.<\/p>\n<p>Asimismo se recolectaron cubrebocas, guantes, gel antibacterial y alcohol, los cuales se entregaron en el Hospital General La Perla.<\/p>\n<p>Durante la donaci\u00f3n se tomaron las medidas precautorias utilizando gel antibacterial y cubrebocas, y pidiendo a las personas de no agruparse.<\/p>\n<p>El Coyote de Nezayork junto con La Vox de Neza anunciaron que pr\u00f3ximamente realizar\u00e1n el Nezaton, en el cual se pretende que los habitantes donen juguetes para ni\u00f1os de escasos recursos.<\/p>\n<p><a href=\"https:\/\/www.elsoldetoluca.com.mx\/local\/vecinos-de-neza-donan-viveres-e-insumos-medicos-para-gente-que-los-necesita-5060079.html\" target=\"_blank\" rel=\"noopener noreferrer\">https:\/\/www.elsoldetoluca.com.mx\/local\/vecinos-de-neza-donan-viveres-e-insumos-medicos-para-gente-que-los-necesita-5060079.html<\/a><\/p>\n","protected":false},"excerpt":{"rendered":"<p>Foto: La Vox de Neza Orlando Salinas \/ El Sol de Toluca Tambi\u00e9n realizaron una colecta de alimentos ante la emergencia sanitaria por la pandemia del COVID-19 Ante la emergencia &hellip; <a href=\"https:\/\/www.grieta.org.mx\/index.php\/2020\/04\/04\/vecinos-de-neza-donan-viveres-e-insumos-medicos-para-gente-que-los-necesita-estado-de-mexico\/\" class=\"more-link\">Leer m\u00e1s<\/a><\/p>\n","protected":false},"author":2,"featured_media":47967,"comment_status":"closed","ping_status":"closed","sticky":false,"template":"","format":"standard","meta":{"ngg_post_thumbnail":0,"_jetpack_newsletter_access":"","_jetpack_dont_email_post_to_subs":false,"_jetpack_newsletter_tier_id":0,"_jetpack_memberships_contains_paywalled_content":false,"_jetpack_memberships_contains_paid_content":false,"footnotes":""},"categories":[80,3270,2957,16,1729,3035,2],"tags":[3241],"class_list":["post-47966","post","type-post","status-publish","format-standard","has-post-thumbnail","hentry","category-cintillo","category-covid-19-en-estado-de-mexico","category-crisis-del-sector-salud-en-el-estado-de-mexico","category-estado-de-mexico","category-lucha-y-resistencia-del-pueblo-en-el-estado-de-mexico","category-movilizaciones-y-protestas-de-habitantes-en-el-estado-de-mexico","category-noticias-nacionales","tag-covid-19","entry"],"jetpack_featured_media_url":"https:\/\/www.grieta.org.mx\/wp-content\/uploads\/2020\/04\/Vecinos-de-Neza-donan-v\u00edveres-e-insumos-m\u00e9dicos-para-gente-que-los-necesita-edomex-abr.jpg","jetpack_sharing_enabled":true,"jetpack_shortlink":"https:\/\/wp.me\/p7ZJR4-ctE","jetpack_likes_enabled":false,"jetpack-related-posts":[{"id":48092,"url":"https:\/\/www.grieta.org.mx\/index.php\/2020\/04\/17\/vecinos-de-neza-y-chimalhuacan-regalan-alimentos-e-insumos-a-medicos-y-pobladores-estado-de-mexico\/","url_meta":{"origin":47966,"position":0},"title":"VECINOS DE NEZA Y CHIMALHUAC\u00c1N REGALAN ALIMENTOS E INSUMOS A M\u00c9DICOS Y POBLADORES (Estado de M\u00e9xico)","author":"grieta","date":"17 abril, 2020","format":false,"excerpt":"Imagen tomada de: la-prensa.mx La Prensa Vecinos de Chimalhuac\u00e1n y Nezahualc\u00f3yotl pusieron el ejemplo y repartieron alimentos a los sectores m\u00e1s vulnerables por la pandemia por COVID-19. A trav\u00e9s de colectas vecinales, los ciudadanos entregaron pollos, tortas y equipos de protecci\u00f3n a ciudadanos con escasos recursos y m\u00e9dicos del hospital\u2026","rel":"","context":"En &quot;CINTILLO&quot;","block_context":{"text":"CINTILLO","link":"https:\/\/www.grieta.org.mx\/index.php\/category\/cintillo\/"},"img":{"alt_text":"","src":"https:\/\/i0.wp.com\/www.grieta.org.mx\/wp-content\/uploads\/2020\/04\/VECINOS-DE-NEZA-Y-CHIMALHUAC%C3%81N-REGALAN-ALIMENTOS-E-INSUMOS-A-M%C3%89DICOS-Y-POBLADORES-edomex-abr.jpeg?resize=350%2C200&ssl=1","width":350,"height":200,"srcset":"https:\/\/i0.wp.com\/www.grieta.org.mx\/wp-content\/uploads\/2020\/04\/VECINOS-DE-NEZA-Y-CHIMALHUAC%C3%81N-REGALAN-ALIMENTOS-E-INSUMOS-A-M%C3%89DICOS-Y-POBLADORES-edomex-abr.jpeg?resize=350%2C200&ssl=1 1x, https:\/\/i0.wp.com\/www.grieta.org.mx\/wp-content\/uploads\/2020\/04\/VECINOS-DE-NEZA-Y-CHIMALHUAC%C3%81N-REGALAN-ALIMENTOS-E-INSUMOS-A-M%C3%89DICOS-Y-POBLADORES-edomex-abr.jpeg?resize=525%2C300&ssl=1 1.5x"},"classes":[]},{"id":48113,"url":"https:\/\/www.grieta.org.mx\/index.php\/2020\/04\/20\/guardia-nacional-y-policia-municipal-cierran-negocios-no-esenciales-en-neza-estado-de-mexico\/","url_meta":{"origin":47966,"position":1},"title":"Guardia Nacional y polic\u00eda municipal cierran negocios \u201cno esenciales\u201d en Neza (Estado de M\u00e9xico)","author":"grieta","date":"20 abril, 2020","format":false,"excerpt":"Integrantes de la Guardia Nacional y funcionarios mexiquenses participaron en el cierre de negocios en Neza. Foto: Manuel Alejandro God\u00ednez Manuel Alejandro God\u00ednez \/ Proceso NEZAHUALC\u00d3YOTL, Edomex (apro).- Ante el desacato del confinamiento, y con el mayor n\u00famero de personas contagiadas de covid-19 (146 hasta este lunes) en el Estado\u2026","rel":"","context":"En &quot;CINTILLO&quot;","block_context":{"text":"CINTILLO","link":"https:\/\/www.grieta.org.mx\/index.php\/category\/cintillo\/"},"img":{"alt_text":"","src":"https:\/\/i0.wp.com\/www.grieta.org.mx\/wp-content\/uploads\/2020\/04\/Guardia-Nacional-y-polic%C3%ADa-municipal-cierran-negocios-%E2%80%9Cno-esenciales%E2%80%9D-en-Neza-edomex-abr.jpeg?resize=350%2C200&ssl=1","width":350,"height":200,"srcset":"https:\/\/i0.wp.com\/www.grieta.org.mx\/wp-content\/uploads\/2020\/04\/Guardia-Nacional-y-polic%C3%ADa-municipal-cierran-negocios-%E2%80%9Cno-esenciales%E2%80%9D-en-Neza-edomex-abr.jpeg?resize=350%2C200&ssl=1 1x, https:\/\/i0.wp.com\/www.grieta.org.mx\/wp-content\/uploads\/2020\/04\/Guardia-Nacional-y-polic%C3%ADa-municipal-cierran-negocios-%E2%80%9Cno-esenciales%E2%80%9D-en-Neza-edomex-abr.jpeg?resize=525%2C300&ssl=1 1.5x, https:\/\/i0.wp.com\/www.grieta.org.mx\/wp-content\/uploads\/2020\/04\/Guardia-Nacional-y-polic%C3%ADa-municipal-cierran-negocios-%E2%80%9Cno-esenciales%E2%80%9D-en-Neza-edomex-abr.jpeg?resize=700%2C400&ssl=1 2x"},"classes":[]},{"id":56021,"url":"https:\/\/www.grieta.org.mx\/index.php\/2020\/12\/26\/ecatepec-toluca-y-neza-los-municipios-con-mas-quejas-por-violacion-a-derechos-humanos-estado-de-mexico\/","url_meta":{"origin":47966,"position":2},"title":"Ecatepec, Toluca y Neza, los municipios con m\u00e1s quejas por violaci\u00f3n a derechos humanos (Estado de M\u00e9xico)","author":"grieta","date":"26 diciembre, 2020","format":false,"excerpt":"Imagen tomada de: ADNoticias \"Ya es tiempo de que las autoridades municipales den un significativo paso adelante en la cultura de derechos humanos\" Esta no es la primera vez que Ecatepec, Toluca y Neza encabezan la lista con el mayor reporte de quejas; la mayor\u00eda han sido reincidentes en la\u2026","rel":"","context":"En &quot;Abuso policiaco y tortura en el Estado de M\u00e9xico&quot;","block_context":{"text":"Abuso policiaco y tortura en el Estado de M\u00e9xico","link":"https:\/\/www.grieta.org.mx\/index.php\/category\/noticias-nacionales\/estado-de-mexico\/abuso-policiaco-y-tortura-en-el-estado-de-mexico\/"},"img":{"alt_text":"","src":"https:\/\/i0.wp.com\/www.grieta.org.mx\/wp-content\/uploads\/2020\/12\/Ecatepec-Toluca-y-Neza-los-municipios-con-mas-quejas-por-violacion-a-derechos-humanos-edomex-dic.png?resize=350%2C200&ssl=1","width":350,"height":200,"srcset":"https:\/\/i0.wp.com\/www.grieta.org.mx\/wp-content\/uploads\/2020\/12\/Ecatepec-Toluca-y-Neza-los-municipios-con-mas-quejas-por-violacion-a-derechos-humanos-edomex-dic.png?resize=350%2C200&ssl=1 1x, https:\/\/i0.wp.com\/www.grieta.org.mx\/wp-content\/uploads\/2020\/12\/Ecatepec-Toluca-y-Neza-los-municipios-con-mas-quejas-por-violacion-a-derechos-humanos-edomex-dic.png?resize=525%2C300&ssl=1 1.5x, https:\/\/i0.wp.com\/www.grieta.org.mx\/wp-content\/uploads\/2020\/12\/Ecatepec-Toluca-y-Neza-los-municipios-con-mas-quejas-por-violacion-a-derechos-humanos-edomex-dic.png?resize=700%2C400&ssl=1 2x, https:\/\/i0.wp.com\/www.grieta.org.mx\/wp-content\/uploads\/2020\/12\/Ecatepec-Toluca-y-Neza-los-municipios-con-mas-quejas-por-violacion-a-derechos-humanos-edomex-dic.png?resize=1050%2C600&ssl=1 3x, https:\/\/i0.wp.com\/www.grieta.org.mx\/wp-content\/uploads\/2020\/12\/Ecatepec-Toluca-y-Neza-los-municipios-con-mas-quejas-por-violacion-a-derechos-humanos-edomex-dic.png?resize=1400%2C800&ssl=1 4x"},"classes":[]},{"id":56287,"url":"https:\/\/www.grieta.org.mx\/index.php\/2021\/01\/13\/neza-se-queda-sin-camas-hospital-provisional-no-se-utiliza-por-falta-de-medicos-y-burocracia-estado-de-mexico\/","url_meta":{"origin":47966,"position":3},"title":"Neza se queda sin camas; hospital provisional no se utiliza por falta de m\u00e9dicos y burocracia (Estado de M\u00e9xico)","author":"grieta","date":"13 enero, 2021","format":false,"excerpt":"Imagen tomada de: ADNoticias Mercedes Mart\u00ednez \/ ADNoticias Nezahualc\u00f3yotl es el segundo municipio con m\u00e1s casos de covid-19 en el Estado de M\u00e9xico. En las \u00faltimas semanas registr\u00f3 un aumento de forma exponencial en los casos de positivos Ante la saturaci\u00f3n por covid-19 en los hospitales generales Gustavo Baz Prada\u2026","rel":"","context":"En &quot;CINTILLO&quot;","block_context":{"text":"CINTILLO","link":"https:\/\/www.grieta.org.mx\/index.php\/category\/cintillo\/"},"img":{"alt_text":"","src":"https:\/\/i0.wp.com\/www.grieta.org.mx\/wp-content\/uploads\/2021\/01\/Neza-se-queda-sin-camas-hospital-provisional-no-se-utiliza-por-falta-de-medicos-y-burocracia-edomex-ene.jpg?resize=350%2C200&ssl=1","width":350,"height":200,"srcset":"https:\/\/i0.wp.com\/www.grieta.org.mx\/wp-content\/uploads\/2021\/01\/Neza-se-queda-sin-camas-hospital-provisional-no-se-utiliza-por-falta-de-medicos-y-burocracia-edomex-ene.jpg?resize=350%2C200&ssl=1 1x, https:\/\/i0.wp.com\/www.grieta.org.mx\/wp-content\/uploads\/2021\/01\/Neza-se-queda-sin-camas-hospital-provisional-no-se-utiliza-por-falta-de-medicos-y-burocracia-edomex-ene.jpg?resize=525%2C300&ssl=1 1.5x, https:\/\/i0.wp.com\/www.grieta.org.mx\/wp-content\/uploads\/2021\/01\/Neza-se-queda-sin-camas-hospital-provisional-no-se-utiliza-por-falta-de-medicos-y-burocracia-edomex-ene.jpg?resize=700%2C400&ssl=1 2x, https:\/\/i0.wp.com\/www.grieta.org.mx\/wp-content\/uploads\/2021\/01\/Neza-se-queda-sin-camas-hospital-provisional-no-se-utiliza-por-falta-de-medicos-y-burocracia-edomex-ene.jpg?resize=1050%2C600&ssl=1 3x"},"classes":[]},{"id":50823,"url":"https:\/\/www.grieta.org.mx\/index.php\/2020\/06\/09\/policias-de-neza-golpean-a-mujeres-reportadas-como-desaparecidas-estado-de-mexico\/","url_meta":{"origin":47966,"position":4},"title":"Polic\u00edas de Neza golpean a mujeres reportadas como desaparecidas (Estado de M\u00e9xico)","author":"grieta","date":"9 junio, 2020","format":false,"excerpt":"Alexis Pav\u00f3n \/ SDP Noticias Durante una detenci\u00f3n, polic\u00edas de municipales golpearon a dos mujeres que, posteriormente, fueron reportadas como desaparecidas en redes sociales. M\u00e9xico.- Un video que circula en redes sociales muestra el momento en que polic\u00edas de Nezahualc\u00f3yotl, en el Estado de M\u00e9xico (Edomex), golpean a un grupo\u2026","rel":"","context":"En &quot;Abuso policiaco y tortura en el Estado de M\u00e9xico&quot;","block_context":{"text":"Abuso policiaco y tortura en el Estado de M\u00e9xico","link":"https:\/\/www.grieta.org.mx\/index.php\/category\/noticias-nacionales\/estado-de-mexico\/abuso-policiaco-y-tortura-en-el-estado-de-mexico\/"},"img":{"alt_text":"","src":"https:\/\/i0.wp.com\/www.grieta.org.mx\/wp-content\/uploads\/2018\/03\/14524434_1106112876131411_958039263622046936_o.jpg?resize=350%2C200&ssl=1","width":350,"height":200,"srcset":"https:\/\/i0.wp.com\/www.grieta.org.mx\/wp-content\/uploads\/2018\/03\/14524434_1106112876131411_958039263622046936_o.jpg?resize=350%2C200&ssl=1 1x, https:\/\/i0.wp.com\/www.grieta.org.mx\/wp-content\/uploads\/2018\/03\/14524434_1106112876131411_958039263622046936_o.jpg?resize=525%2C300&ssl=1 1.5x, https:\/\/i0.wp.com\/www.grieta.org.mx\/wp-content\/uploads\/2018\/03\/14524434_1106112876131411_958039263622046936_o.jpg?resize=700%2C400&ssl=1 2x"},"classes":[]},{"id":48330,"url":"https:\/\/www.grieta.org.mx\/index.php\/2020\/04\/26\/hospital-la-perla-en-neza-amaga-con-sancionar-al-personal-que-se-niegue-a-trabajar-estado-de-mexico\/","url_meta":{"origin":47966,"position":5},"title":"Hospital La Perla, en Neza, amaga con sancionar al personal que se niegue a trabajar (Estado de M\u00e9xico)","author":"grieta","date":"26 abril, 2020","format":false,"excerpt":"Foto: Cuartoscuro Nayeli Rold\u00e1n \/ Animal Pol\u00edtico A trav\u00e9s de un memor\u00e1ndum el director les inform\u00f3 al personal sanitario que se habr\u00eda sanciones laborales y penales si se negaban a trabajar. El 20 de abril, m\u00e9dicos del Hospital General La Perla de Nezahualc\u00f3yotl, Estado de M\u00e9xico, recibieron un memor\u00e1ndum en\u2026","rel":"","context":"En &quot;CINTILLO&quot;","block_context":{"text":"CINTILLO","link":"https:\/\/www.grieta.org.mx\/index.php\/category\/cintillo\/"},"img":{"alt_text":"","src":"https:\/\/i0.wp.com\/www.grieta.org.mx\/wp-content\/uploads\/2020\/04\/Hospital-La-Perla-en-Neza-amaga-con-sancionar-al-personal-que-se-niegue-a-trabajar-edomex-abr.jpeg?resize=350%2C200&ssl=1","width":350,"height":200,"srcset":"https:\/\/i0.wp.com\/www.grieta.org.mx\/wp-content\/uploads\/2020\/04\/Hospital-La-Perla-en-Neza-amaga-con-sancionar-al-personal-que-se-niegue-a-trabajar-edomex-abr.jpeg?resize=350%2C200&ssl=1 1x, https:\/\/i0.wp.com\/www.grieta.org.mx\/wp-content\/uploads\/2020\/04\/Hospital-La-Perla-en-Neza-amaga-con-sancionar-al-personal-que-se-niegue-a-trabajar-edomex-abr.jpeg?resize=525%2C300&ssl=1 1.5x, https:\/\/i0.wp.com\/www.grieta.org.mx\/wp-content\/uploads\/2020\/04\/Hospital-La-Perla-en-Neza-amaga-con-sancionar-al-personal-que-se-niegue-a-trabajar-edomex-abr.jpeg?resize=700%2C400&ssl=1 2x, https:\/\/i0.wp.com\/www.grieta.org.mx\/wp-content\/uploads\/2020\/04\/Hospital-La-Perla-en-Neza-amaga-con-sancionar-al-personal-que-se-niegue-a-trabajar-edomex-abr.jpeg?resize=1050%2C600&ssl=1 3x, https:\/\/i0.wp.com\/www.grieta.org.mx\/wp-content\/uploads\/2020\/04\/Hospital-La-Perla-en-Neza-amaga-con-sancionar-al-personal-que-se-niegue-a-trabajar-edomex-abr.jpeg?resize=1400%2C800&ssl=1 4x"},"classes":[]}],"_links":{"self":[{"href":"https:\/\/www.grieta.org.mx\/index.php\/wp-json\/wp\/v2\/posts\/47966","targetHints":{"allow":["GET"]}}],"collection":[{"href":"https:\/\/www.grieta.org.mx\/index.php\/wp-json\/wp\/v2\/posts"}],"about":[{"href":"https:\/\/www.grieta.org.mx\/index.php\/wp-json\/wp\/v2\/types\/post"}],"author":[{"embeddable":true,"href":"https:\/\/www.grieta.org.mx\/index.php\/wp-json\/wp\/v2\/users\/2"}],"replies":[{"embeddable":true,"href":"https:\/\/www.grieta.org.mx\/index.php\/wp-json\/wp\/v2\/comments?post=47966"}],"version-history":[{"count":1,"href":"https:\/\/www.grieta.org.mx\/index.php\/wp-json\/wp\/v2\/posts\/47966\/revisions"}],"predecessor-version":[{"id":47968,"href":"https:\/\/www.grieta.org.mx\/index.php\/wp-json\/wp\/v2\/posts\/47966\/revisions\/47968"}],"wp:featuredmedia":[{"embeddable":true,"href":"https:\/\/www.grieta.org.mx\/index.php\/wp-json\/wp\/v2\/media\/47967"}],"wp:attachment":[{"href":"https:\/\/www.grieta.org.mx\/index.php\/wp-json\/wp\/v2\/media?parent=47966"}],"wp:term":[{"taxonomy":"category","embeddable":true,"href":"https:\/\/www.grieta.org.mx\/index.php\/wp-json\/wp\/v2\/categories?post=47966"},{"taxonomy":"post_tag","embeddable":true,"href":"https:\/\/www.grieta.org.mx\/index.php\/wp-json\/wp\/v2\/tags?post=47966"}],"curies":[{"name":"wp","href":"https:\/\/api.w.org\/{rel}","templated":true}]}}