{"id":47936,"date":"2020-04-16T13:40:18","date_gmt":"2020-04-16T18:40:18","guid":{"rendered":"http:\/\/www.grieta.org.mx\/?p=47936"},"modified":"2020-04-18T13:46:52","modified_gmt":"2020-04-18T18:46:52","slug":"despidos-impago-o-reduccion-de-salario-120-mil-colimenses-en-incertidumbre-laboral-colima","status":"publish","type":"post","link":"https:\/\/www.grieta.org.mx\/index.php\/2020\/04\/16\/despidos-impago-o-reduccion-de-salario-120-mil-colimenses-en-incertidumbre-laboral-colima\/","title":{"rendered":"Despidos, impago o reducci\u00f3n de salario; 120 mil colimenses en incertidumbre laboral (Colima)"},"content":{"rendered":"<p><img loading=\"lazy\" decoding=\"async\" data-attachment-id=\"47937\" data-permalink=\"https:\/\/www.grieta.org.mx\/index.php\/2020\/04\/16\/despidos-impago-o-reduccion-de-salario-120-mil-colimenses-en-incertidumbre-laboral-colima\/93867421_1293082597568319_2675660884767932416_n\/\" data-orig-file=\"https:\/\/www.grieta.org.mx\/wp-content\/uploads\/2020\/04\/93867421_1293082597568319_2675660884767932416_n.jpg\" data-orig-size=\"802,801\" data-comments-opened=\"0\" data-image-meta=\"{&quot;aperture&quot;:&quot;0&quot;,&quot;credit&quot;:&quot;&quot;,&quot;camera&quot;:&quot;&quot;,&quot;caption&quot;:&quot;&quot;,&quot;created_timestamp&quot;:&quot;0&quot;,&quot;copyright&quot;:&quot;&quot;,&quot;focal_length&quot;:&quot;0&quot;,&quot;iso&quot;:&quot;0&quot;,&quot;shutter_speed&quot;:&quot;0&quot;,&quot;title&quot;:&quot;&quot;,&quot;orientation&quot;:&quot;0&quot;}\" data-image-title=\"93867421_1293082597568319_2675660884767932416_n\" data-image-description=\"\" data-image-caption=\"\" data-medium-file=\"https:\/\/www.grieta.org.mx\/wp-content\/uploads\/2020\/04\/93867421_1293082597568319_2675660884767932416_n-300x300.jpg\" data-large-file=\"https:\/\/www.grieta.org.mx\/wp-content\/uploads\/2020\/04\/93867421_1293082597568319_2675660884767932416_n.jpg\" class=\"aligncenter wp-image-47937\" src=\"http:\/\/www.grieta.org.mx\/wp-content\/uploads\/2020\/04\/93867421_1293082597568319_2675660884767932416_n.jpg\" alt=\"\" width=\"799\" height=\"799\" srcset=\"https:\/\/www.grieta.org.mx\/wp-content\/uploads\/2020\/04\/93867421_1293082597568319_2675660884767932416_n.jpg 802w, https:\/\/www.grieta.org.mx\/wp-content\/uploads\/2020\/04\/93867421_1293082597568319_2675660884767932416_n-150x150.jpg 150w, https:\/\/www.grieta.org.mx\/wp-content\/uploads\/2020\/04\/93867421_1293082597568319_2675660884767932416_n-300x300.jpg 300w, https:\/\/www.grieta.org.mx\/wp-content\/uploads\/2020\/04\/93867421_1293082597568319_2675660884767932416_n-768x767.jpg 768w, https:\/\/www.grieta.org.mx\/wp-content\/uploads\/2020\/04\/93867421_1293082597568319_2675660884767932416_n-130x130.jpg 130w, https:\/\/www.grieta.org.mx\/wp-content\/uploads\/2020\/04\/93867421_1293082597568319_2675660884767932416_n-501x500.jpg 501w\" sizes=\"auto, (max-width: 799px) 100vw, 799px\" \/><\/p>\n<p>Imagen: Diario Avanzada<\/p>\n<p>Redacci\u00f3n \/ Diario Avanzada<\/p>\n<p>Colima, M\u00e9xico, Avanzada (16\/04\/2020).- \u00a0M\u00e1s de 120 mil trabajadores en Colima, que pertenecen al sector comercial y actividades financieras, enfrentan complicaciones econ\u00f3micas\u00a0 delicadas por \u00a0despidos, la falta de salarios o la reducci\u00f3n de los mismo, \u00a0a partir de la emergencia sanitaria decretada para frenar los contagios de COVID-19.<\/p>\n<p>Las principales afectaciones econ\u00f3micas en la entidad se registran en el sector comercial y de servicio, donde se ubican los restauranteros y hoteleros, quienes reportan p\u00e9rdidas de hasta el 90 por ciento, desde el pasado mes de marzo, cuando en Colima, el gobierno estatal decret\u00f3 el aislamiento social.<\/p>\n<p>De acuerdo al Censo Econ\u00f3mico 2019, realizado por el Instituto Nacional de Geograf\u00eda y Estad\u00edstica (INEGI), en Colima existen 42 mil 691 establecimientos comerciales que ofertan mercanc\u00edas, prestan servicios y producen bienes.<\/p>\n<p>Solamente el sector comercio, uno de los m\u00e1s afectados por el cierre de actividades, agrupa 13 mil 194 establecimientos, empleando a 51 mil 846 personas.<\/p>\n<p>En tanto que los servicios privados no financieros (considerados como actividades no esenciales) \u00a0acumulan 15 mil 195 establecimientos, con 71 mil 124 personas empleadas; mientras que en el resto de las actividades econ\u00f3micas se registraron mil 398 establecimientos, con 34 mil 323 personas.<\/p>\n<p>El Censo Econ\u00f3mico 2019 detalla que los m\u00e1s de 42 mil establecimientos comerciales en la entidad, emplean a 251 mil personas aproximadamente. De ese total, 137 mil 742 son hombres y 113 mil 500 son mujeres.<\/p>\n<p><a href=\"https:\/\/www.diarioavanzada.com.mx\/?p=11892\">https:\/\/www.diarioavanzada.com.mx\/?p=11892<\/a><\/p>\n","protected":false},"excerpt":{"rendered":"<p>Imagen: Diario Avanzada Redacci\u00f3n \/ Diario Avanzada Colima, M\u00e9xico, Avanzada (16\/04\/2020).- \u00a0M\u00e1s de 120 mil trabajadores en Colima, que pertenecen al sector comercial y actividades financieras, enfrentan complicaciones econ\u00f3micas\u00a0 delicadas &hellip; <a href=\"https:\/\/www.grieta.org.mx\/index.php\/2020\/04\/16\/despidos-impago-o-reduccion-de-salario-120-mil-colimenses-en-incertidumbre-laboral-colima\/\" class=\"more-link\">Leer m\u00e1s<\/a><\/p>\n","protected":false},"author":2,"featured_media":47937,"comment_status":"closed","ping_status":"closed","sticky":false,"template":"","format":"standard","meta":{"ngg_post_thumbnail":0,"_jetpack_newsletter_access":"","_jetpack_dont_email_post_to_subs":false,"_jetpack_newsletter_tier_id":0,"_jetpack_memberships_contains_paywalled_content":false,"_jetpack_memberships_contains_paid_content":false,"footnotes":""},"categories":[80,13,3286,910,2192,2,83],"tags":[113,3241,2841],"class_list":["post-47936","post","type-post","status-publish","format-standard","has-post-thumbnail","hentry","category-cintillo","category-colima","category-covid-19-en-colima","category-explotacion-y-precariedad-laboral","category-explotacion-y-precariedad-laboral-en-colima","category-noticias-nacionales","category-temas-nacionales","tag-conflictos-laborales","tag-covid-19","tag-explotacion-y-precariedad-laboral","entry"],"jetpack_featured_media_url":"https:\/\/www.grieta.org.mx\/wp-content\/uploads\/2020\/04\/93867421_1293082597568319_2675660884767932416_n.jpg","jetpack_sharing_enabled":true,"jetpack_shortlink":"https:\/\/wp.me\/p7ZJR4-cta","jetpack_likes_enabled":false,"jetpack-related-posts":[{"id":47180,"url":"https:\/\/www.grieta.org.mx\/index.php\/2020\/04\/01\/233-mil-colimenses-viven-al-dia-no-pueden-parar-colima\/","url_meta":{"origin":47936,"position":0},"title":"233 mil colimenses \u201cviven al d\u00eda\u201d, no pueden parar (Colima)","author":"grieta","date":"1 abril, 2020","format":false,"excerpt":"Foto: Diario Avanzada Heidi de Le\u00f3n Gutierrez \/ Diario Avanazada Colima, M\u00e9xico, Avanzada (01\/04\/2020).- Las medidas de aislamiento social decretadas para \u00a0frenar el contagio del Covid-19 en Colima no s\u00f3lo est\u00e1n afectando gravemente a los restauranteros y trabajadores del sector tur\u00edstico, tambi\u00e9n a 233 mil colimenses que se encuentran en\u2026","rel":"","context":"En &quot;CINTILLO&quot;","block_context":{"text":"CINTILLO","link":"https:\/\/www.grieta.org.mx\/index.php\/category\/cintillo\/"},"img":{"alt_text":"","src":"https:\/\/i0.wp.com\/www.grieta.org.mx\/wp-content\/uploads\/2020\/04\/Colima-tierra-de-pobres.png?resize=350%2C200&ssl=1","width":350,"height":200,"srcset":"https:\/\/i0.wp.com\/www.grieta.org.mx\/wp-content\/uploads\/2020\/04\/Colima-tierra-de-pobres.png?resize=350%2C200&ssl=1 1x, https:\/\/i0.wp.com\/www.grieta.org.mx\/wp-content\/uploads\/2020\/04\/Colima-tierra-de-pobres.png?resize=525%2C300&ssl=1 1.5x, https:\/\/i0.wp.com\/www.grieta.org.mx\/wp-content\/uploads\/2020\/04\/Colima-tierra-de-pobres.png?resize=700%2C400&ssl=1 2x"},"classes":[]},{"id":46893,"url":"https:\/\/www.grieta.org.mx\/index.php\/2020\/03\/26\/172-mil-trabajadores-en-colima-sufren-pobreza-laboral\/","url_meta":{"origin":47936,"position":1},"title":"172 mil trabajadores en Colima sufren pobreza laboral","author":"grieta","date":"26 marzo, 2020","format":false,"excerpt":"Foto: Diario Avanzada Heidi de Le\u00f3n Guti\u00e9rrez \/ Diario Avanzada Colima, M\u00e9xico, Avanzada (26\/03\/2020).- En Colima, el 23 por ciento de la poblaci\u00f3n registra un ingreso laboral inferior al costo de la canasta b\u00e1sica, seg\u00fan la medici\u00f3n realizada por el Consejo Nacional de Evaluaci\u00f3n (Coneval), durante el cuarto trimestre de\u2026","rel":"","context":"En &quot;CINTILLO&quot;","block_context":{"text":"CINTILLO","link":"https:\/\/www.grieta.org.mx\/index.php\/category\/cintillo\/"},"img":{"alt_text":"","src":"https:\/\/i0.wp.com\/www.grieta.org.mx\/wp-content\/uploads\/2020\/03\/Colima-tierra-de-pobres.png?resize=350%2C200&ssl=1","width":350,"height":200,"srcset":"https:\/\/i0.wp.com\/www.grieta.org.mx\/wp-content\/uploads\/2020\/03\/Colima-tierra-de-pobres.png?resize=350%2C200&ssl=1 1x, https:\/\/i0.wp.com\/www.grieta.org.mx\/wp-content\/uploads\/2020\/03\/Colima-tierra-de-pobres.png?resize=525%2C300&ssl=1 1.5x, https:\/\/i0.wp.com\/www.grieta.org.mx\/wp-content\/uploads\/2020\/03\/Colima-tierra-de-pobres.png?resize=700%2C400&ssl=1 2x"},"classes":[]},{"id":68876,"url":"https:\/\/www.grieta.org.mx\/index.php\/2024\/05\/08\/trabajadores-cada-vez-mas-pobres-colima\/","url_meta":{"origin":47936,"position":2},"title":"Trabajadores, cada vez m\u00e1s pobres (Colima)","author":"grieta","date":"8 mayo, 2024","format":false,"excerpt":"Imagen: Ilustrativa, Diario Avanzada Heidi de Le\u00f3n Guti\u00e9rrez \/ Diario Avanzada Colima, M\u00e9xico, Avanzada (08\/05\/2024).- En Colima, cada vez se complican m\u00e1s las cosas para la poblaci\u00f3n econ\u00f3micamente activa: no solo padecen la falta de trabajos diversificados, tambi\u00e9n la falta de salarios que permitan cubrir las necesidades b\u00e1sicas. En el\u2026","rel":"","context":"En &quot;CINTILLO&quot;","block_context":{"text":"CINTILLO","link":"https:\/\/www.grieta.org.mx\/index.php\/category\/cintillo\/"},"img":{"alt_text":"","src":"https:\/\/i0.wp.com\/www.grieta.org.mx\/wp-content\/uploads\/2024\/05\/img_8814-1.jpg?resize=350%2C200&ssl=1","width":350,"height":200,"srcset":"https:\/\/i0.wp.com\/www.grieta.org.mx\/wp-content\/uploads\/2024\/05\/img_8814-1.jpg?resize=350%2C200&ssl=1 1x, https:\/\/i0.wp.com\/www.grieta.org.mx\/wp-content\/uploads\/2024\/05\/img_8814-1.jpg?resize=525%2C300&ssl=1 1.5x, https:\/\/i0.wp.com\/www.grieta.org.mx\/wp-content\/uploads\/2024\/05\/img_8814-1.jpg?resize=700%2C400&ssl=1 2x, https:\/\/i0.wp.com\/www.grieta.org.mx\/wp-content\/uploads\/2024\/05\/img_8814-1.jpg?resize=1050%2C600&ssl=1 3x, https:\/\/i0.wp.com\/www.grieta.org.mx\/wp-content\/uploads\/2024\/05\/img_8814-1.jpg?resize=1400%2C800&ssl=1 4x"},"classes":[]},{"id":48860,"url":"https:\/\/www.grieta.org.mx\/index.php\/2020\/05\/05\/dejenos-trabajar-piden-comerciantes-de-colima-y-villa-de-alvarez-colima\/","url_meta":{"origin":47936,"position":3},"title":"\u00a1D\u00e9jenos trabajar\u00a1 Piden comerciantes de Colima y Villa de \u00c1lvarez (Colima)","author":"grieta","date":"5 mayo, 2020","format":false,"excerpt":"Imagen: Diario Avanzada Heidi de Le\u00f3n Guti\u00e9rrez \/ Diario Avanzada Colima, M\u00e9xico, Avanzada (05\/05\/2020).- Comerciantes de Colima y Villa de \u00c1lvarez solicitaron a las autoridades municipales que les permitan trabajar, de lo contrario, cerca de 4 mil familias est\u00e1n en riesgo de quedarse sin alimentos por la falta de recursos\u2026","rel":"","context":"En &quot;CINTILLO&quot;","block_context":{"text":"CINTILLO","link":"https:\/\/www.grieta.org.mx\/index.php\/category\/cintillo\/"},"img":{"alt_text":"","src":"https:\/\/i0.wp.com\/www.grieta.org.mx\/wp-content\/uploads\/2020\/05\/95489083_660661857826242_7604457700302258176_n.jpg?resize=350%2C200&ssl=1","width":350,"height":200,"srcset":"https:\/\/i0.wp.com\/www.grieta.org.mx\/wp-content\/uploads\/2020\/05\/95489083_660661857826242_7604457700302258176_n.jpg?resize=350%2C200&ssl=1 1x, https:\/\/i0.wp.com\/www.grieta.org.mx\/wp-content\/uploads\/2020\/05\/95489083_660661857826242_7604457700302258176_n.jpg?resize=525%2C300&ssl=1 1.5x, https:\/\/i0.wp.com\/www.grieta.org.mx\/wp-content\/uploads\/2020\/05\/95489083_660661857826242_7604457700302258176_n.jpg?resize=700%2C400&ssl=1 2x, https:\/\/i0.wp.com\/www.grieta.org.mx\/wp-content\/uploads\/2020\/05\/95489083_660661857826242_7604457700302258176_n.jpg?resize=1050%2C600&ssl=1 3x"},"classes":[]},{"id":66653,"url":"https:\/\/www.grieta.org.mx\/index.php\/2023\/03\/12\/incrementa-el-desempleo-en-colima\/","url_meta":{"origin":47936,"position":4},"title":"Incrementa el desempleo en Colima","author":"grieta","date":"12 marzo, 2023","format":false,"excerpt":"Imagen: Diario Avanzada Heidi de Le\u00f3n Guti\u00e9rrez \/ Diario Avanzada Colima, M\u00e9xico, Avanzada (12\/03\/2023).- La Encuesta Nacional de Ocupaci\u00f3n y Empleo (ENOE) correspondiente al cuarto trimestre de 2022 revel\u00f3 que en Colima cayeron los principales indicadores de empleo. Lo anterior al disminuirse la Poblaci\u00f3n Econ\u00f3micamente Activa (PEA) y la Poblaci\u00f3n\u2026","rel":"","context":"En &quot;CINTILLO&quot;","block_context":{"text":"CINTILLO","link":"https:\/\/www.grieta.org.mx\/index.php\/category\/cintillo\/"},"img":{"alt_text":"","src":"https:\/\/i0.wp.com\/www.grieta.org.mx\/wp-content\/uploads\/2023\/03\/image-73.png?resize=350%2C200&ssl=1","width":350,"height":200,"srcset":"https:\/\/i0.wp.com\/www.grieta.org.mx\/wp-content\/uploads\/2023\/03\/image-73.png?resize=350%2C200&ssl=1 1x, https:\/\/i0.wp.com\/www.grieta.org.mx\/wp-content\/uploads\/2023\/03\/image-73.png?resize=525%2C300&ssl=1 1.5x"},"classes":[]},{"id":59557,"url":"https:\/\/www.grieta.org.mx\/index.php\/2021\/05\/19\/once-mil-colimenses-desempleados-buscan-trabajo-colima\/","url_meta":{"origin":47936,"position":5},"title":"Once mil colimenses desempleados buscan trabajo (Colima)","author":"grieta","date":"19 mayo, 2021","format":false,"excerpt":"Imagen: Diario Avanzada Heidi de Le\u00f3n Guti\u00e9rrez \/ Diario Avanzada Colima, M\u00e9xico, Avanzada (19\/05\/2021).- En el primer trimestre del a\u00f1o, se perdieron 6 mil 700 empleos, en comparaci\u00f3n con el mismo per\u00edodo de 2020, seg\u00fan los datos mas recientes de la Encuesta Nacional de Ocupaci\u00f3n y Empleo (ENOE). La misma\u2026","rel":"","context":"En &quot;CINTILLO&quot;","block_context":{"text":"CINTILLO","link":"https:\/\/www.grieta.org.mx\/index.php\/category\/cintillo\/"},"img":{"alt_text":"","src":"https:\/\/i0.wp.com\/www.grieta.org.mx\/wp-content\/uploads\/2021\/05\/moneda-e1621892718944.png?resize=350%2C200&ssl=1","width":350,"height":200,"srcset":"https:\/\/i0.wp.com\/www.grieta.org.mx\/wp-content\/uploads\/2021\/05\/moneda-e1621892718944.png?resize=350%2C200&ssl=1 1x, https:\/\/i0.wp.com\/www.grieta.org.mx\/wp-content\/uploads\/2021\/05\/moneda-e1621892718944.png?resize=525%2C300&ssl=1 1.5x"},"classes":[]}],"_links":{"self":[{"href":"https:\/\/www.grieta.org.mx\/index.php\/wp-json\/wp\/v2\/posts\/47936","targetHints":{"allow":["GET"]}}],"collection":[{"href":"https:\/\/www.grieta.org.mx\/index.php\/wp-json\/wp\/v2\/posts"}],"about":[{"href":"https:\/\/www.grieta.org.mx\/index.php\/wp-json\/wp\/v2\/types\/post"}],"author":[{"embeddable":true,"href":"https:\/\/www.grieta.org.mx\/index.php\/wp-json\/wp\/v2\/users\/2"}],"replies":[{"embeddable":true,"href":"https:\/\/www.grieta.org.mx\/index.php\/wp-json\/wp\/v2\/comments?post=47936"}],"version-history":[{"count":1,"href":"https:\/\/www.grieta.org.mx\/index.php\/wp-json\/wp\/v2\/posts\/47936\/revisions"}],"predecessor-version":[{"id":47938,"href":"https:\/\/www.grieta.org.mx\/index.php\/wp-json\/wp\/v2\/posts\/47936\/revisions\/47938"}],"wp:featuredmedia":[{"embeddable":true,"href":"https:\/\/www.grieta.org.mx\/index.php\/wp-json\/wp\/v2\/media\/47937"}],"wp:attachment":[{"href":"https:\/\/www.grieta.org.mx\/index.php\/wp-json\/wp\/v2\/media?parent=47936"}],"wp:term":[{"taxonomy":"category","embeddable":true,"href":"https:\/\/www.grieta.org.mx\/index.php\/wp-json\/wp\/v2\/categories?post=47936"},{"taxonomy":"post_tag","embeddable":true,"href":"https:\/\/www.grieta.org.mx\/index.php\/wp-json\/wp\/v2\/tags?post=47936"}],"curies":[{"name":"wp","href":"https:\/\/api.w.org\/{rel}","templated":true}]}}