{"id":47886,"date":"2020-04-15T09:24:10","date_gmt":"2020-04-15T14:24:10","guid":{"rendered":"http:\/\/www.grieta.org.mx\/?p=47886"},"modified":"2020-04-17T00:28:12","modified_gmt":"2020-04-17T05:28:12","slug":"desaparicion-de-20-kits-de-materiales-de-covid-19-confronta-a-murat-y-sindicalizados-de-salud-oaxaca","status":"publish","type":"post","link":"https:\/\/www.grieta.org.mx\/index.php\/2020\/04\/15\/desaparicion-de-20-kits-de-materiales-de-covid-19-confronta-a-murat-y-sindicalizados-de-salud-oaxaca\/","title":{"rendered":"Desaparici\u00f3n de 20 kits de materiales de Covid-19 confronta a Murat y sindicalizados de Salud (Oaxaca)"},"content":{"rendered":"<p>P\u00e1gina 3 \/ Pedro Mat\u00edas.<\/p>\n<p><img loading=\"lazy\" decoding=\"async\" data-attachment-id=\"47887\" data-permalink=\"https:\/\/www.grieta.org.mx\/index.php\/2020\/04\/15\/desaparicion-de-20-kits-de-materiales-de-covid-19-confronta-a-murat-y-sindicalizados-de-salud-oaxaca\/2-52\/\" data-orig-file=\"https:\/\/www.grieta.org.mx\/wp-content\/uploads\/2020\/04\/2-1.jpg\" data-orig-size=\"696,348\" data-comments-opened=\"0\" data-image-meta=\"{&quot;aperture&quot;:&quot;0&quot;,&quot;credit&quot;:&quot;&quot;,&quot;camera&quot;:&quot;&quot;,&quot;caption&quot;:&quot;&quot;,&quot;created_timestamp&quot;:&quot;0&quot;,&quot;copyright&quot;:&quot;&quot;,&quot;focal_length&quot;:&quot;0&quot;,&quot;iso&quot;:&quot;0&quot;,&quot;shutter_speed&quot;:&quot;0&quot;,&quot;title&quot;:&quot;&quot;,&quot;orientation&quot;:&quot;0&quot;}\" data-image-title=\"2\" data-image-description=\"\" data-image-caption=\"\" data-medium-file=\"https:\/\/www.grieta.org.mx\/wp-content\/uploads\/2020\/04\/2-1-300x150.jpg\" data-large-file=\"https:\/\/www.grieta.org.mx\/wp-content\/uploads\/2020\/04\/2-1.jpg\" class=\"aligncenter wp-image-47887\" src=\"http:\/\/www.grieta.org.mx\/wp-content\/uploads\/2020\/04\/2-1.jpg\" alt=\"\" width=\"800\" height=\"400\" srcset=\"https:\/\/www.grieta.org.mx\/wp-content\/uploads\/2020\/04\/2-1.jpg 696w, https:\/\/www.grieta.org.mx\/wp-content\/uploads\/2020\/04\/2-1-300x150.jpg 300w\" sizes=\"auto, (max-width: 800px) 100vw, 800px\" \/><\/p>\n<p>*Murat afirma que hay denuncia ante FGO y FGR por el robo de equipo de coronavirus<\/p>\n<p>*Sindicato alega campa\u00f1a de \u201clinchamiento social\u201d para rehuir a sus obligaciones<\/p>\n<p>*Trabajadores del Hospital Civil advierten que se reservan su derecho a manifestarse<\/p>\n<p>OAXACA, Oax.- En plena pandemia del coronavirus, el gobernador Alejandro Murat Hinojosa y trabajadores sindicalizados de Salud se enfrentan por el supuesto robo de 20 kits de materiales de protecci\u00f3n contra Covid-19 en el Hospital Civil \u201cAurelio Valdivieso\u201d.<\/p>\n<p>Murat Hinojosa sostiene que ya se present\u00f3 la denuncia del robo de 20 equipos de Covid-19 ante la Fiscal\u00eda General de Oaxaca aunque no dio el n\u00famero de la carpeta de investigaci\u00f3n.<\/p>\n<p>De igual forma, afirma que la Fiscal\u00eda General de la Rep\u00fablica (FGR) tambi\u00e9n ya tiene conocimiento de la sustracci\u00f3n de siete ventiladores en el Instituto Mexicano del Seguro Social (IMSS) donde tampoco da n\u00famero de expediente.<\/p>\n<p>Por su parte, el director del Hospital General \u201cAurelio Valdivieso\u201d, Ernesto Garz\u00f3n S\u00e1nchez, calific\u00f3 la declaraci\u00f3n del gobernador como \u201ctotalmente falsa y sin sustento ya que hasta el momento no se ha efectuado robo alguno de equipo m\u00e9dico en ninguno de los servicios hospitalarios, por lo tanto, desconocemos el origen de esta informaci\u00f3n\u201d.<\/p>\n<p>\u201cCabe mencionar que el personal del \u00e1rea de Epidemiolog\u00eda, enfermer\u00eda y las propias autoridades del Hospital llevamos un estricto control de la entradas y salidas del hospital y no se han detectado anomal\u00edas, por lo tanto elevamos nuestra m\u00e1s en\u00e9rgica protesta por estas declaraciones que ponen en entredicho la honorabilidad de los trabajadores de este Centro Hospitalario\u201d, puntualiz\u00f3.<\/p>\n<p>Y advirti\u00f3 \u201cque la base trabajadora se siente ofendida manifestando que se reservan su derecho a manifestarse en contra de estas irresponsables aseveraciones m\u00e1xime cuando supuestamente son vertidas por la m\u00e1xima autoridad de nuestro estado\u201d.<\/p>\n<p>Sin embargo, dijo, \u201cestamos abiertos a que se realicen las investigaciones pertinentes y en caso de que se detecte alguna anomal\u00eda o il\u00edcito por parte del personal o alguna autoridad se actu\u00e9 con todo el peso de la ley ya que como autoridades hospitalarias no toleraremos cualquier hecho que atente o lesione o afecte la atenci\u00f3n medica de la sociedad en general\u201d.<\/p>\n<p>Mientras el Secretario General de la Subsecci\u00f3n 07 de la Secci\u00f3n 35 del Sindicato Nacional de Trabajadores de la Secretar\u00eda de Salud en el Hospital Civil \u201cAurelio Valdivieso, Alberto V\u00e1squez San Germ\u00e1n calific\u00f3 de irresponsable al gobernador por \u201cencabezar una campa\u00f1a de difamaci\u00f3n y linchamiento social en contra de los trabajadores de la salud, sean de cualquier instituci\u00f3n\u201d.<\/p>\n<p>\u201cNuestra primera impresi\u00f3n es que quiz\u00e1, con campa\u00f1as medi\u00e1ticas burdas, se pretenda rehuir las obligaciones y responsabilidades constitucionales que el Estado tiene con el pueblo, y ahora se les pretenda adosar a los trabajadores con campa\u00f1as de denostaci\u00f3n\u201d, puntualizaron sin dejar de exigir que el gobernador emita una disculpa p\u00fablica.<\/p>\n<p>Por tal raz\u00f3n exigieron \u201cal gobierno del estado, que de inmediato aclare esta situaci\u00f3n, que en nada contribuye al combate de esta pandemia y s\u00ed, ofende a los que somos la primera l\u00ednea de defensa ante la propagaci\u00f3n de esta enfermedad\u201d.<\/p>\n<p>En un comunicado, Murat Hinojosa dio a conocer que a trav\u00e9s de los Servicios de Salud de Oaxaca (SSO) se han realizado la denuncia ante la Fiscal\u00eda General del Estado, por la sustracci\u00f3n de materiales de protecci\u00f3n personal para m\u00e9dicos y enfermeras en el Hospital General \u201cDoctor Aurelio Valdivieso\u201d, a fin de que inicie los procedimientos legales conducentes y se investigue a quien o quienes resulten responsables.<\/p>\n<p>Consider\u00f3 que para el gobierno del estado es de suma gravedad la desaparici\u00f3n, p\u00e9rdida o sustracci\u00f3n ilegal de estos materiales, toda vez que impide que el cuerpo m\u00e9dico y de enfermer\u00eda, cuente con las herramientas fundamentales para brindar la atenci\u00f3n que se requiere ante la presencia de coronavirus, que hasta este lunes ha registrado 44 pacientes positivos, 57 sospechosos y cinco personas fallecidas.<\/p>\n<p>Murat Hinojosa pidi\u00f3 a la sociedad oaxaque\u00f1a, ser vigilante ante este tipo de situaciones, toda vez que Oaxaca est\u00e1 atravesando una pandemia que requiere ser enfrentada con todos los instrumentos que tiene el estado de Oaxaca, y estos equipos permiten al personal m\u00e9dico cuidar y atender de los pacientes con COVID-19, y proteger su vida y la de sus familias.<\/p>\n<p>\u201cHoy m\u00e1s que nunca debemos entender que todos dependemos de todos y que si cada uno realiza lo que le corresponde de manera adecuada, todos estaremos m\u00e1s seguros, porque de lo que se trata es enfrentar al enemigo como este COVID-19, que no tiene distingo de partidos, clases, raza\u201d, a\u00f1adi\u00f3.<\/p>\n<p>De igual forma, dijo que la Secretar\u00eda de la Contralor\u00eda y Transparencia Gubernamental tambi\u00e9n proceder\u00e1 a realizar las investigaciones correspondientes, y se sancionar\u00e1 con todo el peso de la ley a quien o quienes resulten responsables por la sustracci\u00f3n ilegal de este material que atenta gravemente contra la ciudadan\u00eda.<\/p>\n<p>\u201cAh\u00ed no podemos titubear, hoy lo que est\u00e1 en juego es la vida de las y los oaxaque\u00f1os; pero sobretodo la del personal m\u00e9dico, y mi obligaci\u00f3n como gobernador es que ellos cuenten con todos los equipos de protecci\u00f3n adecuados\u201d, dijo.<\/p>\n<p>Cabe destacar que este lunes, despu\u00e9s de un exhaustivo recorrido de supervisi\u00f3n al interior del Hospital General \u201cDoctor Aurelio Valdivieso\u201d, personal de los SSO hallaron 75 monitores y ventiladores instalados para atender a pacientes de COVID-19 que requieran hospitalizaci\u00f3n.<\/p>\n<p>No obstante, se contin\u00faa en la b\u00fasqueda y la contabilizaci\u00f3n de los m\u00e1s de 150 equipos de protecci\u00f3n. Hasta el momento los faltantes consisten en 20 cubrebocas N95; 20 cubrebocas tricapa; 20 gafas m\u00e9dicas de seguridad o goggles; 20 pares guantes; 20 batas de protecci\u00f3n y un equipo de transporte de muestras.<\/p>\n<p><a href=\"https:\/\/pagina3.mx\/2020\/04\/desaparicion-de-20-kits-de-materiales-de-covid-19-confronta-a-murat-y-sindicalizados-de-salud\/\" target=\"_blank\" rel=\"noopener noreferrer\">https:\/\/pagina3.mx\/2020\/04\/desaparicion-de-20-kits-de-materiales-de-covid-19-confronta-a-murat-y-sindicalizados-de-salud\/<\/a><\/p>\n","protected":false},"excerpt":{"rendered":"<p>P\u00e1gina 3 \/ Pedro Mat\u00edas. *Murat afirma que hay denuncia ante FGO y FGR por el robo de equipo de coronavirus *Sindicato alega campa\u00f1a de \u201clinchamiento social\u201d para rehuir a &hellip; <a href=\"https:\/\/www.grieta.org.mx\/index.php\/2020\/04\/15\/desaparicion-de-20-kits-de-materiales-de-covid-19-confronta-a-murat-y-sindicalizados-de-salud-oaxaca\/\" class=\"more-link\">Leer m\u00e1s<\/a><\/p>\n","protected":false},"author":2,"featured_media":21928,"comment_status":"closed","ping_status":"closed","sticky":false,"template":"","format":"standard","meta":{"ngg_post_thumbnail":0,"_jetpack_newsletter_access":"","_jetpack_dont_email_post_to_subs":false,"_jetpack_newsletter_tier_id":0,"_jetpack_memberships_contains_paywalled_content":false,"_jetpack_memberships_contains_paid_content":false,"footnotes":""},"categories":[80,3262,1728,2,25,1500],"tags":[],"class_list":["post-47886","post","type-post","status-publish","format-standard","has-post-thumbnail","hentry","category-cintillo","category-crisis-covid-19-en-oaxaca","category-crisis-del-sector-salud-en-oaxaca","category-noticias-nacionales","category-oaxaca","category-saqueo-de-recursos-publicos-en-oaxaca","entry"],"jetpack_featured_media_url":"https:\/\/www.grieta.org.mx\/wp-content\/uploads\/2018\/03\/14524434_1106112876131411_958039263622046936_o.jpg","jetpack_sharing_enabled":true,"jetpack_shortlink":"https:\/\/wp.me\/p7ZJR4-csm","jetpack_likes_enabled":false,"jetpack-related-posts":[{"id":48507,"url":"https:\/\/www.grieta.org.mx\/index.php\/2020\/05\/03\/personal-de-hospital-civil-se-rebela-contra-el-gobernador-de-oaxaca\/","url_meta":{"origin":47886,"position":0},"title":"Personal de Hospital Civil se rebela contra el gobernador de Oaxaca","author":"grieta","date":"3 mayo, 2020","format":false,"excerpt":"Proceso \/ Pedro Mat\u00edas. El Hospital Civil \u201cAurelio Valdivieso\u201d. Foto: NVI OAXACA, Oax. (proceso.com.mx).\u2013 Personal m\u00e9dico del Hospital Civil Aurelio Valdivieso se rebel\u00f3 contra la orden del gobernador, Alejandro Murat Hinojosa, de cambiar al director del nosocomio, Ernesto Garz\u00f3n S\u00e1nchez, en supuesta venganza por desmentirlo al negar el robo de\u2026","rel":"","context":"En &quot;CINTILLO&quot;","block_context":{"text":"CINTILLO","link":"https:\/\/www.grieta.org.mx\/index.php\/category\/cintillo\/"},"img":{"alt_text":"","src":"https:\/\/i0.wp.com\/www.grieta.org.mx\/wp-content\/uploads\/2018\/03\/14524434_1106112876131411_958039263622046936_o.jpg?resize=350%2C200&ssl=1","width":350,"height":200,"srcset":"https:\/\/i0.wp.com\/www.grieta.org.mx\/wp-content\/uploads\/2018\/03\/14524434_1106112876131411_958039263622046936_o.jpg?resize=350%2C200&ssl=1 1x, https:\/\/i0.wp.com\/www.grieta.org.mx\/wp-content\/uploads\/2018\/03\/14524434_1106112876131411_958039263622046936_o.jpg?resize=525%2C300&ssl=1 1.5x, https:\/\/i0.wp.com\/www.grieta.org.mx\/wp-content\/uploads\/2018\/03\/14524434_1106112876131411_958039263622046936_o.jpg?resize=700%2C400&ssl=1 2x"},"classes":[]},{"id":51715,"url":"https:\/\/www.grieta.org.mx\/index.php\/2020\/07\/04\/por-falta-de-equipo-medico-trabajadores-del-hospital-regional-de-tuxtepec-paran-labores-oaxaca\/","url_meta":{"origin":47886,"position":1},"title":"Por falta de equipo m\u00e9dico, trabajadores del Hospital Regional de Tuxtepec paran labores (Oaxaca)","author":"grieta","date":"4 julio, 2020","format":false,"excerpt":"Proceso \/ Pedro Mat\u00edas. El Hospital Regional de Tuxtepec. Foto: Twitter @amorenos60 OAXACA, Oax. (apro).- Trabajadores del Hospital Regional de Tuxtepec iniciaron hoy un paro de labores para protestar por la falta de equipo m\u00e9dico, cuando esa regi\u00f3n ocupa el segundo lugar en incidencia por casos de covid-19 y defunciones\u2026","rel":"","context":"En &quot;CINTILLO&quot;","block_context":{"text":"CINTILLO","link":"https:\/\/www.grieta.org.mx\/index.php\/category\/cintillo\/"},"img":{"alt_text":"","src":"https:\/\/i0.wp.com\/www.grieta.org.mx\/wp-content\/uploads\/2020\/07\/Hospital-Tuxtepec-850x522.jpg?resize=350%2C200&ssl=1","width":350,"height":200,"srcset":"https:\/\/i0.wp.com\/www.grieta.org.mx\/wp-content\/uploads\/2020\/07\/Hospital-Tuxtepec-850x522.jpg?resize=350%2C200&ssl=1 1x, https:\/\/i0.wp.com\/www.grieta.org.mx\/wp-content\/uploads\/2020\/07\/Hospital-Tuxtepec-850x522.jpg?resize=525%2C300&ssl=1 1.5x, https:\/\/i0.wp.com\/www.grieta.org.mx\/wp-content\/uploads\/2020\/07\/Hospital-Tuxtepec-850x522.jpg?resize=700%2C400&ssl=1 2x"},"classes":[]},{"id":49280,"url":"https:\/\/www.grieta.org.mx\/index.php\/2020\/05\/15\/ante-colapso-de-hospitales-habilitan-red-hospitalaria-para-atender-pacientes-de-coronavirus-en-oaxaca\/","url_meta":{"origin":47886,"position":2},"title":"Ante colapso de hospitales, habilitan red hospitalaria para atender pacientes de coronavirus en Oaxaca","author":"grieta","date":"15 mayo, 2020","format":false,"excerpt":"P\u00e1gina 3 \/ Pedro Mat\u00edas. Ampl\u00edan a 25 la red hospitalaria ante incremento de caso de covid-19. Pese a pugnas con personal sindicalizado Murat determin\u00f3 Hospital Covid al Aurelio Valdivieso OAXACA, Oax.- Ante el colapso de los dos principales hospitales covid-19 de la capital de Oaxaca, el gobernador Alejandro Murat\u2026","rel":"","context":"En &quot;CINTILLO&quot;","block_context":{"text":"CINTILLO","link":"https:\/\/www.grieta.org.mx\/index.php\/category\/cintillo\/"},"img":{"alt_text":"","src":"https:\/\/i0.wp.com\/www.grieta.org.mx\/wp-content\/uploads\/2020\/05\/Hospital-Aurelio-Valdivieso-Oax-1024x529.jpg?resize=350%2C200&ssl=1","width":350,"height":200,"srcset":"https:\/\/i0.wp.com\/www.grieta.org.mx\/wp-content\/uploads\/2020\/05\/Hospital-Aurelio-Valdivieso-Oax-1024x529.jpg?resize=350%2C200&ssl=1 1x, https:\/\/i0.wp.com\/www.grieta.org.mx\/wp-content\/uploads\/2020\/05\/Hospital-Aurelio-Valdivieso-Oax-1024x529.jpg?resize=525%2C300&ssl=1 1.5x, https:\/\/i0.wp.com\/www.grieta.org.mx\/wp-content\/uploads\/2020\/05\/Hospital-Aurelio-Valdivieso-Oax-1024x529.jpg?resize=700%2C400&ssl=1 2x"},"classes":[]},{"id":48673,"url":"https:\/\/www.grieta.org.mx\/index.php\/2020\/05\/07\/desmienten-a-murat-hospital-covid-19-en-juchitan-sigue-sin-funcionar-y-el-civil-ya-esta-saturado-oaxaca\/","url_meta":{"origin":47886,"position":3},"title":"Desmienten a Murat, Hospital covid-19 en Juchit\u00e1n sigue sin funcionar y el civil ya est\u00e1 saturado  (Oaxaca)","author":"grieta","date":"7 mayo, 2020","format":false,"excerpt":"P\u00e1gina 3 \/ Pedro Mat\u00edas. *Hospital Macedonio Ben\u00edtez solo tiene 3 camas y un ventilador para atender pacientes por coronavirus. | *Hace un mes Murat anunci\u00f3 que ya se termin\u00f3 el Hospital y en plena pandemia no funciona. OAXACA, Oax.- A un mes que el gobernador Alejandro Murat Hinojosa anunci\u00f3\u2026","rel":"","context":"En &quot;CINTILLO&quot;","block_context":{"text":"CINTILLO","link":"https:\/\/www.grieta.org.mx\/index.php\/category\/cintillo\/"},"img":{"alt_text":"","src":"https:\/\/i0.wp.com\/www.grieta.org.mx\/wp-content\/uploads\/2018\/03\/14524434_1106112876131411_958039263622046936_o.jpg?resize=350%2C200&ssl=1","width":350,"height":200,"srcset":"https:\/\/i0.wp.com\/www.grieta.org.mx\/wp-content\/uploads\/2018\/03\/14524434_1106112876131411_958039263622046936_o.jpg?resize=350%2C200&ssl=1 1x, https:\/\/i0.wp.com\/www.grieta.org.mx\/wp-content\/uploads\/2018\/03\/14524434_1106112876131411_958039263622046936_o.jpg?resize=525%2C300&ssl=1 1.5x, https:\/\/i0.wp.com\/www.grieta.org.mx\/wp-content\/uploads\/2018\/03\/14524434_1106112876131411_958039263622046936_o.jpg?resize=700%2C400&ssl=1 2x"},"classes":[]},{"id":46585,"url":"https:\/\/www.grieta.org.mx\/index.php\/2020\/03\/23\/hospital-civil-en-terapia-intensiva-carece-de-medicamentos-insumos-y-equipo-para-enfrentar-coronavirus-oaxaca\/","url_meta":{"origin":47886,"position":4},"title":"Hospital Civil en terapia intensiva: carece de medicamentos, insumos y equipo para enfrentar coronavirus (Oaxaca)","author":"grieta","date":"23 marzo, 2020","format":false,"excerpt":"P\u00e1gina 3 \/ Pedro Mat\u00edas. OAXACA, Oax.- Trabajadores sindicalizados del Hospital General \u201cAurelio Valdivieso\u201d urgieron al gobernador Alejandro Murat Hinojosa que firme el convenio con el Instituto de Salud para el Bienestar (Insabi) para que baje el recurso federal porque no tienen medicamentos, insumos y equipo de protecci\u00f3n para los\u2026","rel":"","context":"En &quot;CINTILLO&quot;","block_context":{"text":"CINTILLO","link":"https:\/\/www.grieta.org.mx\/index.php\/category\/cintillo\/"},"img":{"alt_text":"","src":"https:\/\/i0.wp.com\/www.grieta.org.mx\/wp-content\/uploads\/2020\/03\/hospital-civil-696x464.jpg?resize=350%2C200&ssl=1","width":350,"height":200,"srcset":"https:\/\/i0.wp.com\/www.grieta.org.mx\/wp-content\/uploads\/2020\/03\/hospital-civil-696x464.jpg?resize=350%2C200&ssl=1 1x, https:\/\/i0.wp.com\/www.grieta.org.mx\/wp-content\/uploads\/2020\/03\/hospital-civil-696x464.jpg?resize=525%2C300&ssl=1 1.5x"},"classes":[]},{"id":47883,"url":"https:\/\/www.grieta.org.mx\/index.php\/2020\/04\/15\/casi-tres-mil-trabajadores-de-salud-sin-material-de-proteccion-para-hacer-frente-al-coronavirus-en-el-istmo-oaxaca\/","url_meta":{"origin":47886,"position":5},"title":"Casi tres mil trabajadores de Salud sin material de protecci\u00f3n para hacer frente al Coronavirus en el Istmo (Oaxaca)","author":"grieta","date":"15 abril, 2020","format":false,"excerpt":"P\u00e1gina 3 \/ Pedro Mat\u00edas. Casi tres mil trabajadores de Salud sin material de protecci\u00f3n para hacer frente al Coronavirus en el Istmo. OAXACA, Oax. (pagina3.mx).- A casi un mes de la presencia de la pandemia del Covid-19 (coronavirus) el material de protecci\u00f3n para atender esta pandemia no llega. Y\u2026","rel":"","context":"En &quot;CINTILLO&quot;","block_context":{"text":"CINTILLO","link":"https:\/\/www.grieta.org.mx\/index.php\/category\/cintillo\/"},"img":{"alt_text":"","src":"https:\/\/i0.wp.com\/www.grieta.org.mx\/wp-content\/uploads\/2018\/03\/14524434_1106112876131411_958039263622046936_o.jpg?resize=350%2C200&ssl=1","width":350,"height":200,"srcset":"https:\/\/i0.wp.com\/www.grieta.org.mx\/wp-content\/uploads\/2018\/03\/14524434_1106112876131411_958039263622046936_o.jpg?resize=350%2C200&ssl=1 1x, https:\/\/i0.wp.com\/www.grieta.org.mx\/wp-content\/uploads\/2018\/03\/14524434_1106112876131411_958039263622046936_o.jpg?resize=525%2C300&ssl=1 1.5x, https:\/\/i0.wp.com\/www.grieta.org.mx\/wp-content\/uploads\/2018\/03\/14524434_1106112876131411_958039263622046936_o.jpg?resize=700%2C400&ssl=1 2x"},"classes":[]}],"_links":{"self":[{"href":"https:\/\/www.grieta.org.mx\/index.php\/wp-json\/wp\/v2\/posts\/47886","targetHints":{"allow":["GET"]}}],"collection":[{"href":"https:\/\/www.grieta.org.mx\/index.php\/wp-json\/wp\/v2\/posts"}],"about":[{"href":"https:\/\/www.grieta.org.mx\/index.php\/wp-json\/wp\/v2\/types\/post"}],"author":[{"embeddable":true,"href":"https:\/\/www.grieta.org.mx\/index.php\/wp-json\/wp\/v2\/users\/2"}],"replies":[{"embeddable":true,"href":"https:\/\/www.grieta.org.mx\/index.php\/wp-json\/wp\/v2\/comments?post=47886"}],"version-history":[{"count":1,"href":"https:\/\/www.grieta.org.mx\/index.php\/wp-json\/wp\/v2\/posts\/47886\/revisions"}],"predecessor-version":[{"id":47888,"href":"https:\/\/www.grieta.org.mx\/index.php\/wp-json\/wp\/v2\/posts\/47886\/revisions\/47888"}],"wp:featuredmedia":[{"embeddable":true,"href":"https:\/\/www.grieta.org.mx\/index.php\/wp-json\/wp\/v2\/media\/21928"}],"wp:attachment":[{"href":"https:\/\/www.grieta.org.mx\/index.php\/wp-json\/wp\/v2\/media?parent=47886"}],"wp:term":[{"taxonomy":"category","embeddable":true,"href":"https:\/\/www.grieta.org.mx\/index.php\/wp-json\/wp\/v2\/categories?post=47886"},{"taxonomy":"post_tag","embeddable":true,"href":"https:\/\/www.grieta.org.mx\/index.php\/wp-json\/wp\/v2\/tags?post=47886"}],"curies":[{"name":"wp","href":"https:\/\/api.w.org\/{rel}","templated":true}]}}