{"id":47810,"date":"2020-04-13T00:30:53","date_gmt":"2020-04-13T05:30:53","guid":{"rendered":"http:\/\/www.grieta.org.mx\/?p=47810"},"modified":"2020-04-15T00:39:14","modified_gmt":"2020-04-15T05:39:14","slug":"personal-medico-del-imss-exige-insumos-para-atender-coronavirus-ciudad-de-mexico","status":"publish","type":"post","link":"https:\/\/www.grieta.org.mx\/index.php\/2020\/04\/13\/personal-medico-del-imss-exige-insumos-para-atender-coronavirus-ciudad-de-mexico\/","title":{"rendered":"Personal m\u00e9dico del IMSS exige insumos para atender coronavirus (Ciudad de M\u00e9xico)"},"content":{"rendered":"<p><img loading=\"lazy\" decoding=\"async\" data-attachment-id=\"47811\" data-permalink=\"https:\/\/www.grieta.org.mx\/index.php\/2020\/04\/13\/personal-medico-del-imss-exige-insumos-para-atender-coronavirus-ciudad-de-mexico\/personal-medico-del-imss-exige-insumos-para-atender-coronavirus-cdmx-abr\/\" data-orig-file=\"https:\/\/www.grieta.org.mx\/wp-content\/uploads\/2020\/04\/Personal-m\u00e9dico-del-IMSS-exige-insumos-para-atender-coronavirus-cdmx-abr.jpg\" data-orig-size=\"300,168\" data-comments-opened=\"0\" data-image-meta=\"{&quot;aperture&quot;:&quot;0&quot;,&quot;credit&quot;:&quot;&quot;,&quot;camera&quot;:&quot;&quot;,&quot;caption&quot;:&quot;&quot;,&quot;created_timestamp&quot;:&quot;0&quot;,&quot;copyright&quot;:&quot;&quot;,&quot;focal_length&quot;:&quot;0&quot;,&quot;iso&quot;:&quot;0&quot;,&quot;shutter_speed&quot;:&quot;0&quot;,&quot;title&quot;:&quot;&quot;,&quot;orientation&quot;:&quot;0&quot;}\" data-image-title=\"Personal m\u00e9dico del IMSS exige insumos para atender coronavirus cdmx abr\" data-image-description=\"\" data-image-caption=\"\" data-medium-file=\"https:\/\/www.grieta.org.mx\/wp-content\/uploads\/2020\/04\/Personal-m\u00e9dico-del-IMSS-exige-insumos-para-atender-coronavirus-cdmx-abr-300x168.jpg\" data-large-file=\"https:\/\/www.grieta.org.mx\/wp-content\/uploads\/2020\/04\/Personal-m\u00e9dico-del-IMSS-exige-insumos-para-atender-coronavirus-cdmx-abr.jpg\" class=\"aligncenter size-full wp-image-47811\" src=\"http:\/\/www.grieta.org.mx\/wp-content\/uploads\/2020\/04\/Personal-m\u00e9dico-del-IMSS-exige-insumos-para-atender-coronavirus-cdmx-abr.jpg\" alt=\"\" width=\"300\" height=\"168\" \/><br \/>\n<em>Imagen tomada de: www.eluniversal.com.mx<\/em><\/p>\n<p>Carla Mart\u00ednez \/ El Universal<\/p>\n<blockquote><p>Personal que labora en el Hospital General de Zona Venados del IMSS bloque\u00f3 la avenida Municipio Libre para exigir insumos m\u00e9dicos para atender a pacientes con Covid-19<\/p><\/blockquote>\n<p>Por falta de insumos m\u00e9dicos para atender a pacientes con Covid-19, personal de salud que labora en el Hospital General de Zona Venados del IMSS en la Alcald\u00eda Benito Ju\u00e1rez de la Ciudad de M\u00e9xico se manifest\u00f3 cerrando la avenida Municipio Libre.<\/p>\n<p>\u201cEsta manifestaci\u00f3n cobra sentido en el momento en que empezamos a manifestar a la autoridad la carencia de insumos y de cub\u00edculos aislados para la adecuada atenci\u00f3n, que no ponga en riesgo a las personas que requieren de atenci\u00f3n m\u00e9dica y que no nos pongan en riesgo a nosotros\u201d, se\u00f1al\u00f3 personal m\u00e9dico.<\/p>\n<p>Entrevistado por EL UNIVERSAL, un joven que se manifestaba y labora en el nosocomio, dijo que este lunes se entreg\u00f3 un escrito a la directora del hospital, la doctora Mar\u00eda de Lourdes Hern\u00e1ndez Gonz\u00e1lez, quien se rehus\u00f3 a firmar el documento por lo que decidieron manifestarse.<\/p>\n<p>\u201cLa solicitud de equipo se ha hecho de manera oral desde mediados de marzo a nuestros jefes inmediatos, sin embargo al no ver una respuesta consideramos hacer un escrito\u201d, expres\u00f3 el personal de salud.<\/p>\n<p>El indicador enfermera paciente debe ser uno a uno considerando medidas de precauci\u00f3n y aislamiento pero en este Hospital de Zona est\u00e1n trabajando con indicadores de enfermera, intensivista, paciente de uno por cada dos pacientes, duplicando la cantidad de esfuerzo por parte del personal.<\/p>\n<p>\u201cTampoco hay suficientes m\u00e9dicos intensivistas o m\u00e9dicos urgenci\u00f3logos para hacer frente a esta contingencia\u201d, destac\u00f3.<\/p>\n<p>A mediados de marzo, a los trabajadores de este centro hospitalario les informaron que habr\u00eda cub\u00edculos de aislamiento para pacientes con probable diagn\u00f3stico de afecci\u00f3n respiratoria pero hasta ahora, las autoridades, han decidido recibir pacientes sin las adecuadas medidas de aislamiento.<\/p>\n<p>El personal m\u00e9dico coment\u00f3 que cuentan con pacientes confirmados con Covid-19 en terapia intensiva, en otras \u00e1reas de hospitalizaci\u00f3n y un mayor n\u00famero que son probables casos de coronavirus, pero carece del n\u00famero exacto.<\/p>\n<p><a href=\"https:\/\/www.eluniversal.com.mx\/metropoli\/cdmx\/personal-medico-del-imss-exige-insumos-para-atender-coronavirus\" target=\"_blank\" rel=\"noopener noreferrer\">https:\/\/www.eluniversal.com.mx\/metropoli\/cdmx\/personal-medico-del-imss-exige-insumos-para-atender-coronavirus<\/a><\/p>\n","protected":false},"excerpt":{"rendered":"<p>Imagen tomada de: www.eluniversal.com.mx Carla Mart\u00ednez \/ El Universal Personal que labora en el Hospital General de Zona Venados del IMSS bloque\u00f3 la avenida Municipio Libre para exigir insumos m\u00e9dicos &hellip; <a href=\"https:\/\/www.grieta.org.mx\/index.php\/2020\/04\/13\/personal-medico-del-imss-exige-insumos-para-atender-coronavirus-ciudad-de-mexico\/\" class=\"more-link\">Leer m\u00e1s<\/a><\/p>\n","protected":false},"author":2,"featured_media":47811,"comment_status":"closed","ping_status":"closed","sticky":false,"template":"","format":"standard","meta":{"ngg_post_thumbnail":0,"_jetpack_newsletter_access":"","_jetpack_dont_email_post_to_subs":false,"_jetpack_newsletter_tier_id":0,"_jetpack_memberships_contains_paywalled_content":false,"_jetpack_memberships_contains_paid_content":false,"footnotes":""},"categories":[80,14,3295,918,3033,1225,910,2,2119,83],"tags":[2367,312,2841],"class_list":["post-47810","post","type-post","status-publish","format-standard","has-post-thumbnail","hentry","category-cintillo","category-ciudad-de-mexico","category-covid-19-en-ciudad-de-mexico","category-privatizacion-del-sector-salud","category-crisis-en-el-sector-salud-en-la-ciudad-de-mexico","category-explotacion-laboral-en-la-ciudad-de-mexico","category-explotacion-y-precariedad-laboral","category-noticias-nacionales","category-precarizacion-de-las-condiciones-laborales-en-la-ciudad-de-mexico","category-temas-nacionales","tag-crisis-en-el-sector-salud","tag-desabasto","tag-explotacion-y-precariedad-laboral","entry"],"jetpack_featured_media_url":"https:\/\/www.grieta.org.mx\/wp-content\/uploads\/2020\/04\/Personal-m\u00e9dico-del-IMSS-exige-insumos-para-atender-coronavirus-cdmx-abr.jpg","jetpack_sharing_enabled":true,"jetpack_shortlink":"https:\/\/wp.me\/p7ZJR4-cr8","jetpack_likes_enabled":false,"jetpack-related-posts":[{"id":46659,"url":"https:\/\/www.grieta.org.mx\/index.php\/2020\/03\/23\/personal-del-imss-protesta-por-falta-de-insumos-y-protocolos-ante-covid-19-ciudad-de-mexico\/","url_meta":{"origin":47810,"position":0},"title":"Personal del IMSS protesta por falta de insumos y protocolos ante Covid-19 (Ciudad de M\u00e9xico)","author":"grieta","date":"23 marzo, 2020","format":false,"excerpt":"Foto: Jorge Gonz\u00e1lez Jorge Gonz\u00e1lez \/ Excelsior Enfermeras, camilleros y doctores de la Cl\u00ednica 32, piden capacitaci\u00f3n y medidas para la recepci\u00f3n de pacientes CIUDAD DE M\u00c9XICO. La ma\u00f1ana de este lunes, trabajadores del Instituto Mexicano del Seguro Social (IMSS) salieron a las calles a levantar la voz por la\u2026","rel":"","context":"En &quot;CINTILLO&quot;","block_context":{"text":"CINTILLO","link":"https:\/\/www.grieta.org.mx\/index.php\/category\/cintillo\/"},"img":{"alt_text":"","src":"https:\/\/i0.wp.com\/www.grieta.org.mx\/wp-content\/uploads\/2020\/03\/Personal-del-IMSS-protesta-por-falta-de-insumos-y-protocolos-ante-Covid-19-cdmx-mzo.jpg?resize=350%2C200&ssl=1","width":350,"height":200,"srcset":"https:\/\/i0.wp.com\/www.grieta.org.mx\/wp-content\/uploads\/2020\/03\/Personal-del-IMSS-protesta-por-falta-de-insumos-y-protocolos-ante-Covid-19-cdmx-mzo.jpg?resize=350%2C200&ssl=1 1x, https:\/\/i0.wp.com\/www.grieta.org.mx\/wp-content\/uploads\/2020\/03\/Personal-del-IMSS-protesta-por-falta-de-insumos-y-protocolos-ante-Covid-19-cdmx-mzo.jpg?resize=525%2C300&ssl=1 1.5x, https:\/\/i0.wp.com\/www.grieta.org.mx\/wp-content\/uploads\/2020\/03\/Personal-del-IMSS-protesta-por-falta-de-insumos-y-protocolos-ante-Covid-19-cdmx-mzo.jpg?resize=700%2C400&ssl=1 2x, https:\/\/i0.wp.com\/www.grieta.org.mx\/wp-content\/uploads\/2020\/03\/Personal-del-IMSS-protesta-por-falta-de-insumos-y-protocolos-ante-Covid-19-cdmx-mzo.jpg?resize=1050%2C600&ssl=1 3x"},"classes":[]},{"id":48333,"url":"https:\/\/www.grieta.org.mx\/index.php\/2020\/04\/27\/bloquean-calzada-vallejo-por-falta-de-insumos-en-el-hospital-la-raza-ciudad-de-mexico\/","url_meta":{"origin":47810,"position":1},"title":"Bloquean Calzada Vallejo por falta de insumos en el Hospital La Raza (Ciudad de M\u00e9xico)","author":"grieta","date":"27 abril, 2020","format":false,"excerpt":"Personal de La Raza exige insumos m\u00e9dicos para laborar. Foto: Germ\u00e1n Canseco Rodrigo Vera \/ Proceso Personal m\u00e9dico del Hospital La Raza realiz\u00f3 esta tarde una protesta para exigir insumos m\u00e9dicos que les permitan atender a sus pacientes con coronavirus, aparte de que, se\u00f1alan, 45 de sus compa\u00f1eros ya han\u2026","rel":"","context":"En &quot;CINTILLO&quot;","block_context":{"text":"CINTILLO","link":"https:\/\/www.grieta.org.mx\/index.php\/category\/cintillo\/"},"img":{"alt_text":"","src":"https:\/\/i0.wp.com\/www.grieta.org.mx\/wp-content\/uploads\/2020\/04\/Bloquean-Calzada-Vallejo-por-falta-de-insumos-en-el-Hospital-La-Raza-cdmx-abr.jpg?resize=350%2C200&ssl=1","width":350,"height":200,"srcset":"https:\/\/i0.wp.com\/www.grieta.org.mx\/wp-content\/uploads\/2020\/04\/Bloquean-Calzada-Vallejo-por-falta-de-insumos-en-el-Hospital-La-Raza-cdmx-abr.jpg?resize=350%2C200&ssl=1 1x, https:\/\/i0.wp.com\/www.grieta.org.mx\/wp-content\/uploads\/2020\/04\/Bloquean-Calzada-Vallejo-por-falta-de-insumos-en-el-Hospital-La-Raza-cdmx-abr.jpg?resize=525%2C300&ssl=1 1.5x, https:\/\/i0.wp.com\/www.grieta.org.mx\/wp-content\/uploads\/2020\/04\/Bloquean-Calzada-Vallejo-por-falta-de-insumos-en-el-Hospital-La-Raza-cdmx-abr.jpg?resize=700%2C400&ssl=1 2x"},"classes":[]},{"id":46712,"url":"https:\/\/www.grieta.org.mx\/index.php\/2020\/03\/20\/personal-del-imss-bloquea-eje-4-sur-exigen-material-y-protocolos-para-atender-covid-19-ciudad-de-mexico\/","url_meta":{"origin":47810,"position":2},"title":"Personal del IMSS bloquea Eje 4 Sur; exigen material y protocolos para atender COVID-19 (Ciudad de M\u00e9xico)","author":"grieta","date":"20 marzo, 2020","format":false,"excerpt":"Foto: Arturo \u00c1ngel Animal Pol\u00edtico Solicitan material, protocolos para el manejo del coronavirus, as\u00ed como m\u00e1s seguridad Personal del Instituto Mexicano del Seguro Social (IMSS) del Hospital Regional n\u00famero 1 \u201cDr. Carlos Mac Gregor S\u00e1nchez Navarro\u201d se manifestaron sobre el Eje 4 Sur, en exigencia de m\u00e1s insumos para atender\u2026","rel":"","context":"En &quot;CINTILLO&quot;","block_context":{"text":"CINTILLO","link":"https:\/\/www.grieta.org.mx\/index.php\/category\/cintillo\/"},"img":{"alt_text":"","src":"https:\/\/i0.wp.com\/www.grieta.org.mx\/wp-content\/uploads\/2020\/03\/Personal-del-IMSS-bloquea-Eje-4-Sur-exigen-material-y-protocolos-para-atender-COVID-19-cdmx-mzo.jpg?resize=350%2C200&ssl=1","width":350,"height":200,"srcset":"https:\/\/i0.wp.com\/www.grieta.org.mx\/wp-content\/uploads\/2020\/03\/Personal-del-IMSS-bloquea-Eje-4-Sur-exigen-material-y-protocolos-para-atender-COVID-19-cdmx-mzo.jpg?resize=350%2C200&ssl=1 1x, https:\/\/i0.wp.com\/www.grieta.org.mx\/wp-content\/uploads\/2020\/03\/Personal-del-IMSS-bloquea-Eje-4-Sur-exigen-material-y-protocolos-para-atender-COVID-19-cdmx-mzo.jpg?resize=525%2C300&ssl=1 1.5x, https:\/\/i0.wp.com\/www.grieta.org.mx\/wp-content\/uploads\/2020\/03\/Personal-del-IMSS-bloquea-Eje-4-Sur-exigen-material-y-protocolos-para-atender-COVID-19-cdmx-mzo.jpg?resize=700%2C400&ssl=1 2x, https:\/\/i0.wp.com\/www.grieta.org.mx\/wp-content\/uploads\/2020\/03\/Personal-del-IMSS-bloquea-Eje-4-Sur-exigen-material-y-protocolos-para-atender-COVID-19-cdmx-mzo.jpg?resize=1050%2C600&ssl=1 3x"},"classes":[]},{"id":48327,"url":"https:\/\/www.grieta.org.mx\/index.php\/2020\/04\/27\/personal-medico-bloquea-ermita-iztapalapa-por-falta-de-insumos-ciudad-de-mexico\/","url_meta":{"origin":47810,"position":3},"title":"Personal m\u00e9dico bloquea Ermita Iztapalapa por falta de insumos (Ciudad de M\u00e9xico)","author":"grieta","date":"27 abril, 2020","format":false,"excerpt":"Foto: @GRAWPEREZ Diario de M\u00e9xico Ciudad de M\u00e9xico. -M\u00e9dicos, enfermeras y personal de salud que trabaja en el Hospital Pedi\u00e1trico de Iztapalapa, mantienen bloqueada la circulaci\u00f3n en la Avenida Ermita Iztapalapa, entre Eje 3 Oriente y La Viga. El personal m\u00e9dico asegura que no tienen los materiales necesarios, como cubrebocas\u2026","rel":"","context":"En &quot;CINTILLO&quot;","block_context":{"text":"CINTILLO","link":"https:\/\/www.grieta.org.mx\/index.php\/category\/cintillo\/"},"img":{"alt_text":"","src":"https:\/\/i0.wp.com\/www.grieta.org.mx\/wp-content\/uploads\/2020\/04\/Personal-m%C3%A9dico-bloquea-Ermita-Iztapalapa-por-falta-de-insumos-cdmx-abr.jpg?resize=350%2C200&ssl=1","width":350,"height":200,"srcset":"https:\/\/i0.wp.com\/www.grieta.org.mx\/wp-content\/uploads\/2020\/04\/Personal-m%C3%A9dico-bloquea-Ermita-Iztapalapa-por-falta-de-insumos-cdmx-abr.jpg?resize=350%2C200&ssl=1 1x, https:\/\/i0.wp.com\/www.grieta.org.mx\/wp-content\/uploads\/2020\/04\/Personal-m%C3%A9dico-bloquea-Ermita-Iztapalapa-por-falta-de-insumos-cdmx-abr.jpg?resize=525%2C300&ssl=1 1.5x, https:\/\/i0.wp.com\/www.grieta.org.mx\/wp-content\/uploads\/2020\/04\/Personal-m%C3%A9dico-bloquea-Ermita-Iztapalapa-por-falta-de-insumos-cdmx-abr.jpg?resize=700%2C400&ssl=1 2x, https:\/\/i0.wp.com\/www.grieta.org.mx\/wp-content\/uploads\/2020\/04\/Personal-m%C3%A9dico-bloquea-Ermita-Iztapalapa-por-falta-de-insumos-cdmx-abr.jpg?resize=1050%2C600&ssl=1 3x"},"classes":[]},{"id":49133,"url":"https:\/\/www.grieta.org.mx\/index.php\/2020\/05\/13\/personal-del-hospital-la-raza-rechaza-levantar-bloqueo-en-circuito-interior-ciudad-de-mexico\/","url_meta":{"origin":47810,"position":4},"title":"Personal del hospital La Raza rechaza levantar bloqueo en Circuito Interior (Ciudad de M\u00e9xico)","author":"grieta","date":"13 mayo, 2020","format":false,"excerpt":"Imagen tomada de: www.eluniversal.com.mx Diana Lastiri \/ El Universal Los manifestantes reprocharon que, luego de tres horas de bloqueo, la \u00fanica autoridad que se acerc\u00f3 a ellos fue el director del hospital; denunciaron que los insumos entregados por el IMSS son de mala calidad El director del Hospital General \u201cLa\u2026","rel":"","context":"En &quot;CINTILLO&quot;","block_context":{"text":"CINTILLO","link":"https:\/\/www.grieta.org.mx\/index.php\/category\/cintillo\/"},"img":{"alt_text":"","src":"https:\/\/i0.wp.com\/www.grieta.org.mx\/wp-content\/uploads\/2020\/05\/Personal-del-hospital-La-Raza-rechaza-levantar-cdmx-may.jpg?resize=350%2C200","width":350,"height":200},"classes":[]},{"id":47807,"url":"https:\/\/www.grieta.org.mx\/index.php\/2020\/04\/13\/personal-medico-del-issste-y-hospital-balbuena-protestan-por-falta-de-insumos-ciudad-de-mexico\/","url_meta":{"origin":47810,"position":5},"title":"Personal m\u00e9dico del ISSSTE y Hospital Balbuena protestan por falta de insumos (Ciudad de M\u00e9xico)","author":"grieta","date":"13 abril, 2020","format":false,"excerpt":"Foto: Cuartoscuro Animal Pol\u00edtico Personal m\u00e9dico del hospital 1 de octubre y de Balbuena piden equipo para atender los casos de COVID-19 que llegan a sus instalaciones. M\u00e9dicos y enfermeras de dos hospitales protestaron este lunes por la falta de insumos y de protocolos de seguridad para atender a pacientes\u2026","rel":"","context":"En &quot;CINTILLO&quot;","block_context":{"text":"CINTILLO","link":"https:\/\/www.grieta.org.mx\/index.php\/category\/cintillo\/"},"img":{"alt_text":"","src":"https:\/\/i0.wp.com\/www.grieta.org.mx\/wp-content\/uploads\/2020\/04\/Personal-m%C3%A9dico-del-ISSSTE-y-Hospital-Balbuena-protestan-por-falta-de-insumos-cdmx-abr.jpeg?resize=350%2C200&ssl=1","width":350,"height":200,"srcset":"https:\/\/i0.wp.com\/www.grieta.org.mx\/wp-content\/uploads\/2020\/04\/Personal-m%C3%A9dico-del-ISSSTE-y-Hospital-Balbuena-protestan-por-falta-de-insumos-cdmx-abr.jpeg?resize=350%2C200&ssl=1 1x, https:\/\/i0.wp.com\/www.grieta.org.mx\/wp-content\/uploads\/2020\/04\/Personal-m%C3%A9dico-del-ISSSTE-y-Hospital-Balbuena-protestan-por-falta-de-insumos-cdmx-abr.jpeg?resize=525%2C300&ssl=1 1.5x, https:\/\/i0.wp.com\/www.grieta.org.mx\/wp-content\/uploads\/2020\/04\/Personal-m%C3%A9dico-del-ISSSTE-y-Hospital-Balbuena-protestan-por-falta-de-insumos-cdmx-abr.jpeg?resize=700%2C400&ssl=1 2x, https:\/\/i0.wp.com\/www.grieta.org.mx\/wp-content\/uploads\/2020\/04\/Personal-m%C3%A9dico-del-ISSSTE-y-Hospital-Balbuena-protestan-por-falta-de-insumos-cdmx-abr.jpeg?resize=1050%2C600&ssl=1 3x, https:\/\/i0.wp.com\/www.grieta.org.mx\/wp-content\/uploads\/2020\/04\/Personal-m%C3%A9dico-del-ISSSTE-y-Hospital-Balbuena-protestan-por-falta-de-insumos-cdmx-abr.jpeg?resize=1400%2C800&ssl=1 4x"},"classes":[]}],"_links":{"self":[{"href":"https:\/\/www.grieta.org.mx\/index.php\/wp-json\/wp\/v2\/posts\/47810","targetHints":{"allow":["GET"]}}],"collection":[{"href":"https:\/\/www.grieta.org.mx\/index.php\/wp-json\/wp\/v2\/posts"}],"about":[{"href":"https:\/\/www.grieta.org.mx\/index.php\/wp-json\/wp\/v2\/types\/post"}],"author":[{"embeddable":true,"href":"https:\/\/www.grieta.org.mx\/index.php\/wp-json\/wp\/v2\/users\/2"}],"replies":[{"embeddable":true,"href":"https:\/\/www.grieta.org.mx\/index.php\/wp-json\/wp\/v2\/comments?post=47810"}],"version-history":[{"count":1,"href":"https:\/\/www.grieta.org.mx\/index.php\/wp-json\/wp\/v2\/posts\/47810\/revisions"}],"predecessor-version":[{"id":47812,"href":"https:\/\/www.grieta.org.mx\/index.php\/wp-json\/wp\/v2\/posts\/47810\/revisions\/47812"}],"wp:featuredmedia":[{"embeddable":true,"href":"https:\/\/www.grieta.org.mx\/index.php\/wp-json\/wp\/v2\/media\/47811"}],"wp:attachment":[{"href":"https:\/\/www.grieta.org.mx\/index.php\/wp-json\/wp\/v2\/media?parent=47810"}],"wp:term":[{"taxonomy":"category","embeddable":true,"href":"https:\/\/www.grieta.org.mx\/index.php\/wp-json\/wp\/v2\/categories?post=47810"},{"taxonomy":"post_tag","embeddable":true,"href":"https:\/\/www.grieta.org.mx\/index.php\/wp-json\/wp\/v2\/tags?post=47810"}],"curies":[{"name":"wp","href":"https:\/\/api.w.org\/{rel}","templated":true}]}}