{"id":47793,"date":"2020-04-14T00:40:25","date_gmt":"2020-04-14T05:40:25","guid":{"rendered":"http:\/\/www.grieta.org.mx\/?p=47793"},"modified":"2020-04-15T10:10:28","modified_gmt":"2020-04-15T15:10:28","slug":"ser-otomi-aqui-y-alla-en-los-tiempos-del-covid-19-parte-1-de-2-la-comunidad-otomi-en-la-ciudad-en-mexico-llama-a-solidarizarse","status":"publish","type":"post","link":"https:\/\/www.grieta.org.mx\/index.php\/2020\/04\/14\/ser-otomi-aqui-y-alla-en-los-tiempos-del-covid-19-parte-1-de-2-la-comunidad-otomi-en-la-ciudad-en-mexico-llama-a-solidarizarse\/","title":{"rendered":"Ser otom\u00ed aqu\u00ed y all\u00e1 en los tiempos del COVID-19 (parte 1 de 2):  La comunidad otom\u00ed en la Ciudad en M\u00e9xico llama a solidarizarse"},"content":{"rendered":"<p>Ante la gravedad de su situaci\u00f3n solicitan v\u00edveres, enlatados, agua, leche y art\u00edculos de aseo personal, papel de ba\u00f1o, alcohol y gel. El centro de acopio est\u00e1 en la Calle de Guanajuato 200, Col. Roma, Alcald\u00eda Cuauht\u00e9moc y la cuenta en la que se puede depositar apoyo econ\u00f3mico es la tarjeta No. 4766 8412 0642 3694 de Citibanamex Saldazo, a nombre de Roberto Anastacio Pedro.<\/p>\n<p><a href=\"http:\/\/www.grieta.org.mx\/wp-content\/uploads\/2020\/04\/Captura-de-pantalla-2020-04-14-a-las-12.18.55-a.m..png\"><img loading=\"lazy\" decoding=\"async\" data-attachment-id=\"47795\" data-permalink=\"https:\/\/www.grieta.org.mx\/index.php\/2020\/04\/14\/ser-otomi-aqui-y-alla-en-los-tiempos-del-covid-19-parte-1-de-2-la-comunidad-otomi-en-la-ciudad-en-mexico-llama-a-solidarizarse\/captura-de-pantalla-2020-04-14-a-las-12-18-55-a-m\/\" data-orig-file=\"https:\/\/www.grieta.org.mx\/wp-content\/uploads\/2020\/04\/Captura-de-pantalla-2020-04-14-a-las-12.18.55-a.m..png\" data-orig-size=\"995,544\" data-comments-opened=\"0\" data-image-meta=\"{&quot;aperture&quot;:&quot;0&quot;,&quot;credit&quot;:&quot;&quot;,&quot;camera&quot;:&quot;&quot;,&quot;caption&quot;:&quot;&quot;,&quot;created_timestamp&quot;:&quot;0&quot;,&quot;copyright&quot;:&quot;&quot;,&quot;focal_length&quot;:&quot;0&quot;,&quot;iso&quot;:&quot;0&quot;,&quot;shutter_speed&quot;:&quot;0&quot;,&quot;title&quot;:&quot;&quot;,&quot;orientation&quot;:&quot;0&quot;}\" data-image-title=\"Captura de pantalla 2020-04-14 a las 12.18.55 a.m.\" data-image-description=\"\" data-image-caption=\"\" data-medium-file=\"https:\/\/www.grieta.org.mx\/wp-content\/uploads\/2020\/04\/Captura-de-pantalla-2020-04-14-a-las-12.18.55-a.m.-300x164.png\" data-large-file=\"https:\/\/www.grieta.org.mx\/wp-content\/uploads\/2020\/04\/Captura-de-pantalla-2020-04-14-a-las-12.18.55-a.m..png\" class=\"aligncenter wp-image-47795\" src=\"http:\/\/www.grieta.org.mx\/wp-content\/uploads\/2020\/04\/Captura-de-pantalla-2020-04-14-a-las-12.18.55-a.m..png\" alt=\"\" width=\"800\" height=\"437\" srcset=\"https:\/\/www.grieta.org.mx\/wp-content\/uploads\/2020\/04\/Captura-de-pantalla-2020-04-14-a-las-12.18.55-a.m..png 995w, https:\/\/www.grieta.org.mx\/wp-content\/uploads\/2020\/04\/Captura-de-pantalla-2020-04-14-a-las-12.18.55-a.m.-300x164.png 300w, https:\/\/www.grieta.org.mx\/wp-content\/uploads\/2020\/04\/Captura-de-pantalla-2020-04-14-a-las-12.18.55-a.m.-768x420.png 768w, https:\/\/www.grieta.org.mx\/wp-content\/uploads\/2020\/04\/Captura-de-pantalla-2020-04-14-a-las-12.18.55-a.m.-915x500.png 915w\" sizes=\"auto, (max-width: 800px) 100vw, 800px\" \/><\/a><\/p>\n<p>Colectivo Grieta, 13 de abril, 2020.<\/p>\n<p>Se ha se\u00f1alado que en tiempos de crisis como los que se viven hoy en d\u00eda son las comunidades m\u00e1s vulnerables las que, por lo regular, llevan la peor parte. Y en el caso de la comunidad otom\u00ed que radica en campamentos en la Ciudad de M\u00e9xico, la contingencia por la pandemia del COVID-19 est\u00e1 pegando con fuerza. En sus propias palabras \u201cLa situaci\u00f3n que se est\u00e1 viviendo en este momento es muy dif\u00edcil porque no hay para comer.\u201d<\/p>\n<p>Debido a la contingencia sanitaria no pueden salir a trabajar por lo que su \u00fanica alternativa ante esta crisis ha sido buscar el apoyo de redes y organizaciones para recibir acopio y poder sobrevivir. \u201cNo hay para comer y los ni\u00f1os de la comunidad dependen de este apoyo solidario. El gobierno dice que tenemos que lavarnos las manos, cuando realmente no tenemos agua. El gobierno dice que hay que guardar distancia cuando tenemos que dormir apretados en un campamento,\u201d explican.<\/p>\n<p>\u201cNo tenemos donde vivir por eso tenemos que seguir viviendo en campamentos porque el mal gobierno no nos quiere dar una soluci\u00f3n y mucho menos una vivienda digna\u201d.<\/p>\n<p><strong>Hacer memoria del c\u00famulo de agravios<\/strong><\/p>\n<p>Las condiciones de precariedad a las que se enfrentan las familias otom\u00edes que habitan estos campamentos no son resultado de su \u201cmala fortuna\u201d sino m\u00e1s bien del desmantelamiento del campo mexicano y la consecuente necesidad de emigrar, la falta de vivienda digna para las comunidades ind\u00edgenas, la especulaci\u00f3n immobiliaria y la gentrificaci\u00f3n.<\/p>\n<p>La lucha de la comunidad otom\u00ed por una vivienda digna es larga (<a href=\"https:\/\/www.youtube.com\/watch?v=TGTkBgJMsYw\">aqu\u00ed<\/a> se puede consultar un breve documental sobre la vida de otros miembros de esta comunidad en el coraz\u00f3n de la colonia Roma) y, a menudo, ha estado articulada con otras iniciativas organizativas de los pueblos originarios, en particular con el CNI (Congreso Nacional Ind\u00edgena).<\/p>\n<p>La situaci\u00f3n de crisis que se vive en el campamento ubicado en Roma 18 en la colonia Ju\u00e1rez, se puede remontar al sismo del 2017. Ese a\u00f1o, el sismo provoc\u00f3 da\u00f1os estructurales en la casona en la que habitaban 90 familias otom\u00edes y esto las orill\u00f3 a tener que montar un campamento en la calle, tal como lo hicieron muchos otros <a href=\"https:\/\/www.grieta.org.mx\/index.php\/2019\/09\/15\/en-la-calle-y-endeudados-80-de-damnificados-del-19-s\/\">damnificados por el terremoto<\/a>. Sin embargo, lejos de poder acceder a fondos de reconstrucci\u00f3n de vivienda, la comunidad otom\u00ed fue despojada de su predio justo al momento en que cumpl\u00edan un a\u00f1o de estar viviendo a la intemperie.<\/p>\n<p>Dando muestra de la voracidad de las inmobiliarias ante la tragedia del sismo de 2017, la Inmobiliaria Eduardo argument\u00f3 que el \u201cdue\u00f1o original\u201d del predio habitado por las familias lo hab\u00eda reclamado y tom\u00f3 posesi\u00f3n del mismo con lujo de violencia y sin ning\u00fan documento legal de por medio.<\/p>\n<p>As\u00ed el <a href=\"https:\/\/www.grieta.org.mx\/index.php\/2018\/09\/23\/en-la-calle-roma-18-la-policia-ataca-y-roba-a-indigenas-otomies-de-las-redes-de-apoyo-al-cig-ciudad-de-mexico\/\">19 de septiembre de 2018<\/a> un grupo de granaderos arremeti\u00f3 contra las personas del campamento y permiti\u00f3 que la Polic\u00eda Bancaria e Industrial ocupara el predio y destruyera las pertenencias de estas familias que lo hab\u00edan habitado por 20 a\u00f1os, incluidas sus artesan\u00edas, \u00fatiles escolares y uniformes de los ni\u00f1os, as\u00ed como los papeles que podr\u00edan haber ayudado a defender legalmente su caso.<\/p>\n<p>Desde ese momento, estas familias otom\u00edes viven a la intemperie, sin acceso al agua y bajo la amenaza constante de desalojo, sufriendo el racismo y desprecio de los vecinos de la zona quienes, a menudo, han sido los primeros en solicitar que los quiten de ah\u00ed.<\/p>\n<p>Hasta el momento, el desalojo se ha pospuesto en parte gracias a un documento que los ampara, adem\u00e1s de la red de apoyo con la que cuentan a trav\u00e9s del Congreso Nacional Ind\u00edgena y las redes solidarias con quienes se organizan.<\/p>\n<p><a href=\"http:\/\/www.grieta.org.mx\/wp-content\/uploads\/2019\/06\/pdp_Constucci\u00f3nPredioOtom\u00ed_10052019_acc3-1200x800.jpg\"><img loading=\"lazy\" decoding=\"async\" data-attachment-id=\"35427\" data-permalink=\"https:\/\/www.grieta.org.mx\/index.php\/2019\/06\/16\/estar-aqui-ha-sido-muy-duro-ciudad-de-mexico\/pdp_constuccionprediootomi_10052019_acc3-1200x800\/\" data-orig-file=\"https:\/\/www.grieta.org.mx\/wp-content\/uploads\/2019\/06\/pdp_Constucci\u00f3nPredioOtom\u00ed_10052019_acc3-1200x800.jpg\" data-orig-size=\"1200,800\" data-comments-opened=\"0\" data-image-meta=\"{&quot;aperture&quot;:&quot;4.5&quot;,&quot;credit&quot;:&quot;Arturo Contreras Camero&quot;,&quot;camera&quot;:&quot;Canon EOS REBEL T3i&quot;,&quot;caption&quot;:&quot;&quot;,&quot;created_timestamp&quot;:&quot;1560597697&quot;,&quot;copyright&quot;:&quot;ACC&quot;,&quot;focal_length&quot;:&quot;27&quot;,&quot;iso&quot;:&quot;100&quot;,&quot;shutter_speed&quot;:&quot;0.016666666666667&quot;,&quot;title&quot;:&quot;&quot;,&quot;orientation&quot;:&quot;1&quot;}\" data-image-title=\"pdp_Constucci\u00f3nPredioOtom\u00ed_10052019_acc3-1200&amp;#215;800\" data-image-description=\"\" data-image-caption=\"\" data-medium-file=\"https:\/\/www.grieta.org.mx\/wp-content\/uploads\/2019\/06\/pdp_Constucci\u00f3nPredioOtom\u00ed_10052019_acc3-1200x800-300x200.jpg\" data-large-file=\"https:\/\/www.grieta.org.mx\/wp-content\/uploads\/2019\/06\/pdp_Constucci\u00f3nPredioOtom\u00ed_10052019_acc3-1200x800-1024x683.jpg\" class=\"aligncenter wp-image-35427\" src=\"http:\/\/www.grieta.org.mx\/wp-content\/uploads\/2019\/06\/pdp_Constucci\u00f3nPredioOtom\u00ed_10052019_acc3-1200x800-1024x683.jpg\" alt=\"\" width=\"800\" height=\"533\" srcset=\"https:\/\/www.grieta.org.mx\/wp-content\/uploads\/2019\/06\/pdp_Constucci\u00f3nPredioOtom\u00ed_10052019_acc3-1200x800-1024x683.jpg 1024w, https:\/\/www.grieta.org.mx\/wp-content\/uploads\/2019\/06\/pdp_Constucci\u00f3nPredioOtom\u00ed_10052019_acc3-1200x800-300x200.jpg 300w, https:\/\/www.grieta.org.mx\/wp-content\/uploads\/2019\/06\/pdp_Constucci\u00f3nPredioOtom\u00ed_10052019_acc3-1200x800-768x512.jpg 768w, https:\/\/www.grieta.org.mx\/wp-content\/uploads\/2019\/06\/pdp_Constucci\u00f3nPredioOtom\u00ed_10052019_acc3-1200x800-750x500.jpg 750w, https:\/\/www.grieta.org.mx\/wp-content\/uploads\/2019\/06\/pdp_Constucci\u00f3nPredioOtom\u00ed_10052019_acc3-1200x800.jpg 1200w\" sizes=\"auto, (max-width: 800px) 100vw, 800px\" \/><\/a><\/p>\n<p><strong>La amenaza del desalojo<\/strong><\/p>\n<p>Desde principio de este a\u00f1o, la comunidad otom\u00ed denunci\u00f3 el incremento de las agresiones por parte de los vecinos de la zona (una zona de alto poder adquisitivo), quienes empezaron a pedir un segundo desalojo bajo el argumento de que eran invasores, narcotraficantes, \u201crateros\u201d y que \u201cafeaban la calle\u201d. Las compa\u00f1eras otom\u00edes denunciaron en ese momento que hab\u00eda vecinos quienes les hab\u00edan puesto veneno de rata y quienes hab\u00edan llegado hasta a echarles agua hirviendo desde sus ventanas a los ni\u00f1os de la comunidad quienes juegan en la calle a falta de un mejor lugar en d\u00f3nde hacerlo.<\/p>\n<p>A petici\u00f3n de algunos de estos vecinos tambi\u00e9n les clausuraron una fuente cercana que les hab\u00eda servido para abastecerse de agua para suplir sus necesidades b\u00e1sicas como el lavado de manos.<\/p>\n<p>La demanda de la comunidad desde 2017 ha sido simple: vivienda digna. Ellos explican que esta vivienda no la quieren regalada, sino pagada, pero desde hace ya casi tres a\u00f1os, el gobierno de la Ciudad de M\u00e9xico -en administraciones encabezadas tanto por Miguel \u00c1ngel Mancera como por Claudia Sheinbaum- no ha hecho m\u00e1s que darles largas y hacer promesas con las que no ha cumplido.<\/p>\n<p>En un comunicado reciente denunciaron que, apenas tom\u00f3 su cargo en el 2018 Larisa Ortiz Quintero al frente de la SEPI (Secretar\u00eda de Pueblos y Barrios Originarios y Comunidades Ind\u00edgenas Residentes), la funcionaria recorri\u00f3 tres predios habitados por comunidades otom\u00edes (Roma 18 en la colonia Ju\u00e1rez; Guanajuato 200 y Zacatecas 74 en la colonia Roma) en donde prometi\u00f3 levantar censos, dar apoyos econ\u00f3micos y ayudar con carpas, pipas de agua y sanitarios m\u00f3viles. Pero a decir del comunicado todo fue \u201cpura promesa\u201d: \u201cHasta la fecha no hemos recibido absolutamente nada. Desde la llegada de la pandemia por el Coronavirus (COVID-19) la comunidad ha sido afectada ya que nosotros tenemos que trabajar en la calle para sostener a nuestras familias y vivimos al d\u00eda\u201d.<\/p>\n<p>En el comunicado mencionaron los apoyos ofrecidos por la SEPI, al igual que por el gobierno del Claudia Sheinbaum, a los cuales no pueden acceder ya que est\u00e1n condicionados a su incorporaci\u00f3n al padr\u00f3n del SEPI o a la entrega de documentaci\u00f3n que avale que tienen un local, requisitos con los cuales no cumplen, ya que su comunidad se dedica al comercio ambulante de artesan\u00edas, manzana de chamoy y limpieza de parabrisas en la v\u00eda p\u00fablica. En el comunicado aclaran que \u201cnadie de la comunidad de estos tres campamentos ha recibido nada del gobierno\u201d.<\/p>\n<p><iframe loading=\"lazy\" style=\"border: none; overflow: hidden;\" src=\"https:\/\/www.facebook.com\/plugins\/video.php?href=https%3A%2F%2Fwww.facebook.com%2Fcoordinacionmetropolitana%2Fvideos%2F917726845355009%2F&amp;show_text=0&amp;width=560\" scrolling=\"no\" allowfullscreen=\"allowfullscreen\" width=\"560\" height=\"315\" frameborder=\"0\"><\/iframe><\/p>\n<p><strong>La organizaci\u00f3n comunitaria y la supervivencia<\/strong><\/p>\n<p>El desmantelamiento del campo y la falta de oportunidades laborales hicieron que muchas de estas familias migraran desde su comunidad de origen, Santiago Mexquititl\u00e1n, hacia la ciudad en busca de trabajo, escuelas y lugares donde habitar. Sin embargo, pese a que dejaron atr\u00e1s su n\u00facleo geogr\u00e1fico, algo que persiste entre los miembros de la comunidad otom\u00ed en la Ciudad de M\u00e9xico es su sentido de identidad, en torno a la cual se organizan y apoyan. Ellos lo explican claro: \u201cNo es tan f\u00e1cil corrernos porque tenemos organizaci\u00f3n.\u201d<\/p>\n<p>Los predios que han ocupado desde hace m\u00e1s de 20 a\u00f1os los han habitado, no como familias nucleares individuales, sino como una comunidad amplia con un tejido y una identidad firmemente establecida. Para vivir en la ciudad, las familias otom\u00edes de los tres predios arriba mencionados se organizan para sortear las dificultades que les impone el d\u00eda a d\u00eda (las cuotas que cobran las alcald\u00edas, los desalojos, etc.) Tambi\u00e9n se organizan para acudir a las marchas, como las de cada 26, a las que acudieron en apoyo a las madres de los 43 desaparecidos de Ayotzinapa, o las protestas por la memoria de Samir Flores Soberanes. Tambi\u00e9n se coordinan en sus viajes para surtir productos, llevar a los ni\u00f1os a la escuela, etc. Todos los ni\u00f1os de esta comunidad asisten a la escuela Alberto Correa, una escuela aut\u00f3noma otom\u00ed en la calle de Monterrey, en la colonia Roma, que tambi\u00e9n est\u00e1 bajo amenaza constante de cerrarse.<\/p>\n<figure id=\"attachment_29486\" aria-describedby=\"caption-attachment-29486\" style=\"width: 800px\" class=\"wp-caption aligncenter\"><a href=\"http:\/\/www.grieta.org.mx\/wp-content\/uploads\/2019\/02\/Captura-de-pantalla-2019-02-23-12.27.53.png\"><img loading=\"lazy\" decoding=\"async\" data-attachment-id=\"29486\" data-permalink=\"https:\/\/www.grieta.org.mx\/index.php\/2019\/02\/22\/samir-no-murio-el-estado-lo-mato-clamor-de-miles-en-la-marcha-para-exigir-justicia-se-anuncia-boicot-a-consulta-impuesta-cdmx\/captura-de-pantalla-2019-02-23-12-27-53\/\" data-orig-file=\"https:\/\/www.grieta.org.mx\/wp-content\/uploads\/2019\/02\/Captura-de-pantalla-2019-02-23-12.27.53.png\" data-orig-size=\"533,299\" data-comments-opened=\"0\" data-image-meta=\"{&quot;aperture&quot;:&quot;0&quot;,&quot;credit&quot;:&quot;&quot;,&quot;camera&quot;:&quot;&quot;,&quot;caption&quot;:&quot;&quot;,&quot;created_timestamp&quot;:&quot;0&quot;,&quot;copyright&quot;:&quot;&quot;,&quot;focal_length&quot;:&quot;0&quot;,&quot;iso&quot;:&quot;0&quot;,&quot;shutter_speed&quot;:&quot;0&quot;,&quot;title&quot;:&quot;&quot;,&quot;orientation&quot;:&quot;0&quot;}\" data-image-title=\"Captura de pantalla 2019-02-23 12.27.53\" data-image-description=\"\" data-image-caption=\"\" data-medium-file=\"https:\/\/www.grieta.org.mx\/wp-content\/uploads\/2019\/02\/Captura-de-pantalla-2019-02-23-12.27.53-300x168.png\" data-large-file=\"https:\/\/www.grieta.org.mx\/wp-content\/uploads\/2019\/02\/Captura-de-pantalla-2019-02-23-12.27.53.png\" class=\"wp-image-29486\" src=\"http:\/\/www.grieta.org.mx\/wp-content\/uploads\/2019\/02\/Captura-de-pantalla-2019-02-23-12.27.53.png\" alt=\"\" width=\"800\" height=\"449\" srcset=\"https:\/\/www.grieta.org.mx\/wp-content\/uploads\/2019\/02\/Captura-de-pantalla-2019-02-23-12.27.53.png 533w, https:\/\/www.grieta.org.mx\/wp-content\/uploads\/2019\/02\/Captura-de-pantalla-2019-02-23-12.27.53-300x168.png 300w\" sizes=\"auto, (max-width: 800px) 100vw, 800px\" \/><\/a><figcaption id=\"caption-attachment-29486\" class=\"wp-caption-text\">Foto: Colectivo Grieta. Mujeres de la comunidad otom\u00ed residente en la CDMX en la marcha en memoria de Samir Flores Soberanes.<\/figcaption><\/figure>\n<p>En este sentido, los miembros de esta comunidad explican que las opciones que se han abierto para ellos han venido de la organizaci\u00f3n: en el momento del desalojo fueron las organizaciones quienes los apoyaron y, hoy en d\u00eda, son las redes y organizaciones quienes est\u00e1n apoyando con la campa\u00f1a de v\u00edveres para que puedan sortear la crisis provocada por la pandemia del COVID-19. Sin embargo, la situaci\u00f3n es muy dif\u00edcil.<\/p>\n<p>En su comunicado explican que est\u00e1n sobreviviendo \u201cgracias a la solidaridad de las organizaciones, colectivos e individuos y del pueblo consciente, ya que nos han apoyado con despensa y apoyos econ\u00f3micos. No nos han dejado solos.\u201d<\/p>\n<p>Sin embargo, esto no impide que denuncien la responsabilidad que tienen los gobiernos para proteger a quienes lo necesitan. Y as\u00ed afirman en su comunicado: \u201cHoy queremos decirle al gobierno local y federal que si no nos mata el COVID-19, nos matar\u00e1 el hambre. Hacemos responsables a las autoridades de lo que nos llegue a suceder como habitantes de la comunidad, porque ustedes tienen la obligaci\u00f3n constitucional de apoyar y ayudar a todos los pueblos y comunidades ind\u00edgenas de M\u00e9xico, y no s\u00f3lo a quienes son parte de sus militantes u organizaciones del partido.\u201d<\/p>\n<p>Adem\u00e1s de responsabilizar \u201ca Claudia Sheinbaum Pardo, de la grave situaci\u00f3n que vive la Comunidad Ind\u00edgena Otom\u00ed, para hacer frente a la crisis de salud p\u00fablica\u201d, la Comunidad Ind\u00edgena Residente en la CDMX invita a solidarizarse con ellos ya que su situaci\u00f3n es grave debido a que en el campamento viven \u201cvarias personas adultas mayores, madres embarazadas, compa\u00f1eras con capacidades diferentes, compa\u00f1eros con padecimientos de salud, ni\u00f1os, y beb\u00e9s reci\u00e9n nacidos.\u201d<strong> Su<\/strong> <a href=\"https:\/\/www.congresonacionalindigena.org\/2020\/03\/26\/acopio-de-viveres-para-la-comunidad-indigena-otomi-ante-la-amenaza-del-covid-19\/\">solicitud<\/a> <strong>es que la gente solidaria apoye a trav\u00e9s del acopio de v\u00edveres, enlatados, agua, leche y art\u00edculos de aseo personal, papel de ba\u00f1o, alcohol y gel. El centro de acopio est\u00e1 en la Calle de Guanajuato 200, Col. Roma, Alcald\u00eda Cuauht\u00e9moc y la cuenta en la que se puede depositar apoyo econ\u00f3mico es la tarjeta No. 4766 8412 0642 3694 de Citibanamex Saldazo, a nombre de Roberto Anastacio Pedro<\/strong>.<\/p>\n<p><a href=\"http:\/\/www.grieta.org.mx\/wp-content\/uploads\/2020\/04\/112F5113-11B8-4D60-A3F7-583529BF5F0A-1200x900.jpeg\"><img loading=\"lazy\" decoding=\"async\" data-attachment-id=\"47796\" data-permalink=\"https:\/\/www.grieta.org.mx\/index.php\/2020\/04\/14\/ser-otomi-aqui-y-alla-en-los-tiempos-del-covid-19-parte-1-de-2-la-comunidad-otomi-en-la-ciudad-en-mexico-llama-a-solidarizarse\/112f5113-11b8-4d60-a3f7-583529bf5f0a-1200x900\/\" data-orig-file=\"https:\/\/www.grieta.org.mx\/wp-content\/uploads\/2020\/04\/112F5113-11B8-4D60-A3F7-583529BF5F0A-1200x900.jpeg\" data-orig-size=\"1200,900\" data-comments-opened=\"0\" data-image-meta=\"{&quot;aperture&quot;:&quot;0&quot;,&quot;credit&quot;:&quot;&quot;,&quot;camera&quot;:&quot;&quot;,&quot;caption&quot;:&quot;&quot;,&quot;created_timestamp&quot;:&quot;0&quot;,&quot;copyright&quot;:&quot;&quot;,&quot;focal_length&quot;:&quot;0&quot;,&quot;iso&quot;:&quot;0&quot;,&quot;shutter_speed&quot;:&quot;0&quot;,&quot;title&quot;:&quot;&quot;,&quot;orientation&quot;:&quot;0&quot;}\" data-image-title=\"112F5113-11B8-4D60-A3F7-583529BF5F0A-1200&amp;#215;900\" data-image-description=\"\" data-image-caption=\"\" data-medium-file=\"https:\/\/www.grieta.org.mx\/wp-content\/uploads\/2020\/04\/112F5113-11B8-4D60-A3F7-583529BF5F0A-1200x900-300x225.jpeg\" data-large-file=\"https:\/\/www.grieta.org.mx\/wp-content\/uploads\/2020\/04\/112F5113-11B8-4D60-A3F7-583529BF5F0A-1200x900-1024x768.jpeg\" class=\"aligncenter wp-image-47796\" src=\"http:\/\/www.grieta.org.mx\/wp-content\/uploads\/2020\/04\/112F5113-11B8-4D60-A3F7-583529BF5F0A-1200x900-1024x768.jpeg\" alt=\"\" width=\"800\" height=\"600\" srcset=\"https:\/\/www.grieta.org.mx\/wp-content\/uploads\/2020\/04\/112F5113-11B8-4D60-A3F7-583529BF5F0A-1200x900-1024x768.jpeg 1024w, https:\/\/www.grieta.org.mx\/wp-content\/uploads\/2020\/04\/112F5113-11B8-4D60-A3F7-583529BF5F0A-1200x900-300x225.jpeg 300w, https:\/\/www.grieta.org.mx\/wp-content\/uploads\/2020\/04\/112F5113-11B8-4D60-A3F7-583529BF5F0A-1200x900-768x576.jpeg 768w, https:\/\/www.grieta.org.mx\/wp-content\/uploads\/2020\/04\/112F5113-11B8-4D60-A3F7-583529BF5F0A-1200x900-667x500.jpeg 667w, https:\/\/www.grieta.org.mx\/wp-content\/uploads\/2020\/04\/112F5113-11B8-4D60-A3F7-583529BF5F0A-1200x900.jpeg 1200w\" sizes=\"auto, (max-width: 800px) 100vw, 800px\" \/><\/a><\/p>\n","protected":false},"excerpt":{"rendered":"<p>Ante la gravedad de su situaci\u00f3n solicitan v\u00edveres, enlatados, agua, leche y art\u00edculos de aseo personal, papel de ba\u00f1o, alcohol y gel. El centro de acopio est\u00e1 en la Calle &hellip; <a href=\"https:\/\/www.grieta.org.mx\/index.php\/2020\/04\/14\/ser-otomi-aqui-y-alla-en-los-tiempos-del-covid-19-parte-1-de-2-la-comunidad-otomi-en-la-ciudad-en-mexico-llama-a-solidarizarse\/\" class=\"more-link\">Leer m\u00e1s<\/a><\/p>\n","protected":false},"author":1,"featured_media":47795,"comment_status":"closed","ping_status":"closed","sticky":false,"template":"","format":"standard","meta":{"ngg_post_thumbnail":0,"_jetpack_newsletter_access":"","_jetpack_dont_email_post_to_subs":false,"_jetpack_newsletter_tier_id":0,"_jetpack_memberships_contains_paywalled_content":false,"_jetpack_memberships_contains_paid_content":false,"footnotes":""},"categories":[80,14,1775,3295,1026,2615,2],"tags":[2691,3241,1028,2727,788,1031],"class_list":["post-47793","post","type-post","status-publish","format-standard","has-post-thumbnail","hentry","category-cintillo","category-ciudad-de-mexico","category-colectivo-grieta","category-covid-19-en-ciudad-de-mexico","category-damnificados-por-el-sismo-del-19-de-septiembre","category-desalojos-en-la-ciudad-de-mexico","category-noticias-nacionales","tag-comunidad-otomi","tag-covid-19","tag-damnificados","tag-despojo-de-vivienda","tag-inmobiliarias","tag-otomies","entry"],"jetpack_featured_media_url":"https:\/\/www.grieta.org.mx\/wp-content\/uploads\/2020\/04\/Captura-de-pantalla-2020-04-14-a-las-12.18.55-a.m..png","jetpack_sharing_enabled":true,"jetpack_shortlink":"https:\/\/wp.me\/p7ZJR4-cqR","jetpack_likes_enabled":false,"jetpack-related-posts":[{"id":46484,"url":"https:\/\/www.grieta.org.mx\/index.php\/2020\/03\/23\/grave-situacion-que-vive-la-comunidad-otomi-en-la-ciudad-de-mexico-ante-covid-19\/","url_meta":{"origin":47793,"position":0},"title":"Grave, situaci\u00f3n que vive la comunidad otom\u00ed en la Ciudad de M\u00e9xico ante Covid-19","author":"grieta","date":"23 marzo, 2020","format":false,"excerpt":"Foto tomada de: www.somoselmedio.com Mercedes Matz\/@abraxas_m \/ Somos el medio Filiberto Margarito Juan, concejal de la comunidad otom\u00ed residente de la Ciudad de M\u00e9xico, calific\u00f3 como grave la situaci\u00f3n que enfrentan alrededor de 110 familias pertenecientes a la comunidad a consecuencia de la falta de acceso al agua, y al\u2026","rel":"","context":"En &quot;CINTILLO&quot;","block_context":{"text":"CINTILLO","link":"https:\/\/www.grieta.org.mx\/index.php\/category\/cintillo\/"},"img":{"alt_text":"","src":"https:\/\/i0.wp.com\/www.grieta.org.mx\/wp-content\/uploads\/2020\/03\/Grave-situaci%C3%B3n-que-vive-la-comunidad-otom%C3%AD-en-la-Ciudad-de-M%C3%A9xico-ante-Covid-19-cdmx-mzo.jpeg?resize=350%2C200&ssl=1","width":350,"height":200,"srcset":"https:\/\/i0.wp.com\/www.grieta.org.mx\/wp-content\/uploads\/2020\/03\/Grave-situaci%C3%B3n-que-vive-la-comunidad-otom%C3%AD-en-la-Ciudad-de-M%C3%A9xico-ante-Covid-19-cdmx-mzo.jpeg?resize=350%2C200&ssl=1 1x, https:\/\/i0.wp.com\/www.grieta.org.mx\/wp-content\/uploads\/2020\/03\/Grave-situaci%C3%B3n-que-vive-la-comunidad-otom%C3%AD-en-la-Ciudad-de-M%C3%A9xico-ante-Covid-19-cdmx-mzo.jpeg?resize=525%2C300&ssl=1 1.5x"},"classes":[]},{"id":55811,"url":"https:\/\/www.grieta.org.mx\/index.php\/2020\/12\/17\/represion-a-la-comunidad-otomi-en-la-ciudad-de-mexico-videos\/","url_meta":{"origin":47793,"position":1},"title":"Represi\u00f3n a la comunidad Otom\u00ed en la Ciudad de M\u00e9xico (Videos)","author":"grieta","date":"17 diciembre, 2020","format":false,"excerpt":"Colectivo Grieta Hoy, 17 de diciembre del 2020 por la ma\u00f1ana, la polic\u00eda de la Ciudad de M\u00e9xico detuvo, con abuso de fuerza, a integrantes de la comunidad Otom\u00ed, entre ellos al Concejal del CNI-CIG Filiberto Margarito, tambi\u00e9n fue detenido el asesor de la comunidad Otom\u00ed Diego Garc\u00eda y otros\u2026","rel":"","context":"En &quot;CIG&quot;","block_context":{"text":"CIG","link":"https:\/\/www.grieta.org.mx\/index.php\/category\/cig\/"},"img":{"alt_text":"","src":"https:\/\/i0.wp.com\/www.grieta.org.mx\/wp-content\/uploads\/2020\/12\/imageso.jpg?resize=350%2C200","width":350,"height":200},"classes":[]},{"id":26937,"url":"https:\/\/www.grieta.org.mx\/index.php\/2018\/09\/20\/comunicado-del-cni-cig-ante-la-represion-a-la-comunidad-otomi-radicada-en-la-cdmx\/","url_meta":{"origin":47793,"position":2},"title":"Comunicado del CNI-CIG ante la represi\u00f3n a la comunidad otom\u00ed, radicada en la CDMX","author":"grieta","date":"20 septiembre, 2018","format":false,"excerpt":"Al pueblo de M\u00e9xico A las redes de apoyo al CIG A la Sexta Nacional e Internacional A los medios de comunicaci\u00f3n Ante el ataque perpetrado por el mal gobierno en contra de nuestros compa\u00f1eros y compa\u00f1eras de la comunidad otom\u00ed radicada en la Ciudad de M\u00e9xico, el Congreso Nacional\u2026","rel":"","context":"En &quot;CIG&quot;","block_context":{"text":"CIG","link":"https:\/\/www.grieta.org.mx\/index.php\/category\/cig\/"},"img":{"alt_text":"","src":"https:\/\/i0.wp.com\/www.grieta.org.mx\/wp-content\/uploads\/2018\/03\/14524434_1106112876131411_958039263622046936_o.jpg?resize=350%2C200&ssl=1","width":350,"height":200,"srcset":"https:\/\/i0.wp.com\/www.grieta.org.mx\/wp-content\/uploads\/2018\/03\/14524434_1106112876131411_958039263622046936_o.jpg?resize=350%2C200&ssl=1 1x, https:\/\/i0.wp.com\/www.grieta.org.mx\/wp-content\/uploads\/2018\/03\/14524434_1106112876131411_958039263622046936_o.jpg?resize=525%2C300&ssl=1 1.5x, https:\/\/i0.wp.com\/www.grieta.org.mx\/wp-content\/uploads\/2018\/03\/14524434_1106112876131411_958039263622046936_o.jpg?resize=700%2C400&ssl=1 2x"},"classes":[]},{"id":42173,"url":"https:\/\/www.grieta.org.mx\/index.php\/2019\/12\/07\/temen-desalojo-contra-comunidad-otomi-en-la-ciudad-de-mexico\/","url_meta":{"origin":47793,"position":3},"title":"Temen desalojo contra comunidad otom\u00ed en la Ciudad de M\u00e9xico","author":"grieta","date":"7 diciembre, 2019","format":false,"excerpt":"Foto: Notoriox Mercedes Matz \/ Notoriox Integrantes de la comunidad Ind\u00edgena Otom\u00ed Residente en la Ciudad de M\u00e9xico denunciaron la amenaza de un desalojo en su contra que podr\u00eda llevarse \u201cen cualquier momento\u201d por parte de las autoridades de la alcald\u00eda Cuauht\u00e9moc y del gobierno capitalino. El pasado mi\u00e9rcoles 4\u2026","rel":"","context":"En &quot;CINTILLO&quot;","block_context":{"text":"CINTILLO","link":"https:\/\/www.grieta.org.mx\/index.php\/category\/cintillo\/"},"img":{"alt_text":"","src":"https:\/\/i0.wp.com\/www.grieta.org.mx\/wp-content\/uploads\/2019\/12\/Temen-desalojo-contra-comunidad-otom%C3%AD-en-la-Ciudad-de-M%C3%A9xico-dic.jpg?resize=350%2C200&ssl=1","width":350,"height":200,"srcset":"https:\/\/i0.wp.com\/www.grieta.org.mx\/wp-content\/uploads\/2019\/12\/Temen-desalojo-contra-comunidad-otom%C3%AD-en-la-Ciudad-de-M%C3%A9xico-dic.jpg?resize=350%2C200&ssl=1 1x, https:\/\/i0.wp.com\/www.grieta.org.mx\/wp-content\/uploads\/2019\/12\/Temen-desalojo-contra-comunidad-otom%C3%AD-en-la-Ciudad-de-M%C3%A9xico-dic.jpg?resize=525%2C300&ssl=1 1.5x"},"classes":[]},{"id":22057,"url":"https:\/\/www.grieta.org.mx\/index.php\/2018\/02\/26\/cdmx-denuncian-intimidacion-de-policia-contra-damnificados-otomis\/","url_meta":{"origin":47793,"position":4},"title":"CDMX: Denuncian intimidaci\u00f3n de polic\u00eda contra damnificados otom\u00eds","author":"grieta","date":"26 febrero, 2018","format":false,"excerpt":"Elementos de polic\u00eda de la CDMX arribaron en horas de la madrugada al campamento de damnificados por sismo pertenecientes a comunidad otom\u00ed. Temen desalojo Regeneraci\u00f3n, 26 de febrero del 2018. Integrantes del campamento de damnificados otom\u00eds de la Ciudad de Mexico, denunciaron que hoy lunes 26 de febrero, aproximadamente a\u2026","rel":"","context":"En &quot;CINTILLO&quot;","block_context":{"text":"CINTILLO","link":"https:\/\/www.grieta.org.mx\/index.php\/category\/cintillo\/"},"img":{"alt_text":"","src":"https:\/\/i0.wp.com\/www.grieta.org.mx\/wp-content\/uploads\/2018\/03\/patrulla_.jpg?resize=350%2C200&ssl=1","width":350,"height":200,"srcset":"https:\/\/i0.wp.com\/www.grieta.org.mx\/wp-content\/uploads\/2018\/03\/patrulla_.jpg?resize=350%2C200&ssl=1 1x, https:\/\/i0.wp.com\/www.grieta.org.mx\/wp-content\/uploads\/2018\/03\/patrulla_.jpg?resize=525%2C300&ssl=1 1.5x, https:\/\/i0.wp.com\/www.grieta.org.mx\/wp-content\/uploads\/2018\/03\/patrulla_.jpg?resize=700%2C400&ssl=1 2x"},"classes":[]},{"id":54174,"url":"https:\/\/www.grieta.org.mx\/index.php\/2020\/10\/13\/la-comunidad-otomi-de-la-ciudad-de-mexico-toma-las-instalaciones-del-inpi\/","url_meta":{"origin":47793,"position":5},"title":"La comunidad Otom\u00ed de la Ciudad de M\u00e9xico toma las instalaciones del INPI","author":"grieta","date":"13 octubre, 2020","format":false,"excerpt":"Colectivo Grieta, 12 octubre de 2020 En el marco de la \"Jornada Nacional de Movilizaci\u00f3n en Defensa de la Madre Tierra, contra la guerra al EZLN, los pueblos y comunidades Ind\u00edgenas\", compa\u00f1eras y compa\u00f1eros de la comunidad Otom\u00ed de la Ciudad de M\u00e9xico acompa\u00f1adas por diversas organizaciones sociales, tomaron las\u2026","rel":"","context":"En &quot;Alto a la Guerra contra los pueblos zapatistas&quot;","block_context":{"text":"Alto a la Guerra contra los pueblos zapatistas","link":"https:\/\/www.grieta.org.mx\/index.php\/category\/redes-de-resistencia-y-rebeldia\/contra-la-guerra-al-ezln\/"},"img":{"alt_text":"","src":"https:\/\/i0.wp.com\/www.grieta.org.mx\/wp-content\/uploads\/2020\/10\/IMG_20201012_115801.jpg?resize=350%2C200&ssl=1","width":350,"height":200},"classes":[]}],"_links":{"self":[{"href":"https:\/\/www.grieta.org.mx\/index.php\/wp-json\/wp\/v2\/posts\/47793","targetHints":{"allow":["GET"]}}],"collection":[{"href":"https:\/\/www.grieta.org.mx\/index.php\/wp-json\/wp\/v2\/posts"}],"about":[{"href":"https:\/\/www.grieta.org.mx\/index.php\/wp-json\/wp\/v2\/types\/post"}],"author":[{"embeddable":true,"href":"https:\/\/www.grieta.org.mx\/index.php\/wp-json\/wp\/v2\/users\/1"}],"replies":[{"embeddable":true,"href":"https:\/\/www.grieta.org.mx\/index.php\/wp-json\/wp\/v2\/comments?post=47793"}],"version-history":[{"count":1,"href":"https:\/\/www.grieta.org.mx\/index.php\/wp-json\/wp\/v2\/posts\/47793\/revisions"}],"predecessor-version":[{"id":47844,"href":"https:\/\/www.grieta.org.mx\/index.php\/wp-json\/wp\/v2\/posts\/47793\/revisions\/47844"}],"wp:featuredmedia":[{"embeddable":true,"href":"https:\/\/www.grieta.org.mx\/index.php\/wp-json\/wp\/v2\/media\/47795"}],"wp:attachment":[{"href":"https:\/\/www.grieta.org.mx\/index.php\/wp-json\/wp\/v2\/media?parent=47793"}],"wp:term":[{"taxonomy":"category","embeddable":true,"href":"https:\/\/www.grieta.org.mx\/index.php\/wp-json\/wp\/v2\/categories?post=47793"},{"taxonomy":"post_tag","embeddable":true,"href":"https:\/\/www.grieta.org.mx\/index.php\/wp-json\/wp\/v2\/tags?post=47793"}],"curies":[{"name":"wp","href":"https:\/\/api.w.org\/{rel}","templated":true}]}}