{"id":47785,"date":"2020-04-10T20:28:51","date_gmt":"2020-04-11T01:28:51","guid":{"rendered":"http:\/\/www.grieta.org.mx\/?p=47785"},"modified":"2020-04-15T13:39:38","modified_gmt":"2020-04-15T18:39:38","slug":"nueva-protesta-en-hospital-de-chetumal-denuncian-enfermeras-que-se-maquillan-cifras-al-calificar-de-neumonia-atipica-posibles-casos-de-covid-19-reclaman-equipos-e-insumos-para-aten","status":"publish","type":"post","link":"https:\/\/www.grieta.org.mx\/index.php\/2020\/04\/10\/nueva-protesta-en-hospital-de-chetumal-denuncian-enfermeras-que-se-maquillan-cifras-al-calificar-de-neumonia-atipica-posibles-casos-de-covid-19-reclaman-equipos-e-insumos-para-aten\/","title":{"rendered":"Nueva protesta en hospital de Chetumal: Denuncian enfermeras que se \u2018maquillan\u2019 cifras al calificar de neumon\u00eda at\u00edpica posibles casos de COVID-19; reclaman equipos e insumos para atender a pacientes"},"content":{"rendered":"<p><img loading=\"lazy\" decoding=\"async\" data-attachment-id=\"47846\" data-permalink=\"https:\/\/www.grieta.org.mx\/index.php\/2020\/04\/10\/nueva-protesta-en-hospital-de-chetumal-denuncian-enfermeras-que-se-maquillan-cifras-al-calificar-de-neumonia-atipica-posibles-casos-de-covid-19-reclaman-equipos-e-insumos-para-aten\/hospitalchetumal\/\" data-orig-file=\"https:\/\/www.grieta.org.mx\/wp-content\/uploads\/2020\/04\/HospitalChetumal.png\" data-orig-size=\"578,285\" data-comments-opened=\"0\" data-image-meta=\"{&quot;aperture&quot;:&quot;0&quot;,&quot;credit&quot;:&quot;&quot;,&quot;camera&quot;:&quot;&quot;,&quot;caption&quot;:&quot;&quot;,&quot;created_timestamp&quot;:&quot;0&quot;,&quot;copyright&quot;:&quot;&quot;,&quot;focal_length&quot;:&quot;0&quot;,&quot;iso&quot;:&quot;0&quot;,&quot;shutter_speed&quot;:&quot;0&quot;,&quot;title&quot;:&quot;&quot;,&quot;orientation&quot;:&quot;0&quot;}\" data-image-title=\"HospitalChetumal\" data-image-description=\"\" data-image-caption=\"\" data-medium-file=\"https:\/\/www.grieta.org.mx\/wp-content\/uploads\/2020\/04\/HospitalChetumal-300x148.png\" data-large-file=\"https:\/\/www.grieta.org.mx\/wp-content\/uploads\/2020\/04\/HospitalChetumal.png\" src=\"http:\/\/www.grieta.org.mx\/wp-content\/uploads\/2020\/04\/HospitalChetumal.png\" alt=\"\" width=\"578\" height=\"285\" class=\"aligncenter size-full wp-image-47846\" srcset=\"https:\/\/www.grieta.org.mx\/wp-content\/uploads\/2020\/04\/HospitalChetumal.png 578w, https:\/\/www.grieta.org.mx\/wp-content\/uploads\/2020\/04\/HospitalChetumal-300x148.png 300w\" sizes=\"auto, (max-width: 578px) 100vw, 578px\" \/><br \/>\nRafael Brice\u00f1o \/ Noticaribe<\/p>\n<p>CHETUMAL, MX.- Al confirmar que en el Hospital General se \u201cmaquillan\u201d cifras al calificar de neumon\u00edas at\u00edpicas los posibles casos de COVID-19, personal de enfermer\u00eda confirm\u00f3 la situaci\u00f3n que prevalece al interior del nosocomio al estar expuestos al contagio por la falta de un \u00e1rea aislada y de equipo e insumos para atender a los pacientes.<\/p>\n<p>Por tercera ocasi\u00f3n en dos semanas, los trabajadores se manifestaron para denunciar que hasta el momento no han recibido el equipo de protecci\u00f3n comprometido por el director Arturo Arcos Aponte y la secretar\u00eda de Salud y \u00fanicamente les han entregado un cubrebocas y material que no re\u00fane las especificaciones por la Organizaci\u00f3n Mundial de la Salud (OMS) para atender esta pandemia.<\/p>\n<p>Mar\u00eda Isabel P\u00e9rez Crisanto denunci\u00f3 que los derechos laborales del personal son violentados al ser obligados a permanecer en el hospital a pesar de encontrarse dentro del grupo vulnerable y que debe permanecer en sus casas por decreto presidencial y ser rotados por todo el hospital. Incluso, dijo que est\u00e1n siendo amenazados para trabajar en \u00e1reas posiblemente contaminadas.<\/p>\n<p>Est\u00e1n poniendo en riesgo nuestra salud y la de nuestras familias y ya estamos cansados porque nos mandan a la guerra sin fusil, afirm\u00f3.<\/p>\n<p>Dijo que como trabajador del sector salud tienen obligaciones, \u201cpero tambi\u00e9n derecho a que la Secretar\u00eda nos proporcione el equipo y uniforme necesario, ya que no tenemos cubrebocas N95 y solo nos han dado uno cuya durabilidad es de media hora o quiz\u00e1 tres\u201d.<\/p>\n<p>Reiter\u00f3 que la Secretar\u00eda, la direcci\u00f3n del nosocomio y el s\u00edndico no respeta el decreto presidencial de que las personas con enfermedades cr\u00f3nico degenerativas deben estar en sus casas<\/p>\n<p>\u201cSomos trabajadores responsables y no nos negamos a trabajar, pero exigimos que nos entreguen el equipo y uniforme para garantizar nuestra salud y de nuestras familias\u201d, subray\u00f3.<\/p>\n<p>P\u00e9rez Crisanto confirm\u00f3 que hay casos que se manejan como neumon\u00eda at\u00edpica y se manejan en \u00e1reas que no se encuentran aisladas \u201cy el riesgo es demasiado alto para todo el personal\u201d.<\/p>\n<p>A lo mejor lo est\u00e1n manejando as\u00ed para no alarmar a la poblaci\u00f3n pero la verdad nos estamos viendo muy afectados y llegar\u00e1 el momento que nos neguemos a trabajar si no nos entregar el material y uniforme necesario, explic\u00f3. <\/p>\n<p>A nombre de sus compa\u00f1eros, confirm\u00f3 que hasta el momento la Secretar\u00eda no ha entregado el equipo comprometido desde hace dos semanas para atender a pacientes con COVID-19, y \u201cdesde que ponemos un pie en el hospital el riego es para morir porque no tenemos como protegernos\u201d.<\/p>\n<p>Los trabajadores inconformes han enviado una carta al gobernador del Estado Carlos Joaqu\u00edn Gonz\u00e1lez y a la comisi\u00f3n de Derechos Humanos para darles a conocer la situaci\u00f3n al interior del Hospital General<\/p>\n<p><a href=\"https:\/\/noticaribe.com.mx\/2020\/04\/10\/nueva-protesta-en-hospital-de-chetumal-denuncian-enfermeras-que-se-maquillan-cifras-al-calificar-de-neumonia-atipica-posibles-casos-de-covid-19-reclaman-equipos-e-insumos-para-atender-a-paciente\/\" rel=\"noopener noreferrer\" target=\"_blank\">https:\/\/noticaribe.com.mx\/2020\/04\/10\/nueva-protesta-en-hospital-de-chetumal-denuncian-enfermeras-que-se-maquillan-cifras-al-calificar-de-neumonia-atipica-posibles-casos-de-covid-19-reclaman-equipos-e-insumos-para-atender-a-paciente\/<\/a><\/p>\n","protected":false},"excerpt":{"rendered":"<p>Rafael Brice\u00f1o \/ Noticaribe CHETUMAL, MX.- Al confirmar que en el Hospital General se \u201cmaquillan\u201d cifras al calificar de neumon\u00edas at\u00edpicas los posibles casos de COVID-19, personal de enfermer\u00eda confirm\u00f3 &hellip; <a href=\"https:\/\/www.grieta.org.mx\/index.php\/2020\/04\/10\/nueva-protesta-en-hospital-de-chetumal-denuncian-enfermeras-que-se-maquillan-cifras-al-calificar-de-neumonia-atipica-posibles-casos-de-covid-19-reclaman-equipos-e-insumos-para-aten\/\" class=\"more-link\">Leer m\u00e1s<\/a><\/p>\n","protected":false},"author":2,"featured_media":47846,"comment_status":"closed","ping_status":"closed","sticky":false,"template":"","format":"standard","meta":{"ngg_post_thumbnail":0,"_jetpack_newsletter_access":"","_jetpack_dont_email_post_to_subs":false,"_jetpack_newsletter_tier_id":0,"_jetpack_memberships_contains_paywalled_content":false,"_jetpack_memberships_contains_paid_content":false,"footnotes":""},"categories":[80,3279,918,2853,2,28,83],"tags":[3241,2367],"class_list":["post-47785","post","type-post","status-publish","format-standard","has-post-thumbnail","hentry","category-cintillo","category-covid-19-en-quintana-roo","category-privatizacion-del-sector-salud","category-crisis-en-el-sector-salud-en-quintana-roo","category-noticias-nacionales","category-quintana-roo","category-temas-nacionales","tag-covid-19","tag-crisis-en-el-sector-salud","entry"],"jetpack_featured_media_url":"https:\/\/www.grieta.org.mx\/wp-content\/uploads\/2020\/04\/HospitalChetumal.png","jetpack_sharing_enabled":true,"jetpack_shortlink":"https:\/\/wp.me\/p7ZJR4-cqJ","jetpack_likes_enabled":false,"jetpack-related-posts":[{"id":48850,"url":"https:\/\/www.grieta.org.mx\/index.php\/2020\/05\/04\/tiene-presidente-obrador-otros-datos-para-federacion-hospitales-covid-19-de-chetumal-y-tulum-ya-estan-funcionando-aunque-aun-no-pueden-recibir-pacientes\/","url_meta":{"origin":47785,"position":0},"title":"Tiene Presidente Obrador \u2018otros datos\u2019: Para Federaci\u00f3n, hospitales COVID-19 de Chetumal y Tulum ya est\u00e1n funcionando\u2026 aunque a\u00fan no pueden recibir pacientes","author":"grieta","date":"4 mayo, 2020","format":false,"excerpt":"AGENCIA SIM \/ Noticaribe CIUDAD DE M\u00c9XICO.- Desde el 15 de abril pasado, la Secretar\u00eda de la Defensa Nacional (Sedena) recibi\u00f3 las instalaciones del hospital oncol\u00f3gico de Chetumal, inmueble que servir\u00e1 para la atenci\u00f3n de pacientes del COVID-19, seg\u00fan anunci\u00f3 el propio presidente de M\u00e9xico, Andr\u00e9s Manuel L\u00f3pez Obrador, donde\u2026","rel":"","context":"En &quot;CINTILLO&quot;","block_context":{"text":"CINTILLO","link":"https:\/\/www.grieta.org.mx\/index.php\/category\/cintillo\/"},"img":{"alt_text":"","src":"https:\/\/i0.wp.com\/www.grieta.org.mx\/wp-content\/uploads\/2020\/05\/Hospital.png?resize=350%2C200&ssl=1","width":350,"height":200,"srcset":"https:\/\/i0.wp.com\/www.grieta.org.mx\/wp-content\/uploads\/2020\/05\/Hospital.png?resize=350%2C200&ssl=1 1x, https:\/\/i0.wp.com\/www.grieta.org.mx\/wp-content\/uploads\/2020\/05\/Hospital.png?resize=525%2C300&ssl=1 1.5x, https:\/\/i0.wp.com\/www.grieta.org.mx\/wp-content\/uploads\/2020\/05\/Hospital.png?resize=700%2C400&ssl=1 2x"},"classes":[]},{"id":49942,"url":"https:\/\/www.grieta.org.mx\/index.php\/2020\/05\/25\/protestan-en-el-hospital-general-de-cancun-personal-medico-demanda-la-entrega-de-equipo-de-seguridad\/","url_meta":{"origin":47785,"position":1},"title":"Protestan en el Hospital General de Canc\u00fan: Personal m\u00e9dico demanda la entrega de equipo de seguridad","author":"grieta","date":"25 mayo, 2020","format":false,"excerpt":"Noticaribe CANC\u00daN, MX.- Personal m\u00e9dico del hospital general \u201cJes\u00fas Kumate\u201d de Canc\u00fan, se manifest\u00f3 esta ma\u00f1ana para exigir les mejoren las condiciones para atender a pacientes que llegan con coronavirus COVID-19. M\u00e9dicos, enfermeras, camilleros y personal administrativo del nosocomio, denunciaron que directivos y funcionarios de la Secretar\u00eda estatal de Salud,\u2026","rel":"","context":"En &quot;CINTILLO&quot;","block_context":{"text":"CINTILLO","link":"https:\/\/www.grieta.org.mx\/index.php\/category\/cintillo\/"},"img":{"alt_text":"","src":"https:\/\/i0.wp.com\/www.grieta.org.mx\/wp-content\/uploads\/2020\/05\/ProtestaHospitalGralCancun-e1590849080818.png?resize=350%2C200&ssl=1","width":350,"height":200,"srcset":"https:\/\/i0.wp.com\/www.grieta.org.mx\/wp-content\/uploads\/2020\/05\/ProtestaHospitalGralCancun-e1590849080818.png?resize=350%2C200&ssl=1 1x, https:\/\/i0.wp.com\/www.grieta.org.mx\/wp-content\/uploads\/2020\/05\/ProtestaHospitalGralCancun-e1590849080818.png?resize=525%2C300&ssl=1 1.5x, https:\/\/i0.wp.com\/www.grieta.org.mx\/wp-content\/uploads\/2020\/05\/ProtestaHospitalGralCancun-e1590849080818.png?resize=700%2C400&ssl=1 2x"},"classes":[]},{"id":63373,"url":"https:\/\/www.grieta.org.mx\/index.php\/2022\/02\/12\/enfermeras-quedan-sin-trabajo-y-hasta-mueren-por-covid-19-quintana-roo\/","url_meta":{"origin":47785,"position":2},"title":"Enfermeras quedan sin trabajo y hasta mueren por COVID-19 (Quintana Roo)","author":"grieta","date":"12 febrero, 2022","format":false,"excerpt":"Efr\u00e9n Mart\u00edn \/ La Verdad Al menos el 70 por ciento de los 400 trabajadores de la salud que se desempe\u00f1aban como suplentes y que no fueron recontratados por la Secretar\u00eda de Salud al concluir enero, han dado positivo a COVID-19 y de ellos, ocho fallecieron sin recibir ning\u00fan tipo\u2026","rel":"","context":"En &quot;CINTILLO&quot;","block_context":{"text":"CINTILLO","link":"https:\/\/www.grieta.org.mx\/index.php\/category\/cintillo\/"},"img":{"alt_text":"","src":"https:\/\/i0.wp.com\/www.grieta.org.mx\/wp-content\/uploads\/2022\/02\/Enfermeras-e1644797796592.png?resize=350%2C200&ssl=1","width":350,"height":200,"srcset":"https:\/\/i0.wp.com\/www.grieta.org.mx\/wp-content\/uploads\/2022\/02\/Enfermeras-e1644797796592.png?resize=350%2C200&ssl=1 1x, https:\/\/i0.wp.com\/www.grieta.org.mx\/wp-content\/uploads\/2022\/02\/Enfermeras-e1644797796592.png?resize=525%2C300&ssl=1 1.5x, https:\/\/i0.wp.com\/www.grieta.org.mx\/wp-content\/uploads\/2022\/02\/Enfermeras-e1644797796592.png?resize=700%2C400&ssl=1 2x"},"classes":[]},{"id":63431,"url":"https:\/\/www.grieta.org.mx\/index.php\/2022\/02\/15\/nos-humillan-y-amenazan-medicos-del-hospital-de-chetumal-denuncian-abuso-laboral-quintana-roo\/","url_meta":{"origin":47785,"position":3},"title":"\u201cNos humillan y amenazan\u201d, m\u00e9dicos del hospital de Chetumal denuncian abuso laboral (Quintana Roo)","author":"grieta","date":"15 febrero, 2022","format":false,"excerpt":"Armando Galera Foto: Daniel Tejada \/ Novedades Quintana Roo Enfermeros, camilleros y doctores de suplencias exigen aumento de salario, vacaciones y poner fin al acoso de sus jefes. Por presunta explotaci\u00f3n laboral, amenazas y humillaciones, un grupo de 40 enfermeros, camilleros y doctores de suplencias de Chetumal presentaron una denuncia\u2026","rel":"","context":"En &quot;CINTILLO&quot;","block_context":{"text":"CINTILLO","link":"https:\/\/www.grieta.org.mx\/index.php\/category\/cintillo\/"},"img":{"alt_text":"","src":"https:\/\/i0.wp.com\/www.grieta.org.mx\/wp-content\/uploads\/2022\/02\/HospitalChetumal-e1645378815885.png?resize=350%2C200&ssl=1","width":350,"height":200,"srcset":"https:\/\/i0.wp.com\/www.grieta.org.mx\/wp-content\/uploads\/2022\/02\/HospitalChetumal-e1645378815885.png?resize=350%2C200&ssl=1 1x, https:\/\/i0.wp.com\/www.grieta.org.mx\/wp-content\/uploads\/2022\/02\/HospitalChetumal-e1645378815885.png?resize=525%2C300&ssl=1 1.5x, https:\/\/i0.wp.com\/www.grieta.org.mx\/wp-content\/uploads\/2022\/02\/HospitalChetumal-e1645378815885.png?resize=700%2C400&ssl=1 2x"},"classes":[]},{"id":55818,"url":"https:\/\/www.grieta.org.mx\/index.php\/2020\/12\/18\/se-extiende-reclamo-por-el-bono-covid-se-suma-personal-del-hospital-general-de-cancun-a-protestas-por-promesa-de-apoyo-presidencial\/","url_meta":{"origin":47785,"position":4},"title":"Se extiende reclamo por el  \u2018Bono Covid\u2019: Se suma personal del Hospital General de Canc\u00fan a protestas por promesa de apoyo presidencial","author":"grieta","date":"18 diciembre, 2020","format":false,"excerpt":"Sara\u00ed Reyes \/ Noticaribe CANC\u00daN, MX.- Alrededor de 50 trabajadores de la salud del Hospital General de Canc\u00fan se manifestaron este mediod\u00eda en las afueras de las instalaciones del nosocomio, para exigir el pago del \u2018bono COVID-19\u2019 que les prometi\u00f3 el gobierno federal a todos los de la primera l\u00ednea\u2026","rel":"","context":"En &quot;CINTILLO&quot;","block_context":{"text":"CINTILLO","link":"https:\/\/www.grieta.org.mx\/index.php\/category\/cintillo\/"},"img":{"alt_text":"","src":"https:\/\/i0.wp.com\/www.grieta.org.mx\/wp-content\/uploads\/2020\/12\/WhatsApp-Image-2020-12-18-at-1.07.00-PM-1.jpg?resize=350%2C200&ssl=1","width":350,"height":200,"srcset":"https:\/\/i0.wp.com\/www.grieta.org.mx\/wp-content\/uploads\/2020\/12\/WhatsApp-Image-2020-12-18-at-1.07.00-PM-1.jpg?resize=350%2C200&ssl=1 1x, https:\/\/i0.wp.com\/www.grieta.org.mx\/wp-content\/uploads\/2020\/12\/WhatsApp-Image-2020-12-18-at-1.07.00-PM-1.jpg?resize=525%2C300&ssl=1 1.5x"},"classes":[]},{"id":46640,"url":"https:\/\/www.grieta.org.mx\/index.php\/2020\/03\/24\/protestan-medicos-y-enfermeras-en-chetumal-denuncian-falta-de-cubrebocas-gel-antibacterial-y-medicamentos-para-enfrentar-el-coronavirus\/","url_meta":{"origin":47785,"position":5},"title":"Protestan m\u00e9dicos y enfermeras en Chetumal: Denuncian falta de cubrebocas, gel antibacterial y medicamentos para enfrentar el coronavirus","author":"grieta","date":"24 marzo, 2020","format":false,"excerpt":"Rafael Brice\u00f1o \/ Noticaribe CHETUMAL, MX.- Personal m\u00e9dico y de enfermer\u00eda del Hospital General realizaron una manifestaci\u00f3n para denunciar la falta de cubrebocas, batas m\u00e9dicas, gel antibacterial, medicamentos para cubrir las necesidades de los pacientes en la contingencia por el coronavirus. El desabasto de medicamentos e insumos que se registra\u2026","rel":"","context":"En &quot;CINTILLO&quot;","block_context":{"text":"CINTILLO","link":"https:\/\/www.grieta.org.mx\/index.php\/category\/cintillo\/"},"img":{"alt_text":"","src":"https:\/\/i0.wp.com\/www.grieta.org.mx\/wp-content\/uploads\/2020\/03\/ChetumalMedicos.png?resize=350%2C200&ssl=1","width":350,"height":200,"srcset":"https:\/\/i0.wp.com\/www.grieta.org.mx\/wp-content\/uploads\/2020\/03\/ChetumalMedicos.png?resize=350%2C200&ssl=1 1x, https:\/\/i0.wp.com\/www.grieta.org.mx\/wp-content\/uploads\/2020\/03\/ChetumalMedicos.png?resize=525%2C300&ssl=1 1.5x, https:\/\/i0.wp.com\/www.grieta.org.mx\/wp-content\/uploads\/2020\/03\/ChetumalMedicos.png?resize=700%2C400&ssl=1 2x"},"classes":[]}],"_links":{"self":[{"href":"https:\/\/www.grieta.org.mx\/index.php\/wp-json\/wp\/v2\/posts\/47785","targetHints":{"allow":["GET"]}}],"collection":[{"href":"https:\/\/www.grieta.org.mx\/index.php\/wp-json\/wp\/v2\/posts"}],"about":[{"href":"https:\/\/www.grieta.org.mx\/index.php\/wp-json\/wp\/v2\/types\/post"}],"author":[{"embeddable":true,"href":"https:\/\/www.grieta.org.mx\/index.php\/wp-json\/wp\/v2\/users\/2"}],"replies":[{"embeddable":true,"href":"https:\/\/www.grieta.org.mx\/index.php\/wp-json\/wp\/v2\/comments?post=47785"}],"version-history":[{"count":1,"href":"https:\/\/www.grieta.org.mx\/index.php\/wp-json\/wp\/v2\/posts\/47785\/revisions"}],"predecessor-version":[{"id":47847,"href":"https:\/\/www.grieta.org.mx\/index.php\/wp-json\/wp\/v2\/posts\/47785\/revisions\/47847"}],"wp:featuredmedia":[{"embeddable":true,"href":"https:\/\/www.grieta.org.mx\/index.php\/wp-json\/wp\/v2\/media\/47846"}],"wp:attachment":[{"href":"https:\/\/www.grieta.org.mx\/index.php\/wp-json\/wp\/v2\/media?parent=47785"}],"wp:term":[{"taxonomy":"category","embeddable":true,"href":"https:\/\/www.grieta.org.mx\/index.php\/wp-json\/wp\/v2\/categories?post=47785"},{"taxonomy":"post_tag","embeddable":true,"href":"https:\/\/www.grieta.org.mx\/index.php\/wp-json\/wp\/v2\/tags?post=47785"}],"curies":[{"name":"wp","href":"https:\/\/api.w.org\/{rel}","templated":true}]}}