{"id":47783,"date":"2020-04-13T10:11:42","date_gmt":"2020-04-13T15:11:42","guid":{"rendered":"http:\/\/www.grieta.org.mx\/?p=47783"},"modified":"2020-04-13T20:27:37","modified_gmt":"2020-04-14T01:27:37","slug":"activistas-y-ambientalistas-de-yucatan-temen-desproteccion-durante-contingencia-sanitaria","status":"publish","type":"post","link":"https:\/\/www.grieta.org.mx\/index.php\/2020\/04\/13\/activistas-y-ambientalistas-de-yucatan-temen-desproteccion-durante-contingencia-sanitaria\/","title":{"rendered":"Activistas y ambientalistas de Yucat\u00e1n temen desprotecci\u00f3n durante contingencia sanitaria"},"content":{"rendered":"<p>Itzel Chan \/ Noticaribe<\/p>\n<p>M\u00c9RIDA, MX.- Luego de que la Comisi\u00f3n Nacional de los Derechos Humanos (CNDH) condenara el retiro de seguridad a la activistas Adelaida Salas Salazar y del registro de tres asesinatos a ambientalistas durante esta emergencia sanitaria en M\u00e9xico, el poeta y activista, Pedro Uc teme que todos queden desprotegidos en esta cuarentena ocasionada por el coronavirus (Covid-19).<\/p>\n<p>\u201cEs un riesgo de que este tiempo les sirva como un escenario para eliminar a las personas que son cr\u00edticas. Pues recientemente mataron a un activista en Veracruz y eso nos preocupa mucho a todos los que en alg\u00fan momento hemos sido amenazados aqu\u00ed en Yucat\u00e1n\u201d, coment\u00f3 el activista que recibi\u00f3 amenazas a finales de 2019.<\/p>\n<p>A pesar de que dijo hasta el momento que ni una autoridad le ha informado del retiro de protecci\u00f3n con la que cuenta, s\u00ed argument\u00f3 que desde hace dos meses no pasa con frecuencia la patrulla que le brindaba seguridad, aunque no ha dado parte sobre esto porque se conforma con los rondines que elementos polic\u00edacos dan en la colonia donde vive.<\/p>\n<p>Otra cosa que el poeta denunci\u00f3 es que en s\u00ed cuando tienen un llamado de alerta, los polic\u00edas no llegan tan r\u00e1pido como les han dicho, puesto que hace dos meses pidi\u00f3 apoyo luego que detectara que un dron volaba sobre su casa y los elementos llegaron aproximadamente 45 minutos despu\u00e9s y no cinco como les han dicho.<\/p>\n<p>Cabe se\u00f1alar que adem\u00e1s la desprotecci\u00f3n que ahora tiene la activista Adelaida Salas Salazar, otra situaci\u00f3n que le preocupa a Pedro Uc y a otros activistas es que desde que se decret\u00f3 la emergencia sanitaria, han sido asesinados tres ambientalistas en el pa\u00eds, incrementando la cifra de muertes a cinco en los primeros meses del 2020.<\/p>\n<p>Respecto al caso de Pedro Uc, \u00e9l asegura que su amenaza se debi\u00f3 a que es opositor a megaproyectos en zonas ind\u00edgenas de la Pen\u00ednsula de Yucat\u00e1n, entre ellos el Tren Maya, por lo que busc\u00f3 el cuidado por parte del Gobierno Federal a trav\u00e9s del Mecanismo de protecci\u00f3n de personas defensoras de derechos humanos y periodistas. <\/p>\n<p><a href=\"https:\/\/noticaribe.com.mx\/2020\/04\/13\/activistas-y-ambientalistas-de-yucatan-temen-desproteccion-durante-contingencia-sanitaria\/\" rel=\"noopener noreferrer\" target=\"_blank\">https:\/\/noticaribe.com.mx\/2020\/04\/13\/activistas-y-ambientalistas-de-yucatan-temen-desproteccion-durante-contingencia-sanitaria\/<\/a><\/p>\n","protected":false},"excerpt":{"rendered":"<p>Itzel Chan \/ Noticaribe M\u00c9RIDA, MX.- Luego de que la Comisi\u00f3n Nacional de los Derechos Humanos (CNDH) condenara el retiro de seguridad a la activistas Adelaida Salas Salazar y del &hellip; <a href=\"https:\/\/www.grieta.org.mx\/index.php\/2020\/04\/13\/activistas-y-ambientalistas-de-yucatan-temen-desproteccion-durante-contingencia-sanitaria\/\" class=\"more-link\">Leer m\u00e1s<\/a><\/p>\n","protected":false},"author":2,"featured_media":21928,"comment_status":"closed","ping_status":"closed","sticky":false,"template":"","format":"standard","meta":{"ngg_post_thumbnail":0,"_jetpack_newsletter_access":"","_jetpack_dont_email_post_to_subs":false,"_jetpack_newsletter_tier_id":0,"_jetpack_memberships_contains_paywalled_content":false,"_jetpack_memberships_contains_paid_content":false,"footnotes":""},"categories":[1069,80,3272,2,36],"tags":[459,3241],"class_list":["post-47783","post","type-post","status-publish","format-standard","has-post-thumbnail","hentry","category-ataques-a-defensors-de-derechos-humanos-en-yucatan","category-cintillo","category-covid-19-en-yucatan","category-noticias-nacionales","category-yucatan","tag-ataques-a-defensores-ambientales","tag-covid-19","entry"],"jetpack_featured_media_url":"https:\/\/www.grieta.org.mx\/wp-content\/uploads\/2018\/03\/14524434_1106112876131411_958039263622046936_o.jpg","jetpack_sharing_enabled":true,"jetpack_shortlink":"https:\/\/wp.me\/p7ZJR4-cqH","jetpack_likes_enabled":false,"jetpack-related-posts":[{"id":47729,"url":"https:\/\/www.grieta.org.mx\/index.php\/2020\/04\/08\/cuestionan-a-amlo-por-continuar-con-el-tren-maya-en-la-crisis-sanitaria\/","url_meta":{"origin":47783,"position":0},"title":"Cuestionan a AMLO por continuar con el Tren Maya en la crisis sanitaria","author":"grieta","date":"8 abril, 2020","format":false,"excerpt":"Lamentan que el presidente tenga prisa por construir ese megaproyecto en la actual emergencia por el Covid-19, poniendo en riesgo la salud de la poblaci\u00f3n maya. Herbeth Escalante \/ Haz Ruido M\u00e9rida, Yucat\u00e1n, 8 de abril de 2020.- Integrantes y activistas de la asociaci\u00f3n defensora de derechos humanos Grupo Indignaci\u00f3n\u2026","rel":"","context":"En &quot;Campeche&quot;","block_context":{"text":"Campeche","link":"https:\/\/www.grieta.org.mx\/index.php\/category\/noticias-nacionales\/campeche\/"},"img":{"alt_text":"","src":"https:\/\/i0.wp.com\/www.grieta.org.mx\/wp-content\/uploads\/2020\/04\/tren-maya-560x416.jpg?resize=350%2C200&ssl=1","width":350,"height":200,"srcset":"https:\/\/i0.wp.com\/www.grieta.org.mx\/wp-content\/uploads\/2020\/04\/tren-maya-560x416.jpg?resize=350%2C200&ssl=1 1x, https:\/\/i0.wp.com\/www.grieta.org.mx\/wp-content\/uploads\/2020\/04\/tren-maya-560x416.jpg?resize=525%2C300&ssl=1 1.5x"},"classes":[]},{"id":51050,"url":"https:\/\/www.grieta.org.mx\/index.php\/2020\/04\/09\/ambientalistas-claman-justicia-por-asesinato-de-activista-veracruz\/","url_meta":{"origin":47783,"position":1},"title":"Ambientalistas claman justicia por asesinato de activista (Veracruz)","author":"grieta","date":"9 abril, 2020","format":false,"excerpt":"Cinthya Trinidad \/ Vanguardia Xalapa, Ver.- Organizaciones ambientalistas y personas dedicadas al cuidado del medio ambiente exigen a las autoridades el esclarecimiento del asesinato del activista Ad\u00e1n Vez Lira, ocurrido este mi\u00e9rcoles 8 de abril, cerca de La Mancha, en el municipio de Actopan. En una carta firmada por diferentes\u2026","rel":"","context":"En &quot;Asesinato de activistas en Veracruz&quot;","block_context":{"text":"Asesinato de activistas en Veracruz","link":"https:\/\/www.grieta.org.mx\/index.php\/category\/noticias-nacionales\/veracruz\/asesinato-de-activistas-en-veracruz\/"},"img":{"alt_text":"","src":"https:\/\/i0.wp.com\/www.grieta.org.mx\/wp-content\/uploads\/2020\/06\/Screenshot_2020-06-19-adan-vez-lira-B%C3%BAsqueda-de-Google.png?resize=350%2C200&ssl=1","width":350,"height":200,"srcset":"https:\/\/i0.wp.com\/www.grieta.org.mx\/wp-content\/uploads\/2020\/06\/Screenshot_2020-06-19-adan-vez-lira-B%C3%BAsqueda-de-Google.png?resize=350%2C200&ssl=1 1x, https:\/\/i0.wp.com\/www.grieta.org.mx\/wp-content\/uploads\/2020\/06\/Screenshot_2020-06-19-adan-vez-lira-B%C3%BAsqueda-de-Google.png?resize=525%2C300&ssl=1 1.5x, https:\/\/i0.wp.com\/www.grieta.org.mx\/wp-content\/uploads\/2020\/06\/Screenshot_2020-06-19-adan-vez-lira-B%C3%BAsqueda-de-Google.png?resize=700%2C400&ssl=1 2x"},"classes":[]},{"id":22243,"url":"https:\/\/www.grieta.org.mx\/index.php\/2018\/03\/23\/exigen-cese-de-agresiones-contra-la-doctora-sandra-peniche-yucatan\/","url_meta":{"origin":47783,"position":2},"title":"Exigen cese de agresiones contra la doctora Sandra Peniche (Yucat\u00e1n)","author":"grieta","date":"23 marzo, 2018","format":false,"excerpt":"M\u00e9rida, Yucat\u00e1n; (ACOM).- Tras anunciar el apoyo de integrantes de la Red Nacional de Defensoras de los Derechos Humanos, la activista Sandra Peniche Quintal denunci\u00f3 que los ataques que ha recibido en los \u00faltimos d\u00edas son una clara muestra del clima de violencia que se vive en Yucat\u00e1n en contra\u2026","rel":"","context":"En &quot;Agresiones y amenazas a defensor@s de derechos humanos y activistas en Yucat\u00e1n&quot;","block_context":{"text":"Agresiones y amenazas a defensor@s de derechos humanos y activistas en Yucat\u00e1n","link":"https:\/\/www.grieta.org.mx\/index.php\/category\/noticias-nacionales\/yucatan\/ataques-a-defensors-de-derechos-humanos-en-yucatan\/"},"img":{"alt_text":"","src":"https:\/\/i0.wp.com\/www.grieta.org.mx\/wp-content\/uploads\/2018\/03\/14524434_1106112876131411_958039263622046936_o.jpg?resize=350%2C200&ssl=1","width":350,"height":200,"srcset":"https:\/\/i0.wp.com\/www.grieta.org.mx\/wp-content\/uploads\/2018\/03\/14524434_1106112876131411_958039263622046936_o.jpg?resize=350%2C200&ssl=1 1x, https:\/\/i0.wp.com\/www.grieta.org.mx\/wp-content\/uploads\/2018\/03\/14524434_1106112876131411_958039263622046936_o.jpg?resize=525%2C300&ssl=1 1.5x, https:\/\/i0.wp.com\/www.grieta.org.mx\/wp-content\/uploads\/2018\/03\/14524434_1106112876131411_958039263622046936_o.jpg?resize=700%2C400&ssl=1 2x"},"classes":[]},{"id":47129,"url":"https:\/\/www.grieta.org.mx\/index.php\/2020\/04\/02\/kanxoc-denuncia-bloqueo-e-incomunicacion-por-crisis-del-covid-19-yucatan\/","url_meta":{"origin":47783,"position":3},"title":"Kanxoc denuncia bloqueo e incomunicaci\u00f3n por crisis del COVID-19 (Yucat\u00e1n)","author":"grieta","date":"2 abril, 2020","format":false,"excerpt":"Responsabilizan al alcalde Enrique de Jes\u00fas Ayora Sosa de los hechos que \"violentan los derechos humanos\" Abraham Bote \/ Foto: Indignaci\u00f3n \/La Jornada Maya M\u00e9rida, Yucat\u00e1n Jueves 2 de abril, 2020 El pueblo maya de Kanxoc denunci\u00f3 bloqueo e incomunicaci\u00f3n en el contexto de la emergencia sanitaria por el coronavirus\u2026","rel":"","context":"En &quot;Abuso Autoridades en Yucat\u00e1n&quot;","block_context":{"text":"Abuso Autoridades en Yucat\u00e1n","link":"https:\/\/www.grieta.org.mx\/index.php\/category\/noticias-nacionales\/yucatan\/abuso-autoridades-en-yucatan\/"},"img":{"alt_text":"","src":"https:\/\/i0.wp.com\/www.grieta.org.mx\/wp-content\/uploads\/2020\/04\/Kanxoc.png?resize=350%2C200&ssl=1","width":350,"height":200,"srcset":"https:\/\/i0.wp.com\/www.grieta.org.mx\/wp-content\/uploads\/2020\/04\/Kanxoc.png?resize=350%2C200&ssl=1 1x, https:\/\/i0.wp.com\/www.grieta.org.mx\/wp-content\/uploads\/2020\/04\/Kanxoc.png?resize=525%2C300&ssl=1 1.5x"},"classes":[]},{"id":48659,"url":"https:\/\/www.grieta.org.mx\/index.php\/2020\/05\/01\/piden-que-se-detengan-obras-del-tren-maya-en-yucatan-por-emergencia-sanitaria\/","url_meta":{"origin":47783,"position":4},"title":"Piden que se detengan obras del Tren Maya en Yucat\u00e1n por emergencia sanitaria","author":"grieta","date":"1 mayo, 2020","format":false,"excerpt":"Arturo Contreras \/ Foto: Isabel Mateo \/ Pie de P\u00e1gina \/ La asamblea maya Muuch Ximbal, que aglutina a personas de 25 pueblos mayas de Yucat\u00e1n, present\u00f3 un amparo para que se detengan los trabajos del Tren Maya en la emergencia sanitaria. Advierten riesgos de contagio e impedimento para participar\u2026","rel":"","context":"En &quot;16. Pueblo Maya&quot;","block_context":{"text":"16. Pueblo Maya","link":"https:\/\/www.grieta.org.mx\/index.php\/category\/espejos-de-la-resistencia\/16-pueblo-maya\/"},"img":{"alt_text":"","src":"https:\/\/i0.wp.com\/www.grieta.org.mx\/wp-content\/uploads\/2020\/05\/Trenmaya-e1588786207354.jpg?resize=350%2C200&ssl=1","width":350,"height":200,"srcset":"https:\/\/i0.wp.com\/www.grieta.org.mx\/wp-content\/uploads\/2020\/05\/Trenmaya-e1588786207354.jpg?resize=350%2C200&ssl=1 1x, https:\/\/i0.wp.com\/www.grieta.org.mx\/wp-content\/uploads\/2020\/05\/Trenmaya-e1588786207354.jpg?resize=525%2C300&ssl=1 1.5x, https:\/\/i0.wp.com\/www.grieta.org.mx\/wp-content\/uploads\/2020\/05\/Trenmaya-e1588786207354.jpg?resize=700%2C400&ssl=1 2x"},"classes":[]},{"id":51248,"url":"https:\/\/www.grieta.org.mx\/index.php\/2020\/06\/24\/estudiante-amenazada-de-muerte-denuncia-incapacidad-de-la-policia-cibernetica-de-yucatan\/","url_meta":{"origin":47783,"position":5},"title":"Estudiante amenazada de muerte denuncia incapacidad de la Polic\u00eda Cibern\u00e9tica de Yucat\u00e1n","author":"grieta","date":"24 junio, 2020","format":false,"excerpt":"Itzel Chan \/ Noticaribe M\u00c9RIDA, MX.- A tres meses de que Rosa Elena Cruz Pech, quien encabeza el movimiento \u201cUADY sin acoso\u201d, fuera amenazada de muerte v\u00eda Facebook, la Polic\u00eda Cibern\u00e9tica no ha dado con la o las personas responsables de los hechos, a diferencia de cuando otros incitaron a\u2026","rel":"","context":"En &quot;Agresiones y amenazas a defensor@s de derechos humanos y activistas en Yucat\u00e1n&quot;","block_context":{"text":"Agresiones y amenazas a defensor@s de derechos humanos y activistas en Yucat\u00e1n","link":"https:\/\/www.grieta.org.mx\/index.php\/category\/noticias-nacionales\/yucatan\/ataques-a-defensors-de-derechos-humanos-en-yucatan\/"},"img":{"alt_text":"","src":"https:\/\/i0.wp.com\/www.grieta.org.mx\/wp-content\/uploads\/2020\/06\/AmenazaMuerteUadySinAcoso.png?resize=350%2C200&ssl=1","width":350,"height":200,"srcset":"https:\/\/i0.wp.com\/www.grieta.org.mx\/wp-content\/uploads\/2020\/06\/AmenazaMuerteUadySinAcoso.png?resize=350%2C200&ssl=1 1x, https:\/\/i0.wp.com\/www.grieta.org.mx\/wp-content\/uploads\/2020\/06\/AmenazaMuerteUadySinAcoso.png?resize=525%2C300&ssl=1 1.5x, https:\/\/i0.wp.com\/www.grieta.org.mx\/wp-content\/uploads\/2020\/06\/AmenazaMuerteUadySinAcoso.png?resize=700%2C400&ssl=1 2x"},"classes":[]}],"_links":{"self":[{"href":"https:\/\/www.grieta.org.mx\/index.php\/wp-json\/wp\/v2\/posts\/47783","targetHints":{"allow":["GET"]}}],"collection":[{"href":"https:\/\/www.grieta.org.mx\/index.php\/wp-json\/wp\/v2\/posts"}],"about":[{"href":"https:\/\/www.grieta.org.mx\/index.php\/wp-json\/wp\/v2\/types\/post"}],"author":[{"embeddable":true,"href":"https:\/\/www.grieta.org.mx\/index.php\/wp-json\/wp\/v2\/users\/2"}],"replies":[{"embeddable":true,"href":"https:\/\/www.grieta.org.mx\/index.php\/wp-json\/wp\/v2\/comments?post=47783"}],"version-history":[{"count":1,"href":"https:\/\/www.grieta.org.mx\/index.php\/wp-json\/wp\/v2\/posts\/47783\/revisions"}],"predecessor-version":[{"id":47784,"href":"https:\/\/www.grieta.org.mx\/index.php\/wp-json\/wp\/v2\/posts\/47783\/revisions\/47784"}],"wp:featuredmedia":[{"embeddable":true,"href":"https:\/\/www.grieta.org.mx\/index.php\/wp-json\/wp\/v2\/media\/21928"}],"wp:attachment":[{"href":"https:\/\/www.grieta.org.mx\/index.php\/wp-json\/wp\/v2\/media?parent=47783"}],"wp:term":[{"taxonomy":"category","embeddable":true,"href":"https:\/\/www.grieta.org.mx\/index.php\/wp-json\/wp\/v2\/categories?post=47783"},{"taxonomy":"post_tag","embeddable":true,"href":"https:\/\/www.grieta.org.mx\/index.php\/wp-json\/wp\/v2\/tags?post=47783"}],"curies":[{"name":"wp","href":"https:\/\/api.w.org\/{rel}","templated":true}]}}