{"id":47779,"date":"2020-04-05T20:03:27","date_gmt":"2020-04-06T01:03:27","guid":{"rendered":"http:\/\/www.grieta.org.mx\/?p=47779"},"modified":"2020-04-13T20:11:30","modified_gmt":"2020-04-14T01:11:30","slug":"preocupa-instalacion-de-retenes-policiacos-en-plena-contingencia-yucatan","status":"publish","type":"post","link":"https:\/\/www.grieta.org.mx\/index.php\/2020\/04\/05\/preocupa-instalacion-de-retenes-policiacos-en-plena-contingencia-yucatan\/","title":{"rendered":"Preocupa instalaci\u00f3n de retenes policiacos en plena contingencia (Yucat\u00e1n)"},"content":{"rendered":"<p><img loading=\"lazy\" decoding=\"async\" data-attachment-id=\"47781\" data-permalink=\"https:\/\/www.grieta.org.mx\/index.php\/2020\/04\/05\/preocupa-instalacion-de-retenes-policiacos-en-plena-contingencia-yucatan\/ssp3-560x416\/\" data-orig-file=\"https:\/\/www.grieta.org.mx\/wp-content\/uploads\/2020\/04\/SSP3-560x416.jpeg\" data-orig-size=\"560,416\" data-comments-opened=\"0\" data-image-meta=\"{&quot;aperture&quot;:&quot;0&quot;,&quot;credit&quot;:&quot;&quot;,&quot;camera&quot;:&quot;&quot;,&quot;caption&quot;:&quot;&quot;,&quot;created_timestamp&quot;:&quot;0&quot;,&quot;copyright&quot;:&quot;&quot;,&quot;focal_length&quot;:&quot;0&quot;,&quot;iso&quot;:&quot;0&quot;,&quot;shutter_speed&quot;:&quot;0&quot;,&quot;title&quot;:&quot;&quot;,&quot;orientation&quot;:&quot;0&quot;}\" data-image-title=\"SSP3-560&amp;#215;416\" data-image-description=\"\" data-image-caption=\"\" data-medium-file=\"https:\/\/www.grieta.org.mx\/wp-content\/uploads\/2020\/04\/SSP3-560x416-300x223.jpeg\" data-large-file=\"https:\/\/www.grieta.org.mx\/wp-content\/uploads\/2020\/04\/SSP3-560x416.jpeg\" src=\"http:\/\/www.grieta.org.mx\/wp-content\/uploads\/2020\/04\/SSP3-560x416.jpeg\" alt=\"\" width=\"560\" height=\"416\" class=\"aligncenter size-full wp-image-47781\" srcset=\"https:\/\/www.grieta.org.mx\/wp-content\/uploads\/2020\/04\/SSP3-560x416.jpeg 560w, https:\/\/www.grieta.org.mx\/wp-content\/uploads\/2020\/04\/SSP3-560x416-300x223.jpeg 300w\" sizes=\"auto, (max-width: 560px) 100vw, 560px\" \/><\/p>\n<blockquote><p>Activistas recalcan que las pandemias no se pueden combatir con medidas represivas, por lo que se tiene que garantizar que esos puestos no impidan el derecho al libre tr\u00e1nsito.<\/p>\n<p>Se\u00f1alaron que esta disposici\u00f3n tambi\u00e9n genera alarma, pues se le est\u00e1 dando m\u00e1s poder a una instituci\u00f3n que se caracteriza por tener varias denuncias por violaciones a los derechos humanos.<\/p><\/blockquote>\n<p>Por Abraham Bote \/ Haz Ruido<\/p>\n<p>M\u00e9rida, Yucat\u00e1n, 5 de abril de 2020.- Activistas y personas defensoras de derechos humanos externaron  su preocupaci\u00f3n por las medidas que est\u00e1 aplicando el Gobierno del Estado al instalar retenes en algunos puntos de la ciudad con el fin de \u00abinvitar\u00bb a la poblaci\u00f3n a no salir de sus casas, ante la emergencia sanitaria por el Covid-19, las cuales, advirtieron, pueden ser no constitucionales al limitar o restringir el derecho al libre tr\u00e1nsito. <\/p>\n<p>Adem\u00e1s, agregaron, esto tambi\u00e9n genera alarma, pues se le est\u00e1 dando m\u00e1s poder a una instituci\u00f3n polic\u00edaca que se caracteriza por tener varias denuncias por violaciones a los derechos humanos. Por tal raz\u00f3n, hicieron un llamado a que el Estado garantice las garant\u00edas como marcan la ley y la Constituci\u00f3n. <\/p>\n<p>Como se ha informado, la Secretar\u00eda de Seguridad  P\u00fablica (SSP) coloc\u00f3 diversos retenes en varios puntos de M\u00e9rida, como en Ciudad Caucel, Las  Am\u00e9ricas y en la avenida Garc\u00eda Lav\u00edn. Al respecto, hubo personas que expresaron su miedo y preocupaci\u00f3n en redes sociales, pues hay quienes deben salir a trabajar, comprar comida o visitar a un familiar enfermo, entre otras.<\/p>\n<p>\u00ab\u00bfQu\u00e9 pasa si tengo que salir ma\u00f1ana con mi esposo porque solo yo puedo salir a hacerle compras a mis padres y \u00e9l tiene que ir al aeropuerto?\u00bb, pregunt\u00f3 una usuaria de Twitter. <\/p>\n<p>\u00abPuedes hacerlo, al s\u00faper seguramente si vas acompa\u00f1ada no te dejar\u00e1n entrar, lo idea es que vaya solo una persona, es momento de cuidarnos entre todos. Saludos\u00bb, respondi\u00f3 el gobernador Mauricio Vila Dosal en su cuenta personal. <\/p>\n<p>\u201cLos retenes son para invitar a la gente a quedarse en casa, si trabajas en un hospital, no tendr\u00e1s problema en llegar. Saludos\u00bb y \u00abPara invitar a la gente a quedarse en sus casas y as\u00ed cuidarnos entre todos, no tengas miedo, unidos vamos a salir adelante. Saludos\u00bb, son otros de los comentarios del mandatario estatal. <\/p>\n<p>Sobre estas acciones, Jorge Fern\u00e1ndez Mendiburu, abogado de Grupo Indignaci\u00f3n, opin\u00f3 que no se puede decretar el Estado de Excepci\u00f3n o Estado de Sitio porque no estamos en una situaci\u00f3n de guerra. Dijo que si se quiere establecer algo parecido se tiene que recurrir al procedimiento constitucional respectivo, es decir tiene que haber una justificaci\u00f3n y tiene que pasar por todos los Poderes para que tomen ese tipo de medidas, de otra manera es un arbitrariedad.<\/p>\n<p>\u00abEs una decisi\u00f3n que toman los tres Poderes de la naci\u00f3n, Poder Legislativo, Ejecutivo y Judicial, no puede ser unilateral de ninguna administraci\u00f3n p\u00fablica\u00bb, precis\u00f3. Entonces, si estas medidas, colocar retenes, est\u00e1n restringiendo derechos humanos, son evidentemente violatorias, agreg\u00f3. <\/p>\n<p>El abogado insisti\u00f3 en que no puede haber una limitaci\u00f3n a los derechos humanos, a su vez, el gobierno  tiene  que tomar en consideraci\u00f3n que hay gente que tiene que moverse para ir trabajar, para ganarse la vida. \u00abNo puede ser que con medidas represivas se enfrente la pandemia, pues este tipo de medidas no han resultado en ninguna parte del mundo, en ning\u00fan contexto\u00bb, sostuvo.<\/p>\n<p>Por otro lado, dijo que es preocupante que haya un sector de la poblaci\u00f3n que aplauda este tipo de acciones que tienen tintes autoritarios y consider\u00f3 que es importante que se informe sobre los procesos hist\u00f3ricos en los que se han aplicado y sus resultados. \u00abSi empezamos a justificar este tipo de medias en el futuro vamos a justificar cualquier otra que sea restrictiva de los derechos humanos\u00bb, advirti\u00f3. <\/p>\n<p>Para Carlos Escoffi\u00e9 Duarte, abogado y activista,  en momentos de crisis las personas tienden en  apoyarse en el Estado y sus instituciones  polic\u00edacas, pues son aquellas donde se suelen refugiar en momentos de peligro, a pesar de que no sean id\u00f3neas para atender una pandemia. <\/p>\n<p>M\u00e1s poder a la Polic\u00eda<\/p>\n<p>Por su parte, el abogado Fern\u00e1ndez Mendiburu reflexion\u00f3 sobre lo preocupante que es darle m\u00e1s poder un cuerpo polic\u00edaco que tiene muchas denuncias de violaciones a derechos humanos en casos de tortura, detenciones arbitrarias, tratos crueles, inhumanos y denigrantes. \u00abEstamos creando un estado polic\u00edaco en lugar de tomar otras medidas sanitarias desde las ciencias sociales, el an\u00e1lisis y la reflexi\u00f3n, pareciera que no hay m\u00e1s que la restricci\u00f3n y es grave, sobre todo en un estado que en teor\u00eda es democr\u00e1tico\u00bb, manifest\u00f3. <\/p>\n<p>Escoffi\u00e9 Duarte, por su parte, dijo que no necesariamente es negativo que la Polic\u00eda invite a las personas a quedarse en sus casas o no salir por la contingencia, pero preocupa que esta medida se realice en el marco de las declaraciones previas en las que Vila Dosal indic\u00f3 que se iba hacer uso del derecho penal para garantizar que las personas cumplan con el aislamiento. <\/p>\n<p>\u00abVemos como en otro lugares como en Per\u00fa, donde ahora son m\u00e1s la personas detenidas por no cumplir con las medidas de aislamiento que los  casos confirmados\u00bb, compar\u00f3. <\/p>\n<p>Lo \u00fanico que se genera con estas acciones punitivas son focos de contagio en los lugares de detenci\u00f3n. Por lo tanto, opin\u00f3 que habr\u00eda que confirmar si estos retenes solo est\u00e1n invitando a la gente a quedarse en sus viviendas o est\u00e1n autorizados para detener a personas. <\/p>\n<p>De todos modos, recalc\u00f3, hasta el momento no se puede restringir el libre tr\u00e1nsito porque no hay declaratoria de suspensi\u00f3n de derechos conforme al art\u00edculo 29 de la Constituci\u00f3n al federal. <\/p>\n<p>Si bien, reconoci\u00f3 que se trata de una situaci\u00f3n excepcional, que requiere medidas excepcionales,   \u00e9stas deben respetar los derechos humanos, el Estado debe funcionar como un Estado de Derecho, que se apegue a las garant\u00edas que est\u00e1n reconocidas en la Constituci\u00f3n. <\/p>\n<p>Por su parte, el presidente de la Comisi\u00f3n de Derechos Humanos del Estado de Yucat\u00e1n (Codhey), Miguel \u00d3scar Sabido Santana, hizo un llamado a las autoridades municipales a no extralimitarse en las medidas implementadas por la contingencia de salud, causada por el Covid-19, ni violentar el art\u00edculo 11 constitucional que protege el derecho al libre tr\u00e1nsito.<\/p>\n<p>\u201cToda persona tiene derecho para entrar en la Rep\u00fablica, salir de ella, viajar por su territorio y mudar de residencia, sin necesidad de carta de seguridad, pasaporte, salvoconducto u otros requisitos semejantes\u201d, apunt\u00f3.<\/p>\n<p><a href=\"http:\/\/www.hazruido.mx\/reportes\/preocupa-instalacion-de-retenes-policiacos-en-plena-contingencia\/\" rel=\"noopener noreferrer\" target=\"_blank\">http:\/\/www.hazruido.mx\/reportes\/preocupa-instalacion-de-retenes-policiacos-en-plena-contingencia\/<\/a><\/p>\n","protected":false},"excerpt":{"rendered":"<p>Activistas recalcan que las pandemias no se pueden combatir con medidas represivas, por lo que se tiene que garantizar que esos puestos no impidan el derecho al libre tr\u00e1nsito. Se\u00f1alaron &hellip; <a href=\"https:\/\/www.grieta.org.mx\/index.php\/2020\/04\/05\/preocupa-instalacion-de-retenes-policiacos-en-plena-contingencia-yucatan\/\" class=\"more-link\">Leer m\u00e1s<\/a><\/p>\n","protected":false},"author":2,"featured_media":47781,"comment_status":"closed","ping_status":"closed","sticky":false,"template":"","format":"standard","meta":{"ngg_post_thumbnail":0,"_jetpack_newsletter_access":"","_jetpack_dont_email_post_to_subs":false,"_jetpack_newsletter_tier_id":0,"_jetpack_memberships_contains_paywalled_content":false,"_jetpack_memberships_contains_paid_content":false,"footnotes":""},"categories":[80,3272,912,2,83,36],"tags":[3241,174],"class_list":["post-47779","post","type-post","status-publish","format-standard","has-post-thumbnail","hentry","category-cintillo","category-covid-19-en-yucatan","category-militarizacion","category-noticias-nacionales","category-temas-nacionales","category-yucatan","tag-covid-19","tag-derechos-humanos","entry"],"jetpack_featured_media_url":"https:\/\/www.grieta.org.mx\/wp-content\/uploads\/2020\/04\/SSP3-560x416.jpeg","jetpack_sharing_enabled":true,"jetpack_shortlink":"https:\/\/wp.me\/p7ZJR4-cqD","jetpack_likes_enabled":false,"jetpack-related-posts":[{"id":47783,"url":"https:\/\/www.grieta.org.mx\/index.php\/2020\/04\/13\/activistas-y-ambientalistas-de-yucatan-temen-desproteccion-durante-contingencia-sanitaria\/","url_meta":{"origin":47779,"position":0},"title":"Activistas y ambientalistas de Yucat\u00e1n temen desprotecci\u00f3n durante contingencia sanitaria","author":"grieta","date":"13 abril, 2020","format":false,"excerpt":"Itzel Chan \/ Noticaribe M\u00c9RIDA, MX.- Luego de que la Comisi\u00f3n Nacional de los Derechos Humanos (CNDH) condenara el retiro de seguridad a la activistas Adelaida Salas Salazar y del registro de tres asesinatos a ambientalistas durante esta emergencia sanitaria en M\u00e9xico, el poeta y activista, Pedro Uc teme que\u2026","rel":"","context":"En &quot;Agresiones y amenazas a defensor@s de derechos humanos y activistas en Yucat\u00e1n&quot;","block_context":{"text":"Agresiones y amenazas a defensor@s de derechos humanos y activistas en Yucat\u00e1n","link":"https:\/\/www.grieta.org.mx\/index.php\/category\/noticias-nacionales\/yucatan\/ataques-a-defensors-de-derechos-humanos-en-yucatan\/"},"img":{"alt_text":"","src":"https:\/\/i0.wp.com\/www.grieta.org.mx\/wp-content\/uploads\/2018\/03\/14524434_1106112876131411_958039263622046936_o.jpg?resize=350%2C200&ssl=1","width":350,"height":200,"srcset":"https:\/\/i0.wp.com\/www.grieta.org.mx\/wp-content\/uploads\/2018\/03\/14524434_1106112876131411_958039263622046936_o.jpg?resize=350%2C200&ssl=1 1x, https:\/\/i0.wp.com\/www.grieta.org.mx\/wp-content\/uploads\/2018\/03\/14524434_1106112876131411_958039263622046936_o.jpg?resize=525%2C300&ssl=1 1.5x, https:\/\/i0.wp.com\/www.grieta.org.mx\/wp-content\/uploads\/2018\/03\/14524434_1106112876131411_958039263622046936_o.jpg?resize=700%2C400&ssl=1 2x"},"classes":[]},{"id":6113,"url":"https:\/\/www.grieta.org.mx\/index.php\/2015\/09\/11\/amenazas-contra-defensoras-de-derechos-humanos-en-yucatan\/","url_meta":{"origin":47779,"position":1},"title":"Amenazas contra defensoras de derechos humanos en Yucat\u00e1n","author":"grieta","date":"11 septiembre, 2015","format":false,"excerpt":"11\/09\/15. Denuncian amenazas a integrantes de Ni una m\u00e1s Yucat\u00e1nCimacnoticias 05\/09\/15. Amenazan a comunidad de Facebook que defiende el derecho a las mujeres libres de violenciaAlmomento Noticias","rel":"","context":"En &quot;NOTICIAS NACIONALES&quot;","block_context":{"text":"NOTICIAS NACIONALES","link":"https:\/\/www.grieta.org.mx\/index.php\/category\/noticias-nacionales\/"},"img":{"alt_text":"","src":"https:\/\/i0.wp.com\/www.grieta.org.mx\/wp-content\/uploads\/2018\/03\/14524434_1106112876131411_958039263622046936_o.jpg?resize=350%2C200&ssl=1","width":350,"height":200,"srcset":"https:\/\/i0.wp.com\/www.grieta.org.mx\/wp-content\/uploads\/2018\/03\/14524434_1106112876131411_958039263622046936_o.jpg?resize=350%2C200&ssl=1 1x, https:\/\/i0.wp.com\/www.grieta.org.mx\/wp-content\/uploads\/2018\/03\/14524434_1106112876131411_958039263622046936_o.jpg?resize=525%2C300&ssl=1 1.5x, https:\/\/i0.wp.com\/www.grieta.org.mx\/wp-content\/uploads\/2018\/03\/14524434_1106112876131411_958039263622046936_o.jpg?resize=700%2C400&ssl=1 2x"},"classes":[]},{"id":48789,"url":"https:\/\/www.grieta.org.mx\/index.php\/2020\/05\/05\/en-la-pandemia-se-violaron-derechos-del-pueblo-maya-de-peto-yucatan\/","url_meta":{"origin":47779,"position":2},"title":"En la pandemia, se violaron derechos del pueblo maya de Peto (Yucat\u00e1n)","author":"grieta","date":"5 mayo, 2020","format":false,"excerpt":"Indignaci\u00f3n y Art\u00edculo 19 aseguraron que el alcalde Edgar Calder\u00f3n vulner\u00f3 el derecho a la protecci\u00f3n de datos personales del campesino fallecido por Covid-19. Adem\u00e1s, se\u00f1alaron que los filtros que coloc\u00f3 en la cabecera obstaculiza la accesibilidad oportuna de los pobladores originarios a los sistemas de salud. Haz Ruido M\u00e9rida,\u2026","rel":"","context":"En &quot;Abuso Autoridades en Yucat\u00e1n&quot;","block_context":{"text":"Abuso Autoridades en Yucat\u00e1n","link":"https:\/\/www.grieta.org.mx\/index.php\/category\/noticias-nacionales\/yucatan\/abuso-autoridades-en-yucatan\/"},"img":{"alt_text":"","src":"https:\/\/i0.wp.com\/www.grieta.org.mx\/wp-content\/uploads\/2020\/05\/edgar-calderon-Peto-560x416.jpg?resize=350%2C200&ssl=1","width":350,"height":200,"srcset":"https:\/\/i0.wp.com\/www.grieta.org.mx\/wp-content\/uploads\/2020\/05\/edgar-calderon-Peto-560x416.jpg?resize=350%2C200&ssl=1 1x, https:\/\/i0.wp.com\/www.grieta.org.mx\/wp-content\/uploads\/2020\/05\/edgar-calderon-Peto-560x416.jpg?resize=525%2C300&ssl=1 1.5x"},"classes":[]},{"id":47129,"url":"https:\/\/www.grieta.org.mx\/index.php\/2020\/04\/02\/kanxoc-denuncia-bloqueo-e-incomunicacion-por-crisis-del-covid-19-yucatan\/","url_meta":{"origin":47779,"position":3},"title":"Kanxoc denuncia bloqueo e incomunicaci\u00f3n por crisis del COVID-19 (Yucat\u00e1n)","author":"grieta","date":"2 abril, 2020","format":false,"excerpt":"Responsabilizan al alcalde Enrique de Jes\u00fas Ayora Sosa de los hechos que \"violentan los derechos humanos\" Abraham Bote \/ Foto: Indignaci\u00f3n \/La Jornada Maya M\u00e9rida, Yucat\u00e1n Jueves 2 de abril, 2020 El pueblo maya de Kanxoc denunci\u00f3 bloqueo e incomunicaci\u00f3n en el contexto de la emergencia sanitaria por el coronavirus\u2026","rel":"","context":"En &quot;Abuso Autoridades en Yucat\u00e1n&quot;","block_context":{"text":"Abuso Autoridades en Yucat\u00e1n","link":"https:\/\/www.grieta.org.mx\/index.php\/category\/noticias-nacionales\/yucatan\/abuso-autoridades-en-yucatan\/"},"img":{"alt_text":"","src":"https:\/\/i0.wp.com\/www.grieta.org.mx\/wp-content\/uploads\/2020\/04\/Kanxoc.png?resize=350%2C200&ssl=1","width":350,"height":200,"srcset":"https:\/\/i0.wp.com\/www.grieta.org.mx\/wp-content\/uploads\/2020\/04\/Kanxoc.png?resize=350%2C200&ssl=1 1x, https:\/\/i0.wp.com\/www.grieta.org.mx\/wp-content\/uploads\/2020\/04\/Kanxoc.png?resize=525%2C300&ssl=1 1.5x"},"classes":[]},{"id":39982,"url":"https:\/\/www.grieta.org.mx\/index.php\/2019\/10\/03\/yucatan-la-persecucion-tras-el-28s\/","url_meta":{"origin":47779,"position":4},"title":"Yucat\u00e1n: la persecuci\u00f3n tras el #28s","author":"grieta","date":"3 octubre, 2019","format":false,"excerpt":"En Yucat\u00e1n existe un contexto de criminalizaci\u00f3n y persecuci\u00f3n con respecto de luchas sociales, que hoy est\u00e1 dirigida contra las mujeres, pero tambi\u00e9n lo han hecho con las comunidades ind\u00edgenas y la comunidad LGBT+. Asamblea Feminista Yucat\u00e1n\/Animal Pol\u00edtico Actualmente en el estado de Yucat\u00e1n existe un contexto de criminalizaci\u00f3n hacia\u2026","rel":"","context":"En &quot;Agresiones y amenazas a defensor@s de derechos humanos y activistas en Yucat\u00e1n&quot;","block_context":{"text":"Agresiones y amenazas a defensor@s de derechos humanos y activistas en Yucat\u00e1n","link":"https:\/\/www.grieta.org.mx\/index.php\/category\/noticias-nacionales\/yucatan\/ataques-a-defensors-de-derechos-humanos-en-yucatan\/"},"img":{"alt_text":"","src":"https:\/\/i0.wp.com\/www.grieta.org.mx\/wp-content\/uploads\/2018\/03\/14524434_1106112876131411_958039263622046936_o.jpg?resize=350%2C200&ssl=1","width":350,"height":200,"srcset":"https:\/\/i0.wp.com\/www.grieta.org.mx\/wp-content\/uploads\/2018\/03\/14524434_1106112876131411_958039263622046936_o.jpg?resize=350%2C200&ssl=1 1x, https:\/\/i0.wp.com\/www.grieta.org.mx\/wp-content\/uploads\/2018\/03\/14524434_1106112876131411_958039263622046936_o.jpg?resize=525%2C300&ssl=1 1.5x, https:\/\/i0.wp.com\/www.grieta.org.mx\/wp-content\/uploads\/2018\/03\/14524434_1106112876131411_958039263622046936_o.jpg?resize=700%2C400&ssl=1 2x"},"classes":[]},{"id":53375,"url":"https:\/\/www.grieta.org.mx\/index.php\/2020\/09\/15\/feministas-yucatecas-toman-la-codhey\/","url_meta":{"origin":47779,"position":5},"title":"Feministas yucatecas toman la CODHEY","author":"grieta","date":"15 septiembre, 2020","format":false,"excerpt":"Por Esto! Agrupaciones feministas de Yucat\u00e1n tomaron de manera simb\u00f3lica las instalaciones de la Comisi\u00f3n de Derechos Humanos de Yucat\u00e1n (CODHEY) como protesta por la violencia de g\u00e9nero que se viven en la entidad. Criticaron que las autoridades no han tomado acciones para evitar que se cometan asesinatos de mujeres.\u2026","rel":"","context":"En &quot;CINTILLO&quot;","block_context":{"text":"CINTILLO","link":"https:\/\/www.grieta.org.mx\/index.php\/category\/cintillo\/"},"img":{"alt_text":"","src":"https:\/\/i0.wp.com\/www.grieta.org.mx\/wp-content\/uploads\/2020\/09\/TomaCodehy1.png?resize=350%2C200&ssl=1","width":350,"height":200,"srcset":"https:\/\/i0.wp.com\/www.grieta.org.mx\/wp-content\/uploads\/2020\/09\/TomaCodehy1.png?resize=350%2C200&ssl=1 1x, https:\/\/i0.wp.com\/www.grieta.org.mx\/wp-content\/uploads\/2020\/09\/TomaCodehy1.png?resize=525%2C300&ssl=1 1.5x"},"classes":[]}],"_links":{"self":[{"href":"https:\/\/www.grieta.org.mx\/index.php\/wp-json\/wp\/v2\/posts\/47779","targetHints":{"allow":["GET"]}}],"collection":[{"href":"https:\/\/www.grieta.org.mx\/index.php\/wp-json\/wp\/v2\/posts"}],"about":[{"href":"https:\/\/www.grieta.org.mx\/index.php\/wp-json\/wp\/v2\/types\/post"}],"author":[{"embeddable":true,"href":"https:\/\/www.grieta.org.mx\/index.php\/wp-json\/wp\/v2\/users\/2"}],"replies":[{"embeddable":true,"href":"https:\/\/www.grieta.org.mx\/index.php\/wp-json\/wp\/v2\/comments?post=47779"}],"version-history":[{"count":1,"href":"https:\/\/www.grieta.org.mx\/index.php\/wp-json\/wp\/v2\/posts\/47779\/revisions"}],"predecessor-version":[{"id":47782,"href":"https:\/\/www.grieta.org.mx\/index.php\/wp-json\/wp\/v2\/posts\/47779\/revisions\/47782"}],"wp:featuredmedia":[{"embeddable":true,"href":"https:\/\/www.grieta.org.mx\/index.php\/wp-json\/wp\/v2\/media\/47781"}],"wp:attachment":[{"href":"https:\/\/www.grieta.org.mx\/index.php\/wp-json\/wp\/v2\/media?parent=47779"}],"wp:term":[{"taxonomy":"category","embeddable":true,"href":"https:\/\/www.grieta.org.mx\/index.php\/wp-json\/wp\/v2\/categories?post=47779"},{"taxonomy":"post_tag","embeddable":true,"href":"https:\/\/www.grieta.org.mx\/index.php\/wp-json\/wp\/v2\/tags?post=47779"}],"curies":[{"name":"wp","href":"https:\/\/api.w.org\/{rel}","templated":true}]}}