{"id":47716,"date":"2020-04-10T02:06:46","date_gmt":"2020-04-10T07:06:46","guid":{"rendered":"http:\/\/www.grieta.org.mx\/?p=47716"},"modified":"2020-04-11T02:16:07","modified_gmt":"2020-04-11T07:16:07","slug":"denuncian-que-el-imss-no-reconoce-al-covid-19-como-riesgo-de-trabajo","status":"publish","type":"post","link":"https:\/\/www.grieta.org.mx\/index.php\/2020\/04\/10\/denuncian-que-el-imss-no-reconoce-al-covid-19-como-riesgo-de-trabajo\/","title":{"rendered":"Denuncian que el IMSS no reconoce al covid-19 como riesgo de trabajo"},"content":{"rendered":"<p><img loading=\"lazy\" decoding=\"async\" data-attachment-id=\"47717\" data-permalink=\"https:\/\/www.grieta.org.mx\/index.php\/2020\/04\/10\/denuncian-que-el-imss-no-reconoce-al-covid-19-como-riesgo-de-trabajo\/denuncian-que-el-imss-no-reconoce-al-covid-19-como-riesgo-de-trabajo-cdmx-abr\/\" data-orig-file=\"https:\/\/www.grieta.org.mx\/wp-content\/uploads\/2020\/04\/Denuncian-que-el-IMSS-no-reconoce-al-covid-19-como-riesgo-de-trabajo-cdmx-abr.jpg\" data-orig-size=\"870,522\" data-comments-opened=\"0\" data-image-meta=\"{&quot;aperture&quot;:&quot;0&quot;,&quot;credit&quot;:&quot;&quot;,&quot;camera&quot;:&quot;&quot;,&quot;caption&quot;:&quot;&quot;,&quot;created_timestamp&quot;:&quot;0&quot;,&quot;copyright&quot;:&quot;&quot;,&quot;focal_length&quot;:&quot;0&quot;,&quot;iso&quot;:&quot;0&quot;,&quot;shutter_speed&quot;:&quot;0&quot;,&quot;title&quot;:&quot;&quot;,&quot;orientation&quot;:&quot;0&quot;}\" data-image-title=\"Denuncian que el IMSS no reconoce al covid-19 como riesgo de trabajo cdmx abr\" data-image-description=\"\" data-image-caption=\"\" data-medium-file=\"https:\/\/www.grieta.org.mx\/wp-content\/uploads\/2020\/04\/Denuncian-que-el-IMSS-no-reconoce-al-covid-19-como-riesgo-de-trabajo-cdmx-abr-300x180.jpg\" data-large-file=\"https:\/\/www.grieta.org.mx\/wp-content\/uploads\/2020\/04\/Denuncian-que-el-IMSS-no-reconoce-al-covid-19-como-riesgo-de-trabajo-cdmx-abr.jpg\" class=\"aligncenter  wp-image-47717\" src=\"http:\/\/www.grieta.org.mx\/wp-content\/uploads\/2020\/04\/Denuncian-que-el-IMSS-no-reconoce-al-covid-19-como-riesgo-de-trabajo-cdmx-abr.jpg\" alt=\"\" width=\"646\" height=\"387\" srcset=\"https:\/\/www.grieta.org.mx\/wp-content\/uploads\/2020\/04\/Denuncian-que-el-IMSS-no-reconoce-al-covid-19-como-riesgo-de-trabajo-cdmx-abr.jpg 870w, https:\/\/www.grieta.org.mx\/wp-content\/uploads\/2020\/04\/Denuncian-que-el-IMSS-no-reconoce-al-covid-19-como-riesgo-de-trabajo-cdmx-abr-300x180.jpg 300w, https:\/\/www.grieta.org.mx\/wp-content\/uploads\/2020\/04\/Denuncian-que-el-IMSS-no-reconoce-al-covid-19-como-riesgo-de-trabajo-cdmx-abr-768x461.jpg 768w, https:\/\/www.grieta.org.mx\/wp-content\/uploads\/2020\/04\/Denuncian-que-el-IMSS-no-reconoce-al-covid-19-como-riesgo-de-trabajo-cdmx-abr-833x500.jpg 833w\" sizes=\"auto, (max-width: 646px) 100vw, 646px\" \/><br \/>\n<em>Imagen tomada de: www.proceso.com.mx<\/em><\/p>\n<p>Gloria Leticia D\u00edaz \/ Proceso<\/p>\n<blockquote><p>CIUDAD DE M\u00c9XICO (apro).- El contagio por covid-19 por cumplir con su labor que corresponde como parte del personal m\u00e9dico del Instituto Mexicano del Seguro Social (IMSS), no est\u00e1 siendo considerado como riesgo de trabajo, situaci\u00f3n que merma en un 40% el salario de los galenos infectados.<\/p><\/blockquote>\n<p>As\u00ed lo denuncia Y. una de los 89 m\u00e9dicos del IMSS que se encuentran incapacitados por haber resultado positivos a la prueba del coronavirus, que en su caso fue adquirido en el Hospital General de Zona n\u00famero 32.<\/p>\n<p>En entrevista con apro, la cirujana atribuye el contagio a negligencia de autoridades hospitalarias y del personal del nosocomio, por no tomar las medidas de protecci\u00f3n adecuadas para la atenci\u00f3n de la pandemia.<\/p>\n<p>Aislada en su casa despu\u00e9s de haber sido notificada como covid-19 positiva, Y. cuenta que pese a la alta incidencia de contagio que tiene el virus, se le oblig\u00f3 a acudir a su hospital para tramitar su incapacidad, as\u00ed como realizar otro tr\u00e1mite \u201cmucho m\u00e1s engorroso\u201d, para que su padecimiento sea clasificado como producto del riesgo de trabajo a que se vio sometida.<\/p>\n<p>\u201cDe entrada el IMSS te paga la incapacidad como enfermedad general, lo que significa que no te pagan el 40% del salario; tengo que reunir la aprobaci\u00f3n de unas siete personas, para determinar que fue riesgo de trabajo, tanto en el hospital con en la cl\u00ednica familiar; eso implica que para que me paguen lo que por derecho me corresponde, tengo que deambular por el hospital y la cl\u00ednica, poniendo en riesgo a mucha gente, lo que me parece absurdo\u201d, abunda Y.<\/p>\n<p>La m\u00e9dica cuenta c\u00f3mo se contagi\u00f3 y describe la falta de medidas de protecci\u00f3n que \u201cdesde siempre\u201d han imperado en el IMSS y que pueden desencadenar en mayores contagios a de los que est\u00e1n siendo reportados.<\/p>\n<p><img loading=\"lazy\" decoding=\"async\" data-attachment-id=\"47718\" data-permalink=\"https:\/\/www.grieta.org.mx\/index.php\/2020\/04\/10\/denuncian-que-el-imss-no-reconoce-al-covid-19-como-riesgo-de-trabajo\/cajero\/\" data-orig-file=\"https:\/\/www.grieta.org.mx\/wp-content\/uploads\/2020\/04\/cajero.jpg\" data-orig-size=\"960,1280\" data-comments-opened=\"0\" data-image-meta=\"{&quot;aperture&quot;:&quot;0&quot;,&quot;credit&quot;:&quot;&quot;,&quot;camera&quot;:&quot;&quot;,&quot;caption&quot;:&quot;&quot;,&quot;created_timestamp&quot;:&quot;0&quot;,&quot;copyright&quot;:&quot;&quot;,&quot;focal_length&quot;:&quot;0&quot;,&quot;iso&quot;:&quot;0&quot;,&quot;shutter_speed&quot;:&quot;0&quot;,&quot;title&quot;:&quot;&quot;,&quot;orientation&quot;:&quot;0&quot;}\" data-image-title=\"cajero\" data-image-description=\"\" data-image-caption=\"\" data-medium-file=\"https:\/\/www.grieta.org.mx\/wp-content\/uploads\/2020\/04\/cajero-225x300.jpg\" data-large-file=\"https:\/\/www.grieta.org.mx\/wp-content\/uploads\/2020\/04\/cajero-768x1024.jpg\" class=\"aligncenter  wp-image-47718\" src=\"http:\/\/www.grieta.org.mx\/wp-content\/uploads\/2020\/04\/cajero.jpg\" alt=\"\" width=\"648\" height=\"864\" srcset=\"https:\/\/www.grieta.org.mx\/wp-content\/uploads\/2020\/04\/cajero.jpg 960w, https:\/\/www.grieta.org.mx\/wp-content\/uploads\/2020\/04\/cajero-225x300.jpg 225w, https:\/\/www.grieta.org.mx\/wp-content\/uploads\/2020\/04\/cajero-768x1024.jpg 768w, https:\/\/www.grieta.org.mx\/wp-content\/uploads\/2020\/04\/cajero-375x500.jpg 375w\" sizes=\"auto, (max-width: 648px) 100vw, 648px\" \/><br \/>\n<em>Imagen tomada de: www.proceso.com.mx<\/em><\/p>\n<p>De 37 a\u00f1os, cinco de ellos adscrita al HGZ 32 en el turno nocturno, Y acudi\u00f3 al \u00e1rea de urgencias a revisar a dos pacientes graves a quienes tendr\u00eda que intervenir de manera urgente, el 21 de marzo.<\/p>\n<p>En el espacio de 10 por 15 metros del \u00e1rea de urgencias, \u201cdonde suele haber hasta 50 pacientes\u201d, dos pacientes estaban aislados en un \u00e1rea improvisada, a una distancia de unos cinco o siete metros de los enfermos que ella estaba auscultando, \u201ccon todas las medidas de seguridad, llevaba guantes, gorro, cubrebocas N95, bata quir\u00fargica, y a esos pacientes que estaban aislados, todav\u00eda no se les diagnosticaba covid-19, uno de ellos muri\u00f3 m\u00e1s tarde\u201d.<\/p>\n<p>Apunta que, si bien ella hab\u00eda tomado las medidas de protecci\u00f3n necesarias, reconoce que el \u00e1rea de urgencias del hospital en el que trabaja, \u201clos urgenci\u00f3logos revisan a todos los pacientes, todo mundo manipula los expedientes, a m\u00ed me toc\u00f3 trabajar en esa \u00e1rea, hacer papeleo, usar su computadora; despu\u00e9s me enter\u00e9 que los m\u00e9dicos que atendieron a los pacientes con covid-19 no tomaron las medidas de seguridad necesarias\u201d.<\/p>\n<p><img loading=\"lazy\" decoding=\"async\" data-attachment-id=\"47719\" data-permalink=\"https:\/\/www.grieta.org.mx\/index.php\/2020\/04\/10\/denuncian-que-el-imss-no-reconoce-al-covid-19-como-riesgo-de-trabajo\/32-2\/\" data-orig-file=\"https:\/\/www.grieta.org.mx\/wp-content\/uploads\/2020\/04\/32.jpeg\" data-orig-size=\"1202,704\" data-comments-opened=\"0\" data-image-meta=\"{&quot;aperture&quot;:&quot;0&quot;,&quot;credit&quot;:&quot;&quot;,&quot;camera&quot;:&quot;&quot;,&quot;caption&quot;:&quot;&quot;,&quot;created_timestamp&quot;:&quot;0&quot;,&quot;copyright&quot;:&quot;&quot;,&quot;focal_length&quot;:&quot;0&quot;,&quot;iso&quot;:&quot;0&quot;,&quot;shutter_speed&quot;:&quot;0&quot;,&quot;title&quot;:&quot;&quot;,&quot;orientation&quot;:&quot;0&quot;}\" data-image-title=\"32\" data-image-description=\"\" data-image-caption=\"\" data-medium-file=\"https:\/\/www.grieta.org.mx\/wp-content\/uploads\/2020\/04\/32-300x176.jpeg\" data-large-file=\"https:\/\/www.grieta.org.mx\/wp-content\/uploads\/2020\/04\/32-1024x600.jpeg\" class=\"aligncenter  wp-image-47719\" src=\"http:\/\/www.grieta.org.mx\/wp-content\/uploads\/2020\/04\/32.jpeg\" alt=\"\" width=\"647\" height=\"379\" srcset=\"https:\/\/www.grieta.org.mx\/wp-content\/uploads\/2020\/04\/32.jpeg 1202w, https:\/\/www.grieta.org.mx\/wp-content\/uploads\/2020\/04\/32-300x176.jpeg 300w, https:\/\/www.grieta.org.mx\/wp-content\/uploads\/2020\/04\/32-768x450.jpeg 768w, https:\/\/www.grieta.org.mx\/wp-content\/uploads\/2020\/04\/32-1024x600.jpeg 1024w, https:\/\/www.grieta.org.mx\/wp-content\/uploads\/2020\/04\/32-854x500.jpeg 854w\" sizes=\"auto, (max-width: 647px) 100vw, 647px\" \/><br \/>\n<em>Hospital General de Zona n\u00famero 32 del IMSS. Foto: Google Maps<\/em><\/p>\n<p>Una semana despu\u00e9s, Y empez\u00f3 a sentir molestias en los gl\u00f3bulos oculares y dolores de cabeza, que atribuy\u00f3 en un principio al cansancio por su horario de trabajo, pero al agudizarse los s\u00edntomas y sentir molestias en faringe, considero que era fuera de lo normal, por lo que al llegar al hospital se dirigi\u00f3 al \u00e1rea de urgencias y pidi\u00f3 ser revisada.<\/p>\n<p>\u201cEl m\u00e9dico que me revis\u00f3 no llevaba guantes ni cubrebocas, yo le advert\u00ed que no pod\u00eda revisarse sin medidas de protecci\u00f3n, pero me dijo que no pasaba nada; de entrada, descart\u00f3 que tuviera s\u00edntomas de covid-19, a lo que le exig\u00ed una prueba, al principio se resisti\u00f3 pero logr\u00e9 que se me aplicara la prueba, y yo misma realic\u00e9 el papeleo y sub\u00ed la informaci\u00f3n a la plataforma, lo que me dio tranquilidad\u201d, agrega la cirujana.<\/p>\n<p>El 2 de abril, v\u00eda telef\u00f3nica le comunicaron a Y que hab\u00eda resultado positiva su prueba, y fue citada al d\u00eda siguiente al hospital para tramitar su incapacidad.<\/p>\n<p>\u201cMe pareci\u00f3 absurdo que me pidieran que acudiera mi centro de trabajo, me hicieron deambular por todo el hospital, y aunque yo iba con guantes y cubrebocas N95, estaba poniendo en riesgo a mucha gente, el subdirector que recibi\u00f3 mis documentos no estaba protegido, se lo hice ver y me dijo que \u00e9l ya estaba viejito y que no le iba a pasar nada\u201d, abunda.<\/p>\n<p>Y dice que no ha concluido sus tr\u00e1mites para que su enfermedad se considere riesgo de trabajo, porque \u201cla literatura m\u00e9dica dice que es un virus altamente contagioso, y creo que por responsabilidad m\u00e9dica, no debo exponer a m\u00e1s personas, sin embargo, lo absurdo es que se me siga pidiendo acudir a mi hospital y a mi cl\u00ednica familiar para que me paguen lo que me corresponde, cuando la tecnolog\u00eda te permitir\u00eda realizar esos tr\u00e1mites a distancia\u201d.<\/p>\n<p>La especialista cuenta que una vez que su hospital fue declarado como receptor de enfermos por covid-19, al menos dos semanas antes de contraer ella el virus, decidi\u00f3 aislarse de su madre y su hija, as\u00ed como tomar medidas de seguridad extremas como no ingresar directamente a su domicilio con la ropa ni el calzado de trabajo, as\u00ed como ducharse de manera inmediata.<\/p>\n<p>\u201cCon todas esas medidas de seguridad me infect\u00e9, y al pensarlo veo que no pod\u00eda ser de otra manera cuando ves el descuido del personal m\u00e9dico, de roper\u00eda, de camiller\u00eda de enfermer\u00eda, que no llevan equipo de seguridad, porque la instituci\u00f3n no proporciona el equipo adecuado, pero adem\u00e1s nunca lo ha hecho, lo que estamos haciendo es improvisar y comprar nuestro propio equipo de seguridad, por ejemplo una mascarilla N95 que antes te costaba 30 pesos, ahora la consigues entre 130 y 190 pesos\u201d, advierte Y.<\/p>\n<p>Entre la falta de equipo de protecci\u00f3n proporcionado por el IMSS y una pr\u00e1ctica negligente, insiste, es que est\u00e1 contagiada, en tanto en su entorno, habr\u00eda otros diez m\u00e9dicos, entre ellos quien la auscult\u00f3, con s\u00edntomas de ser portadores de covid-19.<\/p>\n<p>La especialista sostiene que, a pesar de su molestia con el Seguro Social por no clasificar su padecimiento como riesgo de trabajo, est\u00e1 tranquila por haber tomado medidas preventivas que evitaron que su familia estuviera contagiada.<\/p>\n<p>\u201cLa separaci\u00f3n de mi madre y mi hija ha sido muy dura, pero creo que fue la mejor decisi\u00f3n que pude haber tomado, al igual que haber exigido que se me aplicara la prueba del covid-19, s\u00f3lo pienso en las consecuencias que hubiera tenido quedarme callada, hubiera esparcido el virus por todos lados, a mis pacientes, a mi familia, por eso me sigue pareciendo injusto que no est\u00e9 reconociendo como riesgo de trabajo el contagio al que hemos estado expuestos los m\u00e9dicos del IMSS, por realizar nuestro trabajo\u201d, lamenta Y.<\/p>\n<p><a href=\"https:\/\/www.proceso.com.mx\/625288\/denuncian-que-el-imss-no-reconoce-al-covid-19-como-riesgo-de-trabajo\" target=\"_blank\" rel=\"noopener noreferrer\">https:\/\/www.proceso.com.mx\/625288\/denuncian-que-el-imss-no-reconoce-al-covid-19-como-riesgo-de-trabajo<\/a><\/p>\n","protected":false},"excerpt":{"rendered":"<p>Imagen tomada de: www.proceso.com.mx Gloria Leticia D\u00edaz \/ Proceso CIUDAD DE M\u00c9XICO (apro).- El contagio por covid-19 por cumplir con su labor que corresponde como parte del personal m\u00e9dico del &hellip; <a href=\"https:\/\/www.grieta.org.mx\/index.php\/2020\/04\/10\/denuncian-que-el-imss-no-reconoce-al-covid-19-como-riesgo-de-trabajo\/\" class=\"more-link\">Leer m\u00e1s<\/a><\/p>\n","protected":false},"author":2,"featured_media":47717,"comment_status":"closed","ping_status":"closed","sticky":false,"template":"","format":"standard","meta":{"ngg_post_thumbnail":0,"_jetpack_newsletter_access":"","_jetpack_dont_email_post_to_subs":false,"_jetpack_newsletter_tier_id":0,"_jetpack_memberships_contains_paywalled_content":false,"_jetpack_memberships_contains_paid_content":false,"footnotes":""},"categories":[80,14,3295,918,3033,1225,910,2,2119,83],"tags":[3260,3133,2841],"class_list":["post-47716","post","type-post","status-publish","format-standard","has-post-thumbnail","hentry","category-cintillo","category-ciudad-de-mexico","category-covid-19-en-ciudad-de-mexico","category-privatizacion-del-sector-salud","category-crisis-en-el-sector-salud-en-la-ciudad-de-mexico","category-explotacion-laboral-en-la-ciudad-de-mexico","category-explotacion-y-precariedad-laboral","category-noticias-nacionales","category-precarizacion-de-las-condiciones-laborales-en-la-ciudad-de-mexico","category-temas-nacionales","tag-covid","tag-crisis-del-sector-salud","tag-explotacion-y-precariedad-laboral","entry"],"jetpack_featured_media_url":"https:\/\/www.grieta.org.mx\/wp-content\/uploads\/2020\/04\/Denuncian-que-el-IMSS-no-reconoce-al-covid-19-como-riesgo-de-trabajo-cdmx-abr.jpg","jetpack_sharing_enabled":true,"jetpack_shortlink":"https:\/\/wp.me\/p7ZJR4-cpC","jetpack_likes_enabled":false,"jetpack-related-posts":[{"id":46659,"url":"https:\/\/www.grieta.org.mx\/index.php\/2020\/03\/23\/personal-del-imss-protesta-por-falta-de-insumos-y-protocolos-ante-covid-19-ciudad-de-mexico\/","url_meta":{"origin":47716,"position":0},"title":"Personal del IMSS protesta por falta de insumos y protocolos ante Covid-19 (Ciudad de M\u00e9xico)","author":"grieta","date":"23 marzo, 2020","format":false,"excerpt":"Foto: Jorge Gonz\u00e1lez Jorge Gonz\u00e1lez \/ Excelsior Enfermeras, camilleros y doctores de la Cl\u00ednica 32, piden capacitaci\u00f3n y medidas para la recepci\u00f3n de pacientes CIUDAD DE M\u00c9XICO. La ma\u00f1ana de este lunes, trabajadores del Instituto Mexicano del Seguro Social (IMSS) salieron a las calles a levantar la voz por la\u2026","rel":"","context":"En &quot;CINTILLO&quot;","block_context":{"text":"CINTILLO","link":"https:\/\/www.grieta.org.mx\/index.php\/category\/cintillo\/"},"img":{"alt_text":"","src":"https:\/\/i0.wp.com\/www.grieta.org.mx\/wp-content\/uploads\/2020\/03\/Personal-del-IMSS-protesta-por-falta-de-insumos-y-protocolos-ante-Covid-19-cdmx-mzo.jpg?resize=350%2C200&ssl=1","width":350,"height":200,"srcset":"https:\/\/i0.wp.com\/www.grieta.org.mx\/wp-content\/uploads\/2020\/03\/Personal-del-IMSS-protesta-por-falta-de-insumos-y-protocolos-ante-Covid-19-cdmx-mzo.jpg?resize=350%2C200&ssl=1 1x, https:\/\/i0.wp.com\/www.grieta.org.mx\/wp-content\/uploads\/2020\/03\/Personal-del-IMSS-protesta-por-falta-de-insumos-y-protocolos-ante-Covid-19-cdmx-mzo.jpg?resize=525%2C300&ssl=1 1.5x, https:\/\/i0.wp.com\/www.grieta.org.mx\/wp-content\/uploads\/2020\/03\/Personal-del-IMSS-protesta-por-falta-de-insumos-y-protocolos-ante-Covid-19-cdmx-mzo.jpg?resize=700%2C400&ssl=1 2x, https:\/\/i0.wp.com\/www.grieta.org.mx\/wp-content\/uploads\/2020\/03\/Personal-del-IMSS-protesta-por-falta-de-insumos-y-protocolos-ante-Covid-19-cdmx-mzo.jpg?resize=1050%2C600&ssl=1 3x"},"classes":[]},{"id":47810,"url":"https:\/\/www.grieta.org.mx\/index.php\/2020\/04\/13\/personal-medico-del-imss-exige-insumos-para-atender-coronavirus-ciudad-de-mexico\/","url_meta":{"origin":47716,"position":1},"title":"Personal m\u00e9dico del IMSS exige insumos para atender coronavirus (Ciudad de M\u00e9xico)","author":"grieta","date":"13 abril, 2020","format":false,"excerpt":"Imagen tomada de: www.eluniversal.com.mx Carla Mart\u00ednez \/ El Universal Personal que labora en el Hospital General de Zona Venados del IMSS bloque\u00f3 la avenida Municipio Libre para exigir insumos m\u00e9dicos para atender a pacientes con Covid-19 Por falta de insumos m\u00e9dicos para atender a pacientes con Covid-19, personal de salud\u2026","rel":"","context":"En &quot;CINTILLO&quot;","block_context":{"text":"CINTILLO","link":"https:\/\/www.grieta.org.mx\/index.php\/category\/cintillo\/"},"img":{"alt_text":"","src":"https:\/\/i0.wp.com\/www.grieta.org.mx\/wp-content\/uploads\/2020\/04\/Personal-m%C3%A9dico-del-IMSS-exige-insumos-para-atender-coronavirus-cdmx-abr.jpg?resize=350%2C200","width":350,"height":200},"classes":[]},{"id":48770,"url":"https:\/\/www.grieta.org.mx\/index.php\/2020\/05\/06\/personal-de-clinica-del-imss-en-zaragoza-denuncian-que-han-sido-rebasados-ciudad-de-mexico\/","url_meta":{"origin":47716,"position":2},"title":"PERSONAL DE CL\u00cdNICA DEL IMSS EN ZARAGOZA DENUNCIAN QUE HAN SIDO REBASADOS (Ciudad de M\u00e9xico)","author":"grieta","date":"6 mayo, 2020","format":false,"excerpt":"Foto: www.reporteindigo.com Reporte \u00cdndigo Trabajadores de la cl\u00ednica ubicada en calzada Ignacio Zaragoza se manifestaron este mi\u00e9rcoles a las afueras de la UMF 120 y cerraron la avenida El personal m\u00e9dico de la Unidad M\u00e9dica Familiar (UMF)120 en Zaragoza del Instituto Mexicano del Seguro Social (IMSS) denunci\u00f3 este mi\u00e9rcoles que\u2026","rel":"","context":"En &quot;CINTILLO&quot;","block_context":{"text":"CINTILLO","link":"https:\/\/www.grieta.org.mx\/index.php\/category\/cintillo\/"},"img":{"alt_text":"","src":"https:\/\/i0.wp.com\/www.grieta.org.mx\/wp-content\/uploads\/2020\/05\/PERSONAL-DE-CL%C3%8DNICA-DEL-IMSS-EN-ZARAGOZA-DENUNCIAN-QUE-HAN-SIDO-REBASADOS-cdmx-may.jpg?resize=350%2C200","width":350,"height":200},"classes":[]},{"id":46712,"url":"https:\/\/www.grieta.org.mx\/index.php\/2020\/03\/20\/personal-del-imss-bloquea-eje-4-sur-exigen-material-y-protocolos-para-atender-covid-19-ciudad-de-mexico\/","url_meta":{"origin":47716,"position":3},"title":"Personal del IMSS bloquea Eje 4 Sur; exigen material y protocolos para atender COVID-19 (Ciudad de M\u00e9xico)","author":"grieta","date":"20 marzo, 2020","format":false,"excerpt":"Foto: Arturo \u00c1ngel Animal Pol\u00edtico Solicitan material, protocolos para el manejo del coronavirus, as\u00ed como m\u00e1s seguridad Personal del Instituto Mexicano del Seguro Social (IMSS) del Hospital Regional n\u00famero 1 \u201cDr. Carlos Mac Gregor S\u00e1nchez Navarro\u201d se manifestaron sobre el Eje 4 Sur, en exigencia de m\u00e1s insumos para atender\u2026","rel":"","context":"En &quot;CINTILLO&quot;","block_context":{"text":"CINTILLO","link":"https:\/\/www.grieta.org.mx\/index.php\/category\/cintillo\/"},"img":{"alt_text":"","src":"https:\/\/i0.wp.com\/www.grieta.org.mx\/wp-content\/uploads\/2020\/03\/Personal-del-IMSS-bloquea-Eje-4-Sur-exigen-material-y-protocolos-para-atender-COVID-19-cdmx-mzo.jpg?resize=350%2C200&ssl=1","width":350,"height":200,"srcset":"https:\/\/i0.wp.com\/www.grieta.org.mx\/wp-content\/uploads\/2020\/03\/Personal-del-IMSS-bloquea-Eje-4-Sur-exigen-material-y-protocolos-para-atender-COVID-19-cdmx-mzo.jpg?resize=350%2C200&ssl=1 1x, https:\/\/i0.wp.com\/www.grieta.org.mx\/wp-content\/uploads\/2020\/03\/Personal-del-IMSS-bloquea-Eje-4-Sur-exigen-material-y-protocolos-para-atender-COVID-19-cdmx-mzo.jpg?resize=525%2C300&ssl=1 1.5x, https:\/\/i0.wp.com\/www.grieta.org.mx\/wp-content\/uploads\/2020\/03\/Personal-del-IMSS-bloquea-Eje-4-Sur-exigen-material-y-protocolos-para-atender-COVID-19-cdmx-mzo.jpg?resize=700%2C400&ssl=1 2x, https:\/\/i0.wp.com\/www.grieta.org.mx\/wp-content\/uploads\/2020\/03\/Personal-del-IMSS-bloquea-Eje-4-Sur-exigen-material-y-protocolos-para-atender-COVID-19-cdmx-mzo.jpg?resize=1050%2C600&ssl=1 3x"},"classes":[]},{"id":49133,"url":"https:\/\/www.grieta.org.mx\/index.php\/2020\/05\/13\/personal-del-hospital-la-raza-rechaza-levantar-bloqueo-en-circuito-interior-ciudad-de-mexico\/","url_meta":{"origin":47716,"position":4},"title":"Personal del hospital La Raza rechaza levantar bloqueo en Circuito Interior (Ciudad de M\u00e9xico)","author":"grieta","date":"13 mayo, 2020","format":false,"excerpt":"Imagen tomada de: www.eluniversal.com.mx Diana Lastiri \/ El Universal Los manifestantes reprocharon que, luego de tres horas de bloqueo, la \u00fanica autoridad que se acerc\u00f3 a ellos fue el director del hospital; denunciaron que los insumos entregados por el IMSS son de mala calidad El director del Hospital General \u201cLa\u2026","rel":"","context":"En &quot;CINTILLO&quot;","block_context":{"text":"CINTILLO","link":"https:\/\/www.grieta.org.mx\/index.php\/category\/cintillo\/"},"img":{"alt_text":"","src":"https:\/\/i0.wp.com\/www.grieta.org.mx\/wp-content\/uploads\/2020\/05\/Personal-del-hospital-La-Raza-rechaza-levantar-cdmx-may.jpg?resize=350%2C200","width":350,"height":200},"classes":[]},{"id":71967,"url":"https:\/\/www.grieta.org.mx\/index.php\/2025\/07\/08\/trabajadores-de-la-salud-bloquean-paseo-de-la-reforma-denuncian-irregularidades-ciudad-de-mexico\/","url_meta":{"origin":47716,"position":5},"title":"Trabajadores de la salud bloquean Paseo de la Reforma; denuncian irregularidades (Ciudad de M\u00e9xico)","author":"grieta","date":"8 julio, 2025","format":false,"excerpt":"Natalia Estrada Garc\u00eda \/ Enfoque noticias CDMX.- Trabajadoras y trabajadores pertenecientes al sector salud fueron agredidos tras mantener un bloqueo sobre carriles laterales del Perif\u00e9rico y avenida Paseo de la Reforma en la colonia Bosques de Chapultepec, Miguel Hidalgo. Laura Quintero delegada estatal de Ciudad de M\u00e9xico de la Fuerza\u2026","rel":"","context":"En &quot;Abuso policiaco y tortura en la Ciudad de M\u00e9xico&quot;","block_context":{"text":"Abuso policiaco y tortura en la Ciudad de M\u00e9xico","link":"https:\/\/www.grieta.org.mx\/index.php\/category\/noticias-nacionales\/ciudad-de-mexico\/abuso-policiaco-y-tortura-en-la-ciudad-de-mexico\/"},"img":{"alt_text":"","src":"https:\/\/i0.wp.com\/www.grieta.org.mx\/wp-content\/uploads\/2025\/07\/Captura-de-pantalla-2025-07-08-233604.png?resize=350%2C200&ssl=1","width":350,"height":200,"srcset":"https:\/\/i0.wp.com\/www.grieta.org.mx\/wp-content\/uploads\/2025\/07\/Captura-de-pantalla-2025-07-08-233604.png?resize=350%2C200&ssl=1 1x, https:\/\/i0.wp.com\/www.grieta.org.mx\/wp-content\/uploads\/2025\/07\/Captura-de-pantalla-2025-07-08-233604.png?resize=525%2C300&ssl=1 1.5x, https:\/\/i0.wp.com\/www.grieta.org.mx\/wp-content\/uploads\/2025\/07\/Captura-de-pantalla-2025-07-08-233604.png?resize=700%2C400&ssl=1 2x"},"classes":[]}],"_links":{"self":[{"href":"https:\/\/www.grieta.org.mx\/index.php\/wp-json\/wp\/v2\/posts\/47716","targetHints":{"allow":["GET"]}}],"collection":[{"href":"https:\/\/www.grieta.org.mx\/index.php\/wp-json\/wp\/v2\/posts"}],"about":[{"href":"https:\/\/www.grieta.org.mx\/index.php\/wp-json\/wp\/v2\/types\/post"}],"author":[{"embeddable":true,"href":"https:\/\/www.grieta.org.mx\/index.php\/wp-json\/wp\/v2\/users\/2"}],"replies":[{"embeddable":true,"href":"https:\/\/www.grieta.org.mx\/index.php\/wp-json\/wp\/v2\/comments?post=47716"}],"version-history":[{"count":1,"href":"https:\/\/www.grieta.org.mx\/index.php\/wp-json\/wp\/v2\/posts\/47716\/revisions"}],"predecessor-version":[{"id":47720,"href":"https:\/\/www.grieta.org.mx\/index.php\/wp-json\/wp\/v2\/posts\/47716\/revisions\/47720"}],"wp:featuredmedia":[{"embeddable":true,"href":"https:\/\/www.grieta.org.mx\/index.php\/wp-json\/wp\/v2\/media\/47717"}],"wp:attachment":[{"href":"https:\/\/www.grieta.org.mx\/index.php\/wp-json\/wp\/v2\/media?parent=47716"}],"wp:term":[{"taxonomy":"category","embeddable":true,"href":"https:\/\/www.grieta.org.mx\/index.php\/wp-json\/wp\/v2\/categories?post=47716"},{"taxonomy":"post_tag","embeddable":true,"href":"https:\/\/www.grieta.org.mx\/index.php\/wp-json\/wp\/v2\/tags?post=47716"}],"curies":[{"name":"wp","href":"https:\/\/api.w.org\/{rel}","templated":true}]}}