{"id":47710,"date":"2020-04-09T01:32:25","date_gmt":"2020-04-09T06:32:25","guid":{"rendered":"http:\/\/www.grieta.org.mx\/?p=47710"},"modified":"2020-04-11T01:39:19","modified_gmt":"2020-04-11T06:39:19","slug":"se-registra-contagio-de-covid-19-en-centro-medico-siglo-xxi-del-imss-afecta-a-dos-trabajadores-ciudad-de-mexico","status":"publish","type":"post","link":"https:\/\/www.grieta.org.mx\/index.php\/2020\/04\/09\/se-registra-contagio-de-covid-19-en-centro-medico-siglo-xxi-del-imss-afecta-a-dos-trabajadores-ciudad-de-mexico\/","title":{"rendered":"Se registra contagio de Covid-19 en Centro M\u00e9dico Siglo XXI del IMSS; afecta a dos trabajadores (Ciudad de M\u00e9xico)"},"content":{"rendered":"<p><img loading=\"lazy\" decoding=\"async\" data-attachment-id=\"47711\" data-permalink=\"https:\/\/www.grieta.org.mx\/index.php\/2020\/04\/09\/se-registra-contagio-de-covid-19-en-centro-medico-siglo-xxi-del-imss-afecta-a-dos-trabajadores-ciudad-de-mexico\/se-registra-contagio-de-covid-19-en-centro-medico-siglo-xxi-del-imss-afecta-a-dos-trabajadores-cdmx-abr\/\" data-orig-file=\"https:\/\/www.grieta.org.mx\/wp-content\/uploads\/2020\/04\/Se-registra-contagio-de-Covid-19-en-Centro-M\u00e9dico-Siglo-XXI-del-IMSS-afecta-a-dos-trabajadores-cdmx-abr.jpg\" data-orig-size=\"600,360\" data-comments-opened=\"0\" data-image-meta=\"{&quot;aperture&quot;:&quot;0&quot;,&quot;credit&quot;:&quot;&quot;,&quot;camera&quot;:&quot;&quot;,&quot;caption&quot;:&quot;&quot;,&quot;created_timestamp&quot;:&quot;0&quot;,&quot;copyright&quot;:&quot;&quot;,&quot;focal_length&quot;:&quot;0&quot;,&quot;iso&quot;:&quot;0&quot;,&quot;shutter_speed&quot;:&quot;0&quot;,&quot;title&quot;:&quot;&quot;,&quot;orientation&quot;:&quot;1&quot;}\" data-image-title=\"Se registra contagio de Covid-19 en Centro M\u00e9dico Siglo XXI del IMSS; afecta a dos trabajadores cdmx abr\" data-image-description=\"\" data-image-caption=\"\" data-medium-file=\"https:\/\/www.grieta.org.mx\/wp-content\/uploads\/2020\/04\/Se-registra-contagio-de-Covid-19-en-Centro-M\u00e9dico-Siglo-XXI-del-IMSS-afecta-a-dos-trabajadores-cdmx-abr-300x180.jpg\" data-large-file=\"https:\/\/www.grieta.org.mx\/wp-content\/uploads\/2020\/04\/Se-registra-contagio-de-Covid-19-en-Centro-M\u00e9dico-Siglo-XXI-del-IMSS-afecta-a-dos-trabajadores-cdmx-abr.jpg\" class=\"aligncenter  wp-image-47711\" src=\"http:\/\/www.grieta.org.mx\/wp-content\/uploads\/2020\/04\/Se-registra-contagio-de-Covid-19-en-Centro-M\u00e9dico-Siglo-XXI-del-IMSS-afecta-a-dos-trabajadores-cdmx-abr.jpg\" alt=\"\" width=\"577\" height=\"346\" srcset=\"https:\/\/www.grieta.org.mx\/wp-content\/uploads\/2020\/04\/Se-registra-contagio-de-Covid-19-en-Centro-M\u00e9dico-Siglo-XXI-del-IMSS-afecta-a-dos-trabajadores-cdmx-abr.jpg 600w, https:\/\/www.grieta.org.mx\/wp-content\/uploads\/2020\/04\/Se-registra-contagio-de-Covid-19-en-Centro-M\u00e9dico-Siglo-XXI-del-IMSS-afecta-a-dos-trabajadores-cdmx-abr-300x180.jpg 300w\" sizes=\"auto, (max-width: 577px) 100vw, 577px\" \/><br \/>\n<em>Foto: Cuartoscuro<\/em><\/p>\n<p>Contral\u00ednea<\/p>\n<blockquote><p>El Instituto Mexicano del Seguro Social (IMSS) registr\u00f3 un nuevo caso de contagio del coronavirus SARS-CoV-2, causante de la enfermedad Covid-19, ahora en el Hospital de Especialidades Centro M\u00e9dico Nacional Siglo XXI, que afect\u00f3 a dos de sus trabajadores.<\/p><\/blockquote>\n<p>El 24 de marzo pasado un paciente masculino ingres\u00f3 a la Unidad M\u00e9dica de Alta Especialidad (UMAE) del Hospital de Especialidades con un cuadro cl\u00ednico de endocrinolog\u00eda (hipoglucemia). En los siguientes 4 d\u00edas su estado se complic\u00f3 y al presentar fiebre muy alta y otros s\u00edntomas, se le aplic\u00f3 la prueba y dio a positivo a Covid-19. Al sexto d\u00eda de internamiento falleci\u00f3.<\/p>\n<p>Consultado por Contral\u00ednea, el IMSS explic\u00f3 que se trat\u00f3 de \u201cun paciente sin ning\u00fan s\u00edntoma o signo de sospecha cl\u00ednica por COVID-19, por lo que no sigui\u00f3 la ruta del Triage Respiratorio, sino el Triage de admisi\u00f3n continua: se le realizaron estudios y se le trat\u00f3 por el padecimiento por el que acudi\u00f3 a urgencias\u201d.<\/p>\n<p>Agreg\u00f3 que para el d\u00eda 28, \u201cel paciente tuvo una descompensaci\u00f3n en su salud y fue trasladado a la Unidad de Terapia Intensiva (UCI), se le realizaron nuevos estudios, mismos que prendieron las alertas como paciente sospechoso. A partir de ese momento, en la UCI se le aisl\u00f3 y se tomaron las medidas de protecci\u00f3n personal necesarias para el equipo m\u00e9dico que lo atend\u00eda. Se le realiz\u00f3 la prueba por COVID- 19\u201d.<\/p>\n<p>El resultado de la prueba SARS-CoV-2 report\u00f3 positivo despu\u00e9s de su deceso, ocurrido el 30 de marzo. \u201cUna vez confirmado el reporte [el hospital] realiz\u00f3 un cerco epidemiol\u00f3gico\u201d. En total, de 15 personas que pudieron tener contacto con el paciente \u2013los tres turnos de medicina y enfermer\u00eda\u2013, dos fueron confirmadas como contagiadas.<\/p>\n<p>De acuerdo con el IMSS, \u201c\u00e9stas presentaron s\u00edntomas leves y se les da seguimiento puntual en aislamiento domiciliario. El resto fueron puestos en cuarentena y el \u00e1rea de Epidemiolog\u00eda da seguimiento puntual para saber su evoluci\u00f3n.<\/p>\n<p>\u201cComo se ha referido en las conferencias informativas del sector Salud existen casos asintom\u00e1ticos que no son detectados por indicios de enfermedades respiratorias.\u201d<\/p>\n<p>Finalmente el Instituto indica que \u201cla UMAE Hospital de Especialidades cuenta con un protocolo de COVID-19, una torre completa incluyendo cinco quir\u00f3fanos dedicada a la atenci\u00f3n, con un Triage Respiratorio y un Triage normal para los casos que llegan\u201d.<\/p>\n<p><a href=\"https:\/\/www.contralinea.com.mx\/archivo-revista\/2020\/04\/09\/se-registra-contagio-de-covid-19-en-centro-medico-siglo-xxi-del-imss-afecta-a-dos-trabajadores\/\" target=\"_blank\" rel=\"noopener noreferrer\">https:\/\/www.contralinea.com.mx\/archivo-revista\/2020\/04\/09\/se-registra-contagio-de-covid-19-en-centro-medico-siglo-xxi-del-imss-afecta-a-dos-trabajadores\/<\/a><\/p>\n","protected":false},"excerpt":{"rendered":"<p>Foto: Cuartoscuro Contral\u00ednea El Instituto Mexicano del Seguro Social (IMSS) registr\u00f3 un nuevo caso de contagio del coronavirus SARS-CoV-2, causante de la enfermedad Covid-19, ahora en el Hospital de Especialidades &hellip; <a href=\"https:\/\/www.grieta.org.mx\/index.php\/2020\/04\/09\/se-registra-contagio-de-covid-19-en-centro-medico-siglo-xxi-del-imss-afecta-a-dos-trabajadores-ciudad-de-mexico\/\" class=\"more-link\">Leer m\u00e1s<\/a><\/p>\n","protected":false},"author":2,"featured_media":47711,"comment_status":"closed","ping_status":"closed","sticky":false,"template":"","format":"standard","meta":{"ngg_post_thumbnail":0,"_jetpack_newsletter_access":"","_jetpack_dont_email_post_to_subs":false,"_jetpack_newsletter_tier_id":0,"_jetpack_memberships_contains_paywalled_content":false,"_jetpack_memberships_contains_paid_content":false,"footnotes":""},"categories":[80,14,3295,918,3033,1225,910,2,2119,83],"tags":[3260,3133,2841],"class_list":["post-47710","post","type-post","status-publish","format-standard","has-post-thumbnail","hentry","category-cintillo","category-ciudad-de-mexico","category-covid-19-en-ciudad-de-mexico","category-privatizacion-del-sector-salud","category-crisis-en-el-sector-salud-en-la-ciudad-de-mexico","category-explotacion-laboral-en-la-ciudad-de-mexico","category-explotacion-y-precariedad-laboral","category-noticias-nacionales","category-precarizacion-de-las-condiciones-laborales-en-la-ciudad-de-mexico","category-temas-nacionales","tag-covid","tag-crisis-del-sector-salud","tag-explotacion-y-precariedad-laboral","entry"],"jetpack_featured_media_url":"https:\/\/www.grieta.org.mx\/wp-content\/uploads\/2020\/04\/Se-registra-contagio-de-Covid-19-en-Centro-M\u00e9dico-Siglo-XXI-del-IMSS-afecta-a-dos-trabajadores-cdmx-abr.jpg","jetpack_sharing_enabled":true,"jetpack_shortlink":"https:\/\/wp.me\/p7ZJR4-cpw","jetpack_likes_enabled":false,"jetpack-related-posts":[{"id":48327,"url":"https:\/\/www.grieta.org.mx\/index.php\/2020\/04\/27\/personal-medico-bloquea-ermita-iztapalapa-por-falta-de-insumos-ciudad-de-mexico\/","url_meta":{"origin":47710,"position":0},"title":"Personal m\u00e9dico bloquea Ermita Iztapalapa por falta de insumos (Ciudad de M\u00e9xico)","author":"grieta","date":"27 abril, 2020","format":false,"excerpt":"Foto: @GRAWPEREZ Diario de M\u00e9xico Ciudad de M\u00e9xico. -M\u00e9dicos, enfermeras y personal de salud que trabaja en el Hospital Pedi\u00e1trico de Iztapalapa, mantienen bloqueada la circulaci\u00f3n en la Avenida Ermita Iztapalapa, entre Eje 3 Oriente y La Viga. El personal m\u00e9dico asegura que no tienen los materiales necesarios, como cubrebocas\u2026","rel":"","context":"En &quot;CINTILLO&quot;","block_context":{"text":"CINTILLO","link":"https:\/\/www.grieta.org.mx\/index.php\/category\/cintillo\/"},"img":{"alt_text":"","src":"https:\/\/i0.wp.com\/www.grieta.org.mx\/wp-content\/uploads\/2020\/04\/Personal-m%C3%A9dico-bloquea-Ermita-Iztapalapa-por-falta-de-insumos-cdmx-abr.jpg?resize=350%2C200&ssl=1","width":350,"height":200,"srcset":"https:\/\/i0.wp.com\/www.grieta.org.mx\/wp-content\/uploads\/2020\/04\/Personal-m%C3%A9dico-bloquea-Ermita-Iztapalapa-por-falta-de-insumos-cdmx-abr.jpg?resize=350%2C200&ssl=1 1x, https:\/\/i0.wp.com\/www.grieta.org.mx\/wp-content\/uploads\/2020\/04\/Personal-m%C3%A9dico-bloquea-Ermita-Iztapalapa-por-falta-de-insumos-cdmx-abr.jpg?resize=525%2C300&ssl=1 1.5x, https:\/\/i0.wp.com\/www.grieta.org.mx\/wp-content\/uploads\/2020\/04\/Personal-m%C3%A9dico-bloquea-Ermita-Iztapalapa-por-falta-de-insumos-cdmx-abr.jpg?resize=700%2C400&ssl=1 2x, https:\/\/i0.wp.com\/www.grieta.org.mx\/wp-content\/uploads\/2020\/04\/Personal-m%C3%A9dico-bloquea-Ermita-Iztapalapa-por-falta-de-insumos-cdmx-abr.jpg?resize=1050%2C600&ssl=1 3x"},"classes":[]},{"id":47810,"url":"https:\/\/www.grieta.org.mx\/index.php\/2020\/04\/13\/personal-medico-del-imss-exige-insumos-para-atender-coronavirus-ciudad-de-mexico\/","url_meta":{"origin":47710,"position":1},"title":"Personal m\u00e9dico del IMSS exige insumos para atender coronavirus (Ciudad de M\u00e9xico)","author":"grieta","date":"13 abril, 2020","format":false,"excerpt":"Imagen tomada de: www.eluniversal.com.mx Carla Mart\u00ednez \/ El Universal Personal que labora en el Hospital General de Zona Venados del IMSS bloque\u00f3 la avenida Municipio Libre para exigir insumos m\u00e9dicos para atender a pacientes con Covid-19 Por falta de insumos m\u00e9dicos para atender a pacientes con Covid-19, personal de salud\u2026","rel":"","context":"En &quot;CINTILLO&quot;","block_context":{"text":"CINTILLO","link":"https:\/\/www.grieta.org.mx\/index.php\/category\/cintillo\/"},"img":{"alt_text":"","src":"https:\/\/i0.wp.com\/www.grieta.org.mx\/wp-content\/uploads\/2020\/04\/Personal-m%C3%A9dico-del-IMSS-exige-insumos-para-atender-coronavirus-cdmx-abr.jpg?resize=350%2C200","width":350,"height":200},"classes":[]},{"id":48770,"url":"https:\/\/www.grieta.org.mx\/index.php\/2020\/05\/06\/personal-de-clinica-del-imss-en-zaragoza-denuncian-que-han-sido-rebasados-ciudad-de-mexico\/","url_meta":{"origin":47710,"position":2},"title":"PERSONAL DE CL\u00cdNICA DEL IMSS EN ZARAGOZA DENUNCIAN QUE HAN SIDO REBASADOS (Ciudad de M\u00e9xico)","author":"grieta","date":"6 mayo, 2020","format":false,"excerpt":"Foto: www.reporteindigo.com Reporte \u00cdndigo Trabajadores de la cl\u00ednica ubicada en calzada Ignacio Zaragoza se manifestaron este mi\u00e9rcoles a las afueras de la UMF 120 y cerraron la avenida El personal m\u00e9dico de la Unidad M\u00e9dica Familiar (UMF)120 en Zaragoza del Instituto Mexicano del Seguro Social (IMSS) denunci\u00f3 este mi\u00e9rcoles que\u2026","rel":"","context":"En &quot;CINTILLO&quot;","block_context":{"text":"CINTILLO","link":"https:\/\/www.grieta.org.mx\/index.php\/category\/cintillo\/"},"img":{"alt_text":"","src":"https:\/\/i0.wp.com\/www.grieta.org.mx\/wp-content\/uploads\/2020\/05\/PERSONAL-DE-CL%C3%8DNICA-DEL-IMSS-EN-ZARAGOZA-DENUNCIAN-QUE-HAN-SIDO-REBASADOS-cdmx-may.jpg?resize=350%2C200","width":350,"height":200},"classes":[]},{"id":46659,"url":"https:\/\/www.grieta.org.mx\/index.php\/2020\/03\/23\/personal-del-imss-protesta-por-falta-de-insumos-y-protocolos-ante-covid-19-ciudad-de-mexico\/","url_meta":{"origin":47710,"position":3},"title":"Personal del IMSS protesta por falta de insumos y protocolos ante Covid-19 (Ciudad de M\u00e9xico)","author":"grieta","date":"23 marzo, 2020","format":false,"excerpt":"Foto: Jorge Gonz\u00e1lez Jorge Gonz\u00e1lez \/ Excelsior Enfermeras, camilleros y doctores de la Cl\u00ednica 32, piden capacitaci\u00f3n y medidas para la recepci\u00f3n de pacientes CIUDAD DE M\u00c9XICO. La ma\u00f1ana de este lunes, trabajadores del Instituto Mexicano del Seguro Social (IMSS) salieron a las calles a levantar la voz por la\u2026","rel":"","context":"En &quot;CINTILLO&quot;","block_context":{"text":"CINTILLO","link":"https:\/\/www.grieta.org.mx\/index.php\/category\/cintillo\/"},"img":{"alt_text":"","src":"https:\/\/i0.wp.com\/www.grieta.org.mx\/wp-content\/uploads\/2020\/03\/Personal-del-IMSS-protesta-por-falta-de-insumos-y-protocolos-ante-Covid-19-cdmx-mzo.jpg?resize=350%2C200&ssl=1","width":350,"height":200,"srcset":"https:\/\/i0.wp.com\/www.grieta.org.mx\/wp-content\/uploads\/2020\/03\/Personal-del-IMSS-protesta-por-falta-de-insumos-y-protocolos-ante-Covid-19-cdmx-mzo.jpg?resize=350%2C200&ssl=1 1x, https:\/\/i0.wp.com\/www.grieta.org.mx\/wp-content\/uploads\/2020\/03\/Personal-del-IMSS-protesta-por-falta-de-insumos-y-protocolos-ante-Covid-19-cdmx-mzo.jpg?resize=525%2C300&ssl=1 1.5x, https:\/\/i0.wp.com\/www.grieta.org.mx\/wp-content\/uploads\/2020\/03\/Personal-del-IMSS-protesta-por-falta-de-insumos-y-protocolos-ante-Covid-19-cdmx-mzo.jpg?resize=700%2C400&ssl=1 2x, https:\/\/i0.wp.com\/www.grieta.org.mx\/wp-content\/uploads\/2020\/03\/Personal-del-IMSS-protesta-por-falta-de-insumos-y-protocolos-ante-Covid-19-cdmx-mzo.jpg?resize=1050%2C600&ssl=1 3x"},"classes":[]},{"id":71967,"url":"https:\/\/www.grieta.org.mx\/index.php\/2025\/07\/08\/trabajadores-de-la-salud-bloquean-paseo-de-la-reforma-denuncian-irregularidades-ciudad-de-mexico\/","url_meta":{"origin":47710,"position":4},"title":"Trabajadores de la salud bloquean Paseo de la Reforma; denuncian irregularidades (Ciudad de M\u00e9xico)","author":"grieta","date":"8 julio, 2025","format":false,"excerpt":"Natalia Estrada Garc\u00eda \/ Enfoque noticias CDMX.- Trabajadoras y trabajadores pertenecientes al sector salud fueron agredidos tras mantener un bloqueo sobre carriles laterales del Perif\u00e9rico y avenida Paseo de la Reforma en la colonia Bosques de Chapultepec, Miguel Hidalgo. Laura Quintero delegada estatal de Ciudad de M\u00e9xico de la Fuerza\u2026","rel":"","context":"En &quot;Abuso policiaco y tortura en la Ciudad de M\u00e9xico&quot;","block_context":{"text":"Abuso policiaco y tortura en la Ciudad de M\u00e9xico","link":"https:\/\/www.grieta.org.mx\/index.php\/category\/noticias-nacionales\/ciudad-de-mexico\/abuso-policiaco-y-tortura-en-la-ciudad-de-mexico\/"},"img":{"alt_text":"","src":"https:\/\/i0.wp.com\/www.grieta.org.mx\/wp-content\/uploads\/2025\/07\/Captura-de-pantalla-2025-07-08-233604.png?resize=350%2C200&ssl=1","width":350,"height":200,"srcset":"https:\/\/i0.wp.com\/www.grieta.org.mx\/wp-content\/uploads\/2025\/07\/Captura-de-pantalla-2025-07-08-233604.png?resize=350%2C200&ssl=1 1x, https:\/\/i0.wp.com\/www.grieta.org.mx\/wp-content\/uploads\/2025\/07\/Captura-de-pantalla-2025-07-08-233604.png?resize=525%2C300&ssl=1 1.5x, https:\/\/i0.wp.com\/www.grieta.org.mx\/wp-content\/uploads\/2025\/07\/Captura-de-pantalla-2025-07-08-233604.png?resize=700%2C400&ssl=1 2x"},"classes":[]},{"id":50955,"url":"https:\/\/www.grieta.org.mx\/index.php\/2020\/06\/08\/medicos-y-enfermeras-preparan-lluvia-de-demandas-contra-hospitales-2\/","url_meta":{"origin":47710,"position":5},"title":"M\u00e9dicos y enfermeras preparan &#8220;lluvia de demandas&#8221; contra hospitales","author":"grieta","date":"8 junio, 2020","format":false,"excerpt":"Entre las demandas presentadas se encuentra el recurso de una trabajadora del Hospital M\u00e9xico, quien exigi\u00f3 la entrega de material adecuado. (Cuartoscuro) Marcos Muedano \/ La Silla Rota Las demandas van desde la falta de insumos para los trabajadores, as\u00ed como la carencia de protocolos para evitar que se contagien\u2026","rel":"","context":"En &quot;CINTILLO&quot;","block_context":{"text":"CINTILLO","link":"https:\/\/www.grieta.org.mx\/index.php\/category\/cintillo\/"},"img":{"alt_text":"","src":"https:\/\/i0.wp.com\/www.grieta.org.mx\/wp-content\/uploads\/2020\/06\/M%C3%A9dicos-y-enfermeras-preparan-_lluvia-de-demandas_-contra-hospitales-cdmx-edomex-jun.jpg?resize=350%2C200","width":350,"height":200},"classes":[]}],"_links":{"self":[{"href":"https:\/\/www.grieta.org.mx\/index.php\/wp-json\/wp\/v2\/posts\/47710","targetHints":{"allow":["GET"]}}],"collection":[{"href":"https:\/\/www.grieta.org.mx\/index.php\/wp-json\/wp\/v2\/posts"}],"about":[{"href":"https:\/\/www.grieta.org.mx\/index.php\/wp-json\/wp\/v2\/types\/post"}],"author":[{"embeddable":true,"href":"https:\/\/www.grieta.org.mx\/index.php\/wp-json\/wp\/v2\/users\/2"}],"replies":[{"embeddable":true,"href":"https:\/\/www.grieta.org.mx\/index.php\/wp-json\/wp\/v2\/comments?post=47710"}],"version-history":[{"count":1,"href":"https:\/\/www.grieta.org.mx\/index.php\/wp-json\/wp\/v2\/posts\/47710\/revisions"}],"predecessor-version":[{"id":47712,"href":"https:\/\/www.grieta.org.mx\/index.php\/wp-json\/wp\/v2\/posts\/47710\/revisions\/47712"}],"wp:featuredmedia":[{"embeddable":true,"href":"https:\/\/www.grieta.org.mx\/index.php\/wp-json\/wp\/v2\/media\/47711"}],"wp:attachment":[{"href":"https:\/\/www.grieta.org.mx\/index.php\/wp-json\/wp\/v2\/media?parent=47710"}],"wp:term":[{"taxonomy":"category","embeddable":true,"href":"https:\/\/www.grieta.org.mx\/index.php\/wp-json\/wp\/v2\/categories?post=47710"},{"taxonomy":"post_tag","embeddable":true,"href":"https:\/\/www.grieta.org.mx\/index.php\/wp-json\/wp\/v2\/tags?post=47710"}],"curies":[{"name":"wp","href":"https:\/\/api.w.org\/{rel}","templated":true}]}}