{"id":47704,"date":"2020-04-10T20:04:16","date_gmt":"2020-04-11T01:04:16","guid":{"rendered":"http:\/\/www.grieta.org.mx\/?p=47704"},"modified":"2020-04-11T00:10:33","modified_gmt":"2020-04-11T05:10:33","slug":"suman-419-mujeres-asesinadas-en-oaxaca","status":"publish","type":"post","link":"https:\/\/www.grieta.org.mx\/index.php\/2020\/04\/10\/suman-419-mujeres-asesinadas-en-oaxaca\/","title":{"rendered":"Suman 419 mujeres asesinadas en Oaxaca"},"content":{"rendered":"<p>P\u00e1gina 3 \/ Pedro Mat\u00edas.<\/p>\n<p><img loading=\"lazy\" decoding=\"async\" data-attachment-id=\"47705\" data-permalink=\"https:\/\/www.grieta.org.mx\/index.php\/2020\/04\/10\/suman-419-mujeres-asesinadas-en-oaxaca\/feminicidio-en-oaxaca-696x394\/\" data-orig-file=\"https:\/\/www.grieta.org.mx\/wp-content\/uploads\/2020\/04\/feminicidio-en-Oaxaca-696x394.jpg\" data-orig-size=\"696,394\" data-comments-opened=\"0\" data-image-meta=\"{&quot;aperture&quot;:&quot;0&quot;,&quot;credit&quot;:&quot;&quot;,&quot;camera&quot;:&quot;&quot;,&quot;caption&quot;:&quot;&quot;,&quot;created_timestamp&quot;:&quot;0&quot;,&quot;copyright&quot;:&quot;&quot;,&quot;focal_length&quot;:&quot;0&quot;,&quot;iso&quot;:&quot;0&quot;,&quot;shutter_speed&quot;:&quot;0&quot;,&quot;title&quot;:&quot;&quot;,&quot;orientation&quot;:&quot;0&quot;}\" data-image-title=\"feminicidio-en-Oaxaca-696&amp;#215;394\" data-image-description=\"\" data-image-caption=\"\" data-medium-file=\"https:\/\/www.grieta.org.mx\/wp-content\/uploads\/2020\/04\/feminicidio-en-Oaxaca-696x394-300x170.jpg\" data-large-file=\"https:\/\/www.grieta.org.mx\/wp-content\/uploads\/2020\/04\/feminicidio-en-Oaxaca-696x394.jpg\" class=\"aligncenter wp-image-47705\" src=\"http:\/\/www.grieta.org.mx\/wp-content\/uploads\/2020\/04\/feminicidio-en-Oaxaca-696x394.jpg\" alt=\"\" width=\"800\" height=\"453\" srcset=\"https:\/\/www.grieta.org.mx\/wp-content\/uploads\/2020\/04\/feminicidio-en-Oaxaca-696x394.jpg 696w, https:\/\/www.grieta.org.mx\/wp-content\/uploads\/2020\/04\/feminicidio-en-Oaxaca-696x394-300x170.jpg 300w\" sizes=\"auto, (max-width: 800px) 100vw, 800px\" \/><br \/>\nDel 1 de diciembre de 2016 al 10 de abril de 2020 registran 419 casos de mujeres asesinadas.<\/p>\n<p>*Se contabilizan dos feminicidios infantiles: GESMujer<br \/>\nPedro MAT\u00cdAS<\/p>\n<p>OAXACA. (pagina3.mx).- Con la ejecuci\u00f3n de cuatro mujeres en las \u00faltimas 24 horas, suman 419 casos de mujeres asesinadas en el gobierno de Alejandro Murat, inform\u00f3 GESMujer.<\/p>\n<p>El Grupo de Estudios sobre la Mujer \u201cRosario Castellanos\u201d (GESMujer) expuso que solo del 1 enero al 10 de abril del 2020 documentaron 36 mujeres asesinadas.<\/p>\n<p>Entre ellas, el caso de dos feminicidios infantiles; el de una ni\u00f1a de un a\u00f1o y ocho meses en Zaachila.<\/p>\n<p>Otro, el de una ni\u00f1a de escasos seis meses, quienes adem\u00e1s fueron abusadas sexualmente y asesinadas.<\/p>\n<p>Seg\u00fan el seguimiento hemerogr\u00e1fico de GESMujer, del 1 de diciembre de 2016 al 10 de abril de 2020 registran 419 casos de mujeres asesinadas.<br \/>\nFeminicidios por regiones<\/p>\n<p>De los 419 casos de mujeres asesinadas:<\/p>\n<p>Istmo con 90 cr\u00edmenes (21%) ocupa el primer lugar,<br \/>\nValles Centrales con 86 (21%)<br \/>\nCosta 68 (16%)<br \/>\nPapaloapan con 66 (16%)<br \/>\nMixteca con 51 (12%)<br \/>\nSierra Sur con 30 (7%)<br \/>\nSierra Norte con 17 (4%)<br \/>\nCa\u00f1ada con 11 (3%)<\/p>\n<p>Detall\u00f3 que desde que se declar\u00f3 la Alerta de G\u00e9nero en Oaxaca se han cometido 204 asesinatos m\u00e1s de mujeres.<br \/>\nAsesinatos de mujeres por sexenios<\/p>\n<p>Jos\u00e9 Murat Casab, se cometieron 429 asesinatos de mujeres.<br \/>\nUlises Ruiz Ortiz baj\u00f3 a 283.<br \/>\nGabino Cu\u00e9, la cifra se dispar\u00f3 a 527.<br \/>\nAlejandro Murat ya suman 419 en sus tres a\u00f1os de gobierno.<\/p>\n<p><a href=\"https:\/\/pagina3.mx\/2020\/04\/suman-419-mujeres-asesinadas-en-oaxaca\/\" target=\"_blank\" rel=\"noopener noreferrer\">https:\/\/pagina3.mx\/2020\/04\/suman-419-mujeres-asesinadas-en-oaxaca\/<\/a><\/p>\n","protected":false},"excerpt":{"rendered":"<p>P\u00e1gina 3 \/ Pedro Mat\u00edas. Del 1 de diciembre de 2016 al 10 de abril de 2020 registran 419 casos de mujeres asesinadas. *Se contabilizan dos feminicidios infantiles: GESMujer Pedro &hellip; <a href=\"https:\/\/www.grieta.org.mx\/index.php\/2020\/04\/10\/suman-419-mujeres-asesinadas-en-oaxaca\/\" class=\"more-link\">Leer m\u00e1s<\/a><\/p>\n","protected":false},"author":2,"featured_media":47705,"comment_status":"closed","ping_status":"closed","sticky":false,"template":"","format":"standard","meta":{"ngg_post_thumbnail":0,"_jetpack_newsletter_access":"","_jetpack_dont_email_post_to_subs":false,"_jetpack_newsletter_tier_id":0,"_jetpack_memberships_contains_paywalled_content":false,"_jetpack_memberships_contains_paid_content":false,"footnotes":""},"categories":[80,1325,1477,2,25,1665],"tags":[],"class_list":["post-47704","post","type-post","status-publish","format-standard","has-post-thumbnail","hentry","category-cintillo","category-feminicidios-en-oaxaca-oaxaca","category-la-ninez-en-la-tormenta-en-oaxaca","category-noticias-nacionales","category-oaxaca","category-violencia-contra-las-mujeres-en-oaxaca","entry"],"jetpack_featured_media_url":"https:\/\/www.grieta.org.mx\/wp-content\/uploads\/2020\/04\/feminicidio-en-Oaxaca-696x394.jpg","jetpack_sharing_enabled":true,"jetpack_shortlink":"https:\/\/wp.me\/p7ZJR4-cpq","jetpack_likes_enabled":false,"jetpack-related-posts":[{"id":62662,"url":"https:\/\/www.grieta.org.mx\/index.php\/2021\/11\/09\/violencia-feminicida-que-en-oaxaca-no-puede-detenerse-suman-79-mujeres-asesinadas-en-2021-gesmujer\/","url_meta":{"origin":47704,"position":0},"title":"Violencia feminicida que en Oaxaca no puede detenerse; suman 79 mujeres asesinadas en 2021: GESMujer","author":"grieta","date":"9 noviembre, 2021","format":false,"excerpt":"P\u00e1gina 3 \/ Pedro Mat\u00edas. Historias de dolor que forman parte de un recuento de violencia feminicida que en Oaxaca no puede detenerse y que suman 79 mujeres asesinadas en 2021. Oaxaca, Oax.- A plena luz del d\u00eda fue ejecutada una mujer, otra fue asesinada con arma de fuego frente\u2026","rel":"","context":"En &quot;CINTILLO&quot;","block_context":{"text":"CINTILLO","link":"https:\/\/www.grieta.org.mx\/index.php\/category\/cintillo\/"},"img":{"alt_text":"","src":"https:\/\/i0.wp.com\/www.grieta.org.mx\/wp-content\/uploads\/2021\/11\/13.jpg?resize=350%2C200&ssl=1","width":350,"height":200,"srcset":"https:\/\/i0.wp.com\/www.grieta.org.mx\/wp-content\/uploads\/2021\/11\/13.jpg?resize=350%2C200&ssl=1 1x, https:\/\/i0.wp.com\/www.grieta.org.mx\/wp-content\/uploads\/2021\/11\/13.jpg?resize=525%2C300&ssl=1 1.5x"},"classes":[]},{"id":40974,"url":"https:\/\/www.grieta.org.mx\/index.php\/2019\/10\/29\/suman-ya-368-las-mujeres-asesinadas-en-oaxaca-en-el-gobierno-de-alejandro-murat\/","url_meta":{"origin":47704,"position":1},"title":"Suman ya 368 las mujeres asesinadas en Oaxaca en el gobierno de Alejandro Murat","author":"grieta","date":"29 octubre, 2019","format":false,"excerpt":"Proceso \/ Pedro Mat\u00edas. Emblema de la organizaci\u00f3n GESMujer. Foto: Facebook Gesmujer Rosario Castellanos. Oaxaca, Oax.- Con la ejecuci\u00f3n de Cecilia Berenice suman 368 mujeres y ni\u00f1as que han sido asesinadas de manera violenta en lo que va de la administraci\u00f3n del gobernador Alejandro Murat Hinojosa, seg\u00fan el seguimiento hemerogr\u00e1fico\u2026","rel":"","context":"En &quot;CINTILLO&quot;","block_context":{"text":"CINTILLO","link":"https:\/\/www.grieta.org.mx\/index.php\/category\/cintillo\/"},"img":{"alt_text":"","src":"https:\/\/i0.wp.com\/www.grieta.org.mx\/wp-content\/uploads\/2019\/11\/1.jpeg?resize=350%2C200&ssl=1","width":350,"height":200,"srcset":"https:\/\/i0.wp.com\/www.grieta.org.mx\/wp-content\/uploads\/2019\/11\/1.jpeg?resize=350%2C200&ssl=1 1x, https:\/\/i0.wp.com\/www.grieta.org.mx\/wp-content\/uploads\/2019\/11\/1.jpeg?resize=525%2C300&ssl=1 1.5x, https:\/\/i0.wp.com\/www.grieta.org.mx\/wp-content\/uploads\/2019\/11\/1.jpeg?resize=700%2C400&ssl=1 2x"},"classes":[]},{"id":69966,"url":"https:\/\/www.grieta.org.mx\/index.php\/2024\/08\/29\/van-64-feminicidios-en-oaxaca-en-lo-que-va-del-ano\/","url_meta":{"origin":47704,"position":2},"title":"Van 64 feminicidios en Oaxaca en lo que va del a\u00f1o","author":"grieta","date":"29 agosto, 2024","format":false,"excerpt":"Imagen: Proceso De acuerdo con el informe de GESMujer, en lo que va del gobierno morenista de Salom\u00f3n Jara Cruz, es decir, del 1\u00ba de diciembre de 2022 al 28 de agosto de 2024, se han registrado 173 casos de mujeres asesinadas. Pedro Mat\u00edas \/ Proceso OAXACA, Oax. (apro).- \u201c\u00a1Exigimos\u2026","rel":"","context":"En &quot;CINTILLO&quot;","block_context":{"text":"CINTILLO","link":"https:\/\/www.grieta.org.mx\/index.php\/category\/cintillo\/"},"img":{"alt_text":"","src":"https:\/\/i0.wp.com\/www.grieta.org.mx\/wp-content\/uploads\/2024\/10\/187996.jpeg?resize=350%2C200&ssl=1","width":350,"height":200,"srcset":"https:\/\/i0.wp.com\/www.grieta.org.mx\/wp-content\/uploads\/2024\/10\/187996.jpeg?resize=350%2C200&ssl=1 1x, https:\/\/i0.wp.com\/www.grieta.org.mx\/wp-content\/uploads\/2024\/10\/187996.jpeg?resize=525%2C300&ssl=1 1.5x, https:\/\/i0.wp.com\/www.grieta.org.mx\/wp-content\/uploads\/2024\/10\/187996.jpeg?resize=700%2C400&ssl=1 2x, https:\/\/i0.wp.com\/www.grieta.org.mx\/wp-content\/uploads\/2024\/10\/187996.jpeg?resize=1050%2C600&ssl=1 3x, https:\/\/i0.wp.com\/www.grieta.org.mx\/wp-content\/uploads\/2024\/10\/187996.jpeg?resize=1400%2C800&ssl=1 4x"},"classes":[]},{"id":68537,"url":"https:\/\/www.grieta.org.mx\/index.php\/2024\/02\/22\/ejecutan-a-norma-maribel-en-miahuatlan-suman-17-asesinatos-de-mujeres-en-oaxaca-en-2024\/","url_meta":{"origin":47704,"position":3},"title":"Ejecutan a Norma Maribel en Miahuatl\u00e1n; suman 17 asesinatos de mujeres en Oaxaca en 2024","author":"grieta","date":"22 febrero, 2024","format":false,"excerpt":"Imagen: P\u00e1gina 3 Pedro Mat\u00edas \/ P\u00e1gina OAXACA, Oax. (pagina3.mx).- Norma Maribel es la mujer que fue ejecutada este jueves en el municipio Miahuatl\u00e1n de Porfirio D\u00edaz, en la Sierra Sur. Con ella suman 17 mujeres asesinadas en Oaxaca en lo que va del a\u00f1o. Seg\u00fan el Informe del Grupo\u2026","rel":"","context":"En &quot;CINTILLO&quot;","block_context":{"text":"CINTILLO","link":"https:\/\/www.grieta.org.mx\/index.php\/category\/cintillo\/"},"img":{"alt_text":"","src":"https:\/\/i0.wp.com\/www.grieta.org.mx\/wp-content\/uploads\/2024\/02\/feminicidios.webp?resize=350%2C200&ssl=1","width":350,"height":200,"srcset":"https:\/\/i0.wp.com\/www.grieta.org.mx\/wp-content\/uploads\/2024\/02\/feminicidios.webp?resize=350%2C200&ssl=1 1x, https:\/\/i0.wp.com\/www.grieta.org.mx\/wp-content\/uploads\/2024\/02\/feminicidios.webp?resize=525%2C300&ssl=1 1.5x"},"classes":[]},{"id":67569,"url":"https:\/\/www.grieta.org.mx\/index.php\/2023\/08\/18\/79-mujeres-asesinadas-en-8-meses-y-medio-del-gobierno-de-salomon-jara-y-el-oaxaca-seguro\/","url_meta":{"origin":47704,"position":4},"title":"79 mujeres asesinadas en 8 meses y medio del gobierno de Salom\u00f3n Jara: \u00bfY el Oaxaca seguro?","author":"grieta","date":"18 agosto, 2023","format":false,"excerpt":"Imagen: P\u00e1gina3 Pedro Mat\u00edas \/ P\u00e1gina3 Oaxaca, Oax\u2013 (p\u00e1gina3.mx).- El Grupo de Estudios sobre la Mujer \u201cRosario Castellanos\u201d (GESMujer) afirm\u00f3 que en lo que va del gobierno de Salom\u00f3n Jara Cruz han sido asesinadas 79 mujeres, situaci\u00f3n que ubican a Oaxaca entre los estados con mas feminicidios en el pa\u00eds.\u2026","rel":"","context":"En &quot;CINTILLO&quot;","block_context":{"text":"CINTILLO","link":"https:\/\/www.grieta.org.mx\/index.php\/category\/cintillo\/"},"img":{"alt_text":"","src":"https:\/\/i0.wp.com\/www.grieta.org.mx\/wp-content\/uploads\/2023\/08\/gesmujer.webp?resize=350%2C200&ssl=1","width":350,"height":200,"srcset":"https:\/\/i0.wp.com\/www.grieta.org.mx\/wp-content\/uploads\/2023\/08\/gesmujer.webp?resize=350%2C200&ssl=1 1x, https:\/\/i0.wp.com\/www.grieta.org.mx\/wp-content\/uploads\/2023\/08\/gesmujer.webp?resize=525%2C300&ssl=1 1.5x"},"classes":[]},{"id":49879,"url":"https:\/\/www.grieta.org.mx\/index.php\/2020\/05\/27\/suman-21-mujeres-asesinadas-durante-el-confinamiento-en-oaxaca-gesmujer\/","url_meta":{"origin":47704,"position":5},"title":"Suman 21 mujeres asesinadas durante el confinamiento en Oaxaca: GESMujer","author":"grieta","date":"27 mayo, 2020","format":false,"excerpt":"Noticias \/ Vanguardia OAXACA. Oax. De acuerdo con el reporte preliminar de la organizaci\u00f3n no gubernamental Grupo de Estudios Sobre la Mujer \u201cRosario Castellanos\u201d (GESMujer), 21 mujeres fueron asesinadas entre marzo y mayo, periodo que coincide con la etapa de confinamiento preventivo para mitigar los contagios por la enfermedad de\u2026","rel":"","context":"En &quot;CINTILLO&quot;","block_context":{"text":"CINTILLO","link":"https:\/\/www.grieta.org.mx\/index.php\/category\/cintillo\/"},"img":{"alt_text":"","src":"https:\/\/i0.wp.com\/www.grieta.org.mx\/wp-content\/uploads\/2018\/03\/14524434_1106112876131411_958039263622046936_o.jpg?resize=350%2C200&ssl=1","width":350,"height":200,"srcset":"https:\/\/i0.wp.com\/www.grieta.org.mx\/wp-content\/uploads\/2018\/03\/14524434_1106112876131411_958039263622046936_o.jpg?resize=350%2C200&ssl=1 1x, https:\/\/i0.wp.com\/www.grieta.org.mx\/wp-content\/uploads\/2018\/03\/14524434_1106112876131411_958039263622046936_o.jpg?resize=525%2C300&ssl=1 1.5x, https:\/\/i0.wp.com\/www.grieta.org.mx\/wp-content\/uploads\/2018\/03\/14524434_1106112876131411_958039263622046936_o.jpg?resize=700%2C400&ssl=1 2x"},"classes":[]}],"_links":{"self":[{"href":"https:\/\/www.grieta.org.mx\/index.php\/wp-json\/wp\/v2\/posts\/47704","targetHints":{"allow":["GET"]}}],"collection":[{"href":"https:\/\/www.grieta.org.mx\/index.php\/wp-json\/wp\/v2\/posts"}],"about":[{"href":"https:\/\/www.grieta.org.mx\/index.php\/wp-json\/wp\/v2\/types\/post"}],"author":[{"embeddable":true,"href":"https:\/\/www.grieta.org.mx\/index.php\/wp-json\/wp\/v2\/users\/2"}],"replies":[{"embeddable":true,"href":"https:\/\/www.grieta.org.mx\/index.php\/wp-json\/wp\/v2\/comments?post=47704"}],"version-history":[{"count":1,"href":"https:\/\/www.grieta.org.mx\/index.php\/wp-json\/wp\/v2\/posts\/47704\/revisions"}],"predecessor-version":[{"id":47706,"href":"https:\/\/www.grieta.org.mx\/index.php\/wp-json\/wp\/v2\/posts\/47704\/revisions\/47706"}],"wp:featuredmedia":[{"embeddable":true,"href":"https:\/\/www.grieta.org.mx\/index.php\/wp-json\/wp\/v2\/media\/47705"}],"wp:attachment":[{"href":"https:\/\/www.grieta.org.mx\/index.php\/wp-json\/wp\/v2\/media?parent=47704"}],"wp:term":[{"taxonomy":"category","embeddable":true,"href":"https:\/\/www.grieta.org.mx\/index.php\/wp-json\/wp\/v2\/categories?post=47704"},{"taxonomy":"post_tag","embeddable":true,"href":"https:\/\/www.grieta.org.mx\/index.php\/wp-json\/wp\/v2\/tags?post=47704"}],"curies":[{"name":"wp","href":"https:\/\/api.w.org\/{rel}","templated":true}]}}