{"id":47620,"date":"2020-04-03T01:20:47","date_gmt":"2020-04-03T07:20:47","guid":{"rendered":"http:\/\/www.grieta.org.mx\/?p=47620"},"modified":"2020-04-10T01:33:12","modified_gmt":"2020-04-10T06:33:12","slug":"se-manifiestan-medicos-y-enfermeras-en-la-clinica-1-del-imss-pachuca-hidalgo","status":"publish","type":"post","link":"https:\/\/www.grieta.org.mx\/index.php\/2020\/04\/03\/se-manifiestan-medicos-y-enfermeras-en-la-clinica-1-del-imss-pachuca-hidalgo\/","title":{"rendered":"Se manifiestan m\u00e9dicos y enfermeras en la cl\u00ednica 1 del IMSS Pachuca (Hidalgo)"},"content":{"rendered":"<p><a href=\"http:\/\/www.grieta.org.mx\/wp-content\/uploads\/2020\/04\/Captura-de-pantalla-2020-04-10-a-las-1.23.27-a.m..png\"><img loading=\"lazy\" decoding=\"async\" data-attachment-id=\"47621\" data-permalink=\"https:\/\/www.grieta.org.mx\/index.php\/2020\/04\/03\/se-manifiestan-medicos-y-enfermeras-en-la-clinica-1-del-imss-pachuca-hidalgo\/captura-de-pantalla-2020-04-10-a-las-1-23-27-a-m\/\" data-orig-file=\"https:\/\/www.grieta.org.mx\/wp-content\/uploads\/2020\/04\/Captura-de-pantalla-2020-04-10-a-las-1.23.27-a.m..png\" data-orig-size=\"663,330\" data-comments-opened=\"0\" data-image-meta=\"{&quot;aperture&quot;:&quot;0&quot;,&quot;credit&quot;:&quot;&quot;,&quot;camera&quot;:&quot;&quot;,&quot;caption&quot;:&quot;&quot;,&quot;created_timestamp&quot;:&quot;0&quot;,&quot;copyright&quot;:&quot;&quot;,&quot;focal_length&quot;:&quot;0&quot;,&quot;iso&quot;:&quot;0&quot;,&quot;shutter_speed&quot;:&quot;0&quot;,&quot;title&quot;:&quot;&quot;,&quot;orientation&quot;:&quot;0&quot;}\" data-image-title=\"Captura de pantalla 2020-04-10 a las 1.23.27 a.m.\" data-image-description=\"\" data-image-caption=\"\" data-medium-file=\"https:\/\/www.grieta.org.mx\/wp-content\/uploads\/2020\/04\/Captura-de-pantalla-2020-04-10-a-las-1.23.27-a.m.-300x149.png\" data-large-file=\"https:\/\/www.grieta.org.mx\/wp-content\/uploads\/2020\/04\/Captura-de-pantalla-2020-04-10-a-las-1.23.27-a.m..png\" class=\"aligncenter wp-image-47621\" src=\"http:\/\/www.grieta.org.mx\/wp-content\/uploads\/2020\/04\/Captura-de-pantalla-2020-04-10-a-las-1.23.27-a.m..png\" alt=\"\" width=\"800\" height=\"398\" srcset=\"https:\/\/www.grieta.org.mx\/wp-content\/uploads\/2020\/04\/Captura-de-pantalla-2020-04-10-a-las-1.23.27-a.m..png 663w, https:\/\/www.grieta.org.mx\/wp-content\/uploads\/2020\/04\/Captura-de-pantalla-2020-04-10-a-las-1.23.27-a.m.-300x149.png 300w\" sizes=\"auto, (max-width: 800px) 100vw, 800px\" \/><\/a><\/p>\n<p>Redacci\u00f3n \/ Criterio Hidalgo<\/p>\n<p>Personal m\u00e9dico adscrito al Instituto Mexicano del Seguro Social (IMSS) Hidalgo demandaron a las autoridades suministrar material de protecci\u00f3n necesario y suficiente para hacer frente a la pandemia por coronavirus (Covid-19) en el estado.<\/p>\n<p>Ataviados con su habitual bata blanca, m\u00e9dicos y enfermeras demandaron los insumos necesarios para proteger su integridad f\u00edsica, pues argumentaron que no solo se trata de ellos, sino tambi\u00e9n de la seguridad de sus familias, con las que conviven a diario.<\/p>\n<p><iframe loading=\"lazy\" src=\"https:\/\/www.facebook.com\/plugins\/video.php?href=https%3A%2F%2Fwww.facebook.com%2Fcriteriohidalgo%2Fvideos%2F215532562874544%2F&#038;show_text=0&#038;width=560\" width=\"560\" height=\"316\" style=\"border:none;overflow:hidden\" scrolling=\"no\" frameborder=\"0\" allowTransparency=\"true\" allowFullScreen=\"true\"><\/iframe><\/p>\n<p>De acuerdo con una doctora, el personal m\u00e9dico no pide m\u00e1s de lo que les corresponde para desempe\u00f1ar su labor de manera segura. \u201cNo es el riesgo de contagiarte nada m\u00e1s nosotros, sino tambi\u00e9n de nuestras familias\u201d.<\/p>\n<p>En ese momento, despu\u00e9s de realizar algunas consignas, los trabajadores se mantienen en el estacionamiento del \u00e1rea de Urgencias; no obstante, el acceso fue cerrado.<\/p>\n<p>A dos semanas de que se dieran a conocer los dos primeros casos de coronavirus (Covid19) en Hidalgo, ayer se confirmaron cinco positivos m\u00e1s, por lo que hasta el momento suman 26 enfermos por el virus SARS-CoV-2, de acuerdo con la Secretar\u00eda de Salud (Ssa) federal.<\/p>\n<p>Seg\u00fan el conteo, este jueves no se registraron nuevos fallecimientos en la entidad, por lo que se mantienen en tres.<\/p>\n<p>De los cinco nuevos casos confirmados, tres son f\u00e9minas y dos son varones; todos se contagiaron al entrar en contacto con un positivo. Sobre las personas con sospecha de haber contra\u00eddo el agente infeccioso, se contabilizan 65, cinco m\u00e1s que el mi\u00e9rcoles.<\/p>\n<p>Del total de individuos con sospecha, 35 son hombres y 30, mujeres; asimismo, \u00fanicamente dos cuentan con antecedente de viaje a Estados Unidos, pero los otros 63 no estuvieron fuera del pa\u00eds. Sus edades van de los \u201ccero\u201d a los 85 a\u00f1os.<\/p>\n<p>Por otra parte, en el \u00e1mbito nacional, se contabilizan mil 510 casos positivos de Covid19; Ciudad de M\u00e9xico concentra el mayor n\u00famero, con 327; le siguen Estado de M\u00e9xico, con 171; Jalisco, con 104 y Puebla, con 100.<\/p>\n<p><a href=\"https:\/\/criteriohidalgo.com\/destacado\/se-manifiestan-medicos-y-enfermeras-en-la-clinica-1-del-imss-pachuca\">https:\/\/criteriohidalgo.com\/destacado\/se-manifiestan-medicos-y-enfermeras-en-la-clinica-1-del-imss-pachuca<\/a><\/p>\n","protected":false},"excerpt":{"rendered":"<p>Redacci\u00f3n \/ Criterio Hidalgo Personal m\u00e9dico adscrito al Instituto Mexicano del Seguro Social (IMSS) Hidalgo demandaron a las autoridades suministrar material de protecci\u00f3n necesario y suficiente para hacer frente a &hellip; <a href=\"https:\/\/www.grieta.org.mx\/index.php\/2020\/04\/03\/se-manifiestan-medicos-y-enfermeras-en-la-clinica-1-del-imss-pachuca-hidalgo\/\" class=\"more-link\">Leer m\u00e1s<\/a><\/p>\n","protected":false},"author":1,"featured_media":47621,"comment_status":"closed","ping_status":"closed","sticky":false,"template":"","format":"standard","meta":{"ngg_post_thumbnail":0,"_jetpack_newsletter_access":"","_jetpack_dont_email_post_to_subs":false,"_jetpack_newsletter_tier_id":0,"_jetpack_memberships_contains_paywalled_content":false,"_jetpack_memberships_contains_paid_content":false,"footnotes":""},"categories":[80,3300,2753,19,2,83],"tags":[3241,3133,2366],"class_list":["post-47620","post","type-post","status-publish","format-standard","has-post-thumbnail","hentry","category-cintillo","category-covid-19-en-hidalgo","category-crisis-en-sector-salud-en-hidalgo","category-hidalgo","category-noticias-nacionales","category-temas-nacionales","tag-covid-19","tag-crisis-del-sector-salud","tag-desabasto-de-medicinas","entry"],"jetpack_featured_media_url":"https:\/\/www.grieta.org.mx\/wp-content\/uploads\/2020\/04\/Captura-de-pantalla-2020-04-10-a-las-1.23.27-a.m..png","jetpack_sharing_enabled":true,"jetpack_shortlink":"https:\/\/wp.me\/p7ZJR4-co4","jetpack_likes_enabled":false,"jetpack-related-posts":[{"id":36505,"url":"https:\/\/www.grieta.org.mx\/index.php\/2019\/06\/26\/falta-material-y-equipo-en-um-del-imss-hidalgo\/","url_meta":{"origin":47620,"position":0},"title":"Falta material y equipo en UM del IMSS (Hidalgo)","author":"grieta","date":"26 junio, 2019","format":false,"excerpt":"Rub\u00e9n Ju\u00e1rez \/ El sol de Hidalgo No hay jeringas, agujas, bolsas recolectoras ni sondas, acusan usuarios Huejutla, Hgo.- Familiares de pacientes de la cl\u00ednica 21 del Instituto Mexicano del Seguro Social (IMSS) de este municipio, lamentaron que han tenido que comprar material ante la falta de jeringas, agujas, bolsas\u2026","rel":"","context":"En &quot;CINTILLO&quot;","block_context":{"text":"CINTILLO","link":"https:\/\/www.grieta.org.mx\/index.php\/category\/cintillo\/"},"img":{"alt_text":"","src":"https:\/\/i0.wp.com\/www.grieta.org.mx\/wp-content\/uploads\/2019\/07\/SIN-EQUIPO.jpeg?resize=350%2C200&ssl=1","width":350,"height":200,"srcset":"https:\/\/i0.wp.com\/www.grieta.org.mx\/wp-content\/uploads\/2019\/07\/SIN-EQUIPO.jpeg?resize=350%2C200&ssl=1 1x, https:\/\/i0.wp.com\/www.grieta.org.mx\/wp-content\/uploads\/2019\/07\/SIN-EQUIPO.jpeg?resize=525%2C300&ssl=1 1.5x, https:\/\/i0.wp.com\/www.grieta.org.mx\/wp-content\/uploads\/2019\/07\/SIN-EQUIPO.jpeg?resize=700%2C400&ssl=1 2x"},"classes":[]},{"id":15256,"url":"https:\/\/www.grieta.org.mx\/index.php\/2016\/06\/24\/medicos-de-hidalgo-realizan-paro-contra-las-reformas-al-sector-salud\/","url_meta":{"origin":47620,"position":1},"title":"M\u00e9dicos de Hidalgo realizan paro contra las reformas al sector salud","author":"grieta","date":"24 junio, 2016","format":false,"excerpt":"Pachuca, Hgo.- M\u00e9dicos y enfermeras de distintos centros hospitalarios y cl\u00ednicas de salud de Pachuca se solidarizaron con el paro nacional contra la reforma legal del sector, propuesta por la administraci\u00f3n Federal. M\u00e1s de un centenar de especialistas se manifestaron en la Plaza Ju\u00e1rez de Pachuca donde mostraron pancartas y\u2026","rel":"","context":"En &quot;CINTILLO&quot;","block_context":{"text":"CINTILLO","link":"https:\/\/www.grieta.org.mx\/index.php\/category\/cintillo\/"},"img":{"alt_text":"","src":"https:\/\/i0.wp.com\/www.grieta.org.mx\/wp-content\/uploads\/2018\/03\/14524434_1106112876131411_958039263622046936_o.jpg?resize=350%2C200&ssl=1","width":350,"height":200,"srcset":"https:\/\/i0.wp.com\/www.grieta.org.mx\/wp-content\/uploads\/2018\/03\/14524434_1106112876131411_958039263622046936_o.jpg?resize=350%2C200&ssl=1 1x, https:\/\/i0.wp.com\/www.grieta.org.mx\/wp-content\/uploads\/2018\/03\/14524434_1106112876131411_958039263622046936_o.jpg?resize=525%2C300&ssl=1 1.5x, https:\/\/i0.wp.com\/www.grieta.org.mx\/wp-content\/uploads\/2018\/03\/14524434_1106112876131411_958039263622046936_o.jpg?resize=700%2C400&ssl=1 2x"},"classes":[]},{"id":47369,"url":"https:\/\/www.grieta.org.mx\/index.php\/2020\/04\/06\/medicos-del-pais-en-riesgo-y-bajo-protesta-por-la-falta-de-insumos\/","url_meta":{"origin":47620,"position":2},"title":"M\u00e9dicos del pa\u00eds, en riesgo y bajo protesta por la falta de insumos","author":"Admin","date":"6 abril, 2020","format":false,"excerpt":"Redacci\u00f3n \/ La silla rota Desde el pasado 17 de marzo, comenzaron a desatarse las protestas por parte del personal de salud m\u00e9dico y enfermer\u00eda en distintas partes del pa\u00eds, quienes en varias ocasiones han reclamado la falta de insumos y medidas de protecciones para hacer frente a la pandemia\u2026","rel":"","context":"En &quot;CINTILLO&quot;","block_context":{"text":"CINTILLO","link":"https:\/\/www.grieta.org.mx\/index.php\/category\/cintillo\/"},"img":{"alt_text":"","src":"https:\/\/i0.wp.com\/www.grieta.org.mx\/wp-content\/uploads\/2020\/04\/Screenshot_2020-04-07-M%C3%A9dicos-del-pa%C3%ADs-en-riesgo-y-bajo-protesta-por-la-falta-de-insumos.png?resize=350%2C200&ssl=1","width":350,"height":200,"srcset":"https:\/\/i0.wp.com\/www.grieta.org.mx\/wp-content\/uploads\/2020\/04\/Screenshot_2020-04-07-M%C3%A9dicos-del-pa%C3%ADs-en-riesgo-y-bajo-protesta-por-la-falta-de-insumos.png?resize=350%2C200&ssl=1 1x, https:\/\/i0.wp.com\/www.grieta.org.mx\/wp-content\/uploads\/2020\/04\/Screenshot_2020-04-07-M%C3%A9dicos-del-pa%C3%ADs-en-riesgo-y-bajo-protesta-por-la-falta-de-insumos.png?resize=525%2C300&ssl=1 1.5x, https:\/\/i0.wp.com\/www.grieta.org.mx\/wp-content\/uploads\/2020\/04\/Screenshot_2020-04-07-M%C3%A9dicos-del-pa%C3%ADs-en-riesgo-y-bajo-protesta-por-la-falta-de-insumos.png?resize=700%2C400&ssl=1 2x, https:\/\/i0.wp.com\/www.grieta.org.mx\/wp-content\/uploads\/2020\/04\/Screenshot_2020-04-07-M%C3%A9dicos-del-pa%C3%ADs-en-riesgo-y-bajo-protesta-por-la-falta-de-insumos.png?resize=1050%2C600&ssl=1 3x"},"classes":[]},{"id":15241,"url":"https:\/\/www.grieta.org.mx\/index.php\/2016\/06\/22\/personal-de-salud-se-manifiesta-en-hidalgo\/","url_meta":{"origin":47620,"position":3},"title":"Personal de salud se manifiesta en Hidalgo","author":"grieta","date":"22 junio, 2016","format":false,"excerpt":"Dinorath Mota Medio centenar de m\u00e9dicos de diversas cl\u00ednicas privadas y particulares se manifestaron en plaza Ju\u00e1rez, de Hidalgo, como parte de la jornada nacional para evitar la criminalizaci\u00f3n de la pr\u00e1ctica m\u00e9dica y exigir que pare la violencia hacia los pasantes. Los manifestante adheridos al movimiento #YoSoy17, denunciaron que\u2026","rel":"","context":"En &quot;CINTILLO&quot;","block_context":{"text":"CINTILLO","link":"https:\/\/www.grieta.org.mx\/index.php\/category\/cintillo\/"},"img":{"alt_text":"","src":"https:\/\/i0.wp.com\/www.grieta.org.mx\/wp-content\/uploads\/2018\/03\/14524434_1106112876131411_958039263622046936_o.jpg?resize=350%2C200&ssl=1","width":350,"height":200,"srcset":"https:\/\/i0.wp.com\/www.grieta.org.mx\/wp-content\/uploads\/2018\/03\/14524434_1106112876131411_958039263622046936_o.jpg?resize=350%2C200&ssl=1 1x, https:\/\/i0.wp.com\/www.grieta.org.mx\/wp-content\/uploads\/2018\/03\/14524434_1106112876131411_958039263622046936_o.jpg?resize=525%2C300&ssl=1 1.5x, https:\/\/i0.wp.com\/www.grieta.org.mx\/wp-content\/uploads\/2018\/03\/14524434_1106112876131411_958039263622046936_o.jpg?resize=700%2C400&ssl=1 2x"},"classes":[]},{"id":49403,"url":"https:\/\/www.grieta.org.mx\/index.php\/2020\/04\/27\/personal-medico-representa-45-de-los-casos-de-covid-19-de-aguascalientes\/","url_meta":{"origin":47620,"position":4},"title":"Personal m\u00e9dico representa 45% de los casos de COVID-19 de Aguascalientes","author":"grieta","date":"27 abril, 2020","format":false,"excerpt":"Jennifer Gonz\u00e1lez\/Expansi\u00f3n Pol\u00edtica 28 abril 2020 De los 188 contagios que hay en la entidad, 85 corresponden a integrantes del personal m\u00e9dico, de enfermer\u00eda o de otras \u00e1reas del sector salud Foto: Cuartoscuro AGUASCALIENTES, Aguascalientes.\u2014 M\u00e9dicos, personal de enfermer\u00eda y trabajadores del \u00e1rea param\u00e9dica representan m\u00e1s de 45% de los\u2026","rel":"","context":"En &quot;Aguascalientes&quot;","block_context":{"text":"Aguascalientes","link":"https:\/\/www.grieta.org.mx\/index.php\/category\/noticias-nacionales\/aguascalientes\/"},"img":{"alt_text":"","src":"https:\/\/i0.wp.com\/www.grieta.org.mx\/wp-content\/uploads\/2020\/05\/descarga.jpg?resize=350%2C200&ssl=1","width":350,"height":200,"srcset":"https:\/\/i0.wp.com\/www.grieta.org.mx\/wp-content\/uploads\/2020\/05\/descarga.jpg?resize=350%2C200&ssl=1 1x, https:\/\/i0.wp.com\/www.grieta.org.mx\/wp-content\/uploads\/2020\/05\/descarga.jpg?resize=525%2C300&ssl=1 1.5x, https:\/\/i0.wp.com\/www.grieta.org.mx\/wp-content\/uploads\/2020\/05\/descarga.jpg?resize=700%2C400&ssl=1 2x, https:\/\/i0.wp.com\/www.grieta.org.mx\/wp-content\/uploads\/2020\/05\/descarga.jpg?resize=1050%2C600&ssl=1 3x, https:\/\/i0.wp.com\/www.grieta.org.mx\/wp-content\/uploads\/2020\/05\/descarga.jpg?resize=1400%2C800&ssl=1 4x"},"classes":[]},{"id":38634,"url":"https:\/\/www.grieta.org.mx\/index.php\/2019\/08\/02\/protestan-por-reduccion-de-becas-en-sector-salud-hidalgo\/","url_meta":{"origin":47620,"position":5},"title":"Protestan por reducci\u00f3n de becas en sector salud (Hidalgo)","author":"Admin","date":"2 agosto, 2019","format":false,"excerpt":"Ignacio Garc\u00eda \/ El Sol de Hidalgo Alrededor de 50 m\u00e9dicos pasantes de diferentes instituciones educativas de Hidalgo se manifestaron en la explanada de Plaza Ju\u00e1rez para protestar por la reducci\u00f3n de las becas que les otorgan, as\u00ed como de las mismas plazas en un 20 por ciento, por lo\u2026","rel":"","context":"En &quot;CINTILLO&quot;","block_context":{"text":"CINTILLO","link":"https:\/\/www.grieta.org.mx\/index.php\/category\/cintillo\/"},"img":{"alt_text":"","src":"https:\/\/i0.wp.com\/www.grieta.org.mx\/wp-content\/uploads\/2019\/09\/Captura-de-pantalla-2019-09-01-01.03.50.png?resize=350%2C200&ssl=1","width":350,"height":200,"srcset":"https:\/\/i0.wp.com\/www.grieta.org.mx\/wp-content\/uploads\/2019\/09\/Captura-de-pantalla-2019-09-01-01.03.50.png?resize=350%2C200&ssl=1 1x, https:\/\/i0.wp.com\/www.grieta.org.mx\/wp-content\/uploads\/2019\/09\/Captura-de-pantalla-2019-09-01-01.03.50.png?resize=525%2C300&ssl=1 1.5x, https:\/\/i0.wp.com\/www.grieta.org.mx\/wp-content\/uploads\/2019\/09\/Captura-de-pantalla-2019-09-01-01.03.50.png?resize=700%2C400&ssl=1 2x"},"classes":[]}],"_links":{"self":[{"href":"https:\/\/www.grieta.org.mx\/index.php\/wp-json\/wp\/v2\/posts\/47620","targetHints":{"allow":["GET"]}}],"collection":[{"href":"https:\/\/www.grieta.org.mx\/index.php\/wp-json\/wp\/v2\/posts"}],"about":[{"href":"https:\/\/www.grieta.org.mx\/index.php\/wp-json\/wp\/v2\/types\/post"}],"author":[{"embeddable":true,"href":"https:\/\/www.grieta.org.mx\/index.php\/wp-json\/wp\/v2\/users\/1"}],"replies":[{"embeddable":true,"href":"https:\/\/www.grieta.org.mx\/index.php\/wp-json\/wp\/v2\/comments?post=47620"}],"version-history":[{"count":1,"href":"https:\/\/www.grieta.org.mx\/index.php\/wp-json\/wp\/v2\/posts\/47620\/revisions"}],"predecessor-version":[{"id":47622,"href":"https:\/\/www.grieta.org.mx\/index.php\/wp-json\/wp\/v2\/posts\/47620\/revisions\/47622"}],"wp:featuredmedia":[{"embeddable":true,"href":"https:\/\/www.grieta.org.mx\/index.php\/wp-json\/wp\/v2\/media\/47621"}],"wp:attachment":[{"href":"https:\/\/www.grieta.org.mx\/index.php\/wp-json\/wp\/v2\/media?parent=47620"}],"wp:term":[{"taxonomy":"category","embeddable":true,"href":"https:\/\/www.grieta.org.mx\/index.php\/wp-json\/wp\/v2\/categories?post=47620"},{"taxonomy":"post_tag","embeddable":true,"href":"https:\/\/www.grieta.org.mx\/index.php\/wp-json\/wp\/v2\/tags?post=47620"}],"curies":[{"name":"wp","href":"https:\/\/api.w.org\/{rel}","templated":true}]}}