{"id":47606,"date":"2020-04-07T00:19:39","date_gmt":"2020-04-07T05:19:39","guid":{"rendered":"http:\/\/www.grieta.org.mx\/?p=47606"},"modified":"2020-04-10T00:31:44","modified_gmt":"2020-04-10T05:31:44","slug":"montan-retenes-en-comunidades-de-la-mixteca-y-sierra-norte-por-regreso-de-migrantes-y-miedo-al-covid-19-puebla","status":"publish","type":"post","link":"https:\/\/www.grieta.org.mx\/index.php\/2020\/04\/07\/montan-retenes-en-comunidades-de-la-mixteca-y-sierra-norte-por-regreso-de-migrantes-y-miedo-al-covid-19-puebla\/","title":{"rendered":"Montan retenes en comunidades de la Mixteca y Sierra Norte por regreso de migrantes y miedo al Covid-19 (Puebla)"},"content":{"rendered":"<p><a href=\"http:\/\/www.grieta.org.mx\/wp-content\/uploads\/2020\/04\/retenes_mixteca_sierra_norte_coronavirus.jpg\"><img loading=\"lazy\" decoding=\"async\" data-attachment-id=\"47609\" data-permalink=\"https:\/\/www.grieta.org.mx\/index.php\/2020\/04\/07\/montan-retenes-en-comunidades-de-la-mixteca-y-sierra-norte-por-regreso-de-migrantes-y-miedo-al-covid-19-puebla\/retenes_mixteca_sierra_norte_coronavirus\/\" data-orig-file=\"https:\/\/www.grieta.org.mx\/wp-content\/uploads\/2020\/04\/retenes_mixteca_sierra_norte_coronavirus.jpg\" data-orig-size=\"750,400\" data-comments-opened=\"0\" data-image-meta=\"{&quot;aperture&quot;:&quot;0&quot;,&quot;credit&quot;:&quot;&quot;,&quot;camera&quot;:&quot;&quot;,&quot;caption&quot;:&quot;&quot;,&quot;created_timestamp&quot;:&quot;0&quot;,&quot;copyright&quot;:&quot;&quot;,&quot;focal_length&quot;:&quot;0&quot;,&quot;iso&quot;:&quot;0&quot;,&quot;shutter_speed&quot;:&quot;0&quot;,&quot;title&quot;:&quot;&quot;,&quot;orientation&quot;:&quot;0&quot;}\" data-image-title=\"retenes_mixteca_sierra_norte_coronavirus\" data-image-description=\"\" data-image-caption=\"\" data-medium-file=\"https:\/\/www.grieta.org.mx\/wp-content\/uploads\/2020\/04\/retenes_mixteca_sierra_norte_coronavirus-300x160.jpg\" data-large-file=\"https:\/\/www.grieta.org.mx\/wp-content\/uploads\/2020\/04\/retenes_mixteca_sierra_norte_coronavirus.jpg\" class=\"aligncenter wp-image-47609\" src=\"http:\/\/www.grieta.org.mx\/wp-content\/uploads\/2020\/04\/retenes_mixteca_sierra_norte_coronavirus.jpg\" alt=\"\" width=\"800\" height=\"427\" srcset=\"https:\/\/www.grieta.org.mx\/wp-content\/uploads\/2020\/04\/retenes_mixteca_sierra_norte_coronavirus.jpg 750w, https:\/\/www.grieta.org.mx\/wp-content\/uploads\/2020\/04\/retenes_mixteca_sierra_norte_coronavirus-300x160.jpg 300w\" sizes=\"auto, (max-width: 800px) 100vw, 800px\" \/><\/a><\/p>\n<p>Alfredo Ram\u00edrez \/ MTPNoticias.com<\/p>\n<p>Debido al temor por un contagio masivo de Coronavirus, hay municipios de la Sierra Norte y de la Mixteca de Puebla donde las autoridades y los pobladores montaron retenes policiacos para impedir el paso a vendedores, turistas y migrantes.<\/p>\n<p>La medida tomada por las autoridades se debe a que este 5 de abril con el Domingo de Ramos comenz\u00f3 la Semana Santa y hay familias \u2018que no entienden\u2019 y buscan d\u00f3nde vacacionar, adem\u00e1s de que tienen reportes de un regreso masivo de paisanos provenientes de Estados Unidos, donde hay cientos de muertes por Covid-19.<\/p>\n<p>Pahuatl\u00e1n es uno de esos lugares donde est\u00e1n protegi\u00e9ndose con retenes, es un pueblo m\u00e1gico ubicado al norte de Puebla en los l\u00edmites con Hidalgo. Debido a su ubicaci\u00f3n, hay cientos de familias que llegan a vacacionar.<\/p>\n<p>En los accesos a este municipio hay polic\u00edas verificando que las personas que desean entrar sean originarias o que est\u00e9n radicando actualmente en alguna de sus localidades, esto como medida de prevenci\u00f3n.<br \/>\n\u201cSolo se deja pasar a residentes\u201d, justifican en Pahuatl\u00e1n<\/p>\n<p>Uno de los mensajes colocados en uno de los accesos dice:<\/p>\n<p>Se le comunica a todas las personas que viven en diferentes lugares y que tienen pensado viajar a Pahuatl\u00e1n, se est\u00e1 llevando un ret\u00e9n en Honey-Pahuatl\u00e1n, el cual no se est\u00e1 dejando pasar sin excepci\u00f3n alguna, solo a las personas residentes, no te molestes, la \u00fanica finalidad es cuidar a nuestro pueblo y nuestra gente, por tu comprensi\u00f3n Dios te bendiga, gracias\u201d.<\/p>\n<p>En Pahuatl\u00e1n hay un r\u00edo conocido como Zacapehuaya, donde tambi\u00e9n fue colocada una manta con un mensaje que dice:<\/p>\n<p><a href=\"http:\/\/www.grieta.org.mx\/wp-content\/uploads\/2020\/04\/zacapehuaya_coronavirus_retenes-e1586232158236.jpg\"><img loading=\"lazy\" decoding=\"async\" data-attachment-id=\"47610\" data-permalink=\"https:\/\/www.grieta.org.mx\/index.php\/2020\/04\/07\/montan-retenes-en-comunidades-de-la-mixteca-y-sierra-norte-por-regreso-de-migrantes-y-miedo-al-covid-19-puebla\/zacapehuaya_coronavirus_retenes-e1586232158236\/\" data-orig-file=\"https:\/\/www.grieta.org.mx\/wp-content\/uploads\/2020\/04\/zacapehuaya_coronavirus_retenes-e1586232158236.jpg\" data-orig-size=\"750,422\" data-comments-opened=\"0\" data-image-meta=\"{&quot;aperture&quot;:&quot;0&quot;,&quot;credit&quot;:&quot;&quot;,&quot;camera&quot;:&quot;&quot;,&quot;caption&quot;:&quot;&quot;,&quot;created_timestamp&quot;:&quot;0&quot;,&quot;copyright&quot;:&quot;&quot;,&quot;focal_length&quot;:&quot;0&quot;,&quot;iso&quot;:&quot;0&quot;,&quot;shutter_speed&quot;:&quot;0&quot;,&quot;title&quot;:&quot;&quot;,&quot;orientation&quot;:&quot;0&quot;}\" data-image-title=\"zacapehuaya_coronavirus_retenes-e1586232158236\" data-image-description=\"\" data-image-caption=\"\" data-medium-file=\"https:\/\/www.grieta.org.mx\/wp-content\/uploads\/2020\/04\/zacapehuaya_coronavirus_retenes-e1586232158236-300x169.jpg\" data-large-file=\"https:\/\/www.grieta.org.mx\/wp-content\/uploads\/2020\/04\/zacapehuaya_coronavirus_retenes-e1586232158236.jpg\" class=\"aligncenter wp-image-47610\" src=\"http:\/\/www.grieta.org.mx\/wp-content\/uploads\/2020\/04\/zacapehuaya_coronavirus_retenes-e1586232158236.jpg\" alt=\"\" width=\"800\" height=\"450\" srcset=\"https:\/\/www.grieta.org.mx\/wp-content\/uploads\/2020\/04\/zacapehuaya_coronavirus_retenes-e1586232158236.jpg 750w, https:\/\/www.grieta.org.mx\/wp-content\/uploads\/2020\/04\/zacapehuaya_coronavirus_retenes-e1586232158236-300x169.jpg 300w\" sizes=\"auto, (max-width: 800px) 100vw, 800px\" \/><\/a><\/p>\n<p>Covid19: Zacapehuaya, toma medidas, se proh\u00edbe el acceso al r\u00edo hasta nuevo aviso\u201d.<\/p>\n<p>Son una \u2018amenaza\u2019<\/p>\n<p>Debido a que Semana Santa es una de las temporadas cuando m\u00e1s registros hay del regreso de migrantes a sus comunidades de la Mixteca, hay localidades como Cuexpala y Tilapa, donde tambi\u00e9n montaron retenes policiacos.<\/p>\n<p>Lee: Gobernador de Puebla inicia entrega de paquetes alimentarios de 25 kilos para enfrentar el Coronavirus<\/p>\n<p>En la comunidad se proh\u00edbe el ingreso a vendedores, ambulantes y migrantes, a fin de no correr riesgos que lleguen personas contagiadas con el Covid-19 y provoque una infecci\u00f3n a la poblaci\u00f3n.<\/p>\n<p>\u201c\u00a1Aviso Urgente!<\/p>\n<p>El pueblo de Cuexpala tambi\u00e9n participa en las medidas preventivas de cuarentena contra el virus COVID-19, debido a esto se proh\u00edbe la entrada a los visitantes a esta comunidad, debemos tomar las precauciones necesarias para evitar contagios, respetando las indicaciones federales.<\/p>\n<p>Por favor evite ba\u00f1arse en el r\u00edo, evita el contacto y sigue las indicaciones de contingencia. En caso de no ser respetada se tomar\u00e1n otras medidas<\/p>\n<p>Atte. Presidencia auxiliar municipal Cuexpala, Tilapa, Puebla\u201d.<\/p>\n<p><a href=\"http:\/\/www.grieta.org.mx\/wp-content\/uploads\/2020\/04\/cuexpala_coronavirus_retenes1.jpg\"><img loading=\"lazy\" decoding=\"async\" data-attachment-id=\"47608\" data-permalink=\"https:\/\/www.grieta.org.mx\/index.php\/2020\/04\/07\/montan-retenes-en-comunidades-de-la-mixteca-y-sierra-norte-por-regreso-de-migrantes-y-miedo-al-covid-19-puebla\/cuexpala_coronavirus_retenes1\/\" data-orig-file=\"https:\/\/www.grieta.org.mx\/wp-content\/uploads\/2020\/04\/cuexpala_coronavirus_retenes1.jpg\" data-orig-size=\"540,960\" data-comments-opened=\"0\" data-image-meta=\"{&quot;aperture&quot;:&quot;0&quot;,&quot;credit&quot;:&quot;&quot;,&quot;camera&quot;:&quot;&quot;,&quot;caption&quot;:&quot;&quot;,&quot;created_timestamp&quot;:&quot;0&quot;,&quot;copyright&quot;:&quot;&quot;,&quot;focal_length&quot;:&quot;0&quot;,&quot;iso&quot;:&quot;0&quot;,&quot;shutter_speed&quot;:&quot;0&quot;,&quot;title&quot;:&quot;&quot;,&quot;orientation&quot;:&quot;0&quot;}\" data-image-title=\"cuexpala_coronavirus_retenes1\" data-image-description=\"\" data-image-caption=\"\" data-medium-file=\"https:\/\/www.grieta.org.mx\/wp-content\/uploads\/2020\/04\/cuexpala_coronavirus_retenes1-169x300.jpg\" data-large-file=\"https:\/\/www.grieta.org.mx\/wp-content\/uploads\/2020\/04\/cuexpala_coronavirus_retenes1.jpg\" class=\"aligncenter size-full wp-image-47608\" src=\"http:\/\/www.grieta.org.mx\/wp-content\/uploads\/2020\/04\/cuexpala_coronavirus_retenes1.jpg\" alt=\"\" width=\"540\" height=\"960\" srcset=\"https:\/\/www.grieta.org.mx\/wp-content\/uploads\/2020\/04\/cuexpala_coronavirus_retenes1.jpg 540w, https:\/\/www.grieta.org.mx\/wp-content\/uploads\/2020\/04\/cuexpala_coronavirus_retenes1-169x300.jpg 169w, https:\/\/www.grieta.org.mx\/wp-content\/uploads\/2020\/04\/cuexpala_coronavirus_retenes1-281x500.jpg 281w\" sizes=\"auto, (max-width: 540px) 100vw, 540px\" \/><\/a><\/p>\n<p>Foto Portada: TV Pahuatl\u00e1n<\/p>\n<p><a href=\"https:\/\/mtpnoticias.com\/destacadas\/montan-retenes-en-comunidades-de-la-mixteca-y-sierra-norte-por-regreso-de-migrantes-y-miedo-al-covid-19-fotos\/\">https:\/\/mtpnoticias.com\/destacadas\/montan-retenes-en-comunidades-de-la-mixteca-y-sierra-norte-por-regreso-de-migrantes-y-miedo-al-covid-19-fotos\/<\/a><\/p>\n","protected":false},"excerpt":{"rendered":"<p>Alfredo Ram\u00edrez \/ MTPNoticias.com Debido al temor por un contagio masivo de Coronavirus, hay municipios de la Sierra Norte y de la Mixteca de Puebla donde las autoridades y los &hellip; <a href=\"https:\/\/www.grieta.org.mx\/index.php\/2020\/04\/07\/montan-retenes-en-comunidades-de-la-mixteca-y-sierra-norte-por-regreso-de-migrantes-y-miedo-al-covid-19-puebla\/\" class=\"more-link\">Leer m\u00e1s<\/a><\/p>\n","protected":false},"author":1,"featured_media":47610,"comment_status":"closed","ping_status":"closed","sticky":false,"template":"","format":"standard","meta":{"ngg_post_thumbnail":0,"_jetpack_newsletter_access":"","_jetpack_dont_email_post_to_subs":false,"_jetpack_newsletter_tier_id":0,"_jetpack_memberships_contains_paywalled_content":false,"_jetpack_memberships_contains_paid_content":false,"footnotes":""},"categories":[80,3273,2,26],"tags":[3241],"class_list":["post-47606","post","type-post","status-publish","format-standard","has-post-thumbnail","hentry","category-cintillo","category-covid-19-en-puebla","category-noticias-nacionales","category-puebla","tag-covid-19","entry"],"jetpack_featured_media_url":"https:\/\/www.grieta.org.mx\/wp-content\/uploads\/2020\/04\/zacapehuaya_coronavirus_retenes-e1586232158236.jpg","jetpack_sharing_enabled":true,"jetpack_shortlink":"https:\/\/wp.me\/p7ZJR4-cnQ","jetpack_likes_enabled":false,"jetpack-related-posts":[{"id":36040,"url":"https:\/\/www.grieta.org.mx\/index.php\/2019\/06\/30\/puebla-alista-operativos-en-hoteles-y-moteles-contra-migrantes-pies-secos\/","url_meta":{"origin":47606,"position":0},"title":"Puebla alista operativos en hoteles y moteles contra migrantes: Pies Secos","author":"Admin","date":"30 junio, 2019","format":false,"excerpt":"Marisol C\u00f3rdoba \/ MUNICIPIOS PUEBLA Puebla, Pue.- Como parte del endurecimiento de las pol\u00edticas de migraci\u00f3n en el pa\u00eds por el gobierno federal, en los pr\u00f3ximos d\u00edas iniciar\u00e1n operativos en hoteles y moteles del estado para buscar migrantes, adelant\u00f3 el presidente de la fundaci\u00f3n Pies Secos, Ricardo Andrade, luego que\u2026","rel":"","context":"En &quot;CINTILLO&quot;","block_context":{"text":"CINTILLO","link":"https:\/\/www.grieta.org.mx\/index.php\/category\/cintillo\/"},"img":{"alt_text":"","src":"https:\/\/i0.wp.com\/www.grieta.org.mx\/wp-content\/uploads\/2019\/07\/migrantes1_5_2.jpg?resize=350%2C200&ssl=1","width":350,"height":200,"srcset":"https:\/\/i0.wp.com\/www.grieta.org.mx\/wp-content\/uploads\/2019\/07\/migrantes1_5_2.jpg?resize=350%2C200&ssl=1 1x, https:\/\/i0.wp.com\/www.grieta.org.mx\/wp-content\/uploads\/2019\/07\/migrantes1_5_2.jpg?resize=525%2C300&ssl=1 1.5x"},"classes":[]},{"id":45096,"url":"https:\/\/www.grieta.org.mx\/index.php\/2020\/02\/08\/integran-frente-regional-en-defensa-de-la-mixteca-contra-lo-proyectos-mineros-oaxaca-y-puebla\/","url_meta":{"origin":47606,"position":1},"title":"Integran Frente Regional en Defensa de la Mixteca contra lo proyectos mineros (Oaxaca y Puebla)","author":"Admin","date":"8 febrero, 2020","format":false,"excerpt":"HUAJUAPAN DE LE\u00d3N, Oaxaca.- Autoridades, habitantes y organizaciones sociales conformaron el Frente Regional en Defensa del Territorio de los Recursos Naturales Puebla-Oaxaca, con la finalidad de exigirle al gobierno que elimine las concesiones a mineras extranjeras para la explotaci\u00f3n de la tierra en la Mixteca de Oaxaca y el estado\u2026","rel":"","context":"En &quot;CINTILLO&quot;","block_context":{"text":"CINTILLO","link":"https:\/\/www.grieta.org.mx\/index.php\/category\/cintillo\/"},"img":{"alt_text":"","src":"https:\/\/i0.wp.com\/www.grieta.org.mx\/wp-content\/uploads\/2020\/02\/p.-2-3.jpg?resize=350%2C200&ssl=1","width":350,"height":200,"srcset":"https:\/\/i0.wp.com\/www.grieta.org.mx\/wp-content\/uploads\/2020\/02\/p.-2-3.jpg?resize=350%2C200&ssl=1 1x, https:\/\/i0.wp.com\/www.grieta.org.mx\/wp-content\/uploads\/2020\/02\/p.-2-3.jpg?resize=525%2C300&ssl=1 1.5x, https:\/\/i0.wp.com\/www.grieta.org.mx\/wp-content\/uploads\/2020\/02\/p.-2-3.jpg?resize=700%2C400&ssl=1 2x"},"classes":[]},{"id":45550,"url":"https:\/\/www.grieta.org.mx\/index.php\/2020\/03\/03\/por-fracking-12-municipios-en-sierra-norte-de-puebla-seran-afectados-fundar\/","url_meta":{"origin":47606,"position":2},"title":"Por fracking, 12 municipios en Sierra Norte de Puebla ser\u00e1n afectados: Fundar","author":"Admin","date":"3 marzo, 2020","format":false,"excerpt":"La fracturaci\u00f3n hidr\u00e1ulica en la Sierra Norte de Puebla es una amenaza real para las comunidades, ser\u00edan 12 los municipios en esa regi\u00f3n que se ver\u00e1n afectados por la hidrofracturaci\u00f3n, as\u00ed lo se\u00f1al\u00f3 el Centro de An\u00e1lisis e Investigaci\u00f3n (Fundar). De acuerdo con el an\u00e1lisis realizado se identific\u00f3 a 118\u2026","rel":"","context":"En &quot;26. Sierra Puebla&quot;","block_context":{"text":"26. Sierra Puebla","link":"https:\/\/www.grieta.org.mx\/index.php\/category\/espejos-de-la-resistencia\/26-sierra-puebla\/"},"img":{"alt_text":"","src":"https:\/\/i0.wp.com\/www.grieta.org.mx\/wp-content\/uploads\/2020\/03\/Fracking-en-la-Sierra-Norte-de-Puebla.jpg?resize=350%2C200&ssl=1","width":350,"height":200,"srcset":"https:\/\/i0.wp.com\/www.grieta.org.mx\/wp-content\/uploads\/2020\/03\/Fracking-en-la-Sierra-Norte-de-Puebla.jpg?resize=350%2C200&ssl=1 1x, https:\/\/i0.wp.com\/www.grieta.org.mx\/wp-content\/uploads\/2020\/03\/Fracking-en-la-Sierra-Norte-de-Puebla.jpg?resize=525%2C300&ssl=1 1.5x"},"classes":[]},{"id":48079,"url":"https:\/\/www.grieta.org.mx\/index.php\/2020\/04\/10\/poblanos-enfrentan-crisis-de-covid-19-lejos-de-casa-28-han-muerto-y-45-estan-hospitalizados-en-eu\/","url_meta":{"origin":47606,"position":3},"title":"Poblanos enfrentan crisis de COVID-19 lejos de casa: 28 han muerto y 45 est\u00e1n hospitalizados en EU","author":"Admin","date":"10 abril, 2020","format":false,"excerpt":"De acuerdo con cifras de la fundaci\u00f3n migrante Pies Secos, cotejada con diversas organizaciones, de los 80 mexicanos fallecidos en Estados Unidos, 28 proven\u00edan de Puebla, particularmente de la regi\u00f3n Mixteca del estado. Por Osvaldo Valencia \/ Zona Franca Puebla, (Peri\u00f3dico Central). La pandemia del coronavirus ha azotado a la\u2026","rel":"","context":"En &quot;CINTILLO&quot;","block_context":{"text":"CINTILLO","link":"https:\/\/www.grieta.org.mx\/index.php\/category\/cintillo\/"},"img":{"alt_text":"","src":"https:\/\/i0.wp.com\/www.grieta.org.mx\/wp-content\/uploads\/2020\/04\/puebla-eu.jpg?resize=350%2C200&ssl=1","width":350,"height":200,"srcset":"https:\/\/i0.wp.com\/www.grieta.org.mx\/wp-content\/uploads\/2020\/04\/puebla-eu.jpg?resize=350%2C200&ssl=1 1x, https:\/\/i0.wp.com\/www.grieta.org.mx\/wp-content\/uploads\/2020\/04\/puebla-eu.jpg?resize=525%2C300&ssl=1 1.5x, https:\/\/i0.wp.com\/www.grieta.org.mx\/wp-content\/uploads\/2020\/04\/puebla-eu.jpg?resize=700%2C400&ssl=1 2x, https:\/\/i0.wp.com\/www.grieta.org.mx\/wp-content\/uploads\/2020\/04\/puebla-eu.jpg?resize=1050%2C600&ssl=1 3x"},"classes":[]},{"id":24437,"url":"https:\/\/www.grieta.org.mx\/index.php\/2018\/06\/25\/hay-ninos-mixtecos-en-las-jaulas-de-trump-puebla\/","url_meta":{"origin":47606,"position":4},"title":"Hay ni\u00f1os mixtecos en las jaulas de Trump (Puebla)","author":"grieta","date":"25 junio, 2018","format":false,"excerpt":"Por Lidchy Cano Iz\u00facar de Matamoros.- En los Centros de Detenci\u00f3n de Estados Unidos hay ni\u00f1os mixtecos, ya que han iniciado deportaciones hacia esta zona del estado de Puebla, sin embargo, se desconocen las cifras y de los sitios de origen porque los c\u00f3nsules no quieren otorgar informaci\u00f3n a las\u2026","rel":"","context":"En &quot;CINTILLO&quot;","block_context":{"text":"CINTILLO","link":"https:\/\/www.grieta.org.mx\/index.php\/category\/cintillo\/"},"img":{"alt_text":"","src":"https:\/\/i0.wp.com\/www.grieta.org.mx\/wp-content\/uploads\/2018\/07\/zocaloo.jpg?resize=350%2C200&ssl=1","width":350,"height":200,"srcset":"https:\/\/i0.wp.com\/www.grieta.org.mx\/wp-content\/uploads\/2018\/07\/zocaloo.jpg?resize=350%2C200&ssl=1 1x, https:\/\/i0.wp.com\/www.grieta.org.mx\/wp-content\/uploads\/2018\/07\/zocaloo.jpg?resize=525%2C300&ssl=1 1.5x"},"classes":[]},{"id":20135,"url":"https:\/\/www.grieta.org.mx\/index.php\/2016\/08\/15\/denuncian-a-retenes-antimigrantes-despojan-a-migrantes-de-sus-pertenencias-en-chihuahua\/","url_meta":{"origin":47606,"position":5},"title":"Denuncian a retenes \u2018antimigrantes\u2019; despojan a migrantes de sus pertenencias en Chihuahua","author":"grieta","date":"15 agosto, 2016","format":false,"excerpt":"El Z\u00f3calo de Saltillo Chihuahua.- El presb\u00edtero Francisco Javier Calvillo de la Casa de Migrante en Ciudad Ju\u00e1rez denunci\u00f3 la instalaci\u00f3n de retenes en el estado de Chihuahua donde los migrantes son asaltados, desconociendo si estos bloqueos son implementados por corporaciones en la entidad chihuahuense. Una cadena televisiva internacional inform\u00f3\u2026","rel":"","context":"En &quot;CINTILLO&quot;","block_context":{"text":"CINTILLO","link":"https:\/\/www.grieta.org.mx\/index.php\/category\/cintillo\/"},"img":{"alt_text":"","src":"https:\/\/i0.wp.com\/www.grieta.org.mx\/wp-content\/uploads\/2018\/03\/14524434_1106112876131411_958039263622046936_o.jpg?resize=350%2C200&ssl=1","width":350,"height":200,"srcset":"https:\/\/i0.wp.com\/www.grieta.org.mx\/wp-content\/uploads\/2018\/03\/14524434_1106112876131411_958039263622046936_o.jpg?resize=350%2C200&ssl=1 1x, https:\/\/i0.wp.com\/www.grieta.org.mx\/wp-content\/uploads\/2018\/03\/14524434_1106112876131411_958039263622046936_o.jpg?resize=525%2C300&ssl=1 1.5x, https:\/\/i0.wp.com\/www.grieta.org.mx\/wp-content\/uploads\/2018\/03\/14524434_1106112876131411_958039263622046936_o.jpg?resize=700%2C400&ssl=1 2x"},"classes":[]}],"_links":{"self":[{"href":"https:\/\/www.grieta.org.mx\/index.php\/wp-json\/wp\/v2\/posts\/47606","targetHints":{"allow":["GET"]}}],"collection":[{"href":"https:\/\/www.grieta.org.mx\/index.php\/wp-json\/wp\/v2\/posts"}],"about":[{"href":"https:\/\/www.grieta.org.mx\/index.php\/wp-json\/wp\/v2\/types\/post"}],"author":[{"embeddable":true,"href":"https:\/\/www.grieta.org.mx\/index.php\/wp-json\/wp\/v2\/users\/1"}],"replies":[{"embeddable":true,"href":"https:\/\/www.grieta.org.mx\/index.php\/wp-json\/wp\/v2\/comments?post=47606"}],"version-history":[{"count":1,"href":"https:\/\/www.grieta.org.mx\/index.php\/wp-json\/wp\/v2\/posts\/47606\/revisions"}],"predecessor-version":[{"id":47611,"href":"https:\/\/www.grieta.org.mx\/index.php\/wp-json\/wp\/v2\/posts\/47606\/revisions\/47611"}],"wp:featuredmedia":[{"embeddable":true,"href":"https:\/\/www.grieta.org.mx\/index.php\/wp-json\/wp\/v2\/media\/47610"}],"wp:attachment":[{"href":"https:\/\/www.grieta.org.mx\/index.php\/wp-json\/wp\/v2\/media?parent=47606"}],"wp:term":[{"taxonomy":"category","embeddable":true,"href":"https:\/\/www.grieta.org.mx\/index.php\/wp-json\/wp\/v2\/categories?post=47606"},{"taxonomy":"post_tag","embeddable":true,"href":"https:\/\/www.grieta.org.mx\/index.php\/wp-json\/wp\/v2\/tags?post=47606"}],"curies":[{"name":"wp","href":"https:\/\/api.w.org\/{rel}","templated":true}]}}