{"id":47585,"date":"2020-03-31T23:42:16","date_gmt":"2020-04-01T05:42:16","guid":{"rendered":"http:\/\/www.grieta.org.mx\/?p=47585"},"modified":"2020-04-09T23:48:22","modified_gmt":"2020-04-10T04:48:22","slug":"nuestras-familias-comen-y-para-nosotros-no-hay-enfermedad-reclaman-a-amlo-y-murat-oaxaca","status":"publish","type":"post","link":"https:\/\/www.grieta.org.mx\/index.php\/2020\/03\/31\/nuestras-familias-comen-y-para-nosotros-no-hay-enfermedad-reclaman-a-amlo-y-murat-oaxaca\/","title":{"rendered":"\u201cNuestras familias comen y para nosotros no hay enfermedad\u201d: reclaman a AMLO y Murat (Oaxaca)"},"content":{"rendered":"<p>P\u00e1gina 3 \/ Pedro Mat\u00edas.<\/p>\n<p><img loading=\"lazy\" decoding=\"async\" data-attachment-id=\"47587\" data-permalink=\"https:\/\/www.grieta.org.mx\/index.php\/2020\/03\/31\/nuestras-familias-comen-y-para-nosotros-no-hay-enfermedad-reclaman-a-amlo-y-murat-oaxaca\/m-3\/\" data-orig-file=\"https:\/\/www.grieta.org.mx\/wp-content\/uploads\/2020\/04\/m.jpg\" data-orig-size=\"696,392\" data-comments-opened=\"0\" data-image-meta=\"{&quot;aperture&quot;:&quot;0&quot;,&quot;credit&quot;:&quot;&quot;,&quot;camera&quot;:&quot;&quot;,&quot;caption&quot;:&quot;&quot;,&quot;created_timestamp&quot;:&quot;0&quot;,&quot;copyright&quot;:&quot;&quot;,&quot;focal_length&quot;:&quot;0&quot;,&quot;iso&quot;:&quot;0&quot;,&quot;shutter_speed&quot;:&quot;0&quot;,&quot;title&quot;:&quot;&quot;,&quot;orientation&quot;:&quot;0&quot;}\" data-image-title=\"m\" data-image-description=\"\" data-image-caption=\"\" data-medium-file=\"https:\/\/www.grieta.org.mx\/wp-content\/uploads\/2020\/04\/m-300x169.jpg\" data-large-file=\"https:\/\/www.grieta.org.mx\/wp-content\/uploads\/2020\/04\/m.jpg\" class=\"aligncenter wp-image-47587\" src=\"http:\/\/www.grieta.org.mx\/wp-content\/uploads\/2020\/04\/m.jpg\" alt=\"\" width=\"800\" height=\"451\" srcset=\"https:\/\/www.grieta.org.mx\/wp-content\/uploads\/2020\/04\/m.jpg 696w, https:\/\/www.grieta.org.mx\/wp-content\/uploads\/2020\/04\/m-300x169.jpg 300w\" sizes=\"auto, (max-width: 800px) 100vw, 800px\" \/><\/p>\n<p>*Maquiladores toman empresa y bloquean parque industrial porque los quieren descansar sin sueldo<\/p>\n<p>*Empresa se niega a pagar un mes de sueldo en esta contigencia<\/p>\n<p>OAXACA, Oax.- Trabajadores maquiladores tomaron la empresa Dise\u00f1os Magdatex S.A. de C.V., y bloquearon el Parque Industrial 2000 en Magdalena Apasco, Etla, por la decisi\u00f3n patronal de cerrar durante un mes debido a la pandemia del COVID-19 y sin goce sueldo.<\/p>\n<p>Y reclamaron al gobierno de Andr\u00e9s Manuel L\u00f3pez Obrador y Alejandro Murat Hinojosa: \u201cSe\u00f1or Presidente de la Rep\u00fablica, se\u00f1or gobernador del estado, no es nuestra culpa esta situaci\u00f3n del COVID-19 nuestras familias comen y para nosotros no hay enfermedad\u201d,<\/p>\n<p>Los 317 empleados de la empresa Dise\u00f1os Magdatex S.A. de C.V., se encuentran a la entrada del parque industrial porque deciden cerrar durante un mes y \u201cno quieren darnos ni siquiera el sueldo base\u201d.<\/p>\n<p>\u201cLo \u00fanico que pagan es un semana pero ya la trabajamos porque nos pagan con una semana de retraso y aqu\u00ed la mayor parte de trabadores son mujeres\u201d, refiere una empleada maquiladora que tiene cuatro hijos.<\/p>\n<p>Otra mujer, la que se dice representante legal, quiso matizar el asunto al manifestar que \u201cno tomamos el parque, solo estamos negociando si nos pueden apoyar con una parte de nuestro sueldo. Estamos reunidos y estamos viendo la forma que nos den ese apoyo econ\u00f3mico con los due\u00f1os de la empresa\u201d.<\/p>\n<p>\u201cAqu\u00ed hay muchas mujeres y muchas madres solteras y nos quieren mandar a descansar sin un sueldo y de qu\u00e9 nos vamos a mantener, por eso pedimos que aunque sea nos den el sueldo base de 864 pesos, con eso nos ayudamos un poco\u201d, agreg\u00f3 al trabajadora.<\/p>\n<p>Sin embargo, en redes sociales, trabajadores inconformes con la empresa maquiladora denunciaron que los titulares de Dise\u00f1os Magdatex S.A. de C.V., deciden cerrar un mes la empresa por la situaci\u00f3n de la enfermedad COVID-19 o coronavirus y los trabajadores que viven al d\u00eda no tendr\u00e1 para llevar el sustento a sus familias.<\/p>\n<p>Por esta raz\u00f3n, decidieron \u201ctomar la empresa y bloquear el parque maquilador as\u00ed como la empresa ubicada en la carretera federal 190 hasta que nos den una respuesta a las demandas mientras tanto retienen a los jefes de la empresa y en breve saldr\u00e1n a bloquear la carretera\u201d.<\/p>\n<p>Y rematan con el reclamo al presidente y gobernador \u201cno es nuestra culpa esta situaci\u00f3n del covid-19 nuestras familias comen y para nosotros no hay enfermedad\u201d.<\/p>\n<p><a href=\"https:\/\/pagina3.mx\/2020\/03\/nuestras-familias-comen-y-para-nosotros-no-hay-enfermedad-reclaman-a-amlo-y-murat\/\" target=\"_blank\" rel=\"noopener noreferrer\">https:\/\/pagina3.mx\/2020\/03\/nuestras-familias-comen-y-para-nosotros-no-hay-enfermedad-reclaman-a-amlo-y-murat\/<\/a><\/p>\n","protected":false},"excerpt":{"rendered":"<p>P\u00e1gina 3 \/ Pedro Mat\u00edas. *Maquiladores toman empresa y bloquean parque industrial porque los quieren descansar sin sueldo *Empresa se niega a pagar un mes de sueldo en esta contigencia &hellip; <a href=\"https:\/\/www.grieta.org.mx\/index.php\/2020\/03\/31\/nuestras-familias-comen-y-para-nosotros-no-hay-enfermedad-reclaman-a-amlo-y-murat-oaxaca\/\" class=\"more-link\">Leer m\u00e1s<\/a><\/p>\n","protected":false},"author":2,"featured_media":47587,"comment_status":"closed","ping_status":"closed","sticky":false,"template":"","format":"standard","meta":{"ngg_post_thumbnail":0,"_jetpack_newsletter_access":"","_jetpack_dont_email_post_to_subs":false,"_jetpack_newsletter_tier_id":0,"_jetpack_memberships_contains_paywalled_content":false,"_jetpack_memberships_contains_paid_content":false,"footnotes":""},"categories":[80,1355,3262,1728,2,25],"tags":[],"class_list":["post-47585","post","type-post","status-publish","format-standard","has-post-thumbnail","hentry","category-cintillo","category-conflictos-laborales-en-oaxaca","category-crisis-covid-19-en-oaxaca","category-crisis-del-sector-salud-en-oaxaca","category-noticias-nacionales","category-oaxaca","entry"],"jetpack_featured_media_url":"https:\/\/www.grieta.org.mx\/wp-content\/uploads\/2020\/04\/m.jpg","jetpack_sharing_enabled":true,"jetpack_shortlink":"https:\/\/wp.me\/p7ZJR4-cnv","jetpack_likes_enabled":false,"jetpack-related-posts":[{"id":47073,"url":"https:\/\/www.grieta.org.mx\/index.php\/2020\/04\/01\/por-posible-desvio-de-recursos-despidieon-a-300-trabajadores-de-la-salud-en-oaxaca\/","url_meta":{"origin":47585,"position":0},"title":"Por posible desv\u00edo de recursos, despidieon a 300 trabajadores de la salud en Oaxaca","author":"grieta","date":"1 abril, 2020","format":false,"excerpt":"P\u00e1gina 3 \/ Pedro Mat\u00edas. Por posible desv\u00edo de recursos, despiden a 300 trabajadores *Env\u00edan carta a AMLO y piden a Murat que reconsidere. OAXACA, Oax. (pagina3.mx).- Pese a la pandemia del COVID-19, no fueron recontratados m\u00e1s 300 trabajadores de salud en Oaxaca, al suspenderse la continuidad de un proyecto\u2026","rel":"","context":"En &quot;CINTILLO&quot;","block_context":{"text":"CINTILLO","link":"https:\/\/www.grieta.org.mx\/index.php\/category\/cintillo\/"},"img":{"alt_text":"","src":"https:\/\/i0.wp.com\/www.grieta.org.mx\/wp-content\/uploads\/2018\/03\/14524434_1106112876131411_958039263622046936_o.jpg?resize=350%2C200&ssl=1","width":350,"height":200,"srcset":"https:\/\/i0.wp.com\/www.grieta.org.mx\/wp-content\/uploads\/2018\/03\/14524434_1106112876131411_958039263622046936_o.jpg?resize=350%2C200&ssl=1 1x, https:\/\/i0.wp.com\/www.grieta.org.mx\/wp-content\/uploads\/2018\/03\/14524434_1106112876131411_958039263622046936_o.jpg?resize=525%2C300&ssl=1 1.5x, https:\/\/i0.wp.com\/www.grieta.org.mx\/wp-content\/uploads\/2018\/03\/14524434_1106112876131411_958039263622046936_o.jpg?resize=700%2C400&ssl=1 2x"},"classes":[]},{"id":48673,"url":"https:\/\/www.grieta.org.mx\/index.php\/2020\/05\/07\/desmienten-a-murat-hospital-covid-19-en-juchitan-sigue-sin-funcionar-y-el-civil-ya-esta-saturado-oaxaca\/","url_meta":{"origin":47585,"position":1},"title":"Desmienten a Murat, Hospital covid-19 en Juchit\u00e1n sigue sin funcionar y el civil ya est\u00e1 saturado  (Oaxaca)","author":"grieta","date":"7 mayo, 2020","format":false,"excerpt":"P\u00e1gina 3 \/ Pedro Mat\u00edas. *Hospital Macedonio Ben\u00edtez solo tiene 3 camas y un ventilador para atender pacientes por coronavirus. | *Hace un mes Murat anunci\u00f3 que ya se termin\u00f3 el Hospital y en plena pandemia no funciona. OAXACA, Oax.- A un mes que el gobernador Alejandro Murat Hinojosa anunci\u00f3\u2026","rel":"","context":"En &quot;CINTILLO&quot;","block_context":{"text":"CINTILLO","link":"https:\/\/www.grieta.org.mx\/index.php\/category\/cintillo\/"},"img":{"alt_text":"","src":"https:\/\/i0.wp.com\/www.grieta.org.mx\/wp-content\/uploads\/2018\/03\/14524434_1106112876131411_958039263622046936_o.jpg?resize=350%2C200&ssl=1","width":350,"height":200,"srcset":"https:\/\/i0.wp.com\/www.grieta.org.mx\/wp-content\/uploads\/2018\/03\/14524434_1106112876131411_958039263622046936_o.jpg?resize=350%2C200&ssl=1 1x, https:\/\/i0.wp.com\/www.grieta.org.mx\/wp-content\/uploads\/2018\/03\/14524434_1106112876131411_958039263622046936_o.jpg?resize=525%2C300&ssl=1 1.5x, https:\/\/i0.wp.com\/www.grieta.org.mx\/wp-content\/uploads\/2018\/03\/14524434_1106112876131411_958039263622046936_o.jpg?resize=700%2C400&ssl=1 2x"},"classes":[]},{"id":27830,"url":"https:\/\/www.grieta.org.mx\/index.php\/2018\/12\/13\/amenazan-a-seis-periodistas-bajenle-de-huevos-porque-no-habra-tercer-llamado-oaxaca\/","url_meta":{"origin":47585,"position":2},"title":"Amenazan a seis periodistas; \u201cb\u00e1jenle de huevos porque no habr\u00e1 tercer llamado\u201d (Oaxaca)","author":"grieta","date":"13 diciembre, 2018","format":false,"excerpt":"P\u00e1gina 3. Pedro Mat\u00edas, Oaxaca, Oax.- \u201cB\u00e1jenle de huevos porque no abra tercer llamado\u201d, fue la amenaza a seis periodistas que presentaron su denuncia penal ante la Fiscal\u00eda General de Oaxaca ante su preocupaci\u00f3n e indignaci\u00f3n por el ambiente de violencia que permea en la entidad, la cual ya ha\u2026","rel":"","context":"En &quot;CINTILLO&quot;","block_context":{"text":"CINTILLO","link":"https:\/\/www.grieta.org.mx\/index.php\/category\/cintillo\/"},"img":{"alt_text":"","src":"https:\/\/i0.wp.com\/www.grieta.org.mx\/wp-content\/uploads\/2018\/12\/periodistas.jpg?resize=350%2C200&ssl=1","width":350,"height":200,"srcset":"https:\/\/i0.wp.com\/www.grieta.org.mx\/wp-content\/uploads\/2018\/12\/periodistas.jpg?resize=350%2C200&ssl=1 1x, https:\/\/i0.wp.com\/www.grieta.org.mx\/wp-content\/uploads\/2018\/12\/periodistas.jpg?resize=525%2C300&ssl=1 1.5x, https:\/\/i0.wp.com\/www.grieta.org.mx\/wp-content\/uploads\/2018\/12\/periodistas.jpg?resize=700%2C400&ssl=1 2x"},"classes":[]},{"id":51715,"url":"https:\/\/www.grieta.org.mx\/index.php\/2020\/07\/04\/por-falta-de-equipo-medico-trabajadores-del-hospital-regional-de-tuxtepec-paran-labores-oaxaca\/","url_meta":{"origin":47585,"position":3},"title":"Por falta de equipo m\u00e9dico, trabajadores del Hospital Regional de Tuxtepec paran labores (Oaxaca)","author":"grieta","date":"4 julio, 2020","format":false,"excerpt":"Proceso \/ Pedro Mat\u00edas. El Hospital Regional de Tuxtepec. Foto: Twitter @amorenos60 OAXACA, Oax. (apro).- Trabajadores del Hospital Regional de Tuxtepec iniciaron hoy un paro de labores para protestar por la falta de equipo m\u00e9dico, cuando esa regi\u00f3n ocupa el segundo lugar en incidencia por casos de covid-19 y defunciones\u2026","rel":"","context":"En &quot;CINTILLO&quot;","block_context":{"text":"CINTILLO","link":"https:\/\/www.grieta.org.mx\/index.php\/category\/cintillo\/"},"img":{"alt_text":"","src":"https:\/\/i0.wp.com\/www.grieta.org.mx\/wp-content\/uploads\/2020\/07\/Hospital-Tuxtepec-850x522.jpg?resize=350%2C200&ssl=1","width":350,"height":200,"srcset":"https:\/\/i0.wp.com\/www.grieta.org.mx\/wp-content\/uploads\/2020\/07\/Hospital-Tuxtepec-850x522.jpg?resize=350%2C200&ssl=1 1x, https:\/\/i0.wp.com\/www.grieta.org.mx\/wp-content\/uploads\/2020\/07\/Hospital-Tuxtepec-850x522.jpg?resize=525%2C300&ssl=1 1.5x, https:\/\/i0.wp.com\/www.grieta.org.mx\/wp-content\/uploads\/2020\/07\/Hospital-Tuxtepec-850x522.jpg?resize=700%2C400&ssl=1 2x"},"classes":[]},{"id":56376,"url":"https:\/\/www.grieta.org.mx\/index.php\/2021\/01\/19\/exigen-semaforo-rojo-en-oaxaca-covid-19-fuera-de-control\/","url_meta":{"origin":47585,"position":4},"title":"Exigen sem\u00e1foro rojo en Oaxaca: Covid-19 fuera de control","author":"grieta","date":"19 enero, 2021","format":false,"excerpt":"P\u00e1gina 3 \/ Pedro Mat\u00edas. *Alrededor de 20 Colegios M\u00e9dicos calificaron de \u201cinaudita la actitud irresponsable\u201d de los gobiernos de Alejandro Murat y de Oswaldo Garc\u00eda Jarqu\u00edn. | *Cuestionaron que prioricen \u201cla politiquer\u00eda y la econom\u00eda por encima de la salud p\u00fablica\u201d. | *Los hospitales est\u00e1n colapsados OAXACA, Oax.- Oaxaca\u2026","rel":"","context":"En &quot;CINTILLO&quot;","block_context":{"text":"CINTILLO","link":"https:\/\/www.grieta.org.mx\/index.php\/category\/cintillo\/"},"img":{"alt_text":"","src":"https:\/\/i0.wp.com\/www.grieta.org.mx\/wp-content\/uploads\/2021\/01\/1-9.jpg?resize=350%2C200&ssl=1","width":350,"height":200,"srcset":"https:\/\/i0.wp.com\/www.grieta.org.mx\/wp-content\/uploads\/2021\/01\/1-9.jpg?resize=350%2C200&ssl=1 1x, https:\/\/i0.wp.com\/www.grieta.org.mx\/wp-content\/uploads\/2021\/01\/1-9.jpg?resize=525%2C300&ssl=1 1.5x"},"classes":[]},{"id":58740,"url":"https:\/\/www.grieta.org.mx\/index.php\/2021\/03\/24\/oaxaca-acuerdan-cierre-definitivo-de-las-cascadas-petreas-de-hierve-el-agua\/","url_meta":{"origin":47585,"position":5},"title":"Oaxaca: acuerdan &#8220;cierre definitivo&#8221; de las cascadas p\u00e9treas de Hierve el Agua","author":"grieta","date":"24 marzo, 2021","format":false,"excerpt":"Proceso \/ Pedro Mat\u00edas. Foto: Facebook Hierve el agua OAXACA, Oax. (apro).- Las autoridades ejidales y la comunidad zapoteca de San Lorenzo Albarradas acord\u00f3 el \u201ccierre definitivo\u201d de las cascadas p\u00e9treas de Hierve el Agua porque, pese a ser ellos los due\u00f1os leg\u00edtimos, el gobernador Alejandro Murat Hinojosa prefiere entregar\u2026","rel":"","context":"En &quot;CINTILLO&quot;","block_context":{"text":"CINTILLO","link":"https:\/\/www.grieta.org.mx\/index.php\/category\/cintillo\/"},"img":{"alt_text":"","src":"https:\/\/i0.wp.com\/www.grieta.org.mx\/wp-content\/uploads\/2021\/04\/a-1.jpg?resize=350%2C200&ssl=1","width":350,"height":200,"srcset":"https:\/\/i0.wp.com\/www.grieta.org.mx\/wp-content\/uploads\/2021\/04\/a-1.jpg?resize=350%2C200&ssl=1 1x, https:\/\/i0.wp.com\/www.grieta.org.mx\/wp-content\/uploads\/2021\/04\/a-1.jpg?resize=525%2C300&ssl=1 1.5x, https:\/\/i0.wp.com\/www.grieta.org.mx\/wp-content\/uploads\/2021\/04\/a-1.jpg?resize=700%2C400&ssl=1 2x"},"classes":[]}],"_links":{"self":[{"href":"https:\/\/www.grieta.org.mx\/index.php\/wp-json\/wp\/v2\/posts\/47585","targetHints":{"allow":["GET"]}}],"collection":[{"href":"https:\/\/www.grieta.org.mx\/index.php\/wp-json\/wp\/v2\/posts"}],"about":[{"href":"https:\/\/www.grieta.org.mx\/index.php\/wp-json\/wp\/v2\/types\/post"}],"author":[{"embeddable":true,"href":"https:\/\/www.grieta.org.mx\/index.php\/wp-json\/wp\/v2\/users\/2"}],"replies":[{"embeddable":true,"href":"https:\/\/www.grieta.org.mx\/index.php\/wp-json\/wp\/v2\/comments?post=47585"}],"version-history":[{"count":1,"href":"https:\/\/www.grieta.org.mx\/index.php\/wp-json\/wp\/v2\/posts\/47585\/revisions"}],"predecessor-version":[{"id":47588,"href":"https:\/\/www.grieta.org.mx\/index.php\/wp-json\/wp\/v2\/posts\/47585\/revisions\/47588"}],"wp:featuredmedia":[{"embeddable":true,"href":"https:\/\/www.grieta.org.mx\/index.php\/wp-json\/wp\/v2\/media\/47587"}],"wp:attachment":[{"href":"https:\/\/www.grieta.org.mx\/index.php\/wp-json\/wp\/v2\/media?parent=47585"}],"wp:term":[{"taxonomy":"category","embeddable":true,"href":"https:\/\/www.grieta.org.mx\/index.php\/wp-json\/wp\/v2\/categories?post=47585"},{"taxonomy":"post_tag","embeddable":true,"href":"https:\/\/www.grieta.org.mx\/index.php\/wp-json\/wp\/v2\/tags?post=47585"}],"curies":[{"name":"wp","href":"https:\/\/api.w.org\/{rel}","templated":true}]}}