{"id":47582,"date":"2020-04-08T22:28:50","date_gmt":"2020-04-09T03:28:50","guid":{"rendered":"http:\/\/www.grieta.org.mx\/?p=47582"},"modified":"2020-04-09T22:38:10","modified_gmt":"2020-04-10T03:38:10","slug":"pobladores-de-santiago-mexquititlan-denuncian-acoso-de-autoridades-municipales-y-llaman-a-la-solidariad-de-la-ciudadania-queretaro","status":"publish","type":"post","link":"https:\/\/www.grieta.org.mx\/index.php\/2020\/04\/08\/pobladores-de-santiago-mexquititlan-denuncian-acoso-de-autoridades-municipales-y-llaman-a-la-solidariad-de-la-ciudadania-queretaro\/","title":{"rendered":"POBLADORES DE SANTIAGO MEXQUITITL\u00c1N DENUNCIAN ACOSO DE AUTORIDADES MUNICIPALES Y LLAMAN A LA SOLIDARIAD DE LA CIUDADAN\u00cdA (Quer\u00e9taro)"},"content":{"rendered":"<p><img loading=\"lazy\" decoding=\"async\" data-attachment-id=\"47583\" data-permalink=\"https:\/\/www.grieta.org.mx\/index.php\/2020\/04\/08\/pobladores-de-santiago-mexquititlan-denuncian-acoso-de-autoridades-municipales-y-llaman-a-la-solidariad-de-la-ciudadania-queretaro\/pobladores-de-santiago-mexquititlan-denuncian-acoso-de-autoridades-municipales-y-llaman-a-la-solidariad-de-la-ciudadania-qro-abr\/\" data-orig-file=\"https:\/\/www.grieta.org.mx\/wp-content\/uploads\/2020\/04\/POBLADORES-DE-SANTIAGO-MEXQUITITL\u00c1N-DENUNCIAN-ACOSO-DE-AUTORIDADES-MUNICIPALES-Y-LLAMAN-A-LA-SOLIDARIAD-DE-LA-CIUDADAN\u00cdA-qro-abr.jpg\" data-orig-size=\"1024,577\" data-comments-opened=\"0\" data-image-meta=\"{&quot;aperture&quot;:&quot;0&quot;,&quot;credit&quot;:&quot;&quot;,&quot;camera&quot;:&quot;&quot;,&quot;caption&quot;:&quot;&quot;,&quot;created_timestamp&quot;:&quot;0&quot;,&quot;copyright&quot;:&quot;&quot;,&quot;focal_length&quot;:&quot;0&quot;,&quot;iso&quot;:&quot;0&quot;,&quot;shutter_speed&quot;:&quot;0&quot;,&quot;title&quot;:&quot;&quot;,&quot;orientation&quot;:&quot;0&quot;}\" data-image-title=\"POBLADORES DE SANTIAGO MEXQUITITL\u00c1N DENUNCIAN ACOSO DE AUTORIDADES MUNICIPALES Y LLAMAN A LA SOLIDARIAD DE LA CIUDADAN\u00cdA qro abr\" data-image-description=\"\" data-image-caption=\"\" data-medium-file=\"https:\/\/www.grieta.org.mx\/wp-content\/uploads\/2020\/04\/POBLADORES-DE-SANTIAGO-MEXQUITITL\u00c1N-DENUNCIAN-ACOSO-DE-AUTORIDADES-MUNICIPALES-Y-LLAMAN-A-LA-SOLIDARIAD-DE-LA-CIUDADAN\u00cdA-qro-abr-300x169.jpg\" data-large-file=\"https:\/\/www.grieta.org.mx\/wp-content\/uploads\/2020\/04\/POBLADORES-DE-SANTIAGO-MEXQUITITL\u00c1N-DENUNCIAN-ACOSO-DE-AUTORIDADES-MUNICIPALES-Y-LLAMAN-A-LA-SOLIDARIAD-DE-LA-CIUDADAN\u00cdA-qro-abr-1024x577.jpg\" class=\"aligncenter wp-image-47583\" src=\"http:\/\/www.grieta.org.mx\/wp-content\/uploads\/2020\/04\/POBLADORES-DE-SANTIAGO-MEXQUITITL\u00c1N-DENUNCIAN-ACOSO-DE-AUTORIDADES-MUNICIPALES-Y-LLAMAN-A-LA-SOLIDARIAD-DE-LA-CIUDADAN\u00cdA-qro-abr.jpg\" alt=\"\" width=\"647\" height=\"364\" srcset=\"https:\/\/www.grieta.org.mx\/wp-content\/uploads\/2020\/04\/POBLADORES-DE-SANTIAGO-MEXQUITITL\u00c1N-DENUNCIAN-ACOSO-DE-AUTORIDADES-MUNICIPALES-Y-LLAMAN-A-LA-SOLIDARIAD-DE-LA-CIUDADAN\u00cdA-qro-abr.jpg 1024w, https:\/\/www.grieta.org.mx\/wp-content\/uploads\/2020\/04\/POBLADORES-DE-SANTIAGO-MEXQUITITL\u00c1N-DENUNCIAN-ACOSO-DE-AUTORIDADES-MUNICIPALES-Y-LLAMAN-A-LA-SOLIDARIAD-DE-LA-CIUDADAN\u00cdA-qro-abr-300x169.jpg 300w, https:\/\/www.grieta.org.mx\/wp-content\/uploads\/2020\/04\/POBLADORES-DE-SANTIAGO-MEXQUITITL\u00c1N-DENUNCIAN-ACOSO-DE-AUTORIDADES-MUNICIPALES-Y-LLAMAN-A-LA-SOLIDARIAD-DE-LA-CIUDADAN\u00cdA-qro-abr-768x433.jpg 768w, https:\/\/www.grieta.org.mx\/wp-content\/uploads\/2020\/04\/POBLADORES-DE-SANTIAGO-MEXQUITITL\u00c1N-DENUNCIAN-ACOSO-DE-AUTORIDADES-MUNICIPALES-Y-LLAMAN-A-LA-SOLIDARIAD-DE-LA-CIUDADAN\u00cdA-qro-abr-887x500.jpg 887w\" sizes=\"auto, (max-width: 647px) 100vw, 647px\" \/><br \/>\n<em>Imagen tomada de: sanpanchotv.wordpress.com<\/em><\/p>\n<p>TV San Pancho<\/p>\n<blockquote><p>Pese a la cuarentena declarada para mitigar la expansi\u00f3n del COVID-19, la comunidad de Santiago Mexquititl\u00e1n contin\u00faa organizando su Concejo comunitario, donde adem\u00e1s de construir mecanismos comunitarios para atender la seguridad, la educaci\u00f3n y el comercio, tambi\u00e9n apuestan a la salud comunitaria.<\/p><\/blockquote>\n<p>En un comunicado emitido por pobladores y pobladoras de Santiago Mexquititl\u00e1n, en Amealco, se\u00f1alan que funcionarios del Partido Acci\u00f3n Nacional, junto con militares, polic\u00edas y elementos de protecci\u00f3n civil agredieron a las y los comerciantes del tianguis comunitario.<\/p>\n<p>Pese a que las y los vendedores acataron las medidas de sana distancia emitidas por la Secretar\u00eda de Salud, la administraci\u00f3n estatal rompi\u00f3 las recomendaciones al concentrar a m\u00e1s de 50 personas para el desalojo de las y los comerciantes.<\/p>\n<p>Pese a la cuarentena declarada para mitigar la expansi\u00f3n del COVID-19, la comunidad de Santiago Mexquititl\u00e1n contin\u00faa organizando su Concejo comunitario, donde adem\u00e1s de construir mecanismos comunitarios para atender la seguridad, la educaci\u00f3n y el comercio, tambi\u00e9n apuestan a la salud comunitaria.<\/p>\n<p>As\u00ed lo se\u00f1alan en el comunicado firmado por tianguistas originarios de Santiago Mexquititl\u00e1n, donde resaltan que: \u201cante la indiferencia de los gobiernos, sabemos de ante mano que el resultado de esta pandemia para nuestras comunidades ser\u00e1 desastroso por lo que solicitamos la solidaridad del pueblo de M\u00e9xico a donar productos respecto a las necesidades b\u00e1sicas y material m\u00e9dico para nuestro concejo de salud que est\u00e1 capacit\u00e1ndose para atender a nuestra poblaci\u00f3n, y hacer pie a la pandemia\u201d<\/p>\n<p>Los insumos m\u00e9dicos que la comunidad solicita son los siguientes: \u201cLancetas, Gluc\u00f3metros, Baumanometros, term\u00f3metros, cubre bocas, googles y todo el material de protecci\u00f3n que se necesita, tambi\u00e9n cloro, pinol, jab\u00f3n, canasta b\u00e1sica, pa\u00f1ales, para hacer frente a esta crisis.\u201d as\u00ed mismo ponen a disposici\u00f3n un n\u00famero de tel\u00e9fono para adquirir m\u00e1s informaci\u00f3n, el cual es 4423698304.<\/p>\n<p>El comunicado exhorta a Rosendo Anaya, presidente municipal de Amealco de Bonfil, a que capacite a su personal en la atenci\u00f3n y medidas sanitarias necesarias para prevenir el brote en el municipio de Amealco, as\u00ed mismo, hace un llamado a las instancias federales correspondientes para sancionar a las y los funcionarios que impidieron la instalaci\u00f3n el tianguis comunitario.<\/p>\n<p><a href=\"https:\/\/sanpanchotv.wordpress.com\/2020\/04\/08\/pobladores-de-santiago-mexquitilan-denuncian-acoso-de-autoridades-municipales-y-llaman-a-la-solidariad-de-la-ciudadania\/?fbclid=IwAR1TcIwYpLEVgNrivKpt-7QNdtsIHEdaEKnhlkBt5MnqpBYBu5Nk5MvM9qE\" target=\"_blank\" rel=\"noopener noreferrer\">https:\/\/sanpanchotv.wordpress.com\/2020\/04\/08\/pobladores-de-santiago-mexquitilan-denuncian-acoso-de-autoridades-municipales-y-llaman-a-la-solidariad-de-la-ciudadania\/?fbclid=IwAR1TcIwYpLEVgNrivKpt-7QNdtsIHEdaEKnhlkBt5MnqpBYBu5Nk5MvM9qE<\/a><\/p>\n","protected":false},"excerpt":{"rendered":"<p>Imagen tomada de: sanpanchotv.wordpress.com TV San Pancho Pese a la cuarentena declarada para mitigar la expansi\u00f3n del COVID-19, la comunidad de Santiago Mexquititl\u00e1n contin\u00faa organizando su Concejo comunitario, donde adem\u00e1s &hellip; <a href=\"https:\/\/www.grieta.org.mx\/index.php\/2020\/04\/08\/pobladores-de-santiago-mexquititlan-denuncian-acoso-de-autoridades-municipales-y-llaman-a-la-solidariad-de-la-ciudadania-queretaro\/\" class=\"more-link\">Leer m\u00e1s<\/a><\/p>\n","protected":false},"author":2,"featured_media":47583,"comment_status":"closed","ping_status":"closed","sticky":false,"template":"","format":"standard","meta":{"ngg_post_thumbnail":0,"_jetpack_newsletter_access":"","_jetpack_dont_email_post_to_subs":false,"_jetpack_newsletter_tier_id":0,"_jetpack_memberships_contains_paywalled_content":false,"_jetpack_memberships_contains_paid_content":false,"footnotes":""},"categories":[2757,80,2498,3298,2482,910,1510,2480,2978,2,27,83],"tags":[2841],"class_list":["post-47582","post","type-post","status-publish","format-standard","has-post-thumbnail","hentry","category-abuso-policiaco-y-tortura-en-queretaro","category-cintillo","category-conflictos-laborales-en-queretaro","category-covid-19-en-queretaro","category-crisis-del-sector-salud-en-queretaro","category-explotacion-y-precariedad-laboral","category-explotacion-y-precariedad-laboral-en-queretaro","category-lucha-y-resistencia-del-pueblo-de-queretaro","category-movilizaciones-y-protestas-de-habitantes-en-queretaro","category-noticias-nacionales","category-queretaro","category-temas-nacionales","tag-explotacion-y-precariedad-laboral","entry"],"jetpack_featured_media_url":"https:\/\/www.grieta.org.mx\/wp-content\/uploads\/2020\/04\/POBLADORES-DE-SANTIAGO-MEXQUITITL\u00c1N-DENUNCIAN-ACOSO-DE-AUTORIDADES-MUNICIPALES-Y-LLAMAN-A-LA-SOLIDARIAD-DE-LA-CIUDADAN\u00cdA-qro-abr.jpg","jetpack_sharing_enabled":true,"jetpack_shortlink":"https:\/\/wp.me\/p7ZJR4-cns","jetpack_likes_enabled":false,"jetpack-related-posts":[{"id":50815,"url":"https:\/\/www.grieta.org.mx\/index.php\/2020\/06\/09\/enfermeras-y-doctores-exigen-mejores-insumos-medicos-queretaro\/","url_meta":{"origin":47582,"position":0},"title":"Enfermeras y Doctores exigen mejores insumos m\u00e9dicos (Quer\u00e9taro)","author":"grieta","date":"9 junio, 2020","format":false,"excerpt":"Foto: www.facebook.com\/InboxPolitico Inbox Pol\u00edtico Este martes se llevaron acabo dos manifestaciones -en la capital del Estado de Quer\u00e9taro- ambas integradas por personal m\u00e9dico. En la primera, Enfermeras del Hospital de Especialidades del Ni\u00f1o y la Mujer, en Plaza de Armas, exigieron insumos de calidad para atender a pacientes Covid. En\u2026","rel":"","context":"En &quot;CINTILLO&quot;","block_context":{"text":"CINTILLO","link":"https:\/\/www.grieta.org.mx\/index.php\/category\/cintillo\/"},"img":{"alt_text":"","src":"https:\/\/i0.wp.com\/www.grieta.org.mx\/wp-content\/uploads\/2020\/06\/Enfermeras-y-Doctores-exigen-mejores-insumos-m%C3%A9dicos-qro-jun.jpg?resize=350%2C200&ssl=1","width":350,"height":200,"srcset":"https:\/\/i0.wp.com\/www.grieta.org.mx\/wp-content\/uploads\/2020\/06\/Enfermeras-y-Doctores-exigen-mejores-insumos-m%C3%A9dicos-qro-jun.jpg?resize=350%2C200&ssl=1 1x, https:\/\/i0.wp.com\/www.grieta.org.mx\/wp-content\/uploads\/2020\/06\/Enfermeras-y-Doctores-exigen-mejores-insumos-m%C3%A9dicos-qro-jun.jpg?resize=525%2C300&ssl=1 1.5x, https:\/\/i0.wp.com\/www.grieta.org.mx\/wp-content\/uploads\/2020\/06\/Enfermeras-y-Doctores-exigen-mejores-insumos-m%C3%A9dicos-qro-jun.jpg?resize=700%2C400&ssl=1 2x"},"classes":[]},{"id":46651,"url":"https:\/\/www.grieta.org.mx\/index.php\/2020\/03\/23\/denuncian-acoso-a-artesanos-en-amealco-queretaro\/","url_meta":{"origin":47582,"position":1},"title":"Denuncian acoso a artesanos en Amealco (Quer\u00e9taro)","author":"grieta","date":"23 marzo, 2020","format":false,"excerpt":"Foto tomada de: www.alertaqronoticias.com Alerta Quer\u00e9taro Noticias Artesanos de Santiago Mexquititan, en Amealco, denunciaron la detenci\u00f3n y desalojo arbitrario, por parte de autoridades de ese municipio, este fin de semana, a consecuencia de su oposici\u00f3n a la propuesta de un tianguis. Narraron que el pasado s\u00e1bado a las 7 de\u2026","rel":"","context":"En &quot;Abuso policiaco y tortura en Quer\u00e9taro&quot;","block_context":{"text":"Abuso policiaco y tortura en Quer\u00e9taro","link":"https:\/\/www.grieta.org.mx\/index.php\/category\/noticias-nacionales\/queretaro\/abuso-policiaco-y-tortura-en-queretaro\/"},"img":{"alt_text":"","src":"https:\/\/i0.wp.com\/www.grieta.org.mx\/wp-content\/uploads\/2020\/03\/Denuncian-acoso-a-artesanos-en-Amealco-qro-mzo.jpg?resize=350%2C200&ssl=1","width":350,"height":200,"srcset":"https:\/\/i0.wp.com\/www.grieta.org.mx\/wp-content\/uploads\/2020\/03\/Denuncian-acoso-a-artesanos-en-Amealco-qro-mzo.jpg?resize=350%2C200&ssl=1 1x, https:\/\/i0.wp.com\/www.grieta.org.mx\/wp-content\/uploads\/2020\/03\/Denuncian-acoso-a-artesanos-en-Amealco-qro-mzo.jpg?resize=525%2C300&ssl=1 1.5x, https:\/\/i0.wp.com\/www.grieta.org.mx\/wp-content\/uploads\/2020\/03\/Denuncian-acoso-a-artesanos-en-Amealco-qro-mzo.jpg?resize=700%2C400&ssl=1 2x"},"classes":[]},{"id":49788,"url":"https:\/\/www.grieta.org.mx\/index.php\/2020\/05\/08\/la-aeroespacial-safran-despide-a-3-mil-empleados-en-mexico-queretaro\/","url_meta":{"origin":47582,"position":2},"title":"La aeroespacial Safran despide a 3 mil empleados en M\u00e9xico (Quer\u00e9taro)","author":"grieta","date":"8 mayo, 2020","format":false,"excerpt":"Trabajadores de Safran M\u00e9xico, en Quer\u00e9taro. Foto: Twitter @SafranMexico Proceso CIUDAD DE M\u00c9XICO (apro).- Debido a una crisis sin precedentes en la industria aeroespacial a causa de la pandemia de covid-19, tres mil empleados de la firma francesa Safran han sido despedidos en M\u00e9xico. \u201cEnfrentamos una fuerte ca\u00edda en los\u2026","rel":"","context":"En &quot;CINTILLO&quot;","block_context":{"text":"CINTILLO","link":"https:\/\/www.grieta.org.mx\/index.php\/category\/cintillo\/"},"img":{"alt_text":"","src":"https:\/\/i0.wp.com\/www.grieta.org.mx\/wp-content\/uploads\/2020\/05\/La-aeroespacial-Safran-despide-a-3-mil-empleados-en-M%C3%A9xico-qro-may.jpg?resize=350%2C200&ssl=1","width":350,"height":200,"srcset":"https:\/\/i0.wp.com\/www.grieta.org.mx\/wp-content\/uploads\/2020\/05\/La-aeroespacial-Safran-despide-a-3-mil-empleados-en-M%C3%A9xico-qro-may.jpg?resize=350%2C200&ssl=1 1x, https:\/\/i0.wp.com\/www.grieta.org.mx\/wp-content\/uploads\/2020\/05\/La-aeroespacial-Safran-despide-a-3-mil-empleados-en-M%C3%A9xico-qro-may.jpg?resize=525%2C300&ssl=1 1.5x, https:\/\/i0.wp.com\/www.grieta.org.mx\/wp-content\/uploads\/2020\/05\/La-aeroespacial-Safran-despide-a-3-mil-empleados-en-M%C3%A9xico-qro-may.jpg?resize=700%2C400&ssl=1 2x"},"classes":[]},{"id":58097,"url":"https:\/\/www.grieta.org.mx\/index.php\/2021\/04\/03\/las-autoridades-no-nos-cumplen-protestan-artesanos-queretaro\/","url_meta":{"origin":47582,"position":3},"title":"&#8220;Las autoridades no nos cumplen&#8221;, protestan artesanos (Quer\u00e9taro)","author":"grieta","date":"3 abril, 2021","format":false,"excerpt":"Foto: Demian Ch\u00e1vez Alma G\u00f3mez \/ El Universal Niegan fin pol\u00edtico por instalarse en el andador 5 de Mayo Los artesanos y ambulantes instalados desde hace seis meses en el andador 5 de mayo, en el centro de la ciudad, respondieron a las denuncias hechas en rueda de prensa por\u2026","rel":"","context":"En &quot;Abuso policiaco y tortura en Quer\u00e9taro&quot;","block_context":{"text":"Abuso policiaco y tortura en Quer\u00e9taro","link":"https:\/\/www.grieta.org.mx\/index.php\/category\/noticias-nacionales\/queretaro\/abuso-policiaco-y-tortura-en-queretaro\/"},"img":{"alt_text":"","src":"https:\/\/i0.wp.com\/www.grieta.org.mx\/wp-content\/uploads\/2021\/04\/Las-autoridades-no-nos-cumplen-qro-abr.jpg?resize=350%2C200","width":350,"height":200},"classes":[]},{"id":36830,"url":"https:\/\/www.grieta.org.mx\/index.php\/2019\/07\/22\/personal-de-cbtis-en-queretaro-denuncia-acoso-laboral-y-poca-transparencia-queretaro\/","url_meta":{"origin":47582,"position":4},"title":"Personal de CBTis en Quer\u00e9taro denuncia acoso laboral y poca transparencia (Quer\u00e9taro)","author":"grieta","date":"22 julio, 2019","format":false,"excerpt":"Redacci\u00f3n\/Notimex Personal de la Unidad de Educaci\u00f3n Media Superior Tecnol\u00f3gica, Industrial y de Servicios (Uemstis) en Quer\u00e9taro, denunci\u00f3 autoritarismo, discriminaci\u00f3n y acoso laboral por parte de autoridades, luego de que revelaron posibles actos contrarios a la pol\u00edtica federal de transparencia. Mar\u00eda Elena Razo Hern\u00e1ndez, maestra del Centro de Bachillerato Tecnol\u00f3gico,\u2026","rel":"","context":"En &quot;CINTILLO&quot;","block_context":{"text":"CINTILLO","link":"https:\/\/www.grieta.org.mx\/index.php\/category\/cintillo\/"},"img":{"alt_text":"","src":"https:\/\/i0.wp.com\/www.grieta.org.mx\/wp-content\/uploads\/2019\/07\/CBETIS-18-ACOSO.jpg?resize=350%2C200&ssl=1","width":350,"height":200,"srcset":"https:\/\/i0.wp.com\/www.grieta.org.mx\/wp-content\/uploads\/2019\/07\/CBETIS-18-ACOSO.jpg?resize=350%2C200&ssl=1 1x, https:\/\/i0.wp.com\/www.grieta.org.mx\/wp-content\/uploads\/2019\/07\/CBETIS-18-ACOSO.jpg?resize=525%2C300&ssl=1 1.5x, https:\/\/i0.wp.com\/www.grieta.org.mx\/wp-content\/uploads\/2019\/07\/CBETIS-18-ACOSO.jpg?resize=700%2C400&ssl=1 2x"},"classes":[]},{"id":50258,"url":"https:\/\/www.grieta.org.mx\/index.php\/2020\/05\/25\/pobladores-de-santiago-mexquititlan-toman-presidencia-municipal-de-amealco-queretaro\/","url_meta":{"origin":47582,"position":5},"title":"Pobladores de Santiago Mexquititl\u00e1n toman presidencia municipal de Amealco (Quer\u00e9taro)","author":"grieta","date":"25 mayo, 2020","format":false,"excerpt":"Imagen tomada de: sanpanchotv.wordpress.com San Pancho TV El 25 de mayo del 2020, tianguistas y pobladores de Santiago Mexquititl\u00e1n tomaron la presidencia del municipio de Amealco, en Quer\u00e9taro, como acto de protesta ante la implementaci\u00f3n de la \u201cley garrote\u201d, as\u00ed como en contra de el corte de agua que ha\u2026","rel":"","context":"En &quot;Abuso policiaco y tortura en Quer\u00e9taro&quot;","block_context":{"text":"Abuso policiaco y tortura en Quer\u00e9taro","link":"https:\/\/www.grieta.org.mx\/index.php\/category\/noticias-nacionales\/queretaro\/abuso-policiaco-y-tortura-en-queretaro\/"},"img":{"alt_text":"","src":"https:\/\/i0.wp.com\/www.grieta.org.mx\/wp-content\/uploads\/2020\/06\/Pobladores-de-Santiago-Mexquititl%C3%A1n-toman-presidencia-municipal-de-Amealco-qro-jun.jpeg?resize=350%2C200&ssl=1","width":350,"height":200},"classes":[]}],"_links":{"self":[{"href":"https:\/\/www.grieta.org.mx\/index.php\/wp-json\/wp\/v2\/posts\/47582","targetHints":{"allow":["GET"]}}],"collection":[{"href":"https:\/\/www.grieta.org.mx\/index.php\/wp-json\/wp\/v2\/posts"}],"about":[{"href":"https:\/\/www.grieta.org.mx\/index.php\/wp-json\/wp\/v2\/types\/post"}],"author":[{"embeddable":true,"href":"https:\/\/www.grieta.org.mx\/index.php\/wp-json\/wp\/v2\/users\/2"}],"replies":[{"embeddable":true,"href":"https:\/\/www.grieta.org.mx\/index.php\/wp-json\/wp\/v2\/comments?post=47582"}],"version-history":[{"count":1,"href":"https:\/\/www.grieta.org.mx\/index.php\/wp-json\/wp\/v2\/posts\/47582\/revisions"}],"predecessor-version":[{"id":47584,"href":"https:\/\/www.grieta.org.mx\/index.php\/wp-json\/wp\/v2\/posts\/47582\/revisions\/47584"}],"wp:featuredmedia":[{"embeddable":true,"href":"https:\/\/www.grieta.org.mx\/index.php\/wp-json\/wp\/v2\/media\/47583"}],"wp:attachment":[{"href":"https:\/\/www.grieta.org.mx\/index.php\/wp-json\/wp\/v2\/media?parent=47582"}],"wp:term":[{"taxonomy":"category","embeddable":true,"href":"https:\/\/www.grieta.org.mx\/index.php\/wp-json\/wp\/v2\/categories?post=47582"},{"taxonomy":"post_tag","embeddable":true,"href":"https:\/\/www.grieta.org.mx\/index.php\/wp-json\/wp\/v2\/tags?post=47582"}],"curies":[{"name":"wp","href":"https:\/\/api.w.org\/{rel}","templated":true}]}}