{"id":47553,"date":"2020-04-09T19:32:27","date_gmt":"2020-04-10T00:32:27","guid":{"rendered":"http:\/\/www.grieta.org.mx\/?p=47553"},"modified":"2020-04-09T19:32:27","modified_gmt":"2020-04-10T00:32:27","slug":"medicos-en-tlalnepantla-advirtieron-que-no-tenian-equipo-de-proteccion-ahora-19-tienen-covid-estado-de-mexico","status":"publish","type":"post","link":"https:\/\/www.grieta.org.mx\/index.php\/2020\/04\/09\/medicos-en-tlalnepantla-advirtieron-que-no-tenian-equipo-de-proteccion-ahora-19-tienen-covid-estado-de-mexico\/","title":{"rendered":"M\u00e9dicos en Tlalnepantla advirtieron que no ten\u00edan equipo de protecci\u00f3n; ahora 19 tienen COVID (Estado de M\u00e9xico)"},"content":{"rendered":"<p><img loading=\"lazy\" decoding=\"async\" data-attachment-id=\"47554\" data-permalink=\"https:\/\/www.grieta.org.mx\/index.php\/2020\/04\/09\/medicos-en-tlalnepantla-advirtieron-que-no-tenian-equipo-de-proteccion-ahora-19-tienen-covid-estado-de-mexico\/medicos-en-tlalnepantla-advirtieron-que-no-tenian-equipo-de-proteccion-ahora-19-tienen-covid-edomex-abr\/\" data-orig-file=\"https:\/\/www.grieta.org.mx\/wp-content\/uploads\/2020\/04\/M\u00e9dicos-en-Tlalnepantla-advirtieron-que-no-ten\u00edan-equipo-de-protecci\u00f3n-ahora-19-tienen-COVID-edomex-abr.jpeg\" data-orig-size=\"950,633\" data-comments-opened=\"0\" data-image-meta=\"{&quot;aperture&quot;:&quot;0&quot;,&quot;credit&quot;:&quot;&quot;,&quot;camera&quot;:&quot;&quot;,&quot;caption&quot;:&quot;&quot;,&quot;created_timestamp&quot;:&quot;0&quot;,&quot;copyright&quot;:&quot;&quot;,&quot;focal_length&quot;:&quot;0&quot;,&quot;iso&quot;:&quot;0&quot;,&quot;shutter_speed&quot;:&quot;0&quot;,&quot;title&quot;:&quot;&quot;,&quot;orientation&quot;:&quot;0&quot;}\" data-image-title=\"M\u00e9dicos en Tlalnepantla advirtieron que no ten\u00edan equipo de protecci\u00f3n; ahora 19 tienen COVID edomex abr\" data-image-description=\"\" data-image-caption=\"\" data-medium-file=\"https:\/\/www.grieta.org.mx\/wp-content\/uploads\/2020\/04\/M\u00e9dicos-en-Tlalnepantla-advirtieron-que-no-ten\u00edan-equipo-de-protecci\u00f3n-ahora-19-tienen-COVID-edomex-abr-300x200.jpeg\" data-large-file=\"https:\/\/www.grieta.org.mx\/wp-content\/uploads\/2020\/04\/M\u00e9dicos-en-Tlalnepantla-advirtieron-que-no-ten\u00edan-equipo-de-protecci\u00f3n-ahora-19-tienen-COVID-edomex-abr.jpeg\" class=\"aligncenter  wp-image-47554\" src=\"http:\/\/www.grieta.org.mx\/wp-content\/uploads\/2020\/04\/M\u00e9dicos-en-Tlalnepantla-advirtieron-que-no-ten\u00edan-equipo-de-protecci\u00f3n-ahora-19-tienen-COVID-edomex-abr.jpeg\" alt=\"\" width=\"647\" height=\"431\" srcset=\"https:\/\/www.grieta.org.mx\/wp-content\/uploads\/2020\/04\/M\u00e9dicos-en-Tlalnepantla-advirtieron-que-no-ten\u00edan-equipo-de-protecci\u00f3n-ahora-19-tienen-COVID-edomex-abr.jpeg 950w, https:\/\/www.grieta.org.mx\/wp-content\/uploads\/2020\/04\/M\u00e9dicos-en-Tlalnepantla-advirtieron-que-no-ten\u00edan-equipo-de-protecci\u00f3n-ahora-19-tienen-COVID-edomex-abr-300x200.jpeg 300w, https:\/\/www.grieta.org.mx\/wp-content\/uploads\/2020\/04\/M\u00e9dicos-en-Tlalnepantla-advirtieron-que-no-ten\u00edan-equipo-de-protecci\u00f3n-ahora-19-tienen-COVID-edomex-abr-768x512.jpeg 768w, https:\/\/www.grieta.org.mx\/wp-content\/uploads\/2020\/04\/M\u00e9dicos-en-Tlalnepantla-advirtieron-que-no-ten\u00edan-equipo-de-protecci\u00f3n-ahora-19-tienen-COVID-edomex-abr-750x500.jpeg 750w\" sizes=\"auto, (max-width: 647px) 100vw, 647px\" \/><br \/>\n<em>Foto: Cuartoscuro<\/em><\/p>\n<p>Manu Ureste y Andrea Vega \/ Animal Pol\u00edtico<\/p>\n<blockquote><p>19 infectados son m\u00e9dicos residentes, es decir, doctores que acaban de obtener el t\u00edtulo y que est\u00e1n realizando una especialidad; aseguran que los atend\u00edan sin protocolo ni protecci\u00f3n.<\/p><\/blockquote>\n<p>Desde antes de que se decretara en M\u00e9xico la Fase 2 de contingencia por coronavirus el pasado 24 de marzo, personal m\u00e9dico del Hospital Regional 72 del IMSS en Tlalnepantla alert\u00f3 a las autoridades sanitarias sobre la falta de insumos y de material de protecci\u00f3n sanitaria, sin que nadie les hiciera caso.<\/p>\n<p>Como resultado, a pesar de la alerta del personal m\u00e9dico, que hizo mediante oficios, reuniones con el sindicato y con la directiva del hospital, e incluso por medio de protestas en las instalaciones del hospital 72, al menos 19 m\u00e9dicos dieron positivo por COVID-19.<\/p>\n<p>Los casos fueron confirmados ayer por el IMSS. Sin embargo, el director de esta instituci\u00f3n, Zo\u00e9 Robledo, neg\u00f3 en una conferencia de prensa que exista un \u201cbrote hospitalario\u201d entre el personal de esta cl\u00ednica mexiquense, como s\u00ed sucedi\u00f3 en otra cl\u00ednica de la dependencia en Monclova, Coahuila.<\/p>\n<p>\u201cSe tomaron las muestras a todos los doctores con todos los estudios de contactos y, efectivamente, hay 20 doctores confirmados -luego el IMSS rebaj\u00f3 la cifra a 19-, pero no porque se haya iniciado el brote en el hospital\u201d, subray\u00f3 Robledo, que dijo basarse en un estudio epidemiol\u00f3gico que habr\u00eda hecho la dependencia para asegurar que las infecciones se produjeron fuera de la cl\u00ednica.<\/p>\n<p>Animal Pol\u00edtico solicit\u00f3 al IMSS copia de ese estudio, pero la dependencia respondi\u00f3 que no era posible entregarlo porque contiene \u201cdatos personales\u201d.<\/p>\n<p>Tras las declaraciones del director del IMSS, personal del Hospital Regional 72 de Tlalnepantla, que pidi\u00f3 anonimato por temor a represalias laborales, asegur\u00f3 a este medio que el n\u00famero de infectados, entre m\u00e9dicos residentes, m\u00e9dicos internos de pregrado, y personal m\u00e9dico adscrito, incluyendo enfermer\u00eda y camilleros, es de al menos 34 casos, de los que envi\u00f3 a Animal Pol\u00edtico copia de las pruebas de coronavirus con el resultado positivo.<\/p>\n<p>Este medio cotej\u00f3 el nombre de las personas que dieron positivo con el portal gubernamental N\u00f3mina Transparente, y corrobor\u00f3 que, en efecto, son trabajadores del IMSS, aunque en esta herramienta no se precisa para qu\u00e9 hospital o cl\u00ednica trabajan.<\/p>\n<p>De los 34 casos reportados por el personal m\u00e9dico, 19 infectados son m\u00e9dicos residentes; es decir, doctores que acaban de obtener el t\u00edtulo y que est\u00e1n realizando una especialidad.<\/p>\n<p>Animal Pol\u00edtico contact\u00f3 a tres de los m\u00e9dicos residentes que dieron positivo por COVID-19. En entrevista, denunciaron que recib\u00edan a pacientes sospechosos de coronavirus y que, a pesar de dar la voz de alarma, ten\u00edan que atender los casos sin protocolos ni equipo de protecci\u00f3n.<\/p>\n<p>\u201cLos pacientes llegaban muy mal y no respond\u00edan a los tratamientos. M\u00e1s bien empeoraban y en dos o tres d\u00edas fallec\u00edan\u201d, dijo una de las residentes.<\/p>\n<p>\u201cAlertamos tanto a los m\u00e9dicos adscritos, como al jefe de Medicina Interna y al coordinador, que estos casos cumpl\u00edan con la definici\u00f3n t\u00e9cnica para ser casos sospechosos de COVID-19, pero nos ignoraron, y nosotros ten\u00edamos que atenderlos sin equipo adecuado y sin protocolo\u201d, a\u00f1adi\u00f3.<\/p>\n<p>Fue hasta que los residentes empezaron a presentar s\u00edntomas, como tos y dolor de cabeza, que les aplicaron el cuestionario que le aplican a todo caso sospechoso de COVID-19 para determinar si amerita la prueba.<\/p>\n<p>\u201cA nosotros \u2013afirm\u00f3 otra de las residentes entrevistadas\u2013 ese es el \u00fanico estudio epidemiol\u00f3gico, si se le puede llamar as\u00ed, al que nos han sometido, ese cuestionario. Y claro, la prueba que al final s\u00ed nos hicieron, aunque nos obligaron a tomarnos la muestra entre nosotros, sin capacitaci\u00f3n previa para esto, sin el equipo adecuado de protecci\u00f3n, y ah\u00ed en una de las aulas del hospital\u201d.<\/p>\n<p>Finalmente, los tres doctores dieron positivo y enfermaron.<\/p>\n<p>Material de baja calidad, riesgo de contagio alto<\/p>\n<p>Otro m\u00e9dico entrevistado, que est\u00e1 a la espera de los resultados de la prueba, explic\u00f3 que desde el 20 de marzo, d\u00edas antes de que se decretara la Fase 2 del coronavirus, se plante\u00f3 en una reuni\u00f3n en el auditorio del Hospital Regional 72 de Tlalnepantla las inquietudes del personal m\u00e9dico por la falta de protocolos y de material e insumos, luego de que esta cl\u00ednica fuera elegida como una de las \u2018cl\u00ednicas Covid\u2019 que hay en el pa\u00eds para atender a pacientes con s\u00edntomas del virus.<\/p>\n<p>Pero las inquietudes no fueron escuchadas, y el 26 de marzo un grupo de al menos 50 enfermeras y empleados del Hosptial se manifest\u00f3 al exterior de la cl\u00ednica para denunciar la falta de personal, insuficiencia de medicamentos y falta de equipos de protecci\u00f3n.<\/p>\n<p>En respuesta, se proporcion\u00f3 al personal m\u00e9dico unas \u201ctarjetas de acci\u00f3n\u201d, en las que se les explic\u00f3 los protocolos a seguir, el equipamiento que deb\u00edan de usar, y las medidas de seguridad que deber\u00edan tomar tanto ellos, como los pacientes. Adem\u00e1s, se determin\u00f3 que se dedicar\u00eda toda el \u00e1rea de cirug\u00eda ambulatoria y todo el segundo piso como \u2018zona cero\u2019 para atender a los pacientes sospechosos.<\/p>\n<p>Pero, de nuevo, la mayor\u00eda de las cosas se quedaron en el papel.<\/p>\n<p>El 3 de abril, el departamento de Anestesiolog\u00eda del Hospital mand\u00f3 un escrito con sello de recibido tanto por el sindicato del IMSS, como por la direcci\u00f3n del Hospital, y cuya copia tiene Animal Pol\u00edtico, en el que denunci\u00f3 que el material de protecci\u00f3n sanitaria para atender a los pacientes Covid-19 es \u201cinadecuado\u201d y de \u201cmuy mala calidad\u201d, por lo que el riesgo de contagio del personal m\u00e9dico era \u201celevado\u201d.<\/p>\n<p>Adem\u00e1s, en el escrito tambi\u00e9n se denunci\u00f3 que en la \u2018zona cero\u2019 hay barreras f\u00edsicas, como cadenas, que impiden el libre paso de las camillas y del personal que ingresa al lugar, lo cual puede generar \u201cuna contaminaci\u00f3n\u201d del personal y de los pacientes que est\u00e1n en esa \u00e1rea.<\/p>\n<p>Sobre este punto, personal m\u00e9dico envi\u00f3 fotograf\u00edas a este medio en las que se muestra que el personal de vigilancia que custodia la \u2018zona cero\u2019 est\u00e1 sin cubrebocas y sin equipo de protecci\u00f3n, a pesar de su proximidad con los pacientes sospechosos.<\/p>\n<p>Y no son los \u00fanicos.<\/p>\n<p>En otra junta este martes 7 de abril con los directivos del Hospital y del sindicato del IMSS, el personal m\u00e9dico denunci\u00f3 que el personal de laboratorios, camillas, enfermer\u00eda, y hasta del servicio de limpieza, tampoco tiene la protecci\u00f3n adecuada, o los materiales que usan son tan deficientes que prefieren ir directamente con los proveedores y comprarlos de su bolsillo.<\/p>\n<p>Animal Pol\u00edtico tambi\u00e9n guarda copia de facturas, en las que se da cuenta de gastos de hasta 8 mil pesos en la compra de mascarillas N95, protectores faciales con soporte tipo casco, guantes desechables, gel antibacterial, overoles, y lentes de seguridad.<\/p>\n<p>\u201cTodo se sali\u00f3 de control en el hospital, no se siguieron los protocolos de seguridad\u201d; \u201c\u00bfpor qu\u00e9 se nos niega el informe quir\u00fargico?\u201d; \u201cnos est\u00e1n dando equipo quir\u00fargico reutilizado\u201d; \u201cno nos dan suficientes guantes ni cubrebocas\u201d; \u201cya llevamos casi un mes de contingencia y este es el primer cubrebocas que me dan\u201d, fueron otros de los reclamos expuestos por el personal m\u00e9dico en la reuni\u00f3n con el personal directivo del hospital y del sindicato de la secci\u00f3n V del IMSS.<\/p>\n<p>Al t\u00e9rmino del encuentro, se firm\u00f3 una minuta de trabajo -de la que este medio tiene copia- en la que directivos y sindicato se comprometieron, entre otros puntos, a darle seguimiento a \u201ctodos los casos de trabajadores que han estado en contacto directo con pacientes y trabajadores que su prueba ha sido positiva de Covid y casos sospechosos\u201d, y a capacitar a todo el personal del Hospital 72, y a \u201cbuscar la estrategia para dotar de mascarillas N95 al personal que trabaja en las \u00e1reas con pacientes sospechosos y positivos\u201d.<\/p>\n<p>\u201cTenemos miedo de ir al Hospital\u201d<br \/>\nGerm\u00e1n, que pidi\u00f3 que se le llame as\u00ed para evitar represalias, dijo que, a pesar de estas promesas, el personal m\u00e9dico vive con miedo a los contagios. De hecho, \u00e9l mismo fue enviado a su casa, \u201ccomo muchos otros compa\u00f1eros del Hospital\u201d, porque present\u00f3 s\u00edntomas de COVID-19.<\/p>\n<p>Hoy le dar\u00e1n los resultados de la prueba que se hizo por su cuenta, en un laboratorio autorizado por el Instituto Nacional de Enfermedades Respirtarorias (INER). Precisamente, sobre este punto, el m\u00e9dico explic\u00f3 que varios de sus compa\u00f1eros que fueron enviados a sus casas optaron tambi\u00e9n por hacerse la prueba por su cuenta, en laboratorios externos.<\/p>\n<p>\u201cTal vez por eso las cifras del IMSS sean solo 19 casos confirmados. Pero la realidad es que son m\u00e1s\u201d, asever\u00f3.<\/p>\n<p>\u201cY la realidad es que nos estamos quedando sin m\u00e9dicos y sin personal sanitario cuando aun no entramos a la fase cr\u00edtica del coronavirus\u201d, a\u00f1adi\u00f3 Germ\u00e1n, que asegur\u00f3 que no est\u00e1n pidiendo nada fuera de lugar, \u201csolo equipo adecuado y bien superviado para hacer frente a un problema tan grave\u201d.<\/p>\n<p>La cirujana Janeth, que tambi\u00e9n pidi\u00f3 que se le modifique el nombre, tambi\u00e9n est\u00e1 a la espera del resultado de su test. Desde hace varios d\u00edas tiene fiebre y tos seca, dos de los s\u00edntomas del coronavirus.<\/p>\n<p>\u201cDesde mucho antes de que entrara la Fase 2 avisamos de la situaci\u00f3n tan deficiente que enfrentamos el personal m\u00e9dico\u201d, recalc\u00f3 la m\u00e9dica.<\/p>\n<p>\u201cLes pregunt\u00e1bamos qu\u00e9 iba a pasar con nosotros si no ten\u00edamos los equipos de protecci\u00f3n adecuados. Pero no nos hicieron caso, y ahora el resultado es que muchos compa\u00f1eros ya est\u00e1n infectados, o estamos a la espera de una prueba para saberlo\u201d, lament\u00f3 Janeth, que dijo que ella y muchos de sus compa\u00f1eros van con miedo a trabajar al Hospital.<\/p>\n<p>\u201cLos niveles de protecci\u00f3n son muy deficientes. Deber\u00edamos estar trabajando con niveles de bioseguridad de nivel 4 -trajes de cuerpo entero cerrados con provisi\u00f3n de aire-, porque es un virus desconocido y para el que a\u00fan no hay vacuna ni tratamiento. Y, en cambio, estamos sin cubrebocas. Por eso, vamos a trabajar con miedo\u201d, concluy\u00f3 la doctora.<\/p>\n<p><a href=\"https:\/\/www.animalpolitico.com\/2020\/04\/medicos-tlalnepantla-tienen-covid-19-no-tenian-proteccion\/\" target=\"_blank\" rel=\"noopener noreferrer\">https:\/\/www.animalpolitico.com\/2020\/04\/medicos-tlalnepantla-tienen-covid-19-no-tenian-proteccion\/<\/a><\/p>\n","protected":false},"excerpt":{"rendered":"<p>Foto: Cuartoscuro Manu Ureste y Andrea Vega \/ Animal Pol\u00edtico 19 infectados son m\u00e9dicos residentes, es decir, doctores que acaban de obtener el t\u00edtulo y que est\u00e1n realizando una especialidad; &hellip; <a href=\"https:\/\/www.grieta.org.mx\/index.php\/2020\/04\/09\/medicos-en-tlalnepantla-advirtieron-que-no-tenian-equipo-de-proteccion-ahora-19-tienen-covid-estado-de-mexico\/\" class=\"more-link\">Leer m\u00e1s<\/a><\/p>\n","protected":false},"author":2,"featured_media":47554,"comment_status":"closed","ping_status":"closed","sticky":false,"template":"","format":"standard","meta":{"ngg_post_thumbnail":0,"_jetpack_newsletter_access":"","_jetpack_dont_email_post_to_subs":false,"_jetpack_newsletter_tier_id":0,"_jetpack_memberships_contains_paywalled_content":false,"_jetpack_memberships_contains_paid_content":false,"footnotes":""},"categories":[80,3270,918,2957,16,910,2768,2996,2,83],"tags":[3260,3133,2841,530],"class_list":["post-47553","post","type-post","status-publish","format-standard","has-post-thumbnail","hentry","category-cintillo","category-covid-19-en-estado-de-mexico","category-privatizacion-del-sector-salud","category-crisis-del-sector-salud-en-el-estado-de-mexico","category-estado-de-mexico","category-explotacion-y-precariedad-laboral","category-explotacion-y-precariedad-laboral-en-el-estado-de-mexico","category-incremento-del-costo-de-la-vida-en-el-estado-de-mexico","category-noticias-nacionales","category-temas-nacionales","tag-covid","tag-crisis-del-sector-salud","tag-explotacion-y-precariedad-laboral","tag-trabajadores-de-la-salud","entry"],"jetpack_featured_media_url":"https:\/\/www.grieta.org.mx\/wp-content\/uploads\/2020\/04\/M\u00e9dicos-en-Tlalnepantla-advirtieron-que-no-ten\u00edan-equipo-de-protecci\u00f3n-ahora-19-tienen-COVID-edomex-abr.jpeg","jetpack_sharing_enabled":true,"jetpack_shortlink":"https:\/\/wp.me\/p7ZJR4-cmZ","jetpack_likes_enabled":false,"jetpack-related-posts":[{"id":56557,"url":"https:\/\/www.grieta.org.mx\/index.php\/2020\/12\/31\/protestan-por-segundo-dia-medicos-del-hospital-lopez-mateos-estado-de-mexico\/","url_meta":{"origin":47553,"position":0},"title":"Protestan por segundo d\u00eda m\u00e9dicos del hospital L\u00f3pez Mateos (Estado de M\u00e9xico)","author":"grieta","date":"31 diciembre, 2020","format":false,"excerpt":"Imagen tomada de: ADNoticias Claudia Garc\u00eda \/ ADNoticias Exigen a la Secretar\u00eda de Salud no designar a un director que repita los actos de influyentismos y que ignore las necesidades Por segundo d\u00eda, m\u00e9dicos del hospital Adolfo L\u00f3pez Mateos se manifestaron en la explanada del nosocomio, la finalidad exigir mejores\u2026","rel":"","context":"En &quot;CINTILLO&quot;","block_context":{"text":"CINTILLO","link":"https:\/\/www.grieta.org.mx\/index.php\/category\/cintillo\/"},"img":{"alt_text":"","src":"https:\/\/i0.wp.com\/www.grieta.org.mx\/wp-content\/uploads\/2021\/01\/Protestan-por-segundo-dia-medicos-del-hospital-Lopez-Mateos-edomex-ene.jpeg?resize=350%2C200&ssl=1","width":350,"height":200,"srcset":"https:\/\/i0.wp.com\/www.grieta.org.mx\/wp-content\/uploads\/2021\/01\/Protestan-por-segundo-dia-medicos-del-hospital-Lopez-Mateos-edomex-ene.jpeg?resize=350%2C200&ssl=1 1x, https:\/\/i0.wp.com\/www.grieta.org.mx\/wp-content\/uploads\/2021\/01\/Protestan-por-segundo-dia-medicos-del-hospital-Lopez-Mateos-edomex-ene.jpeg?resize=525%2C300&ssl=1 1.5x, https:\/\/i0.wp.com\/www.grieta.org.mx\/wp-content\/uploads\/2021\/01\/Protestan-por-segundo-dia-medicos-del-hospital-Lopez-Mateos-edomex-ene.jpeg?resize=700%2C400&ssl=1 2x, https:\/\/i0.wp.com\/www.grieta.org.mx\/wp-content\/uploads\/2021\/01\/Protestan-por-segundo-dia-medicos-del-hospital-Lopez-Mateos-edomex-ene.jpeg?resize=1050%2C600&ssl=1 3x"},"classes":[]},{"id":47564,"url":"https:\/\/www.grieta.org.mx\/index.php\/2020\/03\/30\/protestan-medicos-de-hospitales-de-naucalpan-atizapan-y-coacalco-por-falta-de-insumos-estado-de-mexico\/","url_meta":{"origin":47553,"position":1},"title":"Protestan m\u00e9dicos de hospitales de Naucalpan, Atizap\u00e1n y Coacalco por falta de insumos (Estado de M\u00e9xico)","author":"grieta","date":"30 marzo, 2020","format":false,"excerpt":"Foto: Patricia Venegas \/ El Sol de Toluca Patricia Venegas \/ El Sol de Toluca Temen personal del sector salud infectarse por el COVID-19 M\u00e9dicos y enfermeras de los Hospitales Generales Salvador Gonz\u00e1lez Herrejon de Atizap\u00e1n, Maximiliano Ruiz Casta\u00f1eda de Naucalpan y del Centro de Salud de Coacalco realizaron protestas\u2026","rel":"","context":"En &quot;CINTILLO&quot;","block_context":{"text":"CINTILLO","link":"https:\/\/www.grieta.org.mx\/index.php\/category\/cintillo\/"},"img":{"alt_text":"","src":"https:\/\/i0.wp.com\/www.grieta.org.mx\/wp-content\/uploads\/2020\/04\/Protestan-m%C3%A9dicos-de-hospitales-de-Naucalpan-Atizap%C3%A1n-y-Coacalco-por-falta-de-insumos-edomex-abr.jpg?resize=350%2C200&ssl=1","width":350,"height":200,"srcset":"https:\/\/i0.wp.com\/www.grieta.org.mx\/wp-content\/uploads\/2020\/04\/Protestan-m%C3%A9dicos-de-hospitales-de-Naucalpan-Atizap%C3%A1n-y-Coacalco-por-falta-de-insumos-edomex-abr.jpg?resize=350%2C200&ssl=1 1x, https:\/\/i0.wp.com\/www.grieta.org.mx\/wp-content\/uploads\/2020\/04\/Protestan-m%C3%A9dicos-de-hospitales-de-Naucalpan-Atizap%C3%A1n-y-Coacalco-por-falta-de-insumos-edomex-abr.jpg?resize=525%2C300&ssl=1 1.5x, https:\/\/i0.wp.com\/www.grieta.org.mx\/wp-content\/uploads\/2020\/04\/Protestan-m%C3%A9dicos-de-hospitales-de-Naucalpan-Atizap%C3%A1n-y-Coacalco-por-falta-de-insumos-edomex-abr.jpg?resize=700%2C400&ssl=1 2x"},"classes":[]},{"id":56308,"url":"https:\/\/www.grieta.org.mx\/index.php\/2021\/01\/13\/protestan-anestesiologos-del-hospital-nicolas-san-juan-por-no-recibir-vacuna-estado-de-mexico\/","url_meta":{"origin":47553,"position":2},"title":"Protestan anestesi\u00f3logos del hospital Nicol\u00e1s San Juan por no recibir vacuna (Estado de M\u00e9xico)","author":"grieta","date":"13 enero, 2021","format":false,"excerpt":"Fotos: Cortes\u00eda \/ Fernando Sapichu Filiberto Ramos \/ El Sol de Toluca Tras no ser considerados se manifestaron a las afueras del nosocomio a la espera de ser escuchados por las autoridades de salud Especialistas del hospital Doctor Nicol\u00e1s San Juan, ubicado en la capital mexiquense, protestaron este mi\u00e9rcoles luego\u2026","rel":"","context":"En &quot;CINTILLO&quot;","block_context":{"text":"CINTILLO","link":"https:\/\/www.grieta.org.mx\/index.php\/category\/cintillo\/"},"img":{"alt_text":"","src":"https:\/\/i0.wp.com\/www.grieta.org.mx\/wp-content\/uploads\/2021\/01\/Protestan-anestesiologos-del-hospital-Nicolas-San-Juan-por-no-recibir-vacuna-edomex-ene.jpg?resize=350%2C200&ssl=1","width":350,"height":200,"srcset":"https:\/\/i0.wp.com\/www.grieta.org.mx\/wp-content\/uploads\/2021\/01\/Protestan-anestesiologos-del-hospital-Nicolas-San-Juan-por-no-recibir-vacuna-edomex-ene.jpg?resize=350%2C200&ssl=1 1x, https:\/\/i0.wp.com\/www.grieta.org.mx\/wp-content\/uploads\/2021\/01\/Protestan-anestesiologos-del-hospital-Nicolas-San-Juan-por-no-recibir-vacuna-edomex-ene.jpg?resize=525%2C300&ssl=1 1.5x, https:\/\/i0.wp.com\/www.grieta.org.mx\/wp-content\/uploads\/2021\/01\/Protestan-anestesiologos-del-hospital-Nicolas-San-Juan-por-no-recibir-vacuna-edomex-ene.jpg?resize=700%2C400&ssl=1 2x"},"classes":[]},{"id":54870,"url":"https:\/\/www.grieta.org.mx\/index.php\/2020\/11\/06\/enfermeros-se-manifiestan-en-coacalco-exigen-equipo-para-enfrentar-la-pandemia-estado-de-mexico\/","url_meta":{"origin":47553,"position":3},"title":"Enfermeros se manifiestan en Coacalco, exigen equipo para enfrentar la pandemia (Estado de M\u00e9xico)","author":"grieta","date":"6 noviembre, 2020","format":false,"excerpt":"Osvaldo M\u00fcller \/ HoyEstado Un grupo de 30 enfermeros del Hospital General de Zona n\u00famero 98 del Instituto Mexicano del Seguro Social (IMSS) ubicado en el municipio de Coacalco mantienen unbloqueo al exterior de la unidad para exigir la dotaci\u00f3n deequipo de protecci\u00f3n para enfrentar la pandemia por Covid-19. Los\u2026","rel":"","context":"En &quot;CINTILLO&quot;","block_context":{"text":"CINTILLO","link":"https:\/\/www.grieta.org.mx\/index.php\/category\/cintillo\/"},"img":{"alt_text":"","src":"https:\/\/i0.wp.com\/www.grieta.org.mx\/wp-content\/uploads\/2020\/11\/Enfermeros-se-manifiestan-en-Coacalco-exigen-equipo-para-enfrentar-la-pandemia-edomex-nov.jpeg?resize=350%2C200&ssl=1","width":350,"height":200,"srcset":"https:\/\/i0.wp.com\/www.grieta.org.mx\/wp-content\/uploads\/2020\/11\/Enfermeros-se-manifiestan-en-Coacalco-exigen-equipo-para-enfrentar-la-pandemia-edomex-nov.jpeg?resize=350%2C200&ssl=1 1x, https:\/\/i0.wp.com\/www.grieta.org.mx\/wp-content\/uploads\/2020\/11\/Enfermeros-se-manifiestan-en-Coacalco-exigen-equipo-para-enfrentar-la-pandemia-edomex-nov.jpeg?resize=525%2C300&ssl=1 1.5x, https:\/\/i0.wp.com\/www.grieta.org.mx\/wp-content\/uploads\/2020\/11\/Enfermeros-se-manifiestan-en-Coacalco-exigen-equipo-para-enfrentar-la-pandemia-edomex-nov.jpeg?resize=700%2C400&ssl=1 2x"},"classes":[]},{"id":47707,"url":"https:\/\/www.grieta.org.mx\/index.php\/2020\/04\/09\/el-hospital-no-72-tiene-27-casos-confirmados-con-covid-19-estado-de-mexico\/","url_meta":{"origin":47553,"position":4},"title":"El Hospital No. 72 tiene 27 casos confirmados con COVID-19 (Estado de M\u00e9xico)","author":"grieta","date":"9 abril, 2020","format":false,"excerpt":"Imagen tomada de: mexico.as.com Griselda Hern\u00e1ndez \/ As M\u00e9xico El Hospital General Regional No. 72 del IMSS, en Tlalnepantla, Estado de M\u00e9xico, tiene reportados hasta el momento, 27 trabajadores contagiados de COVID-19. Hospital General Regional No. 72 del IMSS, en Tlalnepantla, Estado de M\u00e9xico tiene al menos 27 personas contagiadas\u2026","rel":"","context":"En &quot;CINTILLO&quot;","block_context":{"text":"CINTILLO","link":"https:\/\/www.grieta.org.mx\/index.php\/category\/cintillo\/"},"img":{"alt_text":"","src":"https:\/\/i0.wp.com\/www.grieta.org.mx\/wp-content\/uploads\/2020\/04\/El-Hospital-No.-72-tiene-27-casos-confirmados-con-COVID-19-edomex-abr.jpg?resize=350%2C200&ssl=1","width":350,"height":200,"srcset":"https:\/\/i0.wp.com\/www.grieta.org.mx\/wp-content\/uploads\/2020\/04\/El-Hospital-No.-72-tiene-27-casos-confirmados-con-COVID-19-edomex-abr.jpg?resize=350%2C200&ssl=1 1x, https:\/\/i0.wp.com\/www.grieta.org.mx\/wp-content\/uploads\/2020\/04\/El-Hospital-No.-72-tiene-27-casos-confirmados-con-COVID-19-edomex-abr.jpg?resize=525%2C300&ssl=1 1.5x, https:\/\/i0.wp.com\/www.grieta.org.mx\/wp-content\/uploads\/2020\/04\/El-Hospital-No.-72-tiene-27-casos-confirmados-con-COVID-19-edomex-abr.jpg?resize=700%2C400&ssl=1 2x, https:\/\/i0.wp.com\/www.grieta.org.mx\/wp-content\/uploads\/2020\/04\/El-Hospital-No.-72-tiene-27-casos-confirmados-con-COVID-19-edomex-abr.jpg?resize=1050%2C600&ssl=1 3x"},"classes":[]},{"id":50945,"url":"https:\/\/www.grieta.org.mx\/index.php\/2020\/05\/13\/ganan-amparo-33-medicos-que-serian-reubicados-en-hospitales-covid-19-del-estado-de-mexico\/","url_meta":{"origin":47553,"position":5},"title":"Ganan amparo 33 m\u00e9dicos que ser\u00edan reubicados en hospitales covid-19 del Estado de M\u00e9xico","author":"grieta","date":"13 mayo, 2020","format":false,"excerpt":"Veneranda Mendoza \/ Proceso TOLUCA, Edomex (apro).- El Juzgado Quinto de Distrito en Materias de Amparo y Juicios Federales con sede en Nezahualc\u00f3yotl otorg\u00f3 la protecci\u00f3n de la justicia a 33 trabajadores del hospital municipal de Tec\u00e1mac \u201cC\u00e9sar Camacho Quiroz\u201d, de manera que no deber\u00e1n ser reubicados en dos hospitales\u2026","rel":"","context":"En &quot;CINTILLO&quot;","block_context":{"text":"CINTILLO","link":"https:\/\/www.grieta.org.mx\/index.php\/category\/cintillo\/"},"img":{"alt_text":"","src":"https:\/\/i0.wp.com\/www.grieta.org.mx\/wp-content\/uploads\/2020\/06\/Ganan-amparo-33-m%C3%A9dicos-que-ser%C3%ADan-reubicados-en-hospitales-covid-19-del-Estado-de-M%C3%A9xico-jun.jpg?resize=350%2C200&ssl=1","width":350,"height":200,"srcset":"https:\/\/i0.wp.com\/www.grieta.org.mx\/wp-content\/uploads\/2020\/06\/Ganan-amparo-33-m%C3%A9dicos-que-ser%C3%ADan-reubicados-en-hospitales-covid-19-del-Estado-de-M%C3%A9xico-jun.jpg?resize=350%2C200&ssl=1 1x, https:\/\/i0.wp.com\/www.grieta.org.mx\/wp-content\/uploads\/2020\/06\/Ganan-amparo-33-m%C3%A9dicos-que-ser%C3%ADan-reubicados-en-hospitales-covid-19-del-Estado-de-M%C3%A9xico-jun.jpg?resize=525%2C300&ssl=1 1.5x, https:\/\/i0.wp.com\/www.grieta.org.mx\/wp-content\/uploads\/2020\/06\/Ganan-amparo-33-m%C3%A9dicos-que-ser%C3%ADan-reubicados-en-hospitales-covid-19-del-Estado-de-M%C3%A9xico-jun.jpg?resize=700%2C400&ssl=1 2x"},"classes":[]}],"_links":{"self":[{"href":"https:\/\/www.grieta.org.mx\/index.php\/wp-json\/wp\/v2\/posts\/47553","targetHints":{"allow":["GET"]}}],"collection":[{"href":"https:\/\/www.grieta.org.mx\/index.php\/wp-json\/wp\/v2\/posts"}],"about":[{"href":"https:\/\/www.grieta.org.mx\/index.php\/wp-json\/wp\/v2\/types\/post"}],"author":[{"embeddable":true,"href":"https:\/\/www.grieta.org.mx\/index.php\/wp-json\/wp\/v2\/users\/2"}],"replies":[{"embeddable":true,"href":"https:\/\/www.grieta.org.mx\/index.php\/wp-json\/wp\/v2\/comments?post=47553"}],"version-history":[{"count":1,"href":"https:\/\/www.grieta.org.mx\/index.php\/wp-json\/wp\/v2\/posts\/47553\/revisions"}],"predecessor-version":[{"id":47555,"href":"https:\/\/www.grieta.org.mx\/index.php\/wp-json\/wp\/v2\/posts\/47553\/revisions\/47555"}],"wp:featuredmedia":[{"embeddable":true,"href":"https:\/\/www.grieta.org.mx\/index.php\/wp-json\/wp\/v2\/media\/47554"}],"wp:attachment":[{"href":"https:\/\/www.grieta.org.mx\/index.php\/wp-json\/wp\/v2\/media?parent=47553"}],"wp:term":[{"taxonomy":"category","embeddable":true,"href":"https:\/\/www.grieta.org.mx\/index.php\/wp-json\/wp\/v2\/categories?post=47553"},{"taxonomy":"post_tag","embeddable":true,"href":"https:\/\/www.grieta.org.mx\/index.php\/wp-json\/wp\/v2\/tags?post=47553"}],"curies":[{"name":"wp","href":"https:\/\/api.w.org\/{rel}","templated":true}]}}