{"id":47548,"date":"2020-04-08T18:53:55","date_gmt":"2020-04-08T23:53:55","guid":{"rendered":"http:\/\/www.grieta.org.mx\/?p=47548"},"modified":"2020-04-09T19:04:04","modified_gmt":"2020-04-10T00:04:04","slug":"trabajadoras-sexuales-expulsadas-de-hoteles-por-cuarentena-instalan-campamento-temporal-ciudad-de-mexico","status":"publish","type":"post","link":"https:\/\/www.grieta.org.mx\/index.php\/2020\/04\/08\/trabajadoras-sexuales-expulsadas-de-hoteles-por-cuarentena-instalan-campamento-temporal-ciudad-de-mexico\/","title":{"rendered":"Trabajadoras sexuales, expulsadas de hoteles por cuarentena, instalan campamento temporal (Ciudad de M\u00e9xico)"},"content":{"rendered":"<p><img loading=\"lazy\" decoding=\"async\" data-attachment-id=\"47549\" data-permalink=\"https:\/\/www.grieta.org.mx\/index.php\/2020\/04\/08\/trabajadoras-sexuales-expulsadas-de-hoteles-por-cuarentena-instalan-campamento-temporal-ciudad-de-mexico\/trabajadoras-sexuales-expulsadas-de-hoteles-por-cuarentena-instalan-campamento-temporal-cdmx-abr\/\" data-orig-file=\"https:\/\/www.grieta.org.mx\/wp-content\/uploads\/2020\/04\/Trabajadoras-sexuales-expulsadas-de-hoteles-por-cuarentena-instalan-campamento-temporal-cdmx-abr.jpeg\" data-orig-size=\"836,418\" data-comments-opened=\"0\" data-image-meta=\"{&quot;aperture&quot;:&quot;0&quot;,&quot;credit&quot;:&quot;&quot;,&quot;camera&quot;:&quot;&quot;,&quot;caption&quot;:&quot;&quot;,&quot;created_timestamp&quot;:&quot;0&quot;,&quot;copyright&quot;:&quot;&quot;,&quot;focal_length&quot;:&quot;0&quot;,&quot;iso&quot;:&quot;0&quot;,&quot;shutter_speed&quot;:&quot;0&quot;,&quot;title&quot;:&quot;&quot;,&quot;orientation&quot;:&quot;0&quot;}\" data-image-title=\"Trabajadoras sexuales, expulsadas de hoteles por cuarentena, instalan campamento temporal cdmx abr\" data-image-description=\"\" data-image-caption=\"\" data-medium-file=\"https:\/\/www.grieta.org.mx\/wp-content\/uploads\/2020\/04\/Trabajadoras-sexuales-expulsadas-de-hoteles-por-cuarentena-instalan-campamento-temporal-cdmx-abr-300x150.jpeg\" data-large-file=\"https:\/\/www.grieta.org.mx\/wp-content\/uploads\/2020\/04\/Trabajadoras-sexuales-expulsadas-de-hoteles-por-cuarentena-instalan-campamento-temporal-cdmx-abr.jpeg\" class=\"aligncenter  wp-image-47549\" src=\"http:\/\/www.grieta.org.mx\/wp-content\/uploads\/2020\/04\/Trabajadoras-sexuales-expulsadas-de-hoteles-por-cuarentena-instalan-campamento-temporal-cdmx-abr.jpeg\" alt=\"\" width=\"641\" height=\"321\" srcset=\"https:\/\/www.grieta.org.mx\/wp-content\/uploads\/2020\/04\/Trabajadoras-sexuales-expulsadas-de-hoteles-por-cuarentena-instalan-campamento-temporal-cdmx-abr.jpeg 836w, https:\/\/www.grieta.org.mx\/wp-content\/uploads\/2020\/04\/Trabajadoras-sexuales-expulsadas-de-hoteles-por-cuarentena-instalan-campamento-temporal-cdmx-abr-300x150.jpeg 300w, https:\/\/www.grieta.org.mx\/wp-content\/uploads\/2020\/04\/Trabajadoras-sexuales-expulsadas-de-hoteles-por-cuarentena-instalan-campamento-temporal-cdmx-abr-768x384.jpeg 768w\" sizes=\"auto, (max-width: 641px) 100vw, 641px\" \/><br \/>\n<em>Imagen tomada de:news.culturacolectiva.com<\/em><\/p>\n<p>Cultura Colectiva<\/p>\n<blockquote><p>La mayor\u00eda de los y las trabajadores sexuales se quedaron sin empleo y duermen en la calle ante el cierre de hoteles y posadas por la pandemia.<\/p><\/blockquote>\n<p>Ante la vulnerabilidad tras el cierre de hoteles y posadas por la emergencia sanitaria que representa el coronavirus (Covid-19), trabajadoras sexuales instalaron el martes un campamento temporal ante la falta de albergues para pasar la cuarentena en la Ciudad de M\u00e9xico.<\/p>\n<p>A trav\u00e9s de redes sociales, trabajadoras sexuales e integrantes de la organizaci\u00f3n Brigada Callejera de Apoyo a la Mujer \u2018Elisa Mart\u00ednez\u2019 A.C., denunciaron que recibieron algunas tarjetas de apoyo sin fondos por parte de autoridades capitalinas, adem\u00e1s que, con los hoteles cerrados se est\u00e1n quedando en la calle.<\/p>\n<p>Esta semana, el Gobierno de la Ciudad de M\u00e9xico entreg\u00f3 apoyos a personas que realizan trabajo sexual a trav\u00e9s de la Secretar\u00eda de Inclusi\u00f3n y Bienestar Social (Sibiso) y en coordinaci\u00f3n con asociaciones y personal de la Comisi\u00f3n de Derechos Humanos capitalina (CDHCM), mediante el Programa Orqu\u00eddeas, gestionado junto con Brigada Callejera.<\/p>\n<p>Los apoyos fueron a trav\u00e9s de tarjetas de d\u00e9bito, por tres meses, debido a que las trabajadoras sexuales se vieron afectadas ante la cuarentena y el cierre de hoteles donde ofrec\u00edan sus servicios y viv\u00edan.<\/p>\n<p>Sin embargo, varias trabajadoras denunciaron que las tarjetas no tienen fondos.<\/p>\n<p>Adem\u00e1s, organizaciones y colectivos realizan colectas de cobijas y v\u00edveres para que puedan sobrevivir en medio de la pandemia.<\/p>\n<div class=\"jetpack-video-wrapper\"><iframe loading=\"lazy\" title=\"&quot;As\u00ed enfrentar trabajadoras sexuales de La Merced al Covid-19&quot;\" width=\"1170\" height=\"658\" src=\"https:\/\/www.youtube.com\/embed\/r2fNPuti5Fk?feature=oembed\" frameborder=\"0\" allow=\"accelerometer; autoplay; clipboard-write; encrypted-media; gyroscope; picture-in-picture\" allowfullscreen><\/iframe><\/div>\n<p><a href=\"https:\/\/news.culturacolectiva.com\/mexico\/trabajadoras-sexuales-expulsadas-de-hoteles-por-cuarentena-instalan-campamento\/\" target=\"_blank\" rel=\"noopener noreferrer\">https:\/\/news.culturacolectiva.com\/mexico\/trabajadoras-sexuales-expulsadas-de-hoteles-por-cuarentena-instalan-campamento\/<\/a><\/p>\n","protected":false},"excerpt":{"rendered":"<p>Imagen tomada de:news.culturacolectiva.com Cultura Colectiva La mayor\u00eda de los y las trabajadores sexuales se quedaron sin empleo y duermen en la calle ante el cierre de hoteles y posadas por &hellip; <a href=\"https:\/\/www.grieta.org.mx\/index.php\/2020\/04\/08\/trabajadoras-sexuales-expulsadas-de-hoteles-por-cuarentena-instalan-campamento-temporal-ciudad-de-mexico\/\" class=\"more-link\">Leer m\u00e1s<\/a><\/p>\n","protected":false},"author":2,"featured_media":47549,"comment_status":"closed","ping_status":"closed","sticky":false,"template":"","format":"standard","meta":{"ngg_post_thumbnail":0,"_jetpack_newsletter_access":"","_jetpack_dont_email_post_to_subs":false,"_jetpack_newsletter_tier_id":0,"_jetpack_memberships_contains_paywalled_content":false,"_jetpack_memberships_contains_paid_content":false,"footnotes":""},"categories":[80,14,3295,918,3033,1742,1225,910,3036,3161,2065,2,2797,2119,2219,83,2388],"tags":[3241,1028,2841,702],"class_list":["post-47548","post","type-post","status-publish","format-standard","has-post-thumbnail","hentry","category-cintillo","category-ciudad-de-mexico","category-covid-19-en-ciudad-de-mexico","category-privatizacion-del-sector-salud","category-crisis-en-el-sector-salud-en-la-ciudad-de-mexico","category-damnificados-y-reconstruccion-en-la-ciudad-de-mexico","category-explotacion-laboral-en-la-ciudad-de-mexico","category-explotacion-y-precariedad-laboral","category-incremento-en-el-costo-de-la-vida-en-la-ciudad-de-mexico","category-luchas-de-las-mujeres-en-la-ciudad-de-mexico","category-movilizaciones-y-protestas-de-habitantes-de-la-ciudad-de-mexico","category-noticias-nacionales","category-pobreza-en-la-ciudad-de-mexico","category-precarizacion-de-las-condiciones-laborales-en-la-ciudad-de-mexico","category-resistencias-en-la-ciudad-de-mexico","category-temas-nacionales","category-violencia-contra-las-mujeres-en-la-ciudad-de-mexico","tag-covid-19","tag-damnificados","tag-explotacion-y-precariedad-laboral","tag-trabajadores-sexuales","entry"],"jetpack_featured_media_url":"https:\/\/www.grieta.org.mx\/wp-content\/uploads\/2020\/04\/Trabajadoras-sexuales-expulsadas-de-hoteles-por-cuarentena-instalan-campamento-temporal-cdmx-abr.jpeg","jetpack_sharing_enabled":true,"jetpack_shortlink":"https:\/\/wp.me\/p7ZJR4-cmU","jetpack_likes_enabled":false,"jetpack-related-posts":[{"id":48327,"url":"https:\/\/www.grieta.org.mx\/index.php\/2020\/04\/27\/personal-medico-bloquea-ermita-iztapalapa-por-falta-de-insumos-ciudad-de-mexico\/","url_meta":{"origin":47548,"position":0},"title":"Personal m\u00e9dico bloquea Ermita Iztapalapa por falta de insumos (Ciudad de M\u00e9xico)","author":"grieta","date":"27 abril, 2020","format":false,"excerpt":"Foto: @GRAWPEREZ Diario de M\u00e9xico Ciudad de M\u00e9xico. -M\u00e9dicos, enfermeras y personal de salud que trabaja en el Hospital Pedi\u00e1trico de Iztapalapa, mantienen bloqueada la circulaci\u00f3n en la Avenida Ermita Iztapalapa, entre Eje 3 Oriente y La Viga. El personal m\u00e9dico asegura que no tienen los materiales necesarios, como cubrebocas\u2026","rel":"","context":"En &quot;CINTILLO&quot;","block_context":{"text":"CINTILLO","link":"https:\/\/www.grieta.org.mx\/index.php\/category\/cintillo\/"},"img":{"alt_text":"","src":"https:\/\/i0.wp.com\/www.grieta.org.mx\/wp-content\/uploads\/2020\/04\/Personal-m%C3%A9dico-bloquea-Ermita-Iztapalapa-por-falta-de-insumos-cdmx-abr.jpg?resize=350%2C200&ssl=1","width":350,"height":200,"srcset":"https:\/\/i0.wp.com\/www.grieta.org.mx\/wp-content\/uploads\/2020\/04\/Personal-m%C3%A9dico-bloquea-Ermita-Iztapalapa-por-falta-de-insumos-cdmx-abr.jpg?resize=350%2C200&ssl=1 1x, https:\/\/i0.wp.com\/www.grieta.org.mx\/wp-content\/uploads\/2020\/04\/Personal-m%C3%A9dico-bloquea-Ermita-Iztapalapa-por-falta-de-insumos-cdmx-abr.jpg?resize=525%2C300&ssl=1 1.5x, https:\/\/i0.wp.com\/www.grieta.org.mx\/wp-content\/uploads\/2020\/04\/Personal-m%C3%A9dico-bloquea-Ermita-Iztapalapa-por-falta-de-insumos-cdmx-abr.jpg?resize=700%2C400&ssl=1 2x, https:\/\/i0.wp.com\/www.grieta.org.mx\/wp-content\/uploads\/2020\/04\/Personal-m%C3%A9dico-bloquea-Ermita-Iztapalapa-por-falta-de-insumos-cdmx-abr.jpg?resize=1050%2C600&ssl=1 3x"},"classes":[]},{"id":46659,"url":"https:\/\/www.grieta.org.mx\/index.php\/2020\/03\/23\/personal-del-imss-protesta-por-falta-de-insumos-y-protocolos-ante-covid-19-ciudad-de-mexico\/","url_meta":{"origin":47548,"position":1},"title":"Personal del IMSS protesta por falta de insumos y protocolos ante Covid-19 (Ciudad de M\u00e9xico)","author":"grieta","date":"23 marzo, 2020","format":false,"excerpt":"Foto: Jorge Gonz\u00e1lez Jorge Gonz\u00e1lez \/ Excelsior Enfermeras, camilleros y doctores de la Cl\u00ednica 32, piden capacitaci\u00f3n y medidas para la recepci\u00f3n de pacientes CIUDAD DE M\u00c9XICO. La ma\u00f1ana de este lunes, trabajadores del Instituto Mexicano del Seguro Social (IMSS) salieron a las calles a levantar la voz por la\u2026","rel":"","context":"En &quot;CINTILLO&quot;","block_context":{"text":"CINTILLO","link":"https:\/\/www.grieta.org.mx\/index.php\/category\/cintillo\/"},"img":{"alt_text":"","src":"https:\/\/i0.wp.com\/www.grieta.org.mx\/wp-content\/uploads\/2020\/03\/Personal-del-IMSS-protesta-por-falta-de-insumos-y-protocolos-ante-Covid-19-cdmx-mzo.jpg?resize=350%2C200&ssl=1","width":350,"height":200,"srcset":"https:\/\/i0.wp.com\/www.grieta.org.mx\/wp-content\/uploads\/2020\/03\/Personal-del-IMSS-protesta-por-falta-de-insumos-y-protocolos-ante-Covid-19-cdmx-mzo.jpg?resize=350%2C200&ssl=1 1x, https:\/\/i0.wp.com\/www.grieta.org.mx\/wp-content\/uploads\/2020\/03\/Personal-del-IMSS-protesta-por-falta-de-insumos-y-protocolos-ante-Covid-19-cdmx-mzo.jpg?resize=525%2C300&ssl=1 1.5x, https:\/\/i0.wp.com\/www.grieta.org.mx\/wp-content\/uploads\/2020\/03\/Personal-del-IMSS-protesta-por-falta-de-insumos-y-protocolos-ante-Covid-19-cdmx-mzo.jpg?resize=700%2C400&ssl=1 2x, https:\/\/i0.wp.com\/www.grieta.org.mx\/wp-content\/uploads\/2020\/03\/Personal-del-IMSS-protesta-por-falta-de-insumos-y-protocolos-ante-Covid-19-cdmx-mzo.jpg?resize=1050%2C600&ssl=1 3x"},"classes":[]},{"id":71967,"url":"https:\/\/www.grieta.org.mx\/index.php\/2025\/07\/08\/trabajadores-de-la-salud-bloquean-paseo-de-la-reforma-denuncian-irregularidades-ciudad-de-mexico\/","url_meta":{"origin":47548,"position":2},"title":"Trabajadores de la salud bloquean Paseo de la Reforma; denuncian irregularidades (Ciudad de M\u00e9xico)","author":"grieta","date":"8 julio, 2025","format":false,"excerpt":"Natalia Estrada Garc\u00eda \/ Enfoque noticias CDMX.- Trabajadoras y trabajadores pertenecientes al sector salud fueron agredidos tras mantener un bloqueo sobre carriles laterales del Perif\u00e9rico y avenida Paseo de la Reforma en la colonia Bosques de Chapultepec, Miguel Hidalgo. Laura Quintero delegada estatal de Ciudad de M\u00e9xico de la Fuerza\u2026","rel":"","context":"En &quot;Abuso policiaco y tortura en la Ciudad de M\u00e9xico&quot;","block_context":{"text":"Abuso policiaco y tortura en la Ciudad de M\u00e9xico","link":"https:\/\/www.grieta.org.mx\/index.php\/category\/noticias-nacionales\/ciudad-de-mexico\/abuso-policiaco-y-tortura-en-la-ciudad-de-mexico\/"},"img":{"alt_text":"","src":"https:\/\/i0.wp.com\/www.grieta.org.mx\/wp-content\/uploads\/2025\/07\/Captura-de-pantalla-2025-07-08-233604.png?resize=350%2C200&ssl=1","width":350,"height":200,"srcset":"https:\/\/i0.wp.com\/www.grieta.org.mx\/wp-content\/uploads\/2025\/07\/Captura-de-pantalla-2025-07-08-233604.png?resize=350%2C200&ssl=1 1x, https:\/\/i0.wp.com\/www.grieta.org.mx\/wp-content\/uploads\/2025\/07\/Captura-de-pantalla-2025-07-08-233604.png?resize=525%2C300&ssl=1 1.5x, https:\/\/i0.wp.com\/www.grieta.org.mx\/wp-content\/uploads\/2025\/07\/Captura-de-pantalla-2025-07-08-233604.png?resize=700%2C400&ssl=1 2x"},"classes":[]},{"id":46671,"url":"https:\/\/www.grieta.org.mx\/index.php\/2020\/03\/21\/se-derrumban-techos-de-naves-de-la-central-de-abasto-por-granizada-hay-1-herido-ciudad-de-mexico\/","url_meta":{"origin":47548,"position":3},"title":"Se derrumban techos de naves de la Central de Abasto por granizada; hay 1 herido (Ciudad de M\u00e9xico)","author":"grieta","date":"21 marzo, 2020","format":false,"excerpt":"Tomada de Twitter @SGIRPC_CDMX El Financiero Protecci\u00f3n Civil federal agreg\u00f3 tambi\u00e9n que en una sucursal de la empresa Elektra, seis personas quedaron temporalmente atrapadas. Los techos de tres naves de la Central de Abasto se vinieron abajo este s\u00e1bado despu\u00e9s de la granizada que cay\u00f3 en la Ciudad de M\u00e9xico.\u2026","rel":"","context":"En &quot;CINTILLO&quot;","block_context":{"text":"CINTILLO","link":"https:\/\/www.grieta.org.mx\/index.php\/category\/cintillo\/"},"img":{"alt_text":"","src":"https:\/\/i0.wp.com\/www.grieta.org.mx\/wp-content\/uploads\/2020\/03\/Se-derrumban-techos-de-naves-de-la-Central-de-Abasto-por-granizada-hay-1-herido-cdmx-mzo.jpg?resize=350%2C200","width":350,"height":200},"classes":[]},{"id":48333,"url":"https:\/\/www.grieta.org.mx\/index.php\/2020\/04\/27\/bloquean-calzada-vallejo-por-falta-de-insumos-en-el-hospital-la-raza-ciudad-de-mexico\/","url_meta":{"origin":47548,"position":4},"title":"Bloquean Calzada Vallejo por falta de insumos en el Hospital La Raza (Ciudad de M\u00e9xico)","author":"grieta","date":"27 abril, 2020","format":false,"excerpt":"Personal de La Raza exige insumos m\u00e9dicos para laborar. Foto: Germ\u00e1n Canseco Rodrigo Vera \/ Proceso Personal m\u00e9dico del Hospital La Raza realiz\u00f3 esta tarde una protesta para exigir insumos m\u00e9dicos que les permitan atender a sus pacientes con coronavirus, aparte de que, se\u00f1alan, 45 de sus compa\u00f1eros ya han\u2026","rel":"","context":"En &quot;CINTILLO&quot;","block_context":{"text":"CINTILLO","link":"https:\/\/www.grieta.org.mx\/index.php\/category\/cintillo\/"},"img":{"alt_text":"","src":"https:\/\/i0.wp.com\/www.grieta.org.mx\/wp-content\/uploads\/2020\/04\/Bloquean-Calzada-Vallejo-por-falta-de-insumos-en-el-Hospital-La-Raza-cdmx-abr.jpg?resize=350%2C200&ssl=1","width":350,"height":200,"srcset":"https:\/\/i0.wp.com\/www.grieta.org.mx\/wp-content\/uploads\/2020\/04\/Bloquean-Calzada-Vallejo-por-falta-de-insumos-en-el-Hospital-La-Raza-cdmx-abr.jpg?resize=350%2C200&ssl=1 1x, https:\/\/i0.wp.com\/www.grieta.org.mx\/wp-content\/uploads\/2020\/04\/Bloquean-Calzada-Vallejo-por-falta-de-insumos-en-el-Hospital-La-Raza-cdmx-abr.jpg?resize=525%2C300&ssl=1 1.5x, https:\/\/i0.wp.com\/www.grieta.org.mx\/wp-content\/uploads\/2020\/04\/Bloquean-Calzada-Vallejo-por-falta-de-insumos-en-el-Hospital-La-Raza-cdmx-abr.jpg?resize=700%2C400&ssl=1 2x"},"classes":[]},{"id":50038,"url":"https:\/\/www.grieta.org.mx\/index.php\/2020\/05\/28\/mueren-trabajadores-de-limpia-de-la-ciudad-de-mexico-por-covid-19-sin-apoyo-ni-reconocimiento\/","url_meta":{"origin":47548,"position":5},"title":"Mueren trabajadores de limpia de la Ciudad de M\u00e9xico por COVID-19 sin apoyo, ni reconocimiento","author":"grieta","date":"28 mayo, 2020","format":false,"excerpt":"Imagen tomada de: http:\/\/cdmx.com\/ CDMX.COM Los trabajadores de limpia de la capital arriesgan su salud y la de sus familias al salir a las calles a recopilar la basura que generamos todos en camiones recolectores y por barrido. CDMX.COM entrevist\u00f3 a varios trabajadores de limpia y pudimos constatar que la\u2026","rel":"","context":"En &quot;CINTILLO&quot;","block_context":{"text":"CINTILLO","link":"https:\/\/www.grieta.org.mx\/index.php\/category\/cintillo\/"},"img":{"alt_text":"","src":"https:\/\/i0.wp.com\/www.grieta.org.mx\/wp-content\/uploads\/2020\/05\/Mueren-trabajadores-de-limpia-de-la-ciudad-de-M%C3%A9xico-por-COVID-19-sin-apoyo-ni-reconocimiento-cdmx-may.jpeg?resize=350%2C200&ssl=1","width":350,"height":200,"srcset":"https:\/\/i0.wp.com\/www.grieta.org.mx\/wp-content\/uploads\/2020\/05\/Mueren-trabajadores-de-limpia-de-la-ciudad-de-M%C3%A9xico-por-COVID-19-sin-apoyo-ni-reconocimiento-cdmx-may.jpeg?resize=350%2C200&ssl=1 1x, https:\/\/i0.wp.com\/www.grieta.org.mx\/wp-content\/uploads\/2020\/05\/Mueren-trabajadores-de-limpia-de-la-ciudad-de-M%C3%A9xico-por-COVID-19-sin-apoyo-ni-reconocimiento-cdmx-may.jpeg?resize=525%2C300&ssl=1 1.5x"},"classes":[]}],"_links":{"self":[{"href":"https:\/\/www.grieta.org.mx\/index.php\/wp-json\/wp\/v2\/posts\/47548","targetHints":{"allow":["GET"]}}],"collection":[{"href":"https:\/\/www.grieta.org.mx\/index.php\/wp-json\/wp\/v2\/posts"}],"about":[{"href":"https:\/\/www.grieta.org.mx\/index.php\/wp-json\/wp\/v2\/types\/post"}],"author":[{"embeddable":true,"href":"https:\/\/www.grieta.org.mx\/index.php\/wp-json\/wp\/v2\/users\/2"}],"replies":[{"embeddable":true,"href":"https:\/\/www.grieta.org.mx\/index.php\/wp-json\/wp\/v2\/comments?post=47548"}],"version-history":[{"count":1,"href":"https:\/\/www.grieta.org.mx\/index.php\/wp-json\/wp\/v2\/posts\/47548\/revisions"}],"predecessor-version":[{"id":47552,"href":"https:\/\/www.grieta.org.mx\/index.php\/wp-json\/wp\/v2\/posts\/47548\/revisions\/47552"}],"wp:featuredmedia":[{"embeddable":true,"href":"https:\/\/www.grieta.org.mx\/index.php\/wp-json\/wp\/v2\/media\/47549"}],"wp:attachment":[{"href":"https:\/\/www.grieta.org.mx\/index.php\/wp-json\/wp\/v2\/media?parent=47548"}],"wp:term":[{"taxonomy":"category","embeddable":true,"href":"https:\/\/www.grieta.org.mx\/index.php\/wp-json\/wp\/v2\/categories?post=47548"},{"taxonomy":"post_tag","embeddable":true,"href":"https:\/\/www.grieta.org.mx\/index.php\/wp-json\/wp\/v2\/tags?post=47548"}],"curies":[{"name":"wp","href":"https:\/\/api.w.org\/{rel}","templated":true}]}}