{"id":47531,"date":"2020-04-08T15:21:01","date_gmt":"2020-04-08T20:21:01","guid":{"rendered":"http:\/\/www.grieta.org.mx\/?p=47531"},"modified":"2020-04-09T16:49:37","modified_gmt":"2020-04-09T21:49:37","slug":"piecitos-danzantes-ejemplo-de-dignidad-en-la-pandemia-puebla-nuevayork","status":"publish","type":"post","link":"https:\/\/www.grieta.org.mx\/index.php\/2020\/04\/08\/piecitos-danzantes-ejemplo-de-dignidad-en-la-pandemia-puebla-nuevayork\/","title":{"rendered":"Piecitos Danzantes, ejemplo de dignidad en la pandemia (Puebla\/NuevaYork)"},"content":{"rendered":"<p><img loading=\"lazy\" decoding=\"async\" data-attachment-id=\"47532\" data-permalink=\"https:\/\/www.grieta.org.mx\/index.php\/2020\/04\/08\/piecitos-danzantes-ejemplo-de-dignidad-en-la-pandemia-puebla-nuevayork\/nuevayork_covid19_heriberto_paredes\/\" data-orig-file=\"https:\/\/www.grieta.org.mx\/wp-content\/uploads\/2020\/04\/NuevaYork_Covid19_heriberto_paredes.jpg\" data-orig-size=\"1072,588\" data-comments-opened=\"0\" data-image-meta=\"{&quot;aperture&quot;:&quot;4&quot;,&quot;credit&quot;:&quot;&quot;,&quot;camera&quot;:&quot;Canon EOS 5D Mark III&quot;,&quot;caption&quot;:&quot;&quot;,&quot;created_timestamp&quot;:&quot;1584197554&quot;,&quot;copyright&quot;:&quot;&quot;,&quot;focal_length&quot;:&quot;28&quot;,&quot;iso&quot;:&quot;800&quot;,&quot;shutter_speed&quot;:&quot;0.025&quot;,&quot;title&quot;:&quot;&quot;,&quot;orientation&quot;:&quot;0&quot;}\" data-image-title=\"NuevaYork_Covid19_heriberto_paredes\" data-image-description=\"\" data-image-caption=\"\" data-medium-file=\"https:\/\/www.grieta.org.mx\/wp-content\/uploads\/2020\/04\/NuevaYork_Covid19_heriberto_paredes-300x165.jpg\" data-large-file=\"https:\/\/www.grieta.org.mx\/wp-content\/uploads\/2020\/04\/NuevaYork_Covid19_heriberto_paredes-1024x562.jpg\" class=\"aligncenter wp-image-47532\" src=\"http:\/\/www.grieta.org.mx\/wp-content\/uploads\/2020\/04\/NuevaYork_Covid19_heriberto_paredes.jpg\" alt=\"\" width=\"800\" height=\"439\" srcset=\"https:\/\/www.grieta.org.mx\/wp-content\/uploads\/2020\/04\/NuevaYork_Covid19_heriberto_paredes.jpg 1072w, https:\/\/www.grieta.org.mx\/wp-content\/uploads\/2020\/04\/NuevaYork_Covid19_heriberto_paredes-300x165.jpg 300w, https:\/\/www.grieta.org.mx\/wp-content\/uploads\/2020\/04\/NuevaYork_Covid19_heriberto_paredes-768x421.jpg 768w, https:\/\/www.grieta.org.mx\/wp-content\/uploads\/2020\/04\/NuevaYork_Covid19_heriberto_paredes-1024x562.jpg 1024w, https:\/\/www.grieta.org.mx\/wp-content\/uploads\/2020\/04\/NuevaYork_Covid19_heriberto_paredes-912x500.jpg 912w\" sizes=\"auto, (max-width: 800px) 100vw, 800px\" \/><\/p>\n<p><strong>Piecitos Danzantes es un grupo infantil con presencia en Puebla y Nueva York que promueve las danzas mexicanas para fortalecer las redes comunitarias, para enfrentar, ahora, la pandemia<\/strong><\/p>\n<p><strong>Piecitos Danzantes es un grupo infantil con presencia en Puebla y Nueva York que promueve las danzas mexicanas para fortalecer las redes comunitarias, para enfrentar, ahora, la pandemia<\/strong><\/p>\n<p>Texto y fotos: Heriberto Paredes\/ PIE DE P\u00c1GINA<\/p>\n<p>NUEVA YORK, ESTADOS UNIDOS.- La escuela est\u00e1 desierta, s\u00f3lo algunas familias se re\u00fanen en el comedor para cambiar a sus hijas e hijos y ponerles la ropa con la que suelen presentarse como Piecitos Danzantes. En la entrada de la escuela p\u00fablica 164 \u2018Caesar Rodney\u2019, una guardia me recibe y me pide que anote mi nombre. Usa guantes de l\u00e1tex y me indica que puedo usar el gel antibacterial que hay en la mesa. Al entrar al comedor reconozco a Xugey L\u00f3pez, coordinadora del grupo y madre mexicana originaria de la ciudad de Puebla, aunque con m\u00e1s de la mitad de su vida en Estados Unidos.<\/p>\n<p>Es 13 de marzo y estamos en Borough Park, uno de los barrios de jud\u00edos ortodoxos en el coraz\u00f3n de Brooklyn. En toda la ciudad hay una pausa en la vida p\u00fablica y poco a poco el distanciamiento social cobra fuerza, debido a la emergencia del contagio masivo del covid-19 en el estado de Nueva York. No se han cerrado las escuelas p\u00fablicas todav\u00eda, pero en retrospectiva, este ser\u00e1 el \u00faltimo d\u00eda.<\/p>\n<p>Piecitos Danzantes es un grupo cultural que se dedica a promover las danzas mexicanas como parte de las actividades curriculares en esta escuela. Se trata de un grupo binacional que tiene presencia en el estado de Puebla y en Nueva York y forma parte de la Red de Pueblos Transnacionales, un esfuerzo por visibilizar colectivos e iniciativas generadas desde las comunidades ind\u00edgenas mexicanas migrantes en esta zona de Estados Unidos.<\/p>\n<p>\u201cEn 2017 yo trabajaba con grupos de gente adulta, y los ni\u00f1os siempre quedaban fuera, no sab\u00edan qu\u00e9 hacer con ellos, as\u00ed que decid\u00ed hacer algo al respecto. En M\u00e9xico, un grupo de danza le hizo bullying a mi sobrina y se decidi\u00f3 hacer un grupo all\u00e1 tambi\u00e9n\u201d comenta Xugey, quien trabaja en un laboratorio oftalmol\u00f3gico en Nueva York. Hay apertura para que cualquier persona, no necesariamente mexicana, se integre.<\/p>\n<p>\u201cEs un grupo fuerte y sencillo, ense\u00f1a la cultura que los ni\u00f1os no saben es la de sus familias\u201d.<\/p>\n<p>Xugey L\u00f3pez<\/p>\n<p><img loading=\"lazy\" decoding=\"async\" data-attachment-id=\"47533\" data-permalink=\"https:\/\/www.grieta.org.mx\/index.php\/2020\/04\/08\/piecitos-danzantes-ejemplo-de-dignidad-en-la-pandemia-puebla-nuevayork\/us-polo\/\" data-orig-file=\"https:\/\/www.grieta.org.mx\/wp-content\/uploads\/2020\/04\/us-polo.jpg\" data-orig-size=\"1072,715\" data-comments-opened=\"0\" data-image-meta=\"{&quot;aperture&quot;:&quot;5.6&quot;,&quot;credit&quot;:&quot;&quot;,&quot;camera&quot;:&quot;Canon EOS 5D Mark III&quot;,&quot;caption&quot;:&quot;&quot;,&quot;created_timestamp&quot;:&quot;1584538942&quot;,&quot;copyright&quot;:&quot;&quot;,&quot;focal_length&quot;:&quot;50&quot;,&quot;iso&quot;:&quot;100&quot;,&quot;shutter_speed&quot;:&quot;0.005&quot;,&quot;title&quot;:&quot;&quot;,&quot;orientation&quot;:&quot;0&quot;}\" data-image-title=\"us polo\" data-image-description=\"\" data-image-caption=\"\" data-medium-file=\"https:\/\/www.grieta.org.mx\/wp-content\/uploads\/2020\/04\/us-polo-300x200.jpg\" data-large-file=\"https:\/\/www.grieta.org.mx\/wp-content\/uploads\/2020\/04\/us-polo-1024x683.jpg\" class=\"aligncenter wp-image-47533\" src=\"http:\/\/www.grieta.org.mx\/wp-content\/uploads\/2020\/04\/us-polo.jpg\" alt=\"\" width=\"800\" height=\"534\" srcset=\"https:\/\/www.grieta.org.mx\/wp-content\/uploads\/2020\/04\/us-polo.jpg 1072w, https:\/\/www.grieta.org.mx\/wp-content\/uploads\/2020\/04\/us-polo-300x200.jpg 300w, https:\/\/www.grieta.org.mx\/wp-content\/uploads\/2020\/04\/us-polo-768x512.jpg 768w, https:\/\/www.grieta.org.mx\/wp-content\/uploads\/2020\/04\/us-polo-1024x683.jpg 1024w, https:\/\/www.grieta.org.mx\/wp-content\/uploads\/2020\/04\/us-polo-750x500.jpg 750w\" sizes=\"auto, (max-width: 800px) 100vw, 800px\" \/><\/p>\n<p>Shows a distancia<br \/>\nOriginario de Iguala, Guerrero, Julio Casimiro vive en Nueva York desde los nueve a\u00f1os pero conserva un amplio apego a su lugar de origen. Para \u00e9l, el trabajo cultural de rescatar las danzas es fundamental, ayuda mucho a mejorar la sociabilidad de las ni\u00f1as y ni\u00f1os. Padre de dos ni\u00f1as y un chico adolescente, esposo de Xugey, Casimiro explica, adem\u00e1s, que la tecnolog\u00eda ha hecho posible que, a distancia y ahora en tiempos de distanciamiento social, las tradiciones no se pierdan.<\/p>\n<p>\u201cHay grupos de danzas que graban sus shows y los transmiten por internet y de ah\u00ed los vemos para aprender\u201d.<\/p>\n<p>Para Xiomara, de nueve a\u00f1os, una de las hijas de Xugey y Julio, estar en Piecitos \u201ces una muy buena experiencia y un buen ejercicio. Nos sentimos c\u00f3modas en el grupo\u201d. Hablo con ella y su hermana por tel\u00e9fono, d\u00edas despu\u00e9s de conocernos, ahora bajo las reglamentaciones para permanecer en casa que se dieron a todo el estado.<\/p>\n<p>\u201cDesde mi punto de vista, el grupo es un lugar para ayudar al otro tambi\u00e9n, aprendemos nuevas cosas y trabajar juntos es algo muy bueno\u201d. Su hermana Ximena, de 12 a\u00f1os coincide: \u201cEn el grupo funcionamos como un equipo y nos sirve para sociabilizar mejor\u201d.<\/p>\n<p>Se aprovecha lo que ser\u00e1 el \u00faltimo d\u00eda de apertura de la escuela para tomar una foto del grupo en el auditorio. Algunas familias faltan, pero la mayor\u00eda est\u00e1 presente. No danzar\u00e1n pero se visten para la foto. Las ni\u00f1as usan falda azul y blusa blanca, una de ellas porta una falda de colores y lleva listones amarillos en el peinado. Los ni\u00f1os usan pantal\u00f3n de mezclilla azul y camisa blanca. Hay sonrisas y al final de la foto habr\u00e1 una convivencia con pizzas, refrescos y gel antibacterial, el nuevo bien preciado.<\/p>\n<p>A pesar de estar organizadas, en esta comunidad hay preocupaci\u00f3n por el cierre de las escuelas. \u201cNo pueden cerrar las escuelas porque muchos no tenemos d\u00f3nde dejar a nuestros hijos mientras vamos a trabajar. Yo trabajo en una pizzer\u00eda, \u00bfy qui\u00e9n va a cuidar a mis hijos?\u00bb, se\u00f1ala preocupada otra madre (quien prefiri\u00f3 no dar su nombre), quien lleva 15 a\u00f1os viviendo en Estados Unidos sin documentos y tiene 4 hijos.<\/p>\n<p>Dos d\u00edas despu\u00e9s de la toma de la foto, el 15 de marzo de 2020, por orden del gobierno del estado de Nueva York, todas las escuelas p\u00fablicas fueron cerradas y se estableci\u00f3 la distribuci\u00f3n de almuerzos para que las familias que lo necesitaran, sin embargo esta medida, a consideraci\u00f3n de algunas personas, no fue suficiente. \u00abNo s\u00f3lo se trata de almuerzos, tambi\u00e9n tenemos otras necesidades, ahora que estamos en esta crisis se nos va a acabar la comida y luego no sabemos qu\u00e9 hacer\u00bb afirma Olivia Tochimani, tambi\u00e9n de Cholula, quien forma parte del grupo cultural junto con sus hijos. Ella a\u00fan trabaja como trabajadora dom\u00e9stica encargada de la limpieza de una casa, aunque con horarios reducidos en medio de esta crisis epidemiol\u00f3gica.<\/p>\n<p>Tras el cierre de las escuelas, el gobierno estatal de Nueva York, encabezado por Andrew Cuomo fue dando los puntos geogr\u00e1ficos con mayor \u00edndice de contagios confirmados. En Brooklyn, con poco m\u00e1s de 2.5 millones de habitantes, seg\u00fan cifras del propio gobierno de la ciudad en 2018, uno de los puntos rojos result\u00f3 ser Borough Park. Este es el mismo barrio en donde las y los ni\u00f1os de Piecitos Danzantes van a la escuela.<\/p>\n<p>Desde una l\u00f3gica discriminatoria, se puede leer que esta \u00e1rea tiene las mejores condiciones para volverse un foco de infecci\u00f3n: una predominante comunidad jud\u00eda ortodoxa en colindancia con otros barrios predominantemente chinos y mexicanos. Pero ah\u00ed, a pesar de todo, el ejercicio de la cultura propia se ha vuelto un camino para generar inclusi\u00f3n social.<\/p>\n<p><img loading=\"lazy\" decoding=\"async\" data-attachment-id=\"47537\" data-permalink=\"https:\/\/www.grieta.org.mx\/index.php\/2020\/04\/08\/piecitos-danzantes-ejemplo-de-dignidad-en-la-pandemia-puebla-nuevayork\/nuevayork_covid19_heriberto_paredes1-1-chambea\/\" data-orig-file=\"https:\/\/www.grieta.org.mx\/wp-content\/uploads\/2020\/04\/NuevaYork_Covid19_heriberto_paredes1-1-chambeA.jpg\" data-orig-size=\"1072,746\" data-comments-opened=\"0\" data-image-meta=\"{&quot;aperture&quot;:&quot;5.6&quot;,&quot;credit&quot;:&quot;&quot;,&quot;camera&quot;:&quot;Canon EOS 5D Mark III&quot;,&quot;caption&quot;:&quot;&quot;,&quot;created_timestamp&quot;:&quot;1584529875&quot;,&quot;copyright&quot;:&quot;&quot;,&quot;focal_length&quot;:&quot;24&quot;,&quot;iso&quot;:&quot;100&quot;,&quot;shutter_speed&quot;:&quot;0.004&quot;,&quot;title&quot;:&quot;&quot;,&quot;orientation&quot;:&quot;0&quot;}\" data-image-title=\"NuevaYork_Covid19_heriberto_paredes1-1 chambeA\" data-image-description=\"\" data-image-caption=\"\" data-medium-file=\"https:\/\/www.grieta.org.mx\/wp-content\/uploads\/2020\/04\/NuevaYork_Covid19_heriberto_paredes1-1-chambeA-300x209.jpg\" data-large-file=\"https:\/\/www.grieta.org.mx\/wp-content\/uploads\/2020\/04\/NuevaYork_Covid19_heriberto_paredes1-1-chambeA-1024x713.jpg\" class=\"aligncenter wp-image-47537\" src=\"http:\/\/www.grieta.org.mx\/wp-content\/uploads\/2020\/04\/NuevaYork_Covid19_heriberto_paredes1-1-chambeA.jpg\" alt=\"\" width=\"800\" height=\"557\" srcset=\"https:\/\/www.grieta.org.mx\/wp-content\/uploads\/2020\/04\/NuevaYork_Covid19_heriberto_paredes1-1-chambeA.jpg 1072w, https:\/\/www.grieta.org.mx\/wp-content\/uploads\/2020\/04\/NuevaYork_Covid19_heriberto_paredes1-1-chambeA-300x209.jpg 300w, https:\/\/www.grieta.org.mx\/wp-content\/uploads\/2020\/04\/NuevaYork_Covid19_heriberto_paredes1-1-chambeA-768x534.jpg 768w, https:\/\/www.grieta.org.mx\/wp-content\/uploads\/2020\/04\/NuevaYork_Covid19_heriberto_paredes1-1-chambeA-1024x713.jpg 1024w, https:\/\/www.grieta.org.mx\/wp-content\/uploads\/2020\/04\/NuevaYork_Covid19_heriberto_paredes1-1-chambeA-718x500.jpg 718w\" sizes=\"auto, (max-width: 800px) 100vw, 800px\" \/><\/p>\n<p>En pausa indefinida<br \/>\nCon un trabajo incansable, el grupo cultural Piecitos Danzantes ha sabido forjarse un lugar al interior del curr\u00edculum que se imparte en la escuela p\u00fablica a la que asisten sus integrantes. Ha sido un espacio de convivencia y de formaci\u00f3n que les ha permitido relacionarse mejor con el resto de las comunidades locales. \u00abAqu\u00ed en Estados Unidos se pierde mucho la dignidad de los ni\u00f1os, no conocen eso\u00bb enfatiza Xugey.<\/p>\n<p>Bajo la nueva situaci\u00f3n de aislamiento o distanciamiento social y riesgo de contagio de covid-19, Piecitos Danzantes ha suspendido sus actividades por completo, las familias permanecen en sus casas con temor, algunos ni\u00f1os tienen ya algunas muestras de desesperaci\u00f3n por recuperar su vida normal a pesar de sus clases en l\u00ednea.<\/p>\n<p>Buena parte de los miembros de la comunidad migrante no cuentan ni siquiera con las condiciones de protecci\u00f3n para seguir trabajando. Xugey, quien tambi\u00e9n es miembro de la sociedad de familias de la escuela 164 comenta: \u00abMi hermana trabaja en la limpieza de un banco, como sigue abierto pues tiene que ir, y all\u00e1 no le dan los tapabocas o lo necesario para protegerse, lo tiene que poner ella\u00bb.<\/p>\n<p>Quien puede quedarse en casa lo hace con incertidumbre y quien sigue trabajando no tiene las mejores condiciones.<\/p>\n<p>La se\u00f1ora Tochimani se\u00f1ala que est\u00e1 muy contenta con el grupo de danza porque as\u00ed los ni\u00f1os se mantienen motivados y contentos, \u00abno como ahora, que muchos nom\u00e1s est\u00e1n en la televisi\u00f3n o con los aparatos electr\u00f3nicos. Espero que pronto volvamos a la rutina de siempre. Me siento como en una pecera, con los pecesitos alrededor, nom\u00e1s comiendo, el agua se ensucia y ya, es como una depresi\u00f3n que nos da\u00bb.<\/p>\n<p>Las familias que integran Piecitos Danzantes comienzan a resentir esta frustraci\u00f3n, las ni\u00f1as y los ni\u00f1os quieren volver a su escuela, aunque se adaptan a la situaci\u00f3n, y aprovechan la tecnolog\u00eda para hacer video llamadas y verles la cara a sus amigos y hablar con ellos, aunque sea a trav\u00e9s de una pantalla. \u00abNos preocupa de d\u00f3nde conseguiremos la comida m\u00e1s adelante, pero trataremos de estar bajo control\u00bb comenta Olivia con tono preocupada.<\/p>\n<p>Las hijas de Xugey, sin embargo, tratan de ser optimistas y resaltan lo aprendido en estas condiciones de pandemia, justo cuando Estados Unidos se convierte en el principal pa\u00eds con casos confirmados de contagio en el mundo seg\u00fan las cifras dadas por el Johns Hopkins Coronavirus Resource Center (331,151 casos identificados al momento de escribir este texto). \u00abEn mi perspectiva, lo que he aprendido es que hay que pensar en las otras personas tambi\u00e9n. Hemos aprendido a ser cuidadosas de lo que tocamos y sabemos que tenemos que lavarnos las manos antes y despu\u00e9s de comer\u00bb, se\u00f1ala Xiomara.<\/p>\n<p>Para Ximena ha sido una oportunidad: \u00abAl principio para mi era dif\u00edcil porque dej\u00e9 de ver a mis amigos y de ir a la escuela, pero ahora s\u00e9 que puedo pasar m\u00e1s tiempo con mi familia\u00bb<\/p>\n<p>El gobierno federal ha ampliado las medidas de distanciamiento social hasta el 30 de abril, pese a que hace tan s\u00f3lo unos d\u00edas Donald Trump hab\u00eda afirmado que el pa\u00eds se abrir\u00eda de nuevo para las fiestas de Pascua. Con esta perspectiva de m\u00e1s tiempo en casa, las cifras de contagios confirmados y las defunciones al alza en Nueva York, adem\u00e1s de convertirse en el epicentro de la pandemia, los estragos sociales est\u00e1n convirtiendo esta situaci\u00f3n en una crisis social inminente.<\/p>\n<p>Al igual que los contagios confirmados, el desempleo registra cifras inauditas luego del comienzo de esta pandemia en la uni\u00f3n americana. Seg\u00fan datos del New York Times, para finales de marzo hab\u00eda poco m\u00e1s de 3 millones de personas perdieron su empleo debido al cierre de centros laborales y la gran pausa que tuvo la econom\u00eda estadounidense.<\/p>\n<p>Diversidad correcta y diversidad negada<br \/>\nMarco Castillo es originario de la Ciudad de M\u00e9xico, lleva varios a\u00f1os viviendo entre ese lugar y Nueva York, aunque finalmente se ha instalado en la Gran Manzana. Es miembro de la Red de Pueblos Transnacionales, desde su fundaci\u00f3n hace 3 a\u00f1os, aunque ha acompa\u00f1ado a diversas organizaciones y comunidades binacionalmente desde hace m\u00e1s de 10 a\u00f1os. Ahora se mantiene en casa, atendiendo la petici\u00f3n de no salir a las calles para aplanar la curva de contagio del covid-19 que tiene en pausa a casi todo el planeta.<\/p>\n<p>Para Castillo esta pandemia aparece como \u00abotro momento de tensi\u00f3n entre el centro y los m\u00e1rgenes. Muchas personas no entienden el sentido del coronavirus ni de las precauciones que se est\u00e1 pidiendo que se tomen. Ha sido dif\u00edcil detener las cosas y que no sea frustrante\u00bb.<\/p>\n<p>La Red de Pueblos Transnacionales la conformamos personas que se identifican como mexicanos miembros de las comunidades y los pueblos ind\u00edgenas. Trabajan en esta parte de la costa este, en Nueva York principalmente pero tambi\u00e9n en Nueva Jersey y Connecticut. Desde hace muchos a\u00f1os, quienes integran la Red de Pueblos se han dado cuenta de la discriminaci\u00f3n y la invisibilidad que padecen, no s\u00f3lo por parte del gobierno estadounidense sino del mexicano. \u00abLa cultura de estas comunidades es muy espec\u00edfica y est\u00e1 totalmente invisibilizada, y el concepto de lo latino ha contribuido mucho a esto\u00bb subraya Marco.<\/p>\n<p>\u00abLa Red de Pueblos Transnacionales ayuda a nuestras comunidades y al movimiento a conservar nuestras tradiciones y nuestras lenguas, que se est\u00e1n perdiendo\u00bb me comenta Julio el \u00faltimo d\u00eda de actividades en la escuela donde se tom\u00f3 la foto colectiva de Piecitos Danzantes. Las comunidades viven con mucha intensidad su identidad, sus formas de vida, sus calendarios de fiestas y sus visiones pol\u00edticas, sus maneras de organizarse. Pero estos se llevan a cabo, como afirma Castillo, \u00absiempre en los m\u00e1rgenes de la ciudad, en los s\u00f3tanos, en los salones de fiestas privados, mientras que en el mainstream de Nueva York los blancos y la cultura latina ocupan las marquesinas, las plataformas culturales e ignoran por completo las distintas formas de vida\u00bb.<\/p>\n<p>Existe una gran necesidad de espacios donde las personas puedan acceder y ejercer sus derechos, en sus formas y en sus tradiciones. La construcci\u00f3n de esos espacios se plantea como una necesidad urgente. Tan s\u00f3lo en la ciudad de Nueva York se contabilizan m\u00e1s de 350 mil migrantes ind\u00edgenas mexicanos, pero que contando a los que viven en el estado y en los estados aleda\u00f1os se puede hablar de millones. \u00abMuchos de ellos son repartidoras y repartidores o taxistas y ahora en tiempos de distanciamiento social y pandemia, son quienes no pueden parar de trabajar. Acatar las reglas es un tema de privilegios, es un tema de condiciones, la gente que vive al d\u00eda no puede hacerlo\u00bb subraya Marco.<\/p>\n<p>La misma situaci\u00f3n que se vive en M\u00e9xico de discriminaci\u00f3n y folclorizaci\u00f3n de la cultura, de explotaci\u00f3n y opresi\u00f3n a los pueblos ind\u00edgenas se ha trasladado a esta gran urbe y se le ha sumado la ignorancia del aparato estatal estadounidense. Frente a ello, eliminar las divisiones es una tarea urgente, \u00absi no nos unimos no podemos crecer como comunidad\u00bb se\u00f1ala Julio.<\/p>\n<p>Existe una capa en donde est\u00e1 la diversidad que ha hecho c\u00e9lebre a Nueva York, pero debajo existe otra capa de identidades que son los pilares y que no son reconocidas. \u00abExiste una diversidad muy respetada, incluso est\u00e1 penado no respetarla, pero es el poder establecido, el blanco hegem\u00f3nico, el que decide cu\u00e1l es esa diversidad y cu\u00e1les son sus l\u00edmites, entonces si tu pr\u00e1ctica cultural rebasa estas limitaciones ya no es diversidad\u00bb, define Castillo. \u00abEl nivel de persecuci\u00f3n es mayor, por ejemplo, el costo de hacer una fiesta sonidera en la calle sin permiso, es polic\u00eda y c\u00e1rcel segura\u00bb.<\/p>\n<p>En el contexto de la pandemia, explica Marco que \u00aben cuanto haya menos comida, y cuando la crisis sea m\u00e1s profunda, lo que saldr\u00e1 a flote es lo profundamente desigual que es Nueva York: estar\u00e1n quienes se enfermar\u00e1n pero sobrevivir\u00e1n, e incluso pueden salir adelante, y los que van a perderlo todo. Y ah\u00ed la gente de los pueblos va a echar mano de las redes comunitarias, como siempre lo han hecho\u00bb.<\/p>\n<p><a href=\"https:\/\/piedepagina.mx\/piecitos-danzantes-ejemplo-de-dignidad-cultural-en-medio-de-la-pandemia\/\" target=\"_blank\" rel=\"noopener noreferrer\">https:\/\/piedepagina.mx\/piecitos-danzantes-ejemplo-de-dignidad-cultural-en-medio-de-la-pandemia\/<\/a><\/p>\n","protected":false},"excerpt":{"rendered":"<p>Piecitos Danzantes es un grupo infantil con presencia en Puebla y Nueva York que promueve las danzas mexicanas para fortalecer las redes comunitarias, para enfrentar, ahora, la pandemia Piecitos Danzantes &hellip; <a href=\"https:\/\/www.grieta.org.mx\/index.php\/2020\/04\/08\/piecitos-danzantes-ejemplo-de-dignidad-en-la-pandemia-puebla-nuevayork\/\" class=\"more-link\">Leer m\u00e1s<\/a><\/p>\n","protected":false},"author":2,"featured_media":47532,"comment_status":"closed","ping_status":"closed","sticky":false,"template":"","format":"standard","meta":{"ngg_post_thumbnail":0,"_jetpack_newsletter_access":"","_jetpack_dont_email_post_to_subs":false,"_jetpack_newsletter_tier_id":0,"_jetpack_memberships_contains_paywalled_content":false,"_jetpack_memberships_contains_paid_content":false,"footnotes":""},"categories":[80,86,370,83],"tags":[3241,158,3293,3294],"class_list":["post-47531","post","type-post","status-publish","format-standard","has-post-thumbnail","hentry","category-cintillo","category-migrantes","category-migrantes-analisis","category-temas-nacionales","tag-covid-19","tag-migrantes","tag-migrantesmexicaos-en-estados-unidos","tag-resistencia-cultural","entry"],"jetpack_featured_media_url":"https:\/\/www.grieta.org.mx\/wp-content\/uploads\/2020\/04\/NuevaYork_Covid19_heriberto_paredes.jpg","jetpack_sharing_enabled":true,"jetpack_shortlink":"https:\/\/wp.me\/p7ZJR4-cmD","jetpack_likes_enabled":false,"jetpack-related-posts":[{"id":48079,"url":"https:\/\/www.grieta.org.mx\/index.php\/2020\/04\/10\/poblanos-enfrentan-crisis-de-covid-19-lejos-de-casa-28-han-muerto-y-45-estan-hospitalizados-en-eu\/","url_meta":{"origin":47531,"position":0},"title":"Poblanos enfrentan crisis de COVID-19 lejos de casa: 28 han muerto y 45 est\u00e1n hospitalizados en EU","author":"Admin","date":"10 abril, 2020","format":false,"excerpt":"De acuerdo con cifras de la fundaci\u00f3n migrante Pies Secos, cotejada con diversas organizaciones, de los 80 mexicanos fallecidos en Estados Unidos, 28 proven\u00edan de Puebla, particularmente de la regi\u00f3n Mixteca del estado. Por Osvaldo Valencia \/ Zona Franca Puebla, (Peri\u00f3dico Central). La pandemia del coronavirus ha azotado a la\u2026","rel":"","context":"En &quot;CINTILLO&quot;","block_context":{"text":"CINTILLO","link":"https:\/\/www.grieta.org.mx\/index.php\/category\/cintillo\/"},"img":{"alt_text":"","src":"https:\/\/i0.wp.com\/www.grieta.org.mx\/wp-content\/uploads\/2020\/04\/puebla-eu.jpg?resize=350%2C200&ssl=1","width":350,"height":200,"srcset":"https:\/\/i0.wp.com\/www.grieta.org.mx\/wp-content\/uploads\/2020\/04\/puebla-eu.jpg?resize=350%2C200&ssl=1 1x, https:\/\/i0.wp.com\/www.grieta.org.mx\/wp-content\/uploads\/2020\/04\/puebla-eu.jpg?resize=525%2C300&ssl=1 1.5x, https:\/\/i0.wp.com\/www.grieta.org.mx\/wp-content\/uploads\/2020\/04\/puebla-eu.jpg?resize=700%2C400&ssl=1 2x, https:\/\/i0.wp.com\/www.grieta.org.mx\/wp-content\/uploads\/2020\/04\/puebla-eu.jpg?resize=1050%2C600&ssl=1 3x"},"classes":[]},{"id":50164,"url":"https:\/\/www.grieta.org.mx\/index.php\/2020\/06\/02\/indigenas-los-mexicanos-mas-afectados-en-nueva-york-por-el-coronavirus\/","url_meta":{"origin":47531,"position":1},"title":"Ind\u00edgenas, los mexicanos m\u00e1s afectados en Nueva York por el coronavirus","author":"grieta","date":"2 junio, 2020","format":false,"excerpt":"Maurizio Guerrero\/ PROCESO \u00a0 NUEVA YORK (apro).- Los habitantes de los pueblos originarios de M\u00e9xico que emigraron para huir de la pobreza y la violencia, han sufrido m\u00e1s que otros mexicanos en Nueva York la devastaci\u00f3n de la pandemia. Excluidos por todos los niveles del gobierno estadunidense, los ind\u00edgenas mexicanos\u2026","rel":"","context":"En &quot;CINTILLO&quot;","block_context":{"text":"CINTILLO","link":"https:\/\/www.grieta.org.mx\/index.php\/category\/cintillo\/"},"img":{"alt_text":"","src":"https:\/\/i0.wp.com\/www.grieta.org.mx\/wp-content\/uploads\/2020\/06\/indigenas-nueva-york-870x522.jpeg?resize=350%2C200&ssl=1","width":350,"height":200,"srcset":"https:\/\/i0.wp.com\/www.grieta.org.mx\/wp-content\/uploads\/2020\/06\/indigenas-nueva-york-870x522.jpeg?resize=350%2C200&ssl=1 1x, https:\/\/i0.wp.com\/www.grieta.org.mx\/wp-content\/uploads\/2020\/06\/indigenas-nueva-york-870x522.jpeg?resize=525%2C300&ssl=1 1.5x, https:\/\/i0.wp.com\/www.grieta.org.mx\/wp-content\/uploads\/2020\/06\/indigenas-nueva-york-870x522.jpeg?resize=700%2C400&ssl=1 2x"},"classes":[]},{"id":48064,"url":"https:\/\/www.grieta.org.mx\/index.php\/2020\/04\/09\/al-alza-detenciones-de-migrantes-en-puebla\/","url_meta":{"origin":47531,"position":2},"title":"Al alza, detenciones de migrantes en Puebla","author":"Admin","date":"9 abril, 2020","format":false,"excerpt":"Marcos NUCAMENDI \/ El Popular Del 1 de enero al 8 de abril de este a\u00f1o han sido presentadas ante la autoridad migratoria 436 personas extranjeras, en su mayor\u00eda provenientes de Honduras, Guatemala y El Salvador, en territorio poblano, confirmaron fuentes del Instituto Nacional de Migraci\u00f3n (INM). Tomando en cuenta\u2026","rel":"","context":"En &quot;CINTILLO&quot;","block_context":{"text":"CINTILLO","link":"https:\/\/www.grieta.org.mx\/index.php\/category\/cintillo\/"},"img":{"alt_text":"","src":"https:\/\/i0.wp.com\/www.grieta.org.mx\/wp-content\/uploads\/2020\/04\/4448fac2152504ca80661dce2b58fbe1_nota_685x411_thumb.jpg?resize=350%2C200&ssl=1","width":350,"height":200,"srcset":"https:\/\/i0.wp.com\/www.grieta.org.mx\/wp-content\/uploads\/2020\/04\/4448fac2152504ca80661dce2b58fbe1_nota_685x411_thumb.jpg?resize=350%2C200&ssl=1 1x, https:\/\/i0.wp.com\/www.grieta.org.mx\/wp-content\/uploads\/2020\/04\/4448fac2152504ca80661dce2b58fbe1_nota_685x411_thumb.jpg?resize=525%2C300&ssl=1 1.5x"},"classes":[]},{"id":49051,"url":"https:\/\/www.grieta.org.mx\/index.php\/2020\/04\/24\/indigenas-mexicanos-en-nueva-york-cercados-por-el-coronavirus\/","url_meta":{"origin":47531,"position":3},"title":"Ind\u00edgenas mexicanos en Nueva York, cercados por el coronavirus","author":"grieta","date":"24 abril, 2020","format":false,"excerpt":"Z\u00f3simo Camacho\/ CONTRAL\u00cdNEA Maclovio tuvo que cambiar el cielo mixteco por el asfalto neoyorkino. Sali\u00f3 de la regi\u00f3n m\u00e1s depauperada de M\u00e9xico, la Monta\u00f1a de Guerrero, hace 19 a\u00f1os. Dej\u00f3 los acantilados agrestes y las laderas escarpadas de San Jos\u00e9 Laguna y adopt\u00f3 las luces de la\u00a0ciudad que nunca duerme.\u2026","rel":"","context":"En &quot;CINTILLO&quot;","block_context":{"text":"CINTILLO","link":"https:\/\/www.grieta.org.mx\/index.php\/category\/cintillo\/"},"img":{"alt_text":"","src":"https:\/\/i0.wp.com\/www.grieta.org.mx\/wp-content\/uploads\/2020\/05\/1-123rf-5.jpg?resize=350%2C200&ssl=1","width":350,"height":200,"srcset":"https:\/\/i0.wp.com\/www.grieta.org.mx\/wp-content\/uploads\/2020\/05\/1-123rf-5.jpg?resize=350%2C200&ssl=1 1x, https:\/\/i0.wp.com\/www.grieta.org.mx\/wp-content\/uploads\/2020\/05\/1-123rf-5.jpg?resize=525%2C300&ssl=1 1.5x"},"classes":[]},{"id":36040,"url":"https:\/\/www.grieta.org.mx\/index.php\/2019\/06\/30\/puebla-alista-operativos-en-hoteles-y-moteles-contra-migrantes-pies-secos\/","url_meta":{"origin":47531,"position":4},"title":"Puebla alista operativos en hoteles y moteles contra migrantes: Pies Secos","author":"Admin","date":"30 junio, 2019","format":false,"excerpt":"Marisol C\u00f3rdoba \/ MUNICIPIOS PUEBLA Puebla, Pue.- Como parte del endurecimiento de las pol\u00edticas de migraci\u00f3n en el pa\u00eds por el gobierno federal, en los pr\u00f3ximos d\u00edas iniciar\u00e1n operativos en hoteles y moteles del estado para buscar migrantes, adelant\u00f3 el presidente de la fundaci\u00f3n Pies Secos, Ricardo Andrade, luego que\u2026","rel":"","context":"En &quot;CINTILLO&quot;","block_context":{"text":"CINTILLO","link":"https:\/\/www.grieta.org.mx\/index.php\/category\/cintillo\/"},"img":{"alt_text":"","src":"https:\/\/i0.wp.com\/www.grieta.org.mx\/wp-content\/uploads\/2019\/07\/migrantes1_5_2.jpg?resize=350%2C200&ssl=1","width":350,"height":200,"srcset":"https:\/\/i0.wp.com\/www.grieta.org.mx\/wp-content\/uploads\/2019\/07\/migrantes1_5_2.jpg?resize=350%2C200&ssl=1 1x, https:\/\/i0.wp.com\/www.grieta.org.mx\/wp-content\/uploads\/2019\/07\/migrantes1_5_2.jpg?resize=525%2C300&ssl=1 1.5x"},"classes":[]},{"id":24437,"url":"https:\/\/www.grieta.org.mx\/index.php\/2018\/06\/25\/hay-ninos-mixtecos-en-las-jaulas-de-trump-puebla\/","url_meta":{"origin":47531,"position":5},"title":"Hay ni\u00f1os mixtecos en las jaulas de Trump (Puebla)","author":"grieta","date":"25 junio, 2018","format":false,"excerpt":"Por Lidchy Cano Iz\u00facar de Matamoros.- En los Centros de Detenci\u00f3n de Estados Unidos hay ni\u00f1os mixtecos, ya que han iniciado deportaciones hacia esta zona del estado de Puebla, sin embargo, se desconocen las cifras y de los sitios de origen porque los c\u00f3nsules no quieren otorgar informaci\u00f3n a las\u2026","rel":"","context":"En &quot;CINTILLO&quot;","block_context":{"text":"CINTILLO","link":"https:\/\/www.grieta.org.mx\/index.php\/category\/cintillo\/"},"img":{"alt_text":"","src":"https:\/\/i0.wp.com\/www.grieta.org.mx\/wp-content\/uploads\/2018\/07\/zocaloo.jpg?resize=350%2C200&ssl=1","width":350,"height":200,"srcset":"https:\/\/i0.wp.com\/www.grieta.org.mx\/wp-content\/uploads\/2018\/07\/zocaloo.jpg?resize=350%2C200&ssl=1 1x, https:\/\/i0.wp.com\/www.grieta.org.mx\/wp-content\/uploads\/2018\/07\/zocaloo.jpg?resize=525%2C300&ssl=1 1.5x"},"classes":[]}],"_links":{"self":[{"href":"https:\/\/www.grieta.org.mx\/index.php\/wp-json\/wp\/v2\/posts\/47531","targetHints":{"allow":["GET"]}}],"collection":[{"href":"https:\/\/www.grieta.org.mx\/index.php\/wp-json\/wp\/v2\/posts"}],"about":[{"href":"https:\/\/www.grieta.org.mx\/index.php\/wp-json\/wp\/v2\/types\/post"}],"author":[{"embeddable":true,"href":"https:\/\/www.grieta.org.mx\/index.php\/wp-json\/wp\/v2\/users\/2"}],"replies":[{"embeddable":true,"href":"https:\/\/www.grieta.org.mx\/index.php\/wp-json\/wp\/v2\/comments?post=47531"}],"version-history":[{"count":1,"href":"https:\/\/www.grieta.org.mx\/index.php\/wp-json\/wp\/v2\/posts\/47531\/revisions"}],"predecessor-version":[{"id":47538,"href":"https:\/\/www.grieta.org.mx\/index.php\/wp-json\/wp\/v2\/posts\/47531\/revisions\/47538"}],"wp:featuredmedia":[{"embeddable":true,"href":"https:\/\/www.grieta.org.mx\/index.php\/wp-json\/wp\/v2\/media\/47532"}],"wp:attachment":[{"href":"https:\/\/www.grieta.org.mx\/index.php\/wp-json\/wp\/v2\/media?parent=47531"}],"wp:term":[{"taxonomy":"category","embeddable":true,"href":"https:\/\/www.grieta.org.mx\/index.php\/wp-json\/wp\/v2\/categories?post=47531"},{"taxonomy":"post_tag","embeddable":true,"href":"https:\/\/www.grieta.org.mx\/index.php\/wp-json\/wp\/v2\/tags?post=47531"}],"curies":[{"name":"wp","href":"https:\/\/api.w.org\/{rel}","templated":true}]}}