{"id":475,"date":"2015-10-30T17:20:02","date_gmt":"2015-10-30T17:20:02","guid":{"rendered":"http:\/\/50.22.11.12\/~grietaor\/?p=475"},"modified":"2016-03-01T03:05:08","modified_gmt":"2016-03-01T03:05:08","slug":"encuentro-nacional-de-la-rvsr-por-nuestros-press-politics-octubre-2015","status":"publish","type":"post","link":"https:\/\/www.grieta.org.mx\/index.php\/2015\/10\/30\/encuentro-nacional-de-la-rvsr-por-nuestros-press-politics-octubre-2015\/","title":{"rendered":"Encuentro Nacional de la RvsR por Nuestros pres@s Pol\u00edtic@s, octubre 2015"},"content":{"rendered":"<p><strong>30\/10\/15. <\/strong><a href=\"http:\/\/grieta.org.mx\/?p=454&#038;preview=true\">La solidaridad con presos y presas pol\u00edticos se reuni\u00f3 en Tlanixco<\/a><br  \/><em>Centro de Medios Libres<\/em><br  \/><br \/>\n<strong>29\/10\/15. <\/strong><a href=\"http:\/\/grieta.org.mx\/?p=457&#038;preview=true\">Estado de M\u00e9xico, de los m\u00e1s represores del pa\u00eds desde tiempos de EPN: pueblos y defensores<\/a><br  \/><em>M\u00e1s de 131<\/em><br  \/><br \/>\n<strong>27\/10\/15. <\/strong><a href=\"http:\/\/grieta.org.mx\/index.php\/2015\/10\/27\/encuentro-nacional-por-nuestrs-presos-de-la-red-vs-represion\/\">Encuentro Nacional por Nuestr@s Preso@s de la Red vs Represi\u00f3n (audios)<\/a><br  \/><em>Radio Zapatista<\/em><br  \/><\/p>\n","protected":false},"excerpt":{"rendered":"<p>30\/10\/15. La solidaridad con presos y presas pol\u00edticos se reuni\u00f3 en TlanixcoCentro de Medios Libres 29\/10\/15. Estado de M\u00e9xico, de los m\u00e1s represores del pa\u00eds desde tiempos de EPN: pueblos &hellip; <a href=\"https:\/\/www.grieta.org.mx\/index.php\/2015\/10\/30\/encuentro-nacional-de-la-rvsr-por-nuestros-press-politics-octubre-2015\/\" class=\"more-link\">Leer m\u00e1s<\/a><\/p>\n","protected":false},"author":2,"featured_media":21928,"comment_status":"closed","ping_status":"open","sticky":false,"template":"","format":"standard","meta":{"ngg_post_thumbnail":0,"_jetpack_newsletter_access":"","_jetpack_dont_email_post_to_subs":false,"_jetpack_newsletter_tier_id":0,"_jetpack_memberships_contains_paywalled_content":false,"_jetpack_memberships_contains_paid_content":false,"footnotes":""},"categories":[16],"tags":[],"class_list":["post-475","post","type-post","status-publish","format-standard","has-post-thumbnail","hentry","category-estado-de-mexico","entry"],"jetpack_featured_media_url":"https:\/\/www.grieta.org.mx\/wp-content\/uploads\/2018\/03\/14524434_1106112876131411_958039263622046936_o.jpg","jetpack_sharing_enabled":true,"jetpack_shortlink":"https:\/\/wp.me\/p7ZJR4-7F","jetpack_likes_enabled":false,"jetpack-related-posts":[{"id":1620,"url":"https:\/\/www.grieta.org.mx\/index.php\/2015\/10\/17\/feminicidios-politizados\/","url_meta":{"origin":475,"position":0},"title":"Feminicidios politizados","author":"grieta","date":"17 octubre, 2015","format":false,"excerpt":"Miguel A. Garc\u00eda Toluca Activistas e integrantes de la comunidad feminista calificaron de pandemia la situaci\u00f3n actual de las mujeres en M\u00e9xico en cuanto al rubro de los feminicidios, esto al reprochar la politizaci\u00f3n del tema de la defensa a la mujer. Al inaugurar en Toluca los trabajos del D\u00e9cimo\u2026","rel":"","context":"En &quot;CINTILLO&quot;","block_context":{"text":"CINTILLO","link":"https:\/\/www.grieta.org.mx\/index.php\/category\/cintillo\/"},"img":{"alt_text":"","src":"https:\/\/i0.wp.com\/www.grieta.org.mx\/wp-content\/uploads\/2018\/03\/14524434_1106112876131411_958039263622046936_o.jpg?resize=350%2C200&ssl=1","width":350,"height":200,"srcset":"https:\/\/i0.wp.com\/www.grieta.org.mx\/wp-content\/uploads\/2018\/03\/14524434_1106112876131411_958039263622046936_o.jpg?resize=350%2C200&ssl=1 1x, https:\/\/i0.wp.com\/www.grieta.org.mx\/wp-content\/uploads\/2018\/03\/14524434_1106112876131411_958039263622046936_o.jpg?resize=525%2C300&ssl=1 1.5x, https:\/\/i0.wp.com\/www.grieta.org.mx\/wp-content\/uploads\/2018\/03\/14524434_1106112876131411_958039263622046936_o.jpg?resize=700%2C400&ssl=1 2x"},"classes":[]},{"id":459,"url":"https:\/\/www.grieta.org.mx\/index.php\/2015\/10\/27\/encuentro-nacional-por-nuestrs-presos-de-la-red-vs-represion\/","url_meta":{"origin":475,"position":1},"title":"Encuentro Nacional por Nuestr@s Preso@s de la Red vs Represi\u00f3n","author":"grieta","date":"27 octubre, 2015","format":false,"excerpt":"Radio Zapatista El s\u00e1bado 24 de octubre, organizaciones, colectivos e individuos se reunieron en la comunidad de Tlanixco, en el estado de M\u00e9xico, en el \u201cEncuentro Nacional por Nuestro@s Preso@s\u201c convocado por la Red Vs Represi\u00f3n. En el encuentro se habl\u00f3 de los casos de: Luis Fernando B\u00e1rcenas, Luis Fernando\u2026","rel":"","context":"En &quot;CINTILLO&quot;","block_context":{"text":"CINTILLO","link":"https:\/\/www.grieta.org.mx\/index.php\/category\/cintillo\/"},"img":{"alt_text":"","src":"https:\/\/i0.wp.com\/www.grieta.org.mx\/wp-content\/uploads\/2018\/03\/14524434_1106112876131411_958039263622046936_o.jpg?resize=350%2C200&ssl=1","width":350,"height":200,"srcset":"https:\/\/i0.wp.com\/www.grieta.org.mx\/wp-content\/uploads\/2018\/03\/14524434_1106112876131411_958039263622046936_o.jpg?resize=350%2C200&ssl=1 1x, https:\/\/i0.wp.com\/www.grieta.org.mx\/wp-content\/uploads\/2018\/03\/14524434_1106112876131411_958039263622046936_o.jpg?resize=525%2C300&ssl=1 1.5x, https:\/\/i0.wp.com\/www.grieta.org.mx\/wp-content\/uploads\/2018\/03\/14524434_1106112876131411_958039263622046936_o.jpg?resize=700%2C400&ssl=1 2x"},"classes":[]},{"id":71990,"url":"https:\/\/www.grieta.org.mx\/index.php\/2025\/07\/09\/oaxaca-sera-sede-del-encuentro-nacional-contra-la-gentrificacion-comunidades-indigenas-exigen-alto-a-megaproyectos-y-turistificacion\/","url_meta":{"origin":475,"position":2},"title":"Oaxaca ser\u00e1 sede del Encuentro Nacional Contra la Gentrificaci\u00f3n: comunidades ind\u00edgenas exigen alto a megaproyectos y turistificaci\u00f3n","author":"grieta","date":"9 julio, 2025","format":false,"excerpt":"Imagen: Somos El Medio Del 16 al 21 de julio, organizaciones ind\u00edgenas y colectivos convocan a seis d\u00edas de trabajo y movilizaci\u00f3n en Oaxaca para frenar la gentrificaci\u00f3n y el despojo territorial. Acusan al gobierno estatal de impulsar el desplazamiento de comunidades y convertir la cultura originaria en mercanc\u00eda tur\u00edstica.\u2026","rel":"","context":"En &quot;5. Istmo&quot;","block_context":{"text":"5. Istmo","link":"https:\/\/www.grieta.org.mx\/index.php\/category\/espejos-de-la-resistencia\/5-istmo\/"},"img":{"alt_text":"","src":"https:\/\/i0.wp.com\/www.grieta.org.mx\/wp-content\/uploads\/2025\/07\/516596731_24031654596494878_8772883915710158805_n.webp?resize=350%2C200&ssl=1","width":350,"height":200,"srcset":"https:\/\/i0.wp.com\/www.grieta.org.mx\/wp-content\/uploads\/2025\/07\/516596731_24031654596494878_8772883915710158805_n.webp?resize=350%2C200&ssl=1 1x, https:\/\/i0.wp.com\/www.grieta.org.mx\/wp-content\/uploads\/2025\/07\/516596731_24031654596494878_8772883915710158805_n.webp?resize=525%2C300&ssl=1 1.5x, https:\/\/i0.wp.com\/www.grieta.org.mx\/wp-content\/uploads\/2025\/07\/516596731_24031654596494878_8772883915710158805_n.webp?resize=700%2C400&ssl=1 2x, https:\/\/i0.wp.com\/www.grieta.org.mx\/wp-content\/uploads\/2025\/07\/516596731_24031654596494878_8772883915710158805_n.webp?resize=1050%2C600&ssl=1 3x"},"classes":[]},{"id":30458,"url":"https:\/\/www.grieta.org.mx\/index.php\/2019\/03\/09\/mujeres-de-ecatepec-se-manifiestan-contra-la-violencia-feminicida-estado-de-mexico\/","url_meta":{"origin":475,"position":3},"title":"Mujeres de Ecatepec se manifiestan contra la violencia feminicida (Estado de M\u00e9xico)","author":"grieta","date":"9 marzo, 2019","format":false,"excerpt":"Elisa Mart\u00ednez\/somoselmedio Este 8 de marzo, feministas del Estado de M\u00e9xico marcharon del puente de fierro al Palacio Municipal en Ecatepec para exigir un alto a los feminicidios, desapariciones y a la violencia contra las mujeres. Para dar comienzo a la marcha se realiz\u00f3 un ritual prehisp\u00e1nico a los dioses\u2026","rel":"","context":"En &quot;CINTILLO&quot;","block_context":{"text":"CINTILLO","link":"https:\/\/www.grieta.org.mx\/index.php\/category\/cintillo\/"},"img":{"alt_text":"","src":"https:\/\/i0.wp.com\/www.grieta.org.mx\/wp-content\/uploads\/2019\/03\/WhatsApp-Image-2019-03-09-at-00.19.21-696x464.jpeg?resize=350%2C200&ssl=1","width":350,"height":200,"srcset":"https:\/\/i0.wp.com\/www.grieta.org.mx\/wp-content\/uploads\/2019\/03\/WhatsApp-Image-2019-03-09-at-00.19.21-696x464.jpeg?resize=350%2C200&ssl=1 1x, https:\/\/i0.wp.com\/www.grieta.org.mx\/wp-content\/uploads\/2019\/03\/WhatsApp-Image-2019-03-09-at-00.19.21-696x464.jpeg?resize=525%2C300&ssl=1 1.5x"},"classes":[]},{"id":10513,"url":"https:\/\/www.grieta.org.mx\/index.php\/2015\/10\/07\/encuentro-de-resistencias-territoriales-en-el-distrito-federal-y-estado-de-mexico\/","url_meta":{"origin":475,"position":4},"title":"Encuentro de resistencias territoriales, en el Distrito Federal y Estado de M\u00e9xico.","author":"grieta","date":"7 octubre, 2015","format":false,"excerpt":"No a la Ciudad del Futuro. Vecinos unidos de Coyoac\u00e1n El pasado s\u00e1bado 26 de septiembre, se llev\u00f3 a cabo la conferencia \u201cEncuentro de resistencias territoriales en el Distrito Federal y Estado de M\u00e9xico\u201d, en el Aula IP Enrique Ya\u00f1ez en la Facultad de Arquitectura de la UNAM. Representando a\u2026","rel":"","context":"En &quot;cdmx&quot;","block_context":{"text":"cdmx","link":"https:\/\/www.grieta.org.mx\/index.php\/category\/cdmx\/"},"img":{"alt_text":"","src":"https:\/\/i0.wp.com\/www.grieta.org.mx\/wp-content\/uploads\/2018\/03\/14524434_1106112876131411_958039263622046936_o.jpg?resize=350%2C200&ssl=1","width":350,"height":200,"srcset":"https:\/\/i0.wp.com\/www.grieta.org.mx\/wp-content\/uploads\/2018\/03\/14524434_1106112876131411_958039263622046936_o.jpg?resize=350%2C200&ssl=1 1x, https:\/\/i0.wp.com\/www.grieta.org.mx\/wp-content\/uploads\/2018\/03\/14524434_1106112876131411_958039263622046936_o.jpg?resize=525%2C300&ssl=1 1.5x, https:\/\/i0.wp.com\/www.grieta.org.mx\/wp-content\/uploads\/2018\/03\/14524434_1106112876131411_958039263622046936_o.jpg?resize=700%2C400&ssl=1 2x"},"classes":[]},{"id":24749,"url":"https:\/\/www.grieta.org.mx\/index.php\/2018\/07\/14\/convocatoria-al-primer-encuentro-nacional-de-mujeres\/","url_meta":{"origin":475,"position":5},"title":"Convocatoria al Primer Encuentro Nacional de Mujeres","author":"grieta","date":"14 julio, 2018","format":false,"excerpt":"14 de julio de 2018 A las compa\u00f1eras Concejalas del Concejo Ind\u00edgena de Gobierno A las compa\u00f1eras Delegadas del Congreso Nacional Ind\u00edgena A las compa\u00f1eras de la Sexta Nacional e Internacional A las mujeres que luchan abajo y a la izquierda Reunidas mujeres de Honduras, Argentina, Alemania, Francia, Brasil, Estados\u2026","rel":"","context":"En &quot;CIG&quot;","block_context":{"text":"CIG","link":"https:\/\/www.grieta.org.mx\/index.php\/category\/cig\/"},"img":{"alt_text":"","src":"https:\/\/i0.wp.com\/www.grieta.org.mx\/wp-content\/uploads\/2018\/07\/CNI_Oventic_enero_2017_ReginaLopez-2-768x508.jpg?resize=350%2C200&ssl=1","width":350,"height":200,"srcset":"https:\/\/i0.wp.com\/www.grieta.org.mx\/wp-content\/uploads\/2018\/07\/CNI_Oventic_enero_2017_ReginaLopez-2-768x508.jpg?resize=350%2C200&ssl=1 1x, https:\/\/i0.wp.com\/www.grieta.org.mx\/wp-content\/uploads\/2018\/07\/CNI_Oventic_enero_2017_ReginaLopez-2-768x508.jpg?resize=525%2C300&ssl=1 1.5x, https:\/\/i0.wp.com\/www.grieta.org.mx\/wp-content\/uploads\/2018\/07\/CNI_Oventic_enero_2017_ReginaLopez-2-768x508.jpg?resize=700%2C400&ssl=1 2x"},"classes":[]}],"_links":{"self":[{"href":"https:\/\/www.grieta.org.mx\/index.php\/wp-json\/wp\/v2\/posts\/475","targetHints":{"allow":["GET"]}}],"collection":[{"href":"https:\/\/www.grieta.org.mx\/index.php\/wp-json\/wp\/v2\/posts"}],"about":[{"href":"https:\/\/www.grieta.org.mx\/index.php\/wp-json\/wp\/v2\/types\/post"}],"author":[{"embeddable":true,"href":"https:\/\/www.grieta.org.mx\/index.php\/wp-json\/wp\/v2\/users\/2"}],"replies":[{"embeddable":true,"href":"https:\/\/www.grieta.org.mx\/index.php\/wp-json\/wp\/v2\/comments?post=475"}],"version-history":[{"count":1,"href":"https:\/\/www.grieta.org.mx\/index.php\/wp-json\/wp\/v2\/posts\/475\/revisions"}],"predecessor-version":[{"id":482,"href":"https:\/\/www.grieta.org.mx\/index.php\/wp-json\/wp\/v2\/posts\/475\/revisions\/482"}],"wp:featuredmedia":[{"embeddable":true,"href":"https:\/\/www.grieta.org.mx\/index.php\/wp-json\/wp\/v2\/media\/21928"}],"wp:attachment":[{"href":"https:\/\/www.grieta.org.mx\/index.php\/wp-json\/wp\/v2\/media?parent=475"}],"wp:term":[{"taxonomy":"category","embeddable":true,"href":"https:\/\/www.grieta.org.mx\/index.php\/wp-json\/wp\/v2\/categories?post=475"},{"taxonomy":"post_tag","embeddable":true,"href":"https:\/\/www.grieta.org.mx\/index.php\/wp-json\/wp\/v2\/tags?post=475"}],"curies":[{"name":"wp","href":"https:\/\/api.w.org\/{rel}","templated":true}]}}