{"id":47482,"date":"2020-04-08T01:12:55","date_gmt":"2020-04-08T06:12:55","guid":{"rendered":"http:\/\/www.grieta.org.mx\/?p=47482"},"modified":"2020-04-09T01:19:25","modified_gmt":"2020-04-09T06:19:25","slug":"rinden-homenaje-a-medicos-fallecidos-por-el-coronavirus-monclova-coahuila","status":"publish","type":"post","link":"https:\/\/www.grieta.org.mx\/index.php\/2020\/04\/08\/rinden-homenaje-a-medicos-fallecidos-por-el-coronavirus-monclova-coahuila\/","title":{"rendered":"Rinden homenaje a m\u00e9dicos fallecidos por el Coronavirus (Monclova, Coahuila)"},"content":{"rendered":"<figure id=\"attachment_47483\" aria-describedby=\"caption-attachment-47483\" style=\"width: 800px\" class=\"wp-caption aligncenter\"><img loading=\"lazy\" decoding=\"async\" data-attachment-id=\"47483\" data-permalink=\"https:\/\/www.grieta.org.mx\/index.php\/2020\/04\/08\/rinden-homenaje-a-medicos-fallecidos-por-el-coronavirus-monclova-coahuila\/11-copia-1\/\" data-orig-file=\"https:\/\/www.grieta.org.mx\/wp-content\/uploads\/2020\/04\/11-copia-1.jpg\" data-orig-size=\"709,473\" data-comments-opened=\"0\" data-image-meta=\"{&quot;aperture&quot;:&quot;0&quot;,&quot;credit&quot;:&quot;&quot;,&quot;camera&quot;:&quot;&quot;,&quot;caption&quot;:&quot;&quot;,&quot;created_timestamp&quot;:&quot;0&quot;,&quot;copyright&quot;:&quot;&quot;,&quot;focal_length&quot;:&quot;0&quot;,&quot;iso&quot;:&quot;0&quot;,&quot;shutter_speed&quot;:&quot;0&quot;,&quot;title&quot;:&quot;&quot;,&quot;orientation&quot;:&quot;1&quot;}\" data-image-title=\"11-copia-1\" data-image-description=\"\" data-image-caption=\"&lt;p&gt;Familiares no descartan la posibilidad de demandar al IMSS por las negligencias e irresponsabilidad que han tenido, adem\u00e1s de que ocultan cifras reales de los decesos por el Covid-19&lt;\/p&gt;\n\" data-medium-file=\"https:\/\/www.grieta.org.mx\/wp-content\/uploads\/2020\/04\/11-copia-1-300x200.jpg\" data-large-file=\"https:\/\/www.grieta.org.mx\/wp-content\/uploads\/2020\/04\/11-copia-1.jpg\" class=\"wp-image-47483\" src=\"http:\/\/www.grieta.org.mx\/wp-content\/uploads\/2020\/04\/11-copia-1.jpg\" alt=\"\" width=\"800\" height=\"534\" srcset=\"https:\/\/www.grieta.org.mx\/wp-content\/uploads\/2020\/04\/11-copia-1.jpg 709w, https:\/\/www.grieta.org.mx\/wp-content\/uploads\/2020\/04\/11-copia-1-300x200.jpg 300w\" sizes=\"auto, (max-width: 800px) 100vw, 800px\" \/><figcaption id=\"caption-attachment-47483\" class=\"wp-caption-text\">Familiares no descartan la posibilidad de demandar al IMSS por las negligencias e irresponsabilidad que han tenido, adem\u00e1s de que ocultan cifras reales de los decesos por el Covid-19<\/figcaption><\/figure>\n<p>Roberto Ortiz\/ EL TIEMPO<\/p>\n<p>Con tristeza, con enojo, con sentimientos encontrados, personal de la Cl\u00ednica 7 del IMSS, realizaron un peque\u00f1o pero emotivo homenaje post mortem a sus compa\u00f1eros Elisa Amaya y Walberto Reyes, ambos fallecidos al ser contagiados de coronavirus y considerarlos como v\u00edctimas de la irresponsabilidad de directivos por no actuar en tiempo y forma.<\/p>\n<p>Fue bajo del puente vehicular frente a la Cl\u00ednica 7 del IMSS, donde un grupo de trabajadores del IMSS se reunieron para rendir homenaje a sus compa\u00f1eros ca\u00eddos en el cumplimiento de su deber, realizando adem\u00e1s una oraci\u00f3n.<\/p>\n<p>En el sitio, con dos grandes pancartas dedicadas en su honor, los trabajadores de la salud encendieron veladoras y llevaron rosas rojas, recordando la enorme e invaluable labor de sus compa\u00f1eros, quienes siempre demostraron el amor a su profesi\u00f3n.<\/p>\n<p>Durante la oraci\u00f3n, varios de los presentes se\u00f1alaron que era necesario seguir alzando la voz a efecto de que en el IMSS, los directivos y la gente del Sindicato se percaten que est\u00e1n m\u00e1s unidos que nunca y que se debe de tener la responsabilidad de enfrentar las situaciones que viven y no dejar al personal a la deriva.<\/p>\n<p>Sostuvieron que la p\u00e9rdida de sus compa\u00f1eros y el estado en que se encuentran otros m\u00e9dicos tambi\u00e9n contagiados, les parte el coraz\u00f3n al ser todos una familia.<\/p>\n<p>PODR\u00cdAN DENUNCIAL AL IMSS<\/p>\n<p>\u00a8En el IMSS dejaron morir a mi hermana, la abandonaron cuando m\u00e1s necesitaba,\u00a8 detallaron familiares de la doctora Elisa Amaya, quienes analizan ya la posibilidad de demandar al Seguro Social por la irresponsabilidad que ha tenido el IMSS, donde se empe\u00f1an en enga\u00f1ar a la ciudadan\u00eda escondiendo las verdaderas cifras de muertes por COVID-19 el cual disfrazan aseguraron con dictamen de neumon\u00eda at\u00edpica.<\/p>\n<p>Con l\u00e1grimas en sus ojos, Rosy Amaya, hermana de la doctora Elisa Amaya, quien lamentablemente falleci\u00f3 el pasado domingo, sostuvo que en el Seguro Social est\u00e1n actuando de forma irresponsable al tratar de enga\u00f1ar a la poblaci\u00f3n diciendo que las personas mueren por neumon\u00eda, cuando, sostuvo, ellos saben que es el COVID lo que est\u00e1 matando a las personas.<\/p>\n<p>Asegur\u00f3 que a su hermana la dejaron morir al no haber m\u00e9dicos en el \u00e1rea de urgencias y no contar con las pruebas correspondientes, ni los aparatos necesarios para hacer frente a la situaci\u00f3n, con lo que adem\u00e1s de dejar en el desamparo a su hermana, al doctor Walberto Reyes y a todos los que se han ido.<\/p>\n<p>Sostuvo que por la presi\u00f3n que ejercieron y gracias al respaldo que les dio su hermano Ra\u00fal Amaya, quien es m\u00e9dico en el IMSS de Piedras Negras, fue que el Seguro Social, se decidi\u00f3 a realizar la prueba de coronavirus a su hermana, dando positivo al COVID-19.<\/p>\n<p><a href=\"https:\/\/periodicoeltiempo.mx\/rinden-homenaje-a-medicos-fallecidos-por-el-coronavirus\/\" target=\"_blank\" rel=\"noopener noreferrer\">https:\/\/periodicoeltiempo.mx\/rinden-homenaje-a-medicos-fallecidos-por-el-coronavirus\/<\/a><\/p>\n","protected":false},"excerpt":{"rendered":"<p>Roberto Ortiz\/ EL TIEMPO Con tristeza, con enojo, con sentimientos encontrados, personal de la Cl\u00ednica 7 del IMSS, realizaron un peque\u00f1o pero emotivo homenaje post mortem a sus compa\u00f1eros Elisa &hellip; <a href=\"https:\/\/www.grieta.org.mx\/index.php\/2020\/04\/08\/rinden-homenaje-a-medicos-fallecidos-por-el-coronavirus-monclova-coahuila\/\" class=\"more-link\">Leer m\u00e1s<\/a><\/p>\n","protected":false},"author":2,"featured_media":47483,"comment_status":"closed","ping_status":"closed","sticky":false,"template":"","format":"standard","meta":{"ngg_post_thumbnail":0,"_jetpack_newsletter_access":"","_jetpack_dont_email_post_to_subs":false,"_jetpack_newsletter_tier_id":0,"_jetpack_memberships_contains_paywalled_content":false,"_jetpack_memberships_contains_paid_content":false,"footnotes":""},"categories":[80,419,3240,918,1739,2,83],"tags":[3241,3284,3285,166,276,3264],"class_list":["post-47482","post","type-post","status-publish","format-standard","has-post-thumbnail","hentry","category-cintillo","category-coahuila","category-covid-19-en-coahuila","category-privatizacion-del-sector-salud","category-crisis-en-el-sector-salud-en-coahuila","category-noticias-nacionales","category-temas-nacionales","tag-covid-19","tag-falta-de-insumos-en-hospitales","tag-homenaje-a-trabajadores-de-la-salud-caidos","tag-imss","tag-monclova","tag-muerte-de-medicos","entry"],"jetpack_featured_media_url":"https:\/\/www.grieta.org.mx\/wp-content\/uploads\/2020\/04\/11-copia-1.jpg","jetpack_sharing_enabled":true,"jetpack_shortlink":"https:\/\/wp.me\/p7ZJR4-clQ","jetpack_likes_enabled":false,"jetpack-related-posts":[{"id":47028,"url":"https:\/\/www.grieta.org.mx\/index.php\/2020\/03\/29\/8-medicos-y-8-enfermeras-han-dado-positivo-en-pruebas-de-coronavirus-en-monclova-coahuila\/","url_meta":{"origin":47482,"position":0},"title":"8 m\u00e9dicos y 8 enfermeras han dado positivo en pruebas de coronavirus en Monclova, Coahuila","author":"grieta","date":"29 marzo, 2020","format":false,"excerpt":"En Coahuila se han registrado 33 casos de COVID-19, de los cuales 20 han sido en la ciudad de Monclova. \u00a0 ANIMAL POL\u00cdTICO El gobernador de Coahuila, Miguel \u00c1ngel Riquelme, detall\u00f3 este domingo que de los 20 casos de COVID-19 que se han dado en el municipio de Monclova, 8\u2026","rel":"","context":"En &quot;CINTILLO&quot;","block_context":{"text":"CINTILLO","link":"https:\/\/www.grieta.org.mx\/index.php\/category\/cintillo\/"},"img":{"alt_text":"","src":"https:\/\/i0.wp.com\/www.grieta.org.mx\/wp-content\/uploads\/2018\/03\/14524434_1106112876131411_958039263622046936_o.jpg?resize=350%2C200&ssl=1","width":350,"height":200,"srcset":"https:\/\/i0.wp.com\/www.grieta.org.mx\/wp-content\/uploads\/2018\/03\/14524434_1106112876131411_958039263622046936_o.jpg?resize=350%2C200&ssl=1 1x, https:\/\/i0.wp.com\/www.grieta.org.mx\/wp-content\/uploads\/2018\/03\/14524434_1106112876131411_958039263622046936_o.jpg?resize=525%2C300&ssl=1 1.5x, https:\/\/i0.wp.com\/www.grieta.org.mx\/wp-content\/uploads\/2018\/03\/14524434_1106112876131411_958039263622046936_o.jpg?resize=700%2C400&ssl=1 2x"},"classes":[]},{"id":47476,"url":"https:\/\/www.grieta.org.mx\/index.php\/2020\/04\/08\/fallece-por-coronavirus-subdirector-del-imss-7-en-monclova-coahuila\/","url_meta":{"origin":47482,"position":1},"title":"Fallece por coronavirus subdirector del IMSS 7 en Monclova (Coahuila)","author":"grieta","date":"8 abril, 2020","format":false,"excerpt":"El director de protecci\u00f3n civil, Agust\u00edn Ramos P\u00e9rez confirm\u00f3 el fallecimiento Sergio A. Rodr\u00edguez\/ EL SIGLO DE TORRE\u00d3N El subdirector administrativo del Hospital General de Zona n\u00famero 7 (HGZ No. 7) del Instituto Mexicano del Seguro Social (IMSS), Mario Trejo, falleci\u00f3 en las primeras horas de este mi\u00e9rcoles. El director\u2026","rel":"","context":"En &quot;CINTILLO&quot;","block_context":{"text":"CINTILLO","link":"https:\/\/www.grieta.org.mx\/index.php\/category\/cintillo\/"},"img":{"alt_text":"","src":"https:\/\/i0.wp.com\/www.grieta.org.mx\/wp-content\/uploads\/2020\/04\/1297847.jpeg?resize=350%2C200&ssl=1","width":350,"height":200,"srcset":"https:\/\/i0.wp.com\/www.grieta.org.mx\/wp-content\/uploads\/2020\/04\/1297847.jpeg?resize=350%2C200&ssl=1 1x, https:\/\/i0.wp.com\/www.grieta.org.mx\/wp-content\/uploads\/2020\/04\/1297847.jpeg?resize=525%2C300&ssl=1 1.5x, https:\/\/i0.wp.com\/www.grieta.org.mx\/wp-content\/uploads\/2020\/04\/1297847.jpeg?resize=700%2C400&ssl=1 2x"},"classes":[]},{"id":47244,"url":"https:\/\/www.grieta.org.mx\/index.php\/2020\/04\/03\/combatiran-especialistas-contagio-de-coronasvirus-en-la-clinica-7-del-imss-de-monclova-coahuila\/","url_meta":{"origin":47482,"position":2},"title":"Combatir\u00e1n especialistas contagio de coronasvirus en la Cl\u00ednica 7 del IMSS de Monclova (Coahuila)","author":"grieta","date":"3 abril, 2020","format":false,"excerpt":"Lidiet Mexicano\/ VANGUARDIA MX El nosocomio tiene a m\u00e1s de 30 m\u00e9dicos y enfermeras infectados Equipos de m\u00e9dicos especializados, arribar\u00e1n a la cl\u00ednica 7 del IMSS en Monclova para hacer frente al contagio comunitario que se inici\u00f3 al interior del nosocomio y que al momento tiene a m\u00e1s de 30\u2026","rel":"","context":"En &quot;CINTILLO&quot;","block_context":{"text":"CINTILLO","link":"https:\/\/www.grieta.org.mx\/index.php\/category\/cintillo\/"},"img":{"alt_text":"","src":"https:\/\/i0.wp.com\/www.grieta.org.mx\/wp-content\/uploads\/2018\/03\/14524434_1106112876131411_958039263622046936_o.jpg?resize=350%2C200&ssl=1","width":350,"height":200,"srcset":"https:\/\/i0.wp.com\/www.grieta.org.mx\/wp-content\/uploads\/2018\/03\/14524434_1106112876131411_958039263622046936_o.jpg?resize=350%2C200&ssl=1 1x, https:\/\/i0.wp.com\/www.grieta.org.mx\/wp-content\/uploads\/2018\/03\/14524434_1106112876131411_958039263622046936_o.jpg?resize=525%2C300&ssl=1 1.5x, https:\/\/i0.wp.com\/www.grieta.org.mx\/wp-content\/uploads\/2018\/03\/14524434_1106112876131411_958039263622046936_o.jpg?resize=700%2C400&ssl=1 2x"},"classes":[]},{"id":47479,"url":"https:\/\/www.grieta.org.mx\/index.php\/2020\/04\/08\/disfraza-imss-muertes-por-el-coronavirus-coahuila\/","url_meta":{"origin":47482,"position":3},"title":"Disfraza IMSS muertes por el coronavirus (Coahuila)","author":"grieta","date":"8 abril, 2020","format":false,"excerpt":"Wendy V\u00e1zquez\/ Z\u00d3CALO Periodista narra la odisea que pas\u00f3 su familia por el fallecimiento de su padre Monclova, Coah.- Los casos de fallecimiento por \u201cneumon\u00eda at\u00edpica\u201d siguen registr\u00e1ndose en Monclova sin que a la fecha se tenga un n\u00famero determinado de cu\u00e1ntos casos se han certificado por esta causa y\u2026","rel":"","context":"En &quot;CINTILLO&quot;","block_context":{"text":"CINTILLO","link":"https:\/\/www.grieta.org.mx\/index.php\/category\/cintillo\/"},"img":{"alt_text":"","src":"https:\/\/i0.wp.com\/www.grieta.org.mx\/wp-content\/uploads\/2020\/04\/imss-1586347127-621x354.jpg?resize=350%2C200&ssl=1","width":350,"height":200,"srcset":"https:\/\/i0.wp.com\/www.grieta.org.mx\/wp-content\/uploads\/2020\/04\/imss-1586347127-621x354.jpg?resize=350%2C200&ssl=1 1x, https:\/\/i0.wp.com\/www.grieta.org.mx\/wp-content\/uploads\/2020\/04\/imss-1586347127-621x354.jpg?resize=525%2C300&ssl=1 1.5x"},"classes":[]},{"id":47339,"url":"https:\/\/www.grieta.org.mx\/index.php\/2020\/04\/06\/en-monclova-mueren-doctora-y-padre-de-reportera-sospechoso-de-covid-19-coahuila\/","url_meta":{"origin":47482,"position":4},"title":"En Monclova, mueren doctora y padre de reportera, sospechoso de COVID-19 (Coahuila)","author":"grieta","date":"6 abril, 2020","format":false,"excerpt":"VANGUARDIA MX Aunque la neumon\u00eda fue la causa del fallecimiento de la m\u00e9dico, su hermana exigi\u00f3 a trav\u00e9s de una publicaci\u00f3n, aplicar al cuerpo la prueba de COVID-19 y que esclarezca la situaci\u00f3n de su muerte Luego de la ola de contagios de coronavirus que padeci\u00f3 el Hospital General de\u2026","rel":"","context":"En &quot;Coahuila&quot;","block_context":{"text":"Coahuila","link":"https:\/\/www.grieta.org.mx\/index.php\/category\/noticias-nacionales\/coahuila\/"},"img":{"alt_text":"","src":"https:\/\/i0.wp.com\/www.grieta.org.mx\/wp-content\/uploads\/2020\/04\/dscn3544-1_0_0.jpg?resize=350%2C200&ssl=1","width":350,"height":200,"srcset":"https:\/\/i0.wp.com\/www.grieta.org.mx\/wp-content\/uploads\/2020\/04\/dscn3544-1_0_0.jpg?resize=350%2C200&ssl=1 1x, https:\/\/i0.wp.com\/www.grieta.org.mx\/wp-content\/uploads\/2020\/04\/dscn3544-1_0_0.jpg?resize=525%2C300&ssl=1 1.5x, https:\/\/i0.wp.com\/www.grieta.org.mx\/wp-content\/uploads\/2020\/04\/dscn3544-1_0_0.jpg?resize=700%2C400&ssl=1 2x"},"classes":[]},{"id":47996,"url":"https:\/\/www.grieta.org.mx\/index.php\/2020\/04\/17\/discriminan-a-medicos-y-enfermeros-de-la-clinica-7-de-monclova-por-covid-19-coahuila\/","url_meta":{"origin":47482,"position":5},"title":"Discriminan a m\u00e9dicos y enfermeros de la cl\u00ednica 7 de Monclova por COVID-19 (Coahuila)","author":"grieta","date":"17 abril, 2020","format":false,"excerpt":"Lidiet Mexicano\/ VANGUARDIA MX Les niegan servicios y acceso a ciertos puntos de la regi\u00f3n M\u00e9dicos y enfermeros de la cl\u00ednica 7 del IMSS de Monclova, donde se atiende a pacientes positivos de COVID-19 han sido discriminados y a trav\u00e9s de redes han denunciado los comentarios y tratos que reciben\u2026","rel":"","context":"En &quot;CINTILLO&quot;","block_context":{"text":"CINTILLO","link":"https:\/\/www.grieta.org.mx\/index.php\/category\/cintillo\/"},"img":{"alt_text":"","src":"https:\/\/i0.wp.com\/www.grieta.org.mx\/wp-content\/uploads\/2020\/04\/234_9.jpg?resize=350%2C200&ssl=1","width":350,"height":200,"srcset":"https:\/\/i0.wp.com\/www.grieta.org.mx\/wp-content\/uploads\/2020\/04\/234_9.jpg?resize=350%2C200&ssl=1 1x, https:\/\/i0.wp.com\/www.grieta.org.mx\/wp-content\/uploads\/2020\/04\/234_9.jpg?resize=525%2C300&ssl=1 1.5x, https:\/\/i0.wp.com\/www.grieta.org.mx\/wp-content\/uploads\/2020\/04\/234_9.jpg?resize=700%2C400&ssl=1 2x"},"classes":[]}],"_links":{"self":[{"href":"https:\/\/www.grieta.org.mx\/index.php\/wp-json\/wp\/v2\/posts\/47482","targetHints":{"allow":["GET"]}}],"collection":[{"href":"https:\/\/www.grieta.org.mx\/index.php\/wp-json\/wp\/v2\/posts"}],"about":[{"href":"https:\/\/www.grieta.org.mx\/index.php\/wp-json\/wp\/v2\/types\/post"}],"author":[{"embeddable":true,"href":"https:\/\/www.grieta.org.mx\/index.php\/wp-json\/wp\/v2\/users\/2"}],"replies":[{"embeddable":true,"href":"https:\/\/www.grieta.org.mx\/index.php\/wp-json\/wp\/v2\/comments?post=47482"}],"version-history":[{"count":1,"href":"https:\/\/www.grieta.org.mx\/index.php\/wp-json\/wp\/v2\/posts\/47482\/revisions"}],"predecessor-version":[{"id":47484,"href":"https:\/\/www.grieta.org.mx\/index.php\/wp-json\/wp\/v2\/posts\/47482\/revisions\/47484"}],"wp:featuredmedia":[{"embeddable":true,"href":"https:\/\/www.grieta.org.mx\/index.php\/wp-json\/wp\/v2\/media\/47483"}],"wp:attachment":[{"href":"https:\/\/www.grieta.org.mx\/index.php\/wp-json\/wp\/v2\/media?parent=47482"}],"wp:term":[{"taxonomy":"category","embeddable":true,"href":"https:\/\/www.grieta.org.mx\/index.php\/wp-json\/wp\/v2\/categories?post=47482"},{"taxonomy":"post_tag","embeddable":true,"href":"https:\/\/www.grieta.org.mx\/index.php\/wp-json\/wp\/v2\/tags?post=47482"}],"curies":[{"name":"wp","href":"https:\/\/api.w.org\/{rel}","templated":true}]}}