{"id":47476,"date":"2020-04-08T19:21:24","date_gmt":"2020-04-09T00:21:24","guid":{"rendered":"http:\/\/www.grieta.org.mx\/?p=47476"},"modified":"2020-04-08T19:21:24","modified_gmt":"2020-04-09T00:21:24","slug":"fallece-por-coronavirus-subdirector-del-imss-7-en-monclova-coahuila","status":"publish","type":"post","link":"https:\/\/www.grieta.org.mx\/index.php\/2020\/04\/08\/fallece-por-coronavirus-subdirector-del-imss-7-en-monclova-coahuila\/","title":{"rendered":"Fallece por coronavirus subdirector del IMSS 7 en Monclova (Coahuila)"},"content":{"rendered":"<p class=\"news-balazo pl-3 pt-1 pr-4  mb-3\"><strong>El director de protecci\u00f3n civil, Agust\u00edn Ramos P\u00e9rez confirm\u00f3 el fallecimiento<\/strong><\/p>\n<p>Sergio A. Rodr\u00edguez\/ EL SIGLO DE TORRE\u00d3N<\/p>\n<p><img loading=\"lazy\" decoding=\"async\" data-attachment-id=\"47477\" data-permalink=\"https:\/\/www.grieta.org.mx\/index.php\/2020\/04\/08\/fallece-por-coronavirus-subdirector-del-imss-7-en-monclova-coahuila\/attachment\/1297847\/\" data-orig-file=\"https:\/\/www.grieta.org.mx\/wp-content\/uploads\/2020\/04\/1297847.jpeg\" data-orig-size=\"1024,768\" data-comments-opened=\"0\" data-image-meta=\"{&quot;aperture&quot;:&quot;0&quot;,&quot;credit&quot;:&quot;&quot;,&quot;camera&quot;:&quot;&quot;,&quot;caption&quot;:&quot;&quot;,&quot;created_timestamp&quot;:&quot;0&quot;,&quot;copyright&quot;:&quot;&quot;,&quot;focal_length&quot;:&quot;0&quot;,&quot;iso&quot;:&quot;0&quot;,&quot;shutter_speed&quot;:&quot;0&quot;,&quot;title&quot;:&quot;&quot;,&quot;orientation&quot;:&quot;0&quot;}\" data-image-title=\"1297847\" data-image-description=\"\" data-image-caption=\"\" data-medium-file=\"https:\/\/www.grieta.org.mx\/wp-content\/uploads\/2020\/04\/1297847-300x225.jpeg\" data-large-file=\"https:\/\/www.grieta.org.mx\/wp-content\/uploads\/2020\/04\/1297847-1024x768.jpeg\" class=\"aligncenter wp-image-47477\" src=\"http:\/\/www.grieta.org.mx\/wp-content\/uploads\/2020\/04\/1297847.jpeg\" alt=\"\" width=\"800\" height=\"600\" srcset=\"https:\/\/www.grieta.org.mx\/wp-content\/uploads\/2020\/04\/1297847.jpeg 1024w, https:\/\/www.grieta.org.mx\/wp-content\/uploads\/2020\/04\/1297847-300x225.jpeg 300w, https:\/\/www.grieta.org.mx\/wp-content\/uploads\/2020\/04\/1297847-768x576.jpeg 768w, https:\/\/www.grieta.org.mx\/wp-content\/uploads\/2020\/04\/1297847-667x500.jpeg 667w\" sizes=\"auto, (max-width: 800px) 100vw, 800px\" \/><\/p>\n<p>El subdirector administrativo del Hospital General de Zona n\u00famero 7 (HGZ No. 7) del Instituto Mexicano del Seguro Social (IMSS), Mario Trejo, falleci\u00f3 en las primeras horas de este mi\u00e9rcoles.<\/p>\n<p>El director de protecci\u00f3n civil de Monclova, Agust\u00edn Ramos P\u00e9rez, confirm\u00f3 el fallecimiento del funcionario federal diagnosticado con coronavirus.<\/p>\n<p>El servidor p\u00fablico municipal indic\u00f3 que respecto al subdirector del hospital, d\u00edas atr\u00e1s hab\u00eda sido diagnosticado con COVID-19.<\/p>\n<p>El Comit\u00e9 estatal de salud confirm\u00f3 el Monclova a la muerte de una persona de 43 a\u00f1os de edad, confirmada con coronavirus el pasado 30 de marzo, pero no revel\u00f3 que trat\u00f3 o del subdirector administrativo del Hospital.<\/p>\n<p>En el corte informativo del mediod\u00eda de este mi\u00e9rcoles, las autoridades confirmaron siete nuevos casos de 19 en el estado, de los que cinco corresponden a Monclova.<\/p>\n<p>Con esto suman 69 confirmados en Monclova con la enfermedad, dos m\u00e1s en el municipio de Frontera como parte de su zona metropolitana, y seis defunciones del total de estos casos.<\/p>\n<p><a href=\"https:\/\/www.elsiglodetorreon.com.mx\/noticia\/1692008.fallece-por-coronavirus-subdirector-del-imss-7-en-monclova.html\" rel=\"noopener noreferrer\" target=\"_blank\">https:\/\/www.elsiglodetorreon.com.mx\/noticia\/1692008.fallece-por-coronavirus-subdirector-del-imss-7-en-monclova.html<\/a><\/p>\n","protected":false},"excerpt":{"rendered":"<p>El director de protecci\u00f3n civil, Agust\u00edn Ramos P\u00e9rez confirm\u00f3 el fallecimiento Sergio A. Rodr\u00edguez\/ EL SIGLO DE TORRE\u00d3N El subdirector administrativo del Hospital General de Zona n\u00famero 7 (HGZ No. &hellip; <a href=\"https:\/\/www.grieta.org.mx\/index.php\/2020\/04\/08\/fallece-por-coronavirus-subdirector-del-imss-7-en-monclova-coahuila\/\" class=\"more-link\">Leer m\u00e1s<\/a><\/p>\n","protected":false},"author":2,"featured_media":47477,"comment_status":"closed","ping_status":"closed","sticky":false,"template":"","format":"standard","meta":{"ngg_post_thumbnail":0,"_jetpack_newsletter_access":"","_jetpack_dont_email_post_to_subs":false,"_jetpack_newsletter_tier_id":0,"_jetpack_memberships_contains_paywalled_content":false,"_jetpack_memberships_contains_paid_content":false,"footnotes":""},"categories":[80,419,3240,2],"tags":[3281,3267,3241,276],"class_list":["post-47476","post","type-post","status-publish","format-standard","has-post-thumbnail","hentry","category-cintillo","category-coahuila","category-covid-19-en-coahuila","category-noticias-nacionales","tag-contagio-comunitario","tag-contagios-en-hospitales","tag-covid-19","tag-monclova","entry"],"jetpack_featured_media_url":"https:\/\/www.grieta.org.mx\/wp-content\/uploads\/2020\/04\/1297847.jpeg","jetpack_sharing_enabled":true,"jetpack_shortlink":"https:\/\/wp.me\/p7ZJR4-clK","jetpack_likes_enabled":false,"jetpack-related-posts":[{"id":47479,"url":"https:\/\/www.grieta.org.mx\/index.php\/2020\/04\/08\/disfraza-imss-muertes-por-el-coronavirus-coahuila\/","url_meta":{"origin":47476,"position":0},"title":"Disfraza IMSS muertes por el coronavirus (Coahuila)","author":"grieta","date":"8 abril, 2020","format":false,"excerpt":"Wendy V\u00e1zquez\/ Z\u00d3CALO Periodista narra la odisea que pas\u00f3 su familia por el fallecimiento de su padre Monclova, Coah.- Los casos de fallecimiento por \u201cneumon\u00eda at\u00edpica\u201d siguen registr\u00e1ndose en Monclova sin que a la fecha se tenga un n\u00famero determinado de cu\u00e1ntos casos se han certificado por esta causa y\u2026","rel":"","context":"En &quot;CINTILLO&quot;","block_context":{"text":"CINTILLO","link":"https:\/\/www.grieta.org.mx\/index.php\/category\/cintillo\/"},"img":{"alt_text":"","src":"https:\/\/i0.wp.com\/www.grieta.org.mx\/wp-content\/uploads\/2020\/04\/imss-1586347127-621x354.jpg?resize=350%2C200&ssl=1","width":350,"height":200,"srcset":"https:\/\/i0.wp.com\/www.grieta.org.mx\/wp-content\/uploads\/2020\/04\/imss-1586347127-621x354.jpg?resize=350%2C200&ssl=1 1x, https:\/\/i0.wp.com\/www.grieta.org.mx\/wp-content\/uploads\/2020\/04\/imss-1586347127-621x354.jpg?resize=525%2C300&ssl=1 1.5x"},"classes":[]},{"id":47339,"url":"https:\/\/www.grieta.org.mx\/index.php\/2020\/04\/06\/en-monclova-mueren-doctora-y-padre-de-reportera-sospechoso-de-covid-19-coahuila\/","url_meta":{"origin":47476,"position":1},"title":"En Monclova, mueren doctora y padre de reportera, sospechoso de COVID-19 (Coahuila)","author":"grieta","date":"6 abril, 2020","format":false,"excerpt":"VANGUARDIA MX Aunque la neumon\u00eda fue la causa del fallecimiento de la m\u00e9dico, su hermana exigi\u00f3 a trav\u00e9s de una publicaci\u00f3n, aplicar al cuerpo la prueba de COVID-19 y que esclarezca la situaci\u00f3n de su muerte Luego de la ola de contagios de coronavirus que padeci\u00f3 el Hospital General de\u2026","rel":"","context":"En &quot;Coahuila&quot;","block_context":{"text":"Coahuila","link":"https:\/\/www.grieta.org.mx\/index.php\/category\/noticias-nacionales\/coahuila\/"},"img":{"alt_text":"","src":"https:\/\/i0.wp.com\/www.grieta.org.mx\/wp-content\/uploads\/2020\/04\/dscn3544-1_0_0.jpg?resize=350%2C200&ssl=1","width":350,"height":200,"srcset":"https:\/\/i0.wp.com\/www.grieta.org.mx\/wp-content\/uploads\/2020\/04\/dscn3544-1_0_0.jpg?resize=350%2C200&ssl=1 1x, https:\/\/i0.wp.com\/www.grieta.org.mx\/wp-content\/uploads\/2020\/04\/dscn3544-1_0_0.jpg?resize=525%2C300&ssl=1 1.5x, https:\/\/i0.wp.com\/www.grieta.org.mx\/wp-content\/uploads\/2020\/04\/dscn3544-1_0_0.jpg?resize=700%2C400&ssl=1 2x"},"classes":[]},{"id":47028,"url":"https:\/\/www.grieta.org.mx\/index.php\/2020\/03\/29\/8-medicos-y-8-enfermeras-han-dado-positivo-en-pruebas-de-coronavirus-en-monclova-coahuila\/","url_meta":{"origin":47476,"position":2},"title":"8 m\u00e9dicos y 8 enfermeras han dado positivo en pruebas de coronavirus en Monclova, Coahuila","author":"grieta","date":"29 marzo, 2020","format":false,"excerpt":"En Coahuila se han registrado 33 casos de COVID-19, de los cuales 20 han sido en la ciudad de Monclova. \u00a0 ANIMAL POL\u00cdTICO El gobernador de Coahuila, Miguel \u00c1ngel Riquelme, detall\u00f3 este domingo que de los 20 casos de COVID-19 que se han dado en el municipio de Monclova, 8\u2026","rel":"","context":"En &quot;CINTILLO&quot;","block_context":{"text":"CINTILLO","link":"https:\/\/www.grieta.org.mx\/index.php\/category\/cintillo\/"},"img":{"alt_text":"","src":"https:\/\/i0.wp.com\/www.grieta.org.mx\/wp-content\/uploads\/2018\/03\/14524434_1106112876131411_958039263622046936_o.jpg?resize=350%2C200&ssl=1","width":350,"height":200,"srcset":"https:\/\/i0.wp.com\/www.grieta.org.mx\/wp-content\/uploads\/2018\/03\/14524434_1106112876131411_958039263622046936_o.jpg?resize=350%2C200&ssl=1 1x, https:\/\/i0.wp.com\/www.grieta.org.mx\/wp-content\/uploads\/2018\/03\/14524434_1106112876131411_958039263622046936_o.jpg?resize=525%2C300&ssl=1 1.5x, https:\/\/i0.wp.com\/www.grieta.org.mx\/wp-content\/uploads\/2018\/03\/14524434_1106112876131411_958039263622046936_o.jpg?resize=700%2C400&ssl=1 2x"},"classes":[]},{"id":47244,"url":"https:\/\/www.grieta.org.mx\/index.php\/2020\/04\/03\/combatiran-especialistas-contagio-de-coronasvirus-en-la-clinica-7-del-imss-de-monclova-coahuila\/","url_meta":{"origin":47476,"position":3},"title":"Combatir\u00e1n especialistas contagio de coronasvirus en la Cl\u00ednica 7 del IMSS de Monclova (Coahuila)","author":"grieta","date":"3 abril, 2020","format":false,"excerpt":"Lidiet Mexicano\/ VANGUARDIA MX El nosocomio tiene a m\u00e1s de 30 m\u00e9dicos y enfermeras infectados Equipos de m\u00e9dicos especializados, arribar\u00e1n a la cl\u00ednica 7 del IMSS en Monclova para hacer frente al contagio comunitario que se inici\u00f3 al interior del nosocomio y que al momento tiene a m\u00e1s de 30\u2026","rel":"","context":"En &quot;CINTILLO&quot;","block_context":{"text":"CINTILLO","link":"https:\/\/www.grieta.org.mx\/index.php\/category\/cintillo\/"},"img":{"alt_text":"","src":"https:\/\/i0.wp.com\/www.grieta.org.mx\/wp-content\/uploads\/2018\/03\/14524434_1106112876131411_958039263622046936_o.jpg?resize=350%2C200&ssl=1","width":350,"height":200,"srcset":"https:\/\/i0.wp.com\/www.grieta.org.mx\/wp-content\/uploads\/2018\/03\/14524434_1106112876131411_958039263622046936_o.jpg?resize=350%2C200&ssl=1 1x, https:\/\/i0.wp.com\/www.grieta.org.mx\/wp-content\/uploads\/2018\/03\/14524434_1106112876131411_958039263622046936_o.jpg?resize=525%2C300&ssl=1 1.5x, https:\/\/i0.wp.com\/www.grieta.org.mx\/wp-content\/uploads\/2018\/03\/14524434_1106112876131411_958039263622046936_o.jpg?resize=700%2C400&ssl=1 2x"},"classes":[]},{"id":47346,"url":"https:\/\/www.grieta.org.mx\/index.php\/2020\/04\/03\/piden-enfermeros-de-hospital-general-de-monclova-se-les-realicen-pruebas-de-covid-19-coahuila\/","url_meta":{"origin":47476,"position":4},"title":"Piden enfermeros de Hospital General de Monclova se les realicen pruebas de COVID-19 (Coahuila)","author":"grieta","date":"3 abril, 2020","format":false,"excerpt":"Lidiet Mexicano\/ VANGUARDIA MX S\u00f3lo autorizaron 25 pruebas para el equipo de enfermeros y algunos m\u00e9dicos Al haber estado en contacto con dos pacientes portadores de COVID-19, personal de enfermer\u00eda del Hospital General Amparo Pape de Benavides se manifest\u00f3 al exterior del nosocomio para exigir a la Secretar\u00eda de Salud\u2026","rel":"","context":"En &quot;CINTILLO&quot;","block_context":{"text":"CINTILLO","link":"https:\/\/www.grieta.org.mx\/index.php\/category\/cintillo\/"},"img":{"alt_text":"","src":"https:\/\/i0.wp.com\/www.grieta.org.mx\/wp-content\/uploads\/2020\/04\/f6ad8a28-19cc-42a8-b195-0ead6f5d8044.jpg?resize=350%2C200&ssl=1","width":350,"height":200,"srcset":"https:\/\/i0.wp.com\/www.grieta.org.mx\/wp-content\/uploads\/2020\/04\/f6ad8a28-19cc-42a8-b195-0ead6f5d8044.jpg?resize=350%2C200&ssl=1 1x, https:\/\/i0.wp.com\/www.grieta.org.mx\/wp-content\/uploads\/2020\/04\/f6ad8a28-19cc-42a8-b195-0ead6f5d8044.jpg?resize=525%2C300&ssl=1 1.5x, https:\/\/i0.wp.com\/www.grieta.org.mx\/wp-content\/uploads\/2020\/04\/f6ad8a28-19cc-42a8-b195-0ead6f5d8044.jpg?resize=700%2C400&ssl=1 2x"},"classes":[]},{"id":47482,"url":"https:\/\/www.grieta.org.mx\/index.php\/2020\/04\/08\/rinden-homenaje-a-medicos-fallecidos-por-el-coronavirus-monclova-coahuila\/","url_meta":{"origin":47476,"position":5},"title":"Rinden homenaje a m\u00e9dicos fallecidos por el Coronavirus (Monclova, Coahuila)","author":"grieta","date":"8 abril, 2020","format":false,"excerpt":"Roberto Ortiz\/ EL TIEMPO Con tristeza, con enojo, con sentimientos encontrados, personal de la Cl\u00ednica 7 del IMSS, realizaron un peque\u00f1o pero emotivo homenaje post mortem a sus compa\u00f1eros Elisa Amaya y Walberto Reyes, ambos fallecidos al ser contagiados de coronavirus y considerarlos como v\u00edctimas de la irresponsabilidad de directivos\u2026","rel":"","context":"En &quot;CINTILLO&quot;","block_context":{"text":"CINTILLO","link":"https:\/\/www.grieta.org.mx\/index.php\/category\/cintillo\/"},"img":{"alt_text":"","src":"https:\/\/i0.wp.com\/www.grieta.org.mx\/wp-content\/uploads\/2020\/04\/11-copia-1.jpg?resize=350%2C200&ssl=1","width":350,"height":200,"srcset":"https:\/\/i0.wp.com\/www.grieta.org.mx\/wp-content\/uploads\/2020\/04\/11-copia-1.jpg?resize=350%2C200&ssl=1 1x, https:\/\/i0.wp.com\/www.grieta.org.mx\/wp-content\/uploads\/2020\/04\/11-copia-1.jpg?resize=525%2C300&ssl=1 1.5x, https:\/\/i0.wp.com\/www.grieta.org.mx\/wp-content\/uploads\/2020\/04\/11-copia-1.jpg?resize=700%2C400&ssl=1 2x"},"classes":[]}],"_links":{"self":[{"href":"https:\/\/www.grieta.org.mx\/index.php\/wp-json\/wp\/v2\/posts\/47476","targetHints":{"allow":["GET"]}}],"collection":[{"href":"https:\/\/www.grieta.org.mx\/index.php\/wp-json\/wp\/v2\/posts"}],"about":[{"href":"https:\/\/www.grieta.org.mx\/index.php\/wp-json\/wp\/v2\/types\/post"}],"author":[{"embeddable":true,"href":"https:\/\/www.grieta.org.mx\/index.php\/wp-json\/wp\/v2\/users\/2"}],"replies":[{"embeddable":true,"href":"https:\/\/www.grieta.org.mx\/index.php\/wp-json\/wp\/v2\/comments?post=47476"}],"version-history":[{"count":1,"href":"https:\/\/www.grieta.org.mx\/index.php\/wp-json\/wp\/v2\/posts\/47476\/revisions"}],"predecessor-version":[{"id":47478,"href":"https:\/\/www.grieta.org.mx\/index.php\/wp-json\/wp\/v2\/posts\/47476\/revisions\/47478"}],"wp:featuredmedia":[{"embeddable":true,"href":"https:\/\/www.grieta.org.mx\/index.php\/wp-json\/wp\/v2\/media\/47477"}],"wp:attachment":[{"href":"https:\/\/www.grieta.org.mx\/index.php\/wp-json\/wp\/v2\/media?parent=47476"}],"wp:term":[{"taxonomy":"category","embeddable":true,"href":"https:\/\/www.grieta.org.mx\/index.php\/wp-json\/wp\/v2\/categories?post=47476"},{"taxonomy":"post_tag","embeddable":true,"href":"https:\/\/www.grieta.org.mx\/index.php\/wp-json\/wp\/v2\/tags?post=47476"}],"curies":[{"name":"wp","href":"https:\/\/api.w.org\/{rel}","templated":true}]}}