{"id":47462,"date":"2020-04-08T18:59:41","date_gmt":"2020-04-08T23:59:41","guid":{"rendered":"http:\/\/www.grieta.org.mx\/?p=47462"},"modified":"2020-04-08T18:59:41","modified_gmt":"2020-04-08T23:59:41","slug":"el-sistema-de-salud-de-eu-inasequible-para-los-migrantes-magali-licolli","status":"publish","type":"post","link":"https:\/\/www.grieta.org.mx\/index.php\/2020\/04\/08\/el-sistema-de-salud-de-eu-inasequible-para-los-migrantes-magali-licolli\/","title":{"rendered":"El sistema de salud de EU, inasequible para los migrantes: Magali Licolli"},"content":{"rendered":"<p><img loading=\"lazy\" decoding=\"async\" data-attachment-id=\"47470\" data-permalink=\"https:\/\/www.grieta.org.mx\/index.php\/2020\/04\/08\/el-sistema-de-salud-de-eu-inasequible-para-los-migrantes-magali-licolli\/magali_licolli_kau_sirenio\/\" data-orig-file=\"https:\/\/www.grieta.org.mx\/wp-content\/uploads\/2020\/04\/Magali_Licolli_Kau_sirenio.jpg\" data-orig-size=\"855,534\" data-comments-opened=\"0\" data-image-meta=\"{&quot;aperture&quot;:&quot;0&quot;,&quot;credit&quot;:&quot;&quot;,&quot;camera&quot;:&quot;&quot;,&quot;caption&quot;:&quot;&quot;,&quot;created_timestamp&quot;:&quot;0&quot;,&quot;copyright&quot;:&quot;&quot;,&quot;focal_length&quot;:&quot;0&quot;,&quot;iso&quot;:&quot;0&quot;,&quot;shutter_speed&quot;:&quot;0&quot;,&quot;title&quot;:&quot;&quot;,&quot;orientation&quot;:&quot;1&quot;}\" data-image-title=\"Magali_Licolli_Kau_sirenio\" data-image-description=\"\" data-image-caption=\"\" data-medium-file=\"https:\/\/www.grieta.org.mx\/wp-content\/uploads\/2020\/04\/Magali_Licolli_Kau_sirenio-300x187.jpg\" data-large-file=\"https:\/\/www.grieta.org.mx\/wp-content\/uploads\/2020\/04\/Magali_Licolli_Kau_sirenio.jpg\" class=\"aligncenter wp-image-47470\" src=\"http:\/\/www.grieta.org.mx\/wp-content\/uploads\/2020\/04\/Magali_Licolli_Kau_sirenio.jpg\" alt=\"\" width=\"800\" height=\"500\" srcset=\"https:\/\/www.grieta.org.mx\/wp-content\/uploads\/2020\/04\/Magali_Licolli_Kau_sirenio.jpg 855w, https:\/\/www.grieta.org.mx\/wp-content\/uploads\/2020\/04\/Magali_Licolli_Kau_sirenio-300x187.jpg 300w, https:\/\/www.grieta.org.mx\/wp-content\/uploads\/2020\/04\/Magali_Licolli_Kau_sirenio-768x480.jpg 768w, https:\/\/www.grieta.org.mx\/wp-content\/uploads\/2020\/04\/Magali_Licolli_Kau_sirenio-801x500.jpg 801w\" sizes=\"auto, (max-width: 800px) 100vw, 800px\" \/><\/p>\n<p><strong>Los migrantes indocumentados que enferman en Estados Unidos est\u00e1n a su suerte. El sistema de salud es tan obsoleto, inasequible, y ha sido dise\u00f1ado de tal modo, que excluye por completo a los trabajadores indocumentados <\/strong><\/p>\n<p>Texto y fotos: Kau Sirenio\/ PI\u00c9 DE P\u00c1GINA<\/p>\n<p>La activista Magali Licolli lo dice directamente, sin tapujos: el sistema de salud de los Estados Unidos es obsoleto, inasequible y caro. Y \u201clos migrantes indocumentados sufren tres veces m\u00e1s: por ser migrantes, por no contar con seguro m\u00e9dico y la falta de un salario justo que les permita contratar a la seguranza de un carnet m\u00e9dico; porque si no los tienen, los hospitales simplemente nos los atienden. En este pa\u00eds racista no se respetan los derechos humanos\u201d. As\u00ed lo expresa en entrevista telef\u00f3nica.<\/p>\n<p>La activista trabaj\u00f3 en una cl\u00ednica comunitaria en el Noroeste de Arkansas, donde apoyaba a jornaleros migrantes que llegaban a pedir medicamentos o atenci\u00f3n m\u00e9dica. Despu\u00e9s fund\u00f3 la organizaci\u00f3n Venceremos espacio que le permite hacer trabajo comunitario con jornaleros av\u00edcolas.<\/p>\n<p>\u201cS\u00e9 del problema de salud de Estados Unidos porque trabaj\u00e9 en una cl\u00ednica comunitaria, donde ayudaban a los migrantes mexicanos para su atenci\u00f3n m\u00e9dica, porque no ten\u00edan para pagar la hospitalizaci\u00f3n. Muchos indocumentados se quedaron fuera de servicio m\u00e9dico, porque el requisito del programa que implement\u00f3 el gobierno no les ayud\u00f3 en nada\u201d, expone Licolli.<\/p>\n<p>Nacida en Le\u00f3n, Guanajuato, Magali Licolli habla en entrevista con Pie de P\u00e1gina sobre la crisis que padecen los miles de migrantes latinos que se encuentran en Estados Unidos. Con cinco a\u00f1os de experiencia en cl\u00ednica comunitaria la mexicana pone el dedo en la llaga.<\/p>\n<p>Los empleos que da\u00f1an la salud\u2026 y las empresas que no hacen nada<br \/>\n\u201cCuando habl\u00e9 con los trabajadores de las polleras, supe lo que es vivir sin derecho a la salud. Esto me rompi\u00f3 el coraz\u00f3n. Muchos jornaleros av\u00edcolas no tienen acceso a un m\u00e9dico. Los migrantes de nuestra comunidad tienen necesidad urgente de recibir atenci\u00f3n m\u00e9dica. Porque quedaron heridos de por vida en las polleras. Tienen da\u00f1ados los pulmones por haber estado expuestos a accidentes qu\u00edmicos de los cuales la compa\u00f1\u00eda no se hizo responsable\u201d expone.<\/p>\n<p>Agrega: \u201cLos obreros ni siquiera pudieron trabajar, salieron por cuenta propia porque ya no pudieron seguir en el trabajo, se quedaron sin seguro que le prove\u00eda las polleras el Tyson, George\u2019s, Cargill y Walmart\u201d.<\/p>\n<p><img loading=\"lazy\" decoding=\"async\" data-attachment-id=\"47471\" data-permalink=\"https:\/\/www.grieta.org.mx\/index.php\/2020\/04\/08\/el-sistema-de-salud-de-eu-inasequible-para-los-migrantes-magali-licolli\/workers\/\" data-orig-file=\"https:\/\/www.grieta.org.mx\/wp-content\/uploads\/2020\/04\/workers.jpg\" data-orig-size=\"534,855\" data-comments-opened=\"0\" data-image-meta=\"{&quot;aperture&quot;:&quot;0&quot;,&quot;credit&quot;:&quot;&quot;,&quot;camera&quot;:&quot;&quot;,&quot;caption&quot;:&quot;&quot;,&quot;created_timestamp&quot;:&quot;0&quot;,&quot;copyright&quot;:&quot;&quot;,&quot;focal_length&quot;:&quot;0&quot;,&quot;iso&quot;:&quot;0&quot;,&quot;shutter_speed&quot;:&quot;0&quot;,&quot;title&quot;:&quot;&quot;,&quot;orientation&quot;:&quot;1&quot;}\" data-image-title=\"workers\" data-image-description=\"\" data-image-caption=\"\" data-medium-file=\"https:\/\/www.grieta.org.mx\/wp-content\/uploads\/2020\/04\/workers-187x300.jpg\" data-large-file=\"https:\/\/www.grieta.org.mx\/wp-content\/uploads\/2020\/04\/workers.jpg\" class=\"aligncenter wp-image-47471\" src=\"http:\/\/www.grieta.org.mx\/wp-content\/uploads\/2020\/04\/workers.jpg\" alt=\"\" width=\"800\" height=\"1281\" srcset=\"https:\/\/www.grieta.org.mx\/wp-content\/uploads\/2020\/04\/workers.jpg 534w, https:\/\/www.grieta.org.mx\/wp-content\/uploads\/2020\/04\/workers-187x300.jpg 187w, https:\/\/www.grieta.org.mx\/wp-content\/uploads\/2020\/04\/workers-312x500.jpg 312w\" sizes=\"auto, (max-width: 800px) 100vw, 800px\" \/><\/p>\n<p>Obamacare no cuid\u00f3 de los migrantes<br \/>\nAhora los migrantes de bajos recursos tendr\u00e1n que cargar con la pandemia. El acuerdo que firm\u00f3 Barak Obama en 2013 \u2013que en teor\u00eda garantizaba a toda persona el acceso de servicio m\u00e9dico\u2013 dej\u00f3 afuera a los migrantes.<\/p>\n<p>El proyecto del expresidente ten\u00eda muchas limitaciones en sus apartados. El principal, que se dar\u00eda atenci\u00f3n m\u00e9dica \u201csiempre y cuando los usuarios adquirieran compromiso con la compa\u00f1\u00eda de seguranza. Dejaron fuera a los indocumentados al impulsar las cuotas y el ingreso salarial, esto no alcanzaba para recibir una atenci\u00f3n m\u00e9dica, cuando alguien se enferme y va al hospital, lo primero que te piden es el seguro m\u00e9dico. Es realmente una crisis ya que es algo imposible obtenerlo\u201d.<\/p>\n<p>En la administraci\u00f3n de Barak Obama, se establecieron reglas y gu\u00edas para acceder al servicio m\u00e9dico: \u201cOrganizaron a la poblaci\u00f3n en pobres, clase media, y el ingreso por familia. Con este par\u00e1metro se les iba a dar a todos el Obamacare, el cual consist\u00eda en que el gobierno pagar\u00eda el seguro m\u00e9dico. En pocas palabras la salud en mano de compa\u00f1\u00edas privadas\u201d dice Magali.<\/p>\n<p>Sin embargo, los habitantes de los estados pobres no alcanzaron a juntar el m\u00ednimo que se le ped\u00eda para poder acceder a la ayuda del gobierno federal. \u201cPara resolver este problema, los gobernadores, en su mayor\u00eda dem\u00f3cratas, impulsaron medicare estatal, por lo que hab\u00eda dos tipos de enfermos, los enfermos ricos con medicare federal y los pobres con medicare estatal\u201d narra la guanajuatense.<\/p>\n<p>Lo cuestionable del sistema de salud de los Estados Unidos, es que si los migrantes no presentan su seguro m\u00e9dico al presentar su declaraci\u00f3n de impuestos se les multa. \u201cLas constantes violaciones a los derechos humanos de los indocumentados era la multa que pagaban cada a\u00f1o por no poder comprar el seguro medicare\u201d.<\/p>\n<p>Agrega: \u201cLas familias pobres que alcanzaron entrar al medicare estatal por los gobernadores dem\u00f3cratas volvieron a quedar fuera de servicio de salud cuando ganaron los republicanos y Donald Trump. Este peque\u00f1o avance se interrumpi\u00f3 de nuevo y otra vez a mendigar la atenci\u00f3n m\u00e9dica\u201d.<\/p>\n<p>La resistencia<br \/>\nEn la entrevista Magali Licolli habla tambi\u00e9n de c\u00f3mo se organizan en medio de la pandemia:<\/p>\n<p>\u201cNos organizamos por v\u00eda telef\u00f3nica, WhatsApp o Facebook. Hay que aprovechar estos medios, antes de que llegar\u00e1 el covid-19, hab\u00edamos denunciado el uso de qu\u00edmicos en todas las plantas de pollos. No hay medidas sanitarias y afecta a los trabajadores. Unos tienen problemas respiratorios, padecen de asma, entre otros padecimientos\u201d.<\/p>\n<p>Licolli agrega: \u201cLa semana pasada Tyson anunci\u00f3 que le iba a regalar 500 d\u00f3lares a cada trabajador, como bonos de gracia y reconocimiento al esfuerzo de cada uno de ellos. En total fueron 13 millones de d\u00f3lares. Pero no incluy\u00f3 el costo de las consultas y propuso cinco d\u00edas de descanso por el covid-19\u201d.<\/p>\n<p>Egresada de la Universidad de Arkansas como actriz de teatro, Magali dice que le preocup\u00f3 los 500 d\u00f3lares de bono que la pollera anunci\u00f3: \u201cEs una burla para los trabajadores, lo que nosotros proponemos es el incremento de salario. Ese bono le ser\u00e1 entregado a los trabajadores hasta junio, para poder ser acreedor no deben de faltar durante seis meses, no es justo para nosotros, ellos nos est\u00e1n estafando\u201d.<\/p>\n<p><a href=\"https:\/\/piedepagina.mx\/el-sistema-de-salud-de-eu-inasequible-para-los-migrantes-magali-licolli\/\" target=\"_blank\" rel=\"noopener noreferrer\">https:\/\/piedepagina.mx\/el-sistema-de-salud-de-eu-inasequible-para-los-migrantes-magali-licolli\/<\/a><\/p>\n","protected":false},"excerpt":{"rendered":"<p>Los migrantes indocumentados que enferman en Estados Unidos est\u00e1n a su suerte. El sistema de salud es tan obsoleto, inasequible, y ha sido dise\u00f1ado de tal modo, que excluye por &hellip; <a href=\"https:\/\/www.grieta.org.mx\/index.php\/2020\/04\/08\/el-sistema-de-salud-de-eu-inasequible-para-los-migrantes-magali-licolli\/\" class=\"more-link\">Leer m\u00e1s<\/a><\/p>\n","protected":false},"author":2,"featured_media":47470,"comment_status":"closed","ping_status":"closed","sticky":false,"template":"","format":"standard","meta":{"ngg_post_thumbnail":0,"_jetpack_newsletter_access":"","_jetpack_dont_email_post_to_subs":false,"_jetpack_newsletter_tier_id":0,"_jetpack_memberships_contains_paywalled_content":false,"_jetpack_memberships_contains_paid_content":false,"footnotes":""},"categories":[80],"tags":[3241,3202],"class_list":["post-47462","post","type-post","status-publish","format-standard","has-post-thumbnail","hentry","category-cintillo","tag-covid-19","tag-violacion-de-derechos-humanos-de-migrantes-en-estados-unidos","entry"],"jetpack_featured_media_url":"https:\/\/www.grieta.org.mx\/wp-content\/uploads\/2020\/04\/Magali_Licolli_Kau_sirenio.jpg","jetpack_sharing_enabled":true,"jetpack_shortlink":"https:\/\/wp.me\/p7ZJR4-clw","jetpack_likes_enabled":false,"jetpack-related-posts":[{"id":31090,"url":"https:\/\/www.grieta.org.mx\/index.php\/2019\/03\/14\/ninos-migrantes-bajo-amenaza-del-crimen-en-travesia-por-veracruz\/","url_meta":{"origin":47462,"position":0},"title":"Ni\u00f1os migrantes, bajo amenaza del crimen en traves\u00eda por Veracruz","author":"grieta","date":"14 marzo, 2019","format":false,"excerpt":"Redacci\u00f3n \/ Imagen del Golfo En el intento por llegar a los Estados Unidos, los hijos de los indocumentados centroamericanos sufren serias consecuencias durante el viaje, pueden ser blancos de todo tipo de peligros, que podr\u00edan arrebatarles la vida, como son accidentes viales o caer en manos de la delincuencia\u2026","rel":"","context":"En &quot;CINTILLO&quot;","block_context":{"text":"CINTILLO","link":"https:\/\/www.grieta.org.mx\/index.php\/category\/cintillo\/"},"img":{"alt_text":"","src":"https:\/\/i0.wp.com\/www.grieta.org.mx\/wp-content\/uploads\/2019\/03\/560255_d.jpg?resize=350%2C200&ssl=1","width":350,"height":200,"srcset":"https:\/\/i0.wp.com\/www.grieta.org.mx\/wp-content\/uploads\/2019\/03\/560255_d.jpg?resize=350%2C200&ssl=1 1x, https:\/\/i0.wp.com\/www.grieta.org.mx\/wp-content\/uploads\/2019\/03\/560255_d.jpg?resize=525%2C300&ssl=1 1.5x"},"classes":[]},{"id":34214,"url":"https:\/\/www.grieta.org.mx\/index.php\/2019\/05\/19\/caen-25-migrantes-en-vehiculo-clonado-del-inm-en-veracruz\/","url_meta":{"origin":47462,"position":1},"title":"Caen 25 migrantes en veh\u00edculo clonado del INM en Veracruz","author":"grieta","date":"19 mayo, 2019","format":false,"excerpt":"Redacci\u00f3n \/ La verdad de Tamaulipas Xalapa, Veracruz.- Elementos de la Polic\u00eda Federal aseguraron a un total de 25 indocumentados que eran trasladados en un veh\u00edculo del Instituto Nacional de Migraci\u00f3n (INM), en una de las rutas para cruzar a los Estados Unidos. Tras los hechos los efectivos federales detuvieron\u2026","rel":"","context":"En &quot;CINTILLO&quot;","block_context":{"text":"CINTILLO","link":"https:\/\/www.grieta.org.mx\/index.php\/category\/cintillo\/"},"img":{"alt_text":"","src":"https:\/\/i0.wp.com\/www.grieta.org.mx\/wp-content\/uploads\/2019\/06\/200520-caen-25-migrantes-en-vehiculo-clonado-del-inm-en-veracruz.jpg?resize=350%2C200&ssl=1","width":350,"height":200,"srcset":"https:\/\/i0.wp.com\/www.grieta.org.mx\/wp-content\/uploads\/2019\/06\/200520-caen-25-migrantes-en-vehiculo-clonado-del-inm-en-veracruz.jpg?resize=350%2C200&ssl=1 1x, https:\/\/i0.wp.com\/www.grieta.org.mx\/wp-content\/uploads\/2019\/06\/200520-caen-25-migrantes-en-vehiculo-clonado-del-inm-en-veracruz.jpg?resize=525%2C300&ssl=1 1.5x"},"classes":[]},{"id":24152,"url":"https:\/\/www.grieta.org.mx\/index.php\/2018\/04\/11\/detencion-de-migrantes-genera-xenofobia-en-piedras-negras-coahuila\/","url_meta":{"origin":47462,"position":2},"title":"Detenci\u00f3n de migrantes genera xenofobia en Piedras Negras (Coahuila)","author":"grieta","date":"11 abril, 2018","format":false,"excerpt":"Ren\u00e9 Arellano\/EL SIGLO DE TORRE\u00d3N La detenci\u00f3n de tres centroamericanos indocumentados en la zona Centro de Piedras Negras, por elementos de la Polic\u00eda Preventiva municipal, es una acci\u00f3n que violenta los Derechos Humanos de los migrantes y una acci\u00f3n que no le compete a dicha corporaci\u00f3n polic\u00edaca, adem\u00e1s de genera\u2026","rel":"","context":"En &quot;CINTILLO&quot;","block_context":{"text":"CINTILLO","link":"https:\/\/www.grieta.org.mx\/index.php\/category\/cintillo\/"},"img":{"alt_text":"","src":"https:\/\/i0.wp.com\/www.grieta.org.mx\/wp-content\/uploads\/2018\/03\/14524434_1106112876131411_958039263622046936_o.jpg?resize=350%2C200&ssl=1","width":350,"height":200,"srcset":"https:\/\/i0.wp.com\/www.grieta.org.mx\/wp-content\/uploads\/2018\/03\/14524434_1106112876131411_958039263622046936_o.jpg?resize=350%2C200&ssl=1 1x, https:\/\/i0.wp.com\/www.grieta.org.mx\/wp-content\/uploads\/2018\/03\/14524434_1106112876131411_958039263622046936_o.jpg?resize=525%2C300&ssl=1 1.5x, https:\/\/i0.wp.com\/www.grieta.org.mx\/wp-content\/uploads\/2018\/03\/14524434_1106112876131411_958039263622046936_o.jpg?resize=700%2C400&ssl=1 2x"},"classes":[]},{"id":47087,"url":"https:\/\/www.grieta.org.mx\/index.php\/2020\/03\/19\/ni-gn-ni-virus-detienen-a-migrantes-aseguran\/","url_meta":{"origin":47462,"position":3},"title":"Ni GN ni virus detienen a migrantes, aseguran","author":"grieta","date":"19 marzo, 2020","format":false,"excerpt":"Imagen tomada de: www.contrareplica.mx\u00a0 Laura Arana \/ Contra R\u00e9plica Nada detiene a los migrantes en su b\u00fasqueda por cruzar la frontera y llegar a Estados Unidos. Ni la Guardia Nacional, ni el clima que persiste en el pa\u00eds vecino y en M\u00e9xico por la presencia del coronavirus, confirmaron encargados de\u2026","rel":"","context":"En &quot;CINTILLO&quot;","block_context":{"text":"CINTILLO","link":"https:\/\/www.grieta.org.mx\/index.php\/category\/cintillo\/"},"img":{"alt_text":"","src":"https:\/\/i0.wp.com\/www.grieta.org.mx\/wp-content\/uploads\/2020\/04\/Ni-GN-ni-virus-detienen-a-migrantes-aseguran-cdmx-abr.jpg?resize=350%2C200&ssl=1","width":350,"height":200},"classes":[]},{"id":62126,"url":"https:\/\/www.grieta.org.mx\/index.php\/2021\/09\/14\/activistas-protestan-en-migracion-por-persecucion-contra-haitianos-en-veracruz-denuncian-violacion-a-los-derechos-humanos\/","url_meta":{"origin":47462,"position":4},"title":"Activistas protestan en Migraci\u00f3n por persecuci\u00f3n contra haitianos en Veracruz; denuncian violaci\u00f3n a los derechos humanos","author":"grieta","date":"14 septiembre, 2021","format":false,"excerpt":"Juan David Castilla \/ Libertad bajo palabra Un grupo de activistas protest\u00f3 afuera de las oficinas del Instituto Nacional de Migraci\u00f3n (INM), municipio de Xalapa, para exigir que cese la persecuci\u00f3n contra los haitianos que huyen de su pa\u00eds y pasan por Veracruz con direcci\u00f3n a Estados Unidos. Los integrantes\u2026","rel":"","context":"En &quot;CINTILLO&quot;","block_context":{"text":"CINTILLO","link":"https:\/\/www.grieta.org.mx\/index.php\/category\/cintillo\/"},"img":{"alt_text":"","src":"https:\/\/i0.wp.com\/www.grieta.org.mx\/wp-content\/uploads\/2021\/10\/Screenshot-2021-10-04-at-13-02-49-Activistas-protestan-en-Migracion-por-persecucion-contra-haitianos-en-Veracruz-denuncian....png?resize=350%2C200&ssl=1","width":350,"height":200,"srcset":"https:\/\/i0.wp.com\/www.grieta.org.mx\/wp-content\/uploads\/2021\/10\/Screenshot-2021-10-04-at-13-02-49-Activistas-protestan-en-Migracion-por-persecucion-contra-haitianos-en-Veracruz-denuncian....png?resize=350%2C200&ssl=1 1x, https:\/\/i0.wp.com\/www.grieta.org.mx\/wp-content\/uploads\/2021\/10\/Screenshot-2021-10-04-at-13-02-49-Activistas-protestan-en-Migracion-por-persecucion-contra-haitianos-en-Veracruz-denuncian....png?resize=525%2C300&ssl=1 1.5x, https:\/\/i0.wp.com\/www.grieta.org.mx\/wp-content\/uploads\/2021\/10\/Screenshot-2021-10-04-at-13-02-49-Activistas-protestan-en-Migracion-por-persecucion-contra-haitianos-en-Veracruz-denuncian....png?resize=700%2C400&ssl=1 2x"},"classes":[]},{"id":37775,"url":"https:\/\/www.grieta.org.mx\/index.php\/2019\/08\/02\/trump-quiere-migrantes-que-trabajen-con-miedo\/","url_meta":{"origin":47462,"position":5},"title":"\u2018Trump quiere migrantes que trabajen con miedo\u2019","author":"grieta","date":"2 agosto, 2019","format":false,"excerpt":"El activista Ted Lewis destaca en entrevista que las amenazas del presidente estadounidense elevan los riesgos de ataques contra los migrantes, sin embargo, lo que en el forno busca el republicano es mantener un resquicio de mano de obra migrante que ayude a sostener la estructura del capital de ese\u2026","rel":"","context":"En &quot;CINTILLO&quot;","block_context":{"text":"CINTILLO","link":"https:\/\/www.grieta.org.mx\/index.php\/category\/cintillo\/"},"img":{"alt_text":"","src":"https:\/\/i0.wp.com\/www.grieta.org.mx\/wp-content\/uploads\/2018\/03\/14524434_1106112876131411_958039263622046936_o.jpg?resize=350%2C200&ssl=1","width":350,"height":200,"srcset":"https:\/\/i0.wp.com\/www.grieta.org.mx\/wp-content\/uploads\/2018\/03\/14524434_1106112876131411_958039263622046936_o.jpg?resize=350%2C200&ssl=1 1x, https:\/\/i0.wp.com\/www.grieta.org.mx\/wp-content\/uploads\/2018\/03\/14524434_1106112876131411_958039263622046936_o.jpg?resize=525%2C300&ssl=1 1.5x, https:\/\/i0.wp.com\/www.grieta.org.mx\/wp-content\/uploads\/2018\/03\/14524434_1106112876131411_958039263622046936_o.jpg?resize=700%2C400&ssl=1 2x"},"classes":[]}],"_links":{"self":[{"href":"https:\/\/www.grieta.org.mx\/index.php\/wp-json\/wp\/v2\/posts\/47462","targetHints":{"allow":["GET"]}}],"collection":[{"href":"https:\/\/www.grieta.org.mx\/index.php\/wp-json\/wp\/v2\/posts"}],"about":[{"href":"https:\/\/www.grieta.org.mx\/index.php\/wp-json\/wp\/v2\/types\/post"}],"author":[{"embeddable":true,"href":"https:\/\/www.grieta.org.mx\/index.php\/wp-json\/wp\/v2\/users\/2"}],"replies":[{"embeddable":true,"href":"https:\/\/www.grieta.org.mx\/index.php\/wp-json\/wp\/v2\/comments?post=47462"}],"version-history":[{"count":1,"href":"https:\/\/www.grieta.org.mx\/index.php\/wp-json\/wp\/v2\/posts\/47462\/revisions"}],"predecessor-version":[{"id":47472,"href":"https:\/\/www.grieta.org.mx\/index.php\/wp-json\/wp\/v2\/posts\/47462\/revisions\/47472"}],"wp:featuredmedia":[{"embeddable":true,"href":"https:\/\/www.grieta.org.mx\/index.php\/wp-json\/wp\/v2\/media\/47470"}],"wp:attachment":[{"href":"https:\/\/www.grieta.org.mx\/index.php\/wp-json\/wp\/v2\/media?parent=47462"}],"wp:term":[{"taxonomy":"category","embeddable":true,"href":"https:\/\/www.grieta.org.mx\/index.php\/wp-json\/wp\/v2\/categories?post=47462"},{"taxonomy":"post_tag","embeddable":true,"href":"https:\/\/www.grieta.org.mx\/index.php\/wp-json\/wp\/v2\/tags?post=47462"}],"curies":[{"name":"wp","href":"https:\/\/api.w.org\/{rel}","templated":true}]}}