{"id":47434,"date":"2020-03-23T10:46:22","date_gmt":"2020-03-23T16:46:22","guid":{"rendered":"http:\/\/www.grieta.org.mx\/?p=47434"},"modified":"2020-04-08T11:03:11","modified_gmt":"2020-04-08T16:03:11","slug":"trabajadores-del-sector-salud-protestan-en-puebla-y-veracruz","status":"publish","type":"post","link":"https:\/\/www.grieta.org.mx\/index.php\/2020\/03\/23\/trabajadores-del-sector-salud-protestan-en-puebla-y-veracruz\/","title":{"rendered":"Trabajadores del sector salud protestan en Puebla y Veracruz"},"content":{"rendered":"<p><a href=\"http:\/\/www.grieta.org.mx\/wp-content\/uploads\/2020\/04\/Captura-de-pantalla-2020-04-08-a-las-10.55.53-a.m..png\"><img loading=\"lazy\" decoding=\"async\" data-attachment-id=\"47436\" data-permalink=\"https:\/\/www.grieta.org.mx\/index.php\/2020\/03\/23\/trabajadores-del-sector-salud-protestan-en-puebla-y-veracruz\/captura-de-pantalla-2020-04-08-a-las-10-55-53-a-m\/\" data-orig-file=\"https:\/\/www.grieta.org.mx\/wp-content\/uploads\/2020\/04\/Captura-de-pantalla-2020-04-08-a-las-10.55.53-a.m..png\" data-orig-size=\"652,402\" data-comments-opened=\"0\" data-image-meta=\"{&quot;aperture&quot;:&quot;0&quot;,&quot;credit&quot;:&quot;&quot;,&quot;camera&quot;:&quot;&quot;,&quot;caption&quot;:&quot;&quot;,&quot;created_timestamp&quot;:&quot;0&quot;,&quot;copyright&quot;:&quot;&quot;,&quot;focal_length&quot;:&quot;0&quot;,&quot;iso&quot;:&quot;0&quot;,&quot;shutter_speed&quot;:&quot;0&quot;,&quot;title&quot;:&quot;&quot;,&quot;orientation&quot;:&quot;0&quot;}\" data-image-title=\"Captura de pantalla 2020-04-08 a las 10.55.53 a.m.\" data-image-description=\"\" data-image-caption=\"\" data-medium-file=\"https:\/\/www.grieta.org.mx\/wp-content\/uploads\/2020\/04\/Captura-de-pantalla-2020-04-08-a-las-10.55.53-a.m.-300x185.png\" data-large-file=\"https:\/\/www.grieta.org.mx\/wp-content\/uploads\/2020\/04\/Captura-de-pantalla-2020-04-08-a-las-10.55.53-a.m..png\" class=\"aligncenter wp-image-47436\" src=\"http:\/\/www.grieta.org.mx\/wp-content\/uploads\/2020\/04\/Captura-de-pantalla-2020-04-08-a-las-10.55.53-a.m..png\" alt=\"\" width=\"800\" height=\"493\" srcset=\"https:\/\/www.grieta.org.mx\/wp-content\/uploads\/2020\/04\/Captura-de-pantalla-2020-04-08-a-las-10.55.53-a.m..png 652w, https:\/\/www.grieta.org.mx\/wp-content\/uploads\/2020\/04\/Captura-de-pantalla-2020-04-08-a-las-10.55.53-a.m.-300x185.png 300w\" sizes=\"auto, (max-width: 800px) 100vw, 800px\" \/><\/a><\/p>\n<p>Edgar \u00c1vila \/ El Universal<\/p>\n<p>En dos estados trabajadores del sector salud se manifiestan en el marco de la epidemia de coronavirus o Covid-19.<strong>Protestan en Puebla<\/strong><\/p>\n<p>Trabajadores del sector salud de Puebla se manifestaron en distintos hospitales y cl\u00ednicas para exigir medidas adecuadas para enfrentar la pandemia del coronavirus.<\/p>\n<p>En su mayor\u00eda integrantes del Sindicato Nacional de Trabajadores de la Secretar\u00eda de Salud (SNTSA) denunciaron falta de insumos para protegerse y de protocolos necesarios.<\/p>\n<p>Los inconformes relataron que no cuentan con protocolos de manejo para la contingencia.<br \/>\nRelataron que carecen de insumos b\u00e1sicos como jab\u00f3n, cubrebocas, gel e indumentaria especial para contener virus.<\/p>\n<p>Y advirtieron que en 83 centros de trabajo hasta en riesgo 19 mil trabajadores de la salud en el estado de Puebla.<\/p>\n<p><strong>Manifestaciones en Veracruz<\/strong><\/p>\n<p>M\u00e9dicos y enfermeras de la Cl\u00ednica 11 del Instituto Mexicano del Seguro Social (IMSS) de la ciudad de Xalapa, se declararon en paro de labores en protesta por falta de insumos para atender a enfermos de Covid19.<\/p>\n<p>Los inconformes denunciaron la falta de materiales para garantizar su seguridad durante la contingencia generada por la presencia del coronavirus COVD-19 en el estado.<\/p>\n<p>A las afueras de la cl\u00ednica, los trabajadores de la salud acusaron a autoridades del IMSS de negligencia porque no les han otorgado materiales como cubrebocas N95, gel antibacterial y guantes.<\/p>\n<p>Una de las trabajadores se\u00f1al\u00f3 que es urgente que se les entreguen estos materiales y se tomen otro tipo de medidas como la suspensi\u00f3n temporal de la consulta externa y cirug\u00edas programadas.<\/p>\n<p>&#8220;Faltan guantes, batas, lo necesario falta material para poder trabajar, no nos estamos negando a trabajar, sino pedimos que nos den lo que necesitamos para que se pueda trabajar la atenci\u00f3n a los derecho habientes como estaba pactado&#8221;.<\/p>\n<p>El m\u00e9dico cirujano Osvaldo Oliva Corona, dijo que aunque se han suspendidos algunas actividades siguen atendiendo emergencias, pero insisti\u00f3 en que es vital reprogramar consultas a pacientes que no son urgentes.<\/p>\n<p>&#8220;La poblaci\u00f3n se va a ver afectada con la disminuci\u00f3n de los servicios generales, el problema es que la infecci\u00f3n por coronavirus no tiene cura y vale m\u00e1s conservar la vida que aplazar la consulta de un paciente que viene por una hernia o una situaci\u00f3n que no es de urgencia en este momento&#8221;.<\/p>\n<p>Se trata de la segunda protesta de empleados de dicha cl\u00ednica, una de las m\u00e1s importantes de la capital del estado de Veracruz.<\/p>\n<p><a href=\"https:\/\/www.eluniversal.com.mx\/estados\/trabajadores-del-sector-salud-protestan-en-puebla-y-veracruz\">https:\/\/www.eluniversal.com.mx\/estados\/trabajadores-del-sector-salud-protestan-en-puebla-y-veracruz<\/a><\/p>\n","protected":false},"excerpt":{"rendered":"<p>Edgar \u00c1vila \/ El Universal En dos estados trabajadores del sector salud se manifiestan en el marco de la epidemia de coronavirus o Covid-19.Protestan en Puebla Trabajadores del sector salud &hellip; <a href=\"https:\/\/www.grieta.org.mx\/index.php\/2020\/03\/23\/trabajadores-del-sector-salud-protestan-en-puebla-y-veracruz\/\" class=\"more-link\">Leer m\u00e1s<\/a><\/p>\n","protected":false},"author":1,"featured_media":47436,"comment_status":"closed","ping_status":"closed","sticky":false,"template":"","format":"standard","meta":{"ngg_post_thumbnail":0,"_jetpack_newsletter_access":"","_jetpack_dont_email_post_to_subs":false,"_jetpack_newsletter_tier_id":0,"_jetpack_memberships_contains_paywalled_content":false,"_jetpack_memberships_contains_paid_content":false,"footnotes":""},"categories":[80,3273,3261,2430,1247,2,26,83,35],"tags":[3241,3198],"class_list":["post-47434","post","type-post","status-publish","format-standard","has-post-thumbnail","hentry","category-cintillo","category-covid-19-en-puebla","category-covid-19-en-veracruz","category-crisis-del-sector-salud-en-veracruz","category-movilizaciones-contra-reforma-al-sector-y-privatizacion-de-la-salud-en-puebla","category-noticias-nacionales","category-puebla","category-temas-nacionales","category-veracruz","tag-covid-19","tag-covid19","entry"],"jetpack_featured_media_url":"https:\/\/www.grieta.org.mx\/wp-content\/uploads\/2020\/04\/Captura-de-pantalla-2020-04-08-a-las-10.55.53-a.m..png","jetpack_sharing_enabled":true,"jetpack_shortlink":"https:\/\/wp.me\/p7ZJR4-cl4","jetpack_likes_enabled":false,"jetpack-related-posts":[{"id":29151,"url":"https:\/\/www.grieta.org.mx\/index.php\/2019\/02\/11\/protestan-en-hospitales-de-puebla-por-falta-de-pagos-e-insumos\/","url_meta":{"origin":47434,"position":0},"title":"Protestan en hospitales de Puebla por falta de pagos e insumos","author":"grieta","date":"11 febrero, 2019","format":false,"excerpt":"Laura Ruiz \/ e- consulta Hospitales del sector p\u00fablico de la capital y el interior del estado registraron esta ma\u00f1ana manifestaciones de trabajadores afiliados a la Secci\u00f3n 25 del Sindicato Nacional de Trabajadores de la Salud (SNTSA). De acuerdo con los inconformes les adeudan el pago de un bono sexenal,\u2026","rel":"","context":"En &quot;CINTILLO&quot;","block_context":{"text":"CINTILLO","link":"https:\/\/www.grieta.org.mx\/index.php\/category\/cintillo\/"},"img":{"alt_text":"","src":"https:\/\/i0.wp.com\/www.grieta.org.mx\/wp-content\/uploads\/2019\/02\/cuatrillizas_0.jpg?resize=350%2C200&ssl=1","width":350,"height":200,"srcset":"https:\/\/i0.wp.com\/www.grieta.org.mx\/wp-content\/uploads\/2019\/02\/cuatrillizas_0.jpg?resize=350%2C200&ssl=1 1x, https:\/\/i0.wp.com\/www.grieta.org.mx\/wp-content\/uploads\/2019\/02\/cuatrillizas_0.jpg?resize=525%2C300&ssl=1 1.5x"},"classes":[]},{"id":50077,"url":"https:\/\/www.grieta.org.mx\/index.php\/2020\/05\/19\/trabajadores-de-la-salud-uno-de-cada-cinco-contagiados-por-covid-19-en-puebla\/","url_meta":{"origin":47434,"position":1},"title":"Trabajadores de la salud, uno de cada cinco contagiados por covid-19 en Puebla","author":"Admin","date":"19 mayo, 2020","format":false,"excerpt":"Gabriela Hern\u00e1ndez \/ Proceso PUEBLA, Pue. (apro).- Uno de cada cinco contagios registrados en Puebla por covid-19 es de trabajadores del sector salud, report\u00f3 Fernando Huerta Romano, subsecretario de Vigilancia Epidemiol\u00f3gica. El funcionario indic\u00f3 que 18% del total de los mil 474 casos positivos registrados al 18 de mayo en\u2026","rel":"","context":"En &quot;CINTILLO&quot;","block_context":{"text":"CINTILLO","link":"https:\/\/www.grieta.org.mx\/index.php\/category\/cintillo\/"},"img":{"alt_text":"","src":"https:\/\/i0.wp.com\/www.grieta.org.mx\/wp-content\/uploads\/2020\/05\/puebla-870x522.jpg?resize=350%2C200&ssl=1","width":350,"height":200,"srcset":"https:\/\/i0.wp.com\/www.grieta.org.mx\/wp-content\/uploads\/2020\/05\/puebla-870x522.jpg?resize=350%2C200&ssl=1 1x, https:\/\/i0.wp.com\/www.grieta.org.mx\/wp-content\/uploads\/2020\/05\/puebla-870x522.jpg?resize=525%2C300&ssl=1 1.5x, https:\/\/i0.wp.com\/www.grieta.org.mx\/wp-content\/uploads\/2020\/05\/puebla-870x522.jpg?resize=700%2C400&ssl=1 2x"},"classes":[]},{"id":56824,"url":"https:\/\/www.grieta.org.mx\/index.php\/2021\/01\/29\/soy-trabajador-del-imss-puebla-y-no-me-han-vacunado\/","url_meta":{"origin":47434,"position":2},"title":"&#8220;Soy trabajador del IMSS-Puebla y no me han vacunado&#8221;","author":"Admin","date":"29 enero, 2021","format":false,"excerpt":"Gabriela Hern\u00e1ndez \/ Proceso PUEBLA, Pue. (apro).- Trabajadores del Hospital de Traumatolog\u00eda y Ortopedia de esta capital, as\u00ed como de las cl\u00ednicas 9 y 30 de Tehuac\u00e1n, pertenecientes al Instituto Mexicano del Seguro Social (IMSS), realizaron hoy una manifestaci\u00f3n virtual porque no fueron incluidos en la primera fase de vacunaci\u00f3n\u2026","rel":"","context":"En &quot;CINTILLO&quot;","block_context":{"text":"CINTILLO","link":"https:\/\/www.grieta.org.mx\/index.php\/category\/cintillo\/"},"img":{"alt_text":"","src":"https:\/\/i0.wp.com\/www.grieta.org.mx\/wp-content\/uploads\/2021\/02\/f800x450-129272_180718_5050.jpg?resize=350%2C200&ssl=1","width":350,"height":200,"srcset":"https:\/\/i0.wp.com\/www.grieta.org.mx\/wp-content\/uploads\/2021\/02\/f800x450-129272_180718_5050.jpg?resize=350%2C200&ssl=1 1x, https:\/\/i0.wp.com\/www.grieta.org.mx\/wp-content\/uploads\/2021\/02\/f800x450-129272_180718_5050.jpg?resize=525%2C300&ssl=1 1.5x, https:\/\/i0.wp.com\/www.grieta.org.mx\/wp-content\/uploads\/2021\/02\/f800x450-129272_180718_5050.jpg?resize=700%2C400&ssl=1 2x"},"classes":[]},{"id":47061,"url":"https:\/\/www.grieta.org.mx\/index.php\/2020\/03\/30\/protestan-por-no-tener-insumos-ni-equipo-para-atender-a-pacientes-de-covid-19-michoacan\/","url_meta":{"origin":47434,"position":3},"title":"Protestan por no tener insumos ni equipo para atender a pacientes de COVID-19 (Michoac\u00e1n)","author":"grieta","date":"30 marzo, 2020","format":false,"excerpt":"El Hospital N\u00famero Ocho del IMSS no cuenta con el equipo necesario para el coronavirus. TELEDIARIO Multimedios Digital\/ Lunes de 30 Marzo de 2020 MICHOAC\u00c1N.- Protestan por no tener los equipos necesarios ni insumos para atender a los pacientes enfermos por el COVID-19 los empleados del Instituto Mexicano del Seguro\u2026","rel":"","context":"En &quot;CINTILLO&quot;","block_context":{"text":"CINTILLO","link":"https:\/\/www.grieta.org.mx\/index.php\/category\/cintillo\/"},"img":{"alt_text":"","src":"https:\/\/i0.wp.com\/www.grieta.org.mx\/wp-content\/uploads\/2020\/04\/ma_1.jpg?resize=350%2C200&ssl=1","width":350,"height":200,"srcset":"https:\/\/i0.wp.com\/www.grieta.org.mx\/wp-content\/uploads\/2020\/04\/ma_1.jpg?resize=350%2C200&ssl=1 1x, https:\/\/i0.wp.com\/www.grieta.org.mx\/wp-content\/uploads\/2020\/04\/ma_1.jpg?resize=525%2C300&ssl=1 1.5x, https:\/\/i0.wp.com\/www.grieta.org.mx\/wp-content\/uploads\/2020\/04\/ma_1.jpg?resize=700%2C400&ssl=1 2x"},"classes":[]},{"id":46712,"url":"https:\/\/www.grieta.org.mx\/index.php\/2020\/03\/20\/personal-del-imss-bloquea-eje-4-sur-exigen-material-y-protocolos-para-atender-covid-19-ciudad-de-mexico\/","url_meta":{"origin":47434,"position":4},"title":"Personal del IMSS bloquea Eje 4 Sur; exigen material y protocolos para atender COVID-19 (Ciudad de M\u00e9xico)","author":"grieta","date":"20 marzo, 2020","format":false,"excerpt":"Foto: Arturo \u00c1ngel Animal Pol\u00edtico Solicitan material, protocolos para el manejo del coronavirus, as\u00ed como m\u00e1s seguridad Personal del Instituto Mexicano del Seguro Social (IMSS) del Hospital Regional n\u00famero 1 \u201cDr. Carlos Mac Gregor S\u00e1nchez Navarro\u201d se manifestaron sobre el Eje 4 Sur, en exigencia de m\u00e1s insumos para atender\u2026","rel":"","context":"En &quot;CINTILLO&quot;","block_context":{"text":"CINTILLO","link":"https:\/\/www.grieta.org.mx\/index.php\/category\/cintillo\/"},"img":{"alt_text":"","src":"https:\/\/i0.wp.com\/www.grieta.org.mx\/wp-content\/uploads\/2020\/03\/Personal-del-IMSS-bloquea-Eje-4-Sur-exigen-material-y-protocolos-para-atender-COVID-19-cdmx-mzo.jpg?resize=350%2C200&ssl=1","width":350,"height":200,"srcset":"https:\/\/i0.wp.com\/www.grieta.org.mx\/wp-content\/uploads\/2020\/03\/Personal-del-IMSS-bloquea-Eje-4-Sur-exigen-material-y-protocolos-para-atender-COVID-19-cdmx-mzo.jpg?resize=350%2C200&ssl=1 1x, https:\/\/i0.wp.com\/www.grieta.org.mx\/wp-content\/uploads\/2020\/03\/Personal-del-IMSS-bloquea-Eje-4-Sur-exigen-material-y-protocolos-para-atender-COVID-19-cdmx-mzo.jpg?resize=525%2C300&ssl=1 1.5x, https:\/\/i0.wp.com\/www.grieta.org.mx\/wp-content\/uploads\/2020\/03\/Personal-del-IMSS-bloquea-Eje-4-Sur-exigen-material-y-protocolos-para-atender-COVID-19-cdmx-mzo.jpg?resize=700%2C400&ssl=1 2x, https:\/\/i0.wp.com\/www.grieta.org.mx\/wp-content\/uploads\/2020\/03\/Personal-del-IMSS-bloquea-Eje-4-Sur-exigen-material-y-protocolos-para-atender-COVID-19-cdmx-mzo.jpg?resize=1050%2C600&ssl=1 3x"},"classes":[]},{"id":46659,"url":"https:\/\/www.grieta.org.mx\/index.php\/2020\/03\/23\/personal-del-imss-protesta-por-falta-de-insumos-y-protocolos-ante-covid-19-ciudad-de-mexico\/","url_meta":{"origin":47434,"position":5},"title":"Personal del IMSS protesta por falta de insumos y protocolos ante Covid-19 (Ciudad de M\u00e9xico)","author":"grieta","date":"23 marzo, 2020","format":false,"excerpt":"Foto: Jorge Gonz\u00e1lez Jorge Gonz\u00e1lez \/ Excelsior Enfermeras, camilleros y doctores de la Cl\u00ednica 32, piden capacitaci\u00f3n y medidas para la recepci\u00f3n de pacientes CIUDAD DE M\u00c9XICO. La ma\u00f1ana de este lunes, trabajadores del Instituto Mexicano del Seguro Social (IMSS) salieron a las calles a levantar la voz por la\u2026","rel":"","context":"En &quot;CINTILLO&quot;","block_context":{"text":"CINTILLO","link":"https:\/\/www.grieta.org.mx\/index.php\/category\/cintillo\/"},"img":{"alt_text":"","src":"https:\/\/i0.wp.com\/www.grieta.org.mx\/wp-content\/uploads\/2020\/03\/Personal-del-IMSS-protesta-por-falta-de-insumos-y-protocolos-ante-Covid-19-cdmx-mzo.jpg?resize=350%2C200&ssl=1","width":350,"height":200,"srcset":"https:\/\/i0.wp.com\/www.grieta.org.mx\/wp-content\/uploads\/2020\/03\/Personal-del-IMSS-protesta-por-falta-de-insumos-y-protocolos-ante-Covid-19-cdmx-mzo.jpg?resize=350%2C200&ssl=1 1x, https:\/\/i0.wp.com\/www.grieta.org.mx\/wp-content\/uploads\/2020\/03\/Personal-del-IMSS-protesta-por-falta-de-insumos-y-protocolos-ante-Covid-19-cdmx-mzo.jpg?resize=525%2C300&ssl=1 1.5x, https:\/\/i0.wp.com\/www.grieta.org.mx\/wp-content\/uploads\/2020\/03\/Personal-del-IMSS-protesta-por-falta-de-insumos-y-protocolos-ante-Covid-19-cdmx-mzo.jpg?resize=700%2C400&ssl=1 2x, https:\/\/i0.wp.com\/www.grieta.org.mx\/wp-content\/uploads\/2020\/03\/Personal-del-IMSS-protesta-por-falta-de-insumos-y-protocolos-ante-Covid-19-cdmx-mzo.jpg?resize=1050%2C600&ssl=1 3x"},"classes":[]}],"_links":{"self":[{"href":"https:\/\/www.grieta.org.mx\/index.php\/wp-json\/wp\/v2\/posts\/47434","targetHints":{"allow":["GET"]}}],"collection":[{"href":"https:\/\/www.grieta.org.mx\/index.php\/wp-json\/wp\/v2\/posts"}],"about":[{"href":"https:\/\/www.grieta.org.mx\/index.php\/wp-json\/wp\/v2\/types\/post"}],"author":[{"embeddable":true,"href":"https:\/\/www.grieta.org.mx\/index.php\/wp-json\/wp\/v2\/users\/1"}],"replies":[{"embeddable":true,"href":"https:\/\/www.grieta.org.mx\/index.php\/wp-json\/wp\/v2\/comments?post=47434"}],"version-history":[{"count":1,"href":"https:\/\/www.grieta.org.mx\/index.php\/wp-json\/wp\/v2\/posts\/47434\/revisions"}],"predecessor-version":[{"id":47437,"href":"https:\/\/www.grieta.org.mx\/index.php\/wp-json\/wp\/v2\/posts\/47434\/revisions\/47437"}],"wp:featuredmedia":[{"embeddable":true,"href":"https:\/\/www.grieta.org.mx\/index.php\/wp-json\/wp\/v2\/media\/47436"}],"wp:attachment":[{"href":"https:\/\/www.grieta.org.mx\/index.php\/wp-json\/wp\/v2\/media?parent=47434"}],"wp:term":[{"taxonomy":"category","embeddable":true,"href":"https:\/\/www.grieta.org.mx\/index.php\/wp-json\/wp\/v2\/categories?post=47434"},{"taxonomy":"post_tag","embeddable":true,"href":"https:\/\/www.grieta.org.mx\/index.php\/wp-json\/wp\/v2\/tags?post=47434"}],"curies":[{"name":"wp","href":"https:\/\/api.w.org\/{rel}","templated":true}]}}