{"id":47398,"date":"2020-04-08T09:54:03","date_gmt":"2020-04-08T14:54:03","guid":{"rendered":"http:\/\/www.grieta.org.mx\/?p=47398"},"modified":"2020-04-08T17:54:40","modified_gmt":"2020-04-08T22:54:40","slug":"la-lucha-de-lxs-trabajadorxs-de-la-salud-contra-la-covid-19-y-el-abandono-gubernamental","status":"publish","type":"post","link":"https:\/\/www.grieta.org.mx\/index.php\/2020\/04\/08\/la-lucha-de-lxs-trabajadorxs-de-la-salud-contra-la-covid-19-y-el-abandono-gubernamental\/","title":{"rendered":"La lucha de las y los trabajadores de la salud contra la COVID-19 y el abandono gubernamental"},"content":{"rendered":"<blockquote><p><strong>Las protestas de m\u00e9dicos, enfermeras y trabajadores administrativos de hospitales a lo largo del pa\u00eds ponen en evidencia el desmantelamiento del sector salud y la falta de equipos y personal para enfrentar la actual crisis sanitaria.<\/strong><\/p><\/blockquote>\n<figure id=\"attachment_47409\" aria-describedby=\"caption-attachment-47409\" style=\"width: 800px\" class=\"wp-caption aligncenter\"><img loading=\"lazy\" decoding=\"async\" data-attachment-id=\"47409\" data-permalink=\"https:\/\/www.grieta.org.mx\/index.php\/2020\/04\/08\/la-lucha-de-lxs-trabajadorxs-de-la-salud-contra-la-covid-19-y-el-abandono-gubernamental\/fotopasantesmichoacan-2\/\" data-orig-file=\"https:\/\/www.grieta.org.mx\/wp-content\/uploads\/2020\/04\/FotoPasantesMichoacan.jpg\" data-orig-size=\"651,400\" data-comments-opened=\"0\" data-image-meta=\"{&quot;aperture&quot;:&quot;0&quot;,&quot;credit&quot;:&quot;&quot;,&quot;camera&quot;:&quot;&quot;,&quot;caption&quot;:&quot;&quot;,&quot;created_timestamp&quot;:&quot;0&quot;,&quot;copyright&quot;:&quot;&quot;,&quot;focal_length&quot;:&quot;0&quot;,&quot;iso&quot;:&quot;0&quot;,&quot;shutter_speed&quot;:&quot;0&quot;,&quot;title&quot;:&quot;&quot;,&quot;orientation&quot;:&quot;0&quot;}\" data-image-title=\"FotoPasantesMichoacan\" data-image-description=\"\" data-image-caption=\"&lt;p&gt;Foto: Charbell Lucio, El Universal&lt;\/p&gt;\n\" data-medium-file=\"https:\/\/www.grieta.org.mx\/wp-content\/uploads\/2020\/04\/FotoPasantesMichoacan-300x184.jpg\" data-large-file=\"https:\/\/www.grieta.org.mx\/wp-content\/uploads\/2020\/04\/FotoPasantesMichoacan.jpg\" class=\"wp-image-47409\" src=\"http:\/\/www.grieta.org.mx\/wp-content\/uploads\/2020\/04\/FotoPasantesMichoacan.jpg\" alt=\"\" width=\"800\" height=\"492\" srcset=\"https:\/\/www.grieta.org.mx\/wp-content\/uploads\/2020\/04\/FotoPasantesMichoacan.jpg 651w, https:\/\/www.grieta.org.mx\/wp-content\/uploads\/2020\/04\/FotoPasantesMichoacan-300x184.jpg 300w\" sizes=\"auto, (max-width: 800px) 100vw, 800px\" \/><figcaption id=\"caption-attachment-47409\" class=\"wp-caption-text\">Foto: Charbell Lucio, El Universal<\/figcaption><\/figure>\n<p>Colectivo Grieta, 08 de abril de 2020<br \/>\nCiudad de M\u00e9xico.- En las \u00faltimas semanas las protestas de m\u00e9dicos y enfermeras por todo el pa\u00eds han vuelto a llamar la atenci\u00f3n sobre las condiciones de precariedad y abandono del sistema de salud p\u00fablica en M\u00e9xico. La llegada del virus SARS-CoV2, causante de la enfermedad COVID-19 a M\u00e9xico ha sido el contexto en el que se han revitalizado protestas de los trabajadores del sector salud. Dicho sector, que ya se encontraba en un estado lamentable por la falta de equipos e insumos b\u00e1sicos, ha sufrido una reducci\u00f3n presupuestal en t\u00e9rminos reales a partir del gobierno de la autodenominada Cuarta transformaci\u00f3n, con L\u00f3pez Obrador como presidente de la Rep\u00fablica. Las consecuencias de estos recortes no solamente limitan las capacidades del pa\u00eds para hacer frente a la pandemia, sino que, como revelan las m\u00faltiples protestas y los casos de contagios y decesos entre el personal sanitario, han tenido como consecuencia que los trabajadores de la salud deban realizar su labor en condiciones de riesgo que se podr\u00edan evitar si la vida humana fuese una prioridad.<\/p>\n<p><strong>Recortes presupuestales, desabasto de medicinas<\/strong><br \/>\nDesde mayo de 2019, diferentes movilizaciones, tanto de m\u00e9dicos residentes como de enfermeras denunciaron el desabasto de medicinas y equipo en <a href=\"https:\/\/www.grieta.org.mx\/index.php\/2019\/05\/22\/por-recorte-presupuestal-hay-pocos-medicos-y-medicinas-en-24-estados\/\" target=\"_blank\" rel=\"noopener noreferrer\">al menos 24 Estados del pa\u00eds<\/a>. Estas protestas no solo han abarcado a familiares de pacientes de ni\u00f1os con c\u00e1ncer, las cuales recibieron el centro de la atenci\u00f3n medi\u00e1tica, sino que desde mediados de 2019, fueron los propios m\u00e9dicos y empleados de diferentes instancias de seguridad social quienes comenzaron a se\u00f1alar la falta grave de medicamentos en distintas partes del pa\u00eds, en hospitales del IMSS, el ISSSTE, los Institutos Estatales de Seguridad Social e incluso algunos hospitales de referencia nacional en la Ciudad de M\u00e9xico, <a href=\"https:\/\/www.grieta.org.mx\/index.php\/2020\/01\/28\/desabasto-de-medicamentos-se-agudiza-la-crisis-en-el-sector-de-salud-mexicano\/\">acentu\u00e1ndose a inicios de 2020<\/a>.<\/p>\n<p>Adem\u00e1s del desorden administrativo y las disputas entre niveles de gobierno y sectores de la clase pol\u00edtica, el desbasto de medicinas se debe a un gasto p\u00fablico en salud. El gasto en salud en el gobierno de la 4T se ha reducido porque si bien ha habido <a href=\"https:\/\/www.grieta.org.mx\/index.php\/2020\/03\/12\/gobierno-de-amlo-aumento-presupuesto-para-el-sector-salud-pero-lo-redujo-para-vigilancia-epidemiologica\/\">incrementos<\/a> en el monto nominal del gasto en salud (1.3 y 3.4% para 2019 y 2020 respectivamente), estos incrementos no compensan la inflaci\u00f3n acumulada para esos a\u00f1os (4.37% para 2018 y 3.3% en 2019 de acuerdo a cifras del INEGI). Con ello, el gasto per c\u00e1pita en salud permanece desde 2016 en <a href=\"https:\/\/ciep.mx\/la-contraccion-del-gasto-per-capita-en-salud-2010-2020\/\">los niveles m\u00e1s bajos de que se tenga registro<\/a>.<\/p>\n<p>Un caso particularmente fuerte y relevante para crisis actual el del Instituto Nacional de Enfermedades Respiratorias (INER), primer hospital de referencia a donde se dirigen los pacientes con s\u00edntomas de COVID-19. A este hospital para 2020 se le <a href=\"https:\/\/www.grieta.org.mx\/index.php\/2019\/11\/27\/meten-tijeretazo-de-4-mil-mdp-para-2020-a-cancerologia-cardiologia-hospital-infantil\/\">disminuy\u00f3<\/a> el presupuesto 22% con respecto al 2019. Aqu\u00ed trabajadores de la salud se han manifestado en m\u00e1s de una ocasi\u00f3n denunciando el desabasto de insumos b\u00e1sicos para tratar cualquier enfermedad, as\u00ed como la falta de informaci\u00f3n y protocolos para atender a pacientes con s\u00edntomas de COVID-19.<\/p>\n<p>Por ello, en estados como Guanajuato, Michoac\u00e1n, Oaxaca y Tabasco, las protestas por desbasto de medicinas y falta de equipos se desarrollan desde el a\u00f1o 2019. Particularmente notable ha sido la escasez de medicamentos contra el c\u00e1ncer y de algunas vacunas, como la triple viral, pero tambi\u00e9n se ha denunciado la falta de elementos tan indispensables como el agua en al menos una cl\u00ednica de Michoac\u00e1n. Tambi\u00e9n a lo largo de 2019 se realizaron movilizaciones de m\u00e9dicos pasantes en protesta por las condiciones laborales, los despidos injustificados y el maltrato del que son objeto en hospitales federales y <a href=\"https:\/\/www.grieta.org.mx\/index.php\/2019\/10\/23\/medicos-de-hospital-en-guanajuato-denuncian-maltrato\/\">estatales.<\/a><\/p>\n<figure id=\"attachment_47425\" aria-describedby=\"caption-attachment-47425\" style=\"width: 800px\" class=\"wp-caption aligncenter\"><img loading=\"lazy\" decoding=\"async\" data-attachment-id=\"47425\" data-permalink=\"https:\/\/www.grieta.org.mx\/index.php\/2020\/04\/08\/la-lucha-de-lxs-trabajadorxs-de-la-salud-contra-la-covid-19-y-el-abandono-gubernamental\/protesta-imss-onoar7olks4nh6r28epqh2qs8hz34jhe3tdtvnt37s-2\/\" data-orig-file=\"https:\/\/www.grieta.org.mx\/wp-content\/uploads\/2020\/04\/protesta-imss-onoar7olks4nh6r28epqh2qs8hz34jhe3tdtvnt37s-1.jpg\" data-orig-size=\"1140,500\" data-comments-opened=\"0\" data-image-meta=\"{&quot;aperture&quot;:&quot;0&quot;,&quot;credit&quot;:&quot;&quot;,&quot;camera&quot;:&quot;&quot;,&quot;caption&quot;:&quot;&quot;,&quot;created_timestamp&quot;:&quot;0&quot;,&quot;copyright&quot;:&quot;&quot;,&quot;focal_length&quot;:&quot;0&quot;,&quot;iso&quot;:&quot;0&quot;,&quot;shutter_speed&quot;:&quot;0&quot;,&quot;title&quot;:&quot;&quot;,&quot;orientation&quot;:&quot;0&quot;}\" data-image-title=\"protesta-imss-onoar7olks4nh6r28epqh2qs8hz34jhe3tdtvnt37s\" data-image-description=\"\" data-image-caption=\"&lt;p&gt;Foto: Riodoce&lt;\/p&gt;\n\" data-medium-file=\"https:\/\/www.grieta.org.mx\/wp-content\/uploads\/2020\/04\/protesta-imss-onoar7olks4nh6r28epqh2qs8hz34jhe3tdtvnt37s-1-300x132.jpg\" data-large-file=\"https:\/\/www.grieta.org.mx\/wp-content\/uploads\/2020\/04\/protesta-imss-onoar7olks4nh6r28epqh2qs8hz34jhe3tdtvnt37s-1-1024x449.jpg\" class=\"wp-image-47425\" src=\"http:\/\/www.grieta.org.mx\/wp-content\/uploads\/2020\/04\/protesta-imss-onoar7olks4nh6r28epqh2qs8hz34jhe3tdtvnt37s-1.jpg\" alt=\"\" width=\"800\" height=\"351\" srcset=\"https:\/\/www.grieta.org.mx\/wp-content\/uploads\/2020\/04\/protesta-imss-onoar7olks4nh6r28epqh2qs8hz34jhe3tdtvnt37s-1.jpg 1140w, https:\/\/www.grieta.org.mx\/wp-content\/uploads\/2020\/04\/protesta-imss-onoar7olks4nh6r28epqh2qs8hz34jhe3tdtvnt37s-1-300x132.jpg 300w, https:\/\/www.grieta.org.mx\/wp-content\/uploads\/2020\/04\/protesta-imss-onoar7olks4nh6r28epqh2qs8hz34jhe3tdtvnt37s-1-768x337.jpg 768w, https:\/\/www.grieta.org.mx\/wp-content\/uploads\/2020\/04\/protesta-imss-onoar7olks4nh6r28epqh2qs8hz34jhe3tdtvnt37s-1-1024x449.jpg 1024w\" sizes=\"auto, (max-width: 800px) 100vw, 800px\" \/><figcaption id=\"caption-attachment-47425\" class=\"wp-caption-text\">Foto: Riodoce<\/figcaption><\/figure>\n<p>&nbsp;<\/p>\n<p><strong>Por todo el pa\u00eds, m\u00e9dicos reclaman material, personal y equipo suficiente para enfrentar la emergencia sanitaria<\/strong><\/p>\n<p>Aunque en d\u00edas recientes el gobierno Federal declar\u00f3 la situaci\u00f3n de emergencia sanitaria a nivel nacional, los reclamos que desde hace semanas han hecho los trabajadores de la salud siguen sin atenderse debidamente. En m\u00faltiples hospitales se reporta la carencia de materiales elementales como cubrebocas y guantes, para no hablar de los respiradores, equipo esencial para el tratamiento de los enfermos de COVID-19 en estado grave. Muchas de estas carencias ya se experimentaban desde antes de la actual pandemia, pero \u00e9sta las ha hecho m\u00e1s evidentes.<\/p>\n<p>A ra\u00edz de la llegada del virus SARS-CoV2 a M\u00e9xico, se ha evidenciado la falta de protocolos y equipo para atender no s\u00f3lo los casos graves de COVID-19, sino incluso otras enfermedades infecciosas. Quiz\u00e1 el caso m\u00e1s grave sea el del Hospital Regional de Zona No. 7 del IMSS en Coahulia, convertido en un verdadero foco de infecci\u00f3n por el abandono gubernamental y la falta de protocolos adecuados de atenci\u00f3n. All\u00ed, desde el pasado 24 de marzo, m\u00e9dicos y <a href=\"https:\/\/www.grieta.org.mx\/index.php\/2020\/04\/03\/piden-enfermeros-de-hospital-general-de-monclova-se-les-realicen-pruebas-de-covid-19-coahuila\/\">enfermeros<\/a> del Instituto Mexicano del Seguro Social de Monclova denunciaron que estaban &#8220;trabajando sin protecci\u00f3n para evitar contagios del COVID-19&#8221;, a pesar de que a diario estaban recibiendo a pacientes con &#8220;sintomatolog\u00eda del padecimiento como insuficiencia respiratoria, tos, fiebre&#8221;. Adem\u00e1s revelaron que los enfermos con estos s\u00edntomas estaban siendo &#8220;instalados en una sala com\u00fan de urgencias y no en un \u00e1rea asilada como lo indican organismos de salud a nivel mundial&#8221;. En este caso, la indiferencia gubernamental ha llevado a que casi 40 trabajadores de la salud se hayan contagiado y a que al menos un doctor y <a href=\"https:\/\/www.grieta.org.mx\/index.php\/2020\/04\/06\/en-monclova-mueren-doctora-y-padre-de-reportera-sospechoso-de-covid-19-coahuila\/\">una doctora<\/a> hayan fallecido a causa del coronoavirus.<\/p>\n<p>Por ello, las protestas no han sido solo de m\u00e9dicos, por ejemplo, la asociaci\u00f3n M\u00e9dica de Enfermeros de Chihuahua, ha denunciado la falta de insumos m\u00e9dicos, as\u00ed como la nula garant\u00eda en las condiciones de seguridad para los trabajadores de la salud en el <a href=\"https:\/\/www.grieta.org.mx\/index.php\/2020\/04\/05\/grave-indiferencia-de-gobierno-con-el-personal-medico-asociacion-de-medicos-y-enfermeros-chihuahua\/\">estado<\/a>. Por su parte, en distintas partes m\u00e9dicos exigen que se les respete sus derechos laborales porque, adem\u00e1s de estar ejerciendo en condiciones inseguras, sin material indispensable, los contratos de trabajo son precarios. En el contexto actual, los trabajadores de la salud han tenido que comprar con sus precarios salarios materiales como gel <a href=\"https:\/\/www.grieta.org.mx\/index.php\/2020\/04\/01\/medicos-compran-su-propio-material-e-improvisan-ante-casos-de-coronavirus-morelos-cd-mx-edo-mex\/\">gel antibacterial y cubrebocas<\/a>. Esto sucede tambi\u00e9n en Puebla, donde incluso han sido los propios pacientes quienes han comprado los guantes de exploraci\u00f3n para que ausculten a sus pacientes e incluso parte de las medicinas, como se explicaron m\u00e9dicos del <a href=\"https:\/\/www.grieta.org.mx\/index.php\/2020\/03\/26\/de-por-si-no-habia-jeringas-ahora-no-hay-ni-cubrebocas-en-hospital-del-sur-puebla\/\">Hospital Regional Sur<\/a>.<\/p>\n<p>Aunque hasta ahora han ocurrido de manera no coordinada a nivel nacional, las protestas de los y las trabajadoras de la salud se han dirigido contra los tres niveles de gobierno. Desde el caso de los m\u00e9dicos que protestaron contra la presidencia municipal de <a href=\"https:\/\/www.grieta.org.mx\/index.php\/2020\/03\/31\/rebasa-pandemia-servicios-medicos-municipales-ciudad-juarez\/\">Ciudad Ju\u00e1rez <\/a>, de los hospitales estatales de Colima (Cl\u00ednica \u201cDr. Miguel Trejo Ochoa\u201d del <a href=\"https:\/\/www.grieta.org.mx\/index.php\/2020\/03\/25\/exigen-trabajadores-del-issste-equipo-indispensable-para-atender-a-contagiados-de-covid-19-colima\/\">ISSSTE<\/a> y <a href=\"https:\/\/www.grieta.org.mx\/index.php\/2020\/03\/24\/exige-personal-del-hospital-de-tecoman-insumos-para-enfrentar-pandemia-colima\/\">Hospital General de Tecom\u00e1n<\/a>, del hospital General No. 1 del <a href=\"https:\/\/www.grieta.org.mx\/index.php\/2020\/04\/07\/los-desencuentros-en-el-imss-falta-de-equipo-el-reclamo-de-medicos-y-enfermeras-sinaloa\/\">IMSS en Sinaloa<\/a>, en la <a href=\"https:\/\/www.grieta.org.mx\/index.php\/2020\/03\/27\/coronavirus-yucatan-protesta-personal-del-issste-por-falta-de-material\/\">Cl\u00ednica Hospital M\u00e9rida<\/a> y en el <a href=\"https:\/\/www.grieta.org.mx\/index.php\/2020\/04\/02\/protesta-personal-de-urgencias-del-hospital-juarez-por-falta-de-insumos-yucatan\/\">Hospital Ju\u00e1rez<\/a> de Yucat\u00e1n y en hospitales de referencia a nivel nacional (<a href=\"https:\/\/www.grieta.org.mx\/index.php\/2020\/03\/17\/personal-del-iner-protesta-por-falta-de-protocolos-ante-covid-19-ciudad-de-mexico\/\">INER de la Cd Mx<\/a>).Tambi\u00e9n se han realizado protestas en hospitales de Tamaulipas y Zacatecas, siempre se\u00f1alando la falta de condiciones materiales para que los trabajadores de la salud desarrollen su trabajo y puedan protegerse del contagio y eviten ser vectores del virus: escasean los cubrebocas, los guantes, los lentes y las caretas de protecci\u00f3n, hay pocas \u00e1reas de aislamiento para pacientes con COVID-19, no hay jab\u00f3n ni gel antibacterial, faltan respiradores, no se aplican correctamente los protocolos de tratamiento. El desmantelamiento del sistema de salud en M\u00e9xico ha ocurrido a escala nacional.<\/p>\n<p>Las protestas han llegado al extremo de tener que realizar paros en los hospitales para que la voz del personal de atenci\u00f3n a la salud se haga notar. Han ocurrido paros en cl\u00ednicas y hospitales de Coahuila (<a href=\"https:\/\/www.grieta.org.mx\/index.php\/2020\/04\/02\/realizan-paro-en-la-clinica-51-del-imss-en-san-buenaventura-coahuila-no-tienen-insumos\/\">Cl\u00ednica 51 del IMSS<\/a>), en las cl\u00ednicas de Michoac\u00e1n por parte de los <a href=\"https:\/\/www.grieta.org.mx\/index.php\/2020\/03\/27\/pasantes-de-medicina-inician-paro-de-labores-en-michoacan\/\">pasantes de medicina<\/a> y en al menos una cl\u00ednica familiar del <a href=\"https:\/\/www.grieta.org.mx\/index.php\/2020\/03\/30\/aran-medicos-en-ciudad-victoria-y-uruapan-por-falta-de-insumos\/\">ISSSTE en Ciudad Victoria<\/a>. Los m\u00e9dicos y enfermeras han realizado cierres de calles y avenidas en <a href=\"https:\/\/www.grieta.org.mx\/index.php\/2020\/03\/27\/medicos-y-enfermeras-de-imss-en-morelos-protestan-por-falta-de-proteccion-para-atender-pacientes-con-covid-19\/\">Morelos<\/a> y <a href=\"https:\/\/www.grieta.org.mx\/index.php\/2020\/04\/03\/trabajadores-del-imss-bloquean-calles-de-veracruz\/\">Veracruz<\/a>.<\/p>\n<figure id=\"attachment_47427\" aria-describedby=\"caption-attachment-47427\" style=\"width: 800px\" class=\"wp-caption aligncenter\"><img loading=\"lazy\" decoding=\"async\" data-attachment-id=\"47427\" data-permalink=\"https:\/\/www.grieta.org.mx\/index.php\/2020\/04\/08\/la-lucha-de-lxs-trabajadorxs-de-la-salud-contra-la-covid-19-y-el-abandono-gubernamental\/psx_20200403_075304-2\/\" data-orig-file=\"https:\/\/www.grieta.org.mx\/wp-content\/uploads\/2020\/04\/PSX_20200403_075304-1.jpg\" data-orig-size=\"800,600\" data-comments-opened=\"0\" data-image-meta=\"{&quot;aperture&quot;:&quot;1.8&quot;,&quot;credit&quot;:&quot;&quot;,&quot;camera&quot;:&quot;ELE-L04&quot;,&quot;caption&quot;:&quot;&quot;,&quot;created_timestamp&quot;:&quot;1585899727&quot;,&quot;copyright&quot;:&quot;&quot;,&quot;focal_length&quot;:&quot;5.58&quot;,&quot;iso&quot;:&quot;50&quot;,&quot;shutter_speed&quot;:&quot;0.0008&quot;,&quot;title&quot;:&quot;&quot;,&quot;orientation&quot;:&quot;0&quot;}\" data-image-title=\"PSX_20200403_075304\" data-image-description=\"\" data-image-caption=\"&lt;p&gt;Delicias.- A cuatro d\u00edas de trabajar bajo protesta, personal m\u00e9dico del Hospital Regional volvieron a salir para protestar por la nula respuesta del sector salud. Foto: La opci\u00f3n de Chihuahua&lt;\/p&gt;\n\" data-medium-file=\"https:\/\/www.grieta.org.mx\/wp-content\/uploads\/2020\/04\/PSX_20200403_075304-1-300x225.jpg\" data-large-file=\"https:\/\/www.grieta.org.mx\/wp-content\/uploads\/2020\/04\/PSX_20200403_075304-1.jpg\" class=\"size-full wp-image-47427\" src=\"http:\/\/www.grieta.org.mx\/wp-content\/uploads\/2020\/04\/PSX_20200403_075304-1.jpg\" alt=\"\" width=\"800\" height=\"600\" srcset=\"https:\/\/www.grieta.org.mx\/wp-content\/uploads\/2020\/04\/PSX_20200403_075304-1.jpg 800w, https:\/\/www.grieta.org.mx\/wp-content\/uploads\/2020\/04\/PSX_20200403_075304-1-300x225.jpg 300w, https:\/\/www.grieta.org.mx\/wp-content\/uploads\/2020\/04\/PSX_20200403_075304-1-768x576.jpg 768w, https:\/\/www.grieta.org.mx\/wp-content\/uploads\/2020\/04\/PSX_20200403_075304-1-667x500.jpg 667w\" sizes=\"auto, (max-width: 800px) 100vw, 800px\" \/><figcaption id=\"caption-attachment-47427\" class=\"wp-caption-text\">Delicias.- A cuatro d\u00edas de trabajar bajo protesta, personal m\u00e9dico del Hospital Regional volvieron a salir para protestar por la nula respuesta del sector salud. Foto: La opci\u00f3n de Chihuahua<\/figcaption><\/figure>\n<p>Adem\u00e1s de la escasez de medicinas y equipo de protecci\u00f3n, los m\u00e9dicos han denunciado la falta de pruebas diagn\u00f3sticas para SARS-CoV2 en los hospitales de Aguascalientes, Nayarit, San Luis Potos\u00ed y Morelos. En el otros extremo, hospitales que s\u00ed cuentan con reactivos para diagnosticar v\u00eda PCR (reacci\u00f3n en cadena de la polimerasa) el SARS-CoV2, como el INER y el Instituto Nacional de Nutrici\u00f3n Salvador Zubir\u00e1n, el personal ha denunciado que no alcanzan a aplicar la prueba porque los espacios destinados al diagn\u00f3stico en aislamiento de enfermos con s\u00edntomas del COVID-19 est\u00e1n <a href=\"https:\/\/www.grieta.org.mx\/index.php\/2020\/03\/15\/la-travesia-en-busca-de-una-prueba-diagnostica-de-coronavirus-ciudad-de-mexico\/\">saturados<\/a>. Y esto cuando presuntamente no se ha alcanzado el pico en la tasa de contagio. Tampoco al personal de salud que ha estado expuesto se le ha aplicado pruebas de diagn\u00f3stico molecular, y eso ha sido otro motivo de las protestas, por ejemplo en <a href=\"https:\/\/www.grieta.org.mx\/index.php\/2020\/04\/03\/piden-enfermeros-de-hospital-general-de-monclova-se-les-realicen-pruebas-de-covid-19-coahuila\/\">Coahuila<\/a> y <a href=\"https:\/\/www.grieta.org.mx\/index.php\/2020\/04\/01\/imss-realiza-un-genocidio-por-falta-de-protocolos-de-atencion-por-covid-19-jalisco\/\">Jalisco<\/a> .<\/p>\n<p>Gran parte de estas protestas ha ocurrido por fuera de las instancias tradicionales de representaci\u00f3n, como explic\u00f3 <a href=\"https:\/\/www.grieta.org.mx\/index.php\/2020\/04\/03\/trabajadores-del-imss-bloquean-calles-de-veracruz\/\">un enfermera veracruzana<\/a> de Centro M\u00e9dico Adolfo Ruiz Cortines del IMSS: &#8220;(Nuestras demandas) siempre han sido ignoradas tanto por el sindicato como por la empresa, por eso tuvimos que hacer esto, en contra de lo que realmente tendr\u00edamos que haber hecho: guardar nuestra sana distancia y cuarentena. Pero ponemos en riesgo la vida de nosotros, la de nuestros familiares y la de la sociedad a la que nosotros atendemos&#8221;.<\/p>\n<p>Las y los trabajadores del campo y de la ciudad generan todos los d\u00edas con su trabajo la riqueza del pa\u00eds. La emergencia sanitaria ha revelado como esa riqueza no es utilizada para garantizar el derecho b\u00e1sico a la salud, pues el capital y los gobiernos a su servicio, tienen otra prioridad: las ganancias, para eso viven. M\u00e1s a\u00fan, las voces de protesta de los m\u00e9dicos y enfermeras hacen ver como los trabajadores de la salud no les importan a los gobernantes, quienes desde arriba prometen salvar al pa\u00eds y llaman a la pasividad social. Esas voces de protesta comienzan a convertirse en gritos. A\u00fan es temprano para saber si esos gritos se convertir\u00e1n en organizaci\u00f3n.<\/p>\n","protected":false},"excerpt":{"rendered":"<p>Las protestas de m\u00e9dicos, enfermeras y trabajadores administrativos de hospitales a lo largo del pa\u00eds ponen en evidencia el desmantelamiento del sector salud y la falta de equipos y personal &hellip; <a href=\"https:\/\/www.grieta.org.mx\/index.php\/2020\/04\/08\/la-lucha-de-lxs-trabajadorxs-de-la-salud-contra-la-covid-19-y-el-abandono-gubernamental\/\" class=\"more-link\">Leer m\u00e1s<\/a><\/p>\n","protected":false},"author":2,"featured_media":21928,"comment_status":"closed","ping_status":"closed","sticky":false,"template":"","format":"standard","meta":{"ngg_post_thumbnail":0,"_jetpack_newsletter_access":"","_jetpack_dont_email_post_to_subs":false,"_jetpack_newsletter_tier_id":0,"_jetpack_memberships_contains_paywalled_content":false,"_jetpack_memberships_contains_paid_content":false,"footnotes":""},"categories":[80,1775,918,919],"tags":[],"class_list":["post-47398","post","type-post","status-publish","format-standard","has-post-thumbnail","hentry","category-cintillo","category-colectivo-grieta","category-privatizacion-del-sector-salud","category-privatizacion-del-sector-salud-analisis","entry"],"jetpack_featured_media_url":"https:\/\/www.grieta.org.mx\/wp-content\/uploads\/2018\/03\/14524434_1106112876131411_958039263622046936_o.jpg","jetpack_sharing_enabled":true,"jetpack_shortlink":"https:\/\/wp.me\/p7ZJR4-cku","jetpack_likes_enabled":false,"jetpack-related-posts":[{"id":49735,"url":"https:\/\/www.grieta.org.mx\/index.php\/2020\/05\/19\/suman-11-mil-394-casos-acumulados-de-covid-19-en-personal-de-salud\/","url_meta":{"origin":47398,"position":0},"title":"Suman 11 mil 394 casos acumulados de COVID-19 en personal de salud","author":"grieta","date":"19 mayo, 2020","format":false,"excerpt":"Foto: Notimex Diego Santiago \/ Radio F\u00f3rmula De acuerdo con la Secretar\u00eda de Salud, hasta este martes, 149 trabajadores sanitarios fallecieron por complicaciones de la COVID-19 en M\u00e9xico. Hasta este lunes, se han acumulado 11 mil 394 casos de COVID-19 en personal de salud y 149 perdieron la vida. As\u00ed\u2026","rel":"","context":"En &quot;CINTILLO&quot;","block_context":{"text":"CINTILLO","link":"https:\/\/www.grieta.org.mx\/index.php\/category\/cintillo\/"},"img":{"alt_text":"","src":"https:\/\/i0.wp.com\/www.grieta.org.mx\/wp-content\/uploads\/2020\/05\/Suman-11-mil-394-casos-acumulados-de-COVID-19-en-personal-de-salud-salud-may.jpg?resize=350%2C200&ssl=1","width":350,"height":200,"srcset":"https:\/\/i0.wp.com\/www.grieta.org.mx\/wp-content\/uploads\/2020\/05\/Suman-11-mil-394-casos-acumulados-de-COVID-19-en-personal-de-salud-salud-may.jpg?resize=350%2C200&ssl=1 1x, https:\/\/i0.wp.com\/www.grieta.org.mx\/wp-content\/uploads\/2020\/05\/Suman-11-mil-394-casos-acumulados-de-COVID-19-en-personal-de-salud-salud-may.jpg?resize=525%2C300&ssl=1 1.5x"},"classes":[]},{"id":47366,"url":"https:\/\/www.grieta.org.mx\/index.php\/2020\/03\/27\/medicos-y-enfermeras-de-imss-en-morelos-protestan-por-falta-de-proteccion-para-atender-pacientes-con-covid-19\/","url_meta":{"origin":47398,"position":1},"title":"M\u00e9dicos y enfermeras de IMSS en Morelos protestan por falta de protecci\u00f3n para atender pacientes con Covid-19","author":"Admin","date":"27 marzo, 2020","format":false,"excerpt":"Redacci\u00f3n \/ El Heraldo de M\u00e9xico Los trabajadores del sector salud exigieron insumos y equipo adecuado para atender a pacientes contagiados M\u00e9dicos y enfermeras del Instituto Mexicano del Seguro Social (IMSS) en Morelos, evidenciaron la falta de medidas de protecci\u00f3n y seguridad para la atenci\u00f3n de pacientes con covid-19. Los\u2026","rel":"","context":"En &quot;CINTILLO&quot;","block_context":{"text":"CINTILLO","link":"https:\/\/www.grieta.org.mx\/index.php\/category\/cintillo\/"},"img":{"alt_text":"","src":"https:\/\/i0.wp.com\/www.grieta.org.mx\/wp-content\/uploads\/2020\/04\/Screenshot_2020-04-07-M%C3%A9dicos-y-enfermeras-de-IMSS-en-Morelos-protestan-por-falta-de-protecci%C3%B3n-para-atender-pacientes-con-....png?resize=350%2C200&ssl=1","width":350,"height":200,"srcset":"https:\/\/i0.wp.com\/www.grieta.org.mx\/wp-content\/uploads\/2020\/04\/Screenshot_2020-04-07-M%C3%A9dicos-y-enfermeras-de-IMSS-en-Morelos-protestan-por-falta-de-protecci%C3%B3n-para-atender-pacientes-con-....png?resize=350%2C200&ssl=1 1x, https:\/\/i0.wp.com\/www.grieta.org.mx\/wp-content\/uploads\/2020\/04\/Screenshot_2020-04-07-M%C3%A9dicos-y-enfermeras-de-IMSS-en-Morelos-protestan-por-falta-de-protecci%C3%B3n-para-atender-pacientes-con-....png?resize=525%2C300&ssl=1 1.5x, https:\/\/i0.wp.com\/www.grieta.org.mx\/wp-content\/uploads\/2020\/04\/Screenshot_2020-04-07-M%C3%A9dicos-y-enfermeras-de-IMSS-en-Morelos-protestan-por-falta-de-protecci%C3%B3n-para-atender-pacientes-con-....png?resize=700%2C400&ssl=1 2x, https:\/\/i0.wp.com\/www.grieta.org.mx\/wp-content\/uploads\/2020\/04\/Screenshot_2020-04-07-M%C3%A9dicos-y-enfermeras-de-IMSS-en-Morelos-protestan-por-falta-de-protecci%C3%B3n-para-atender-pacientes-con-....png?resize=1050%2C600&ssl=1 3x"},"classes":[]},{"id":63373,"url":"https:\/\/www.grieta.org.mx\/index.php\/2022\/02\/12\/enfermeras-quedan-sin-trabajo-y-hasta-mueren-por-covid-19-quintana-roo\/","url_meta":{"origin":47398,"position":2},"title":"Enfermeras quedan sin trabajo y hasta mueren por COVID-19 (Quintana Roo)","author":"grieta","date":"12 febrero, 2022","format":false,"excerpt":"Efr\u00e9n Mart\u00edn \/ La Verdad Al menos el 70 por ciento de los 400 trabajadores de la salud que se desempe\u00f1aban como suplentes y que no fueron recontratados por la Secretar\u00eda de Salud al concluir enero, han dado positivo a COVID-19 y de ellos, ocho fallecieron sin recibir ning\u00fan tipo\u2026","rel":"","context":"En &quot;CINTILLO&quot;","block_context":{"text":"CINTILLO","link":"https:\/\/www.grieta.org.mx\/index.php\/category\/cintillo\/"},"img":{"alt_text":"","src":"https:\/\/i0.wp.com\/www.grieta.org.mx\/wp-content\/uploads\/2022\/02\/Enfermeras-e1644797796592.png?resize=350%2C200&ssl=1","width":350,"height":200,"srcset":"https:\/\/i0.wp.com\/www.grieta.org.mx\/wp-content\/uploads\/2022\/02\/Enfermeras-e1644797796592.png?resize=350%2C200&ssl=1 1x, https:\/\/i0.wp.com\/www.grieta.org.mx\/wp-content\/uploads\/2022\/02\/Enfermeras-e1644797796592.png?resize=525%2C300&ssl=1 1.5x, https:\/\/i0.wp.com\/www.grieta.org.mx\/wp-content\/uploads\/2022\/02\/Enfermeras-e1644797796592.png?resize=700%2C400&ssl=1 2x"},"classes":[]},{"id":51347,"url":"https:\/\/www.grieta.org.mx\/index.php\/2020\/06\/25\/protestaran-el-1-de-julio-trabajadores-de-la-salud-en-guadalajara-y-12-estados\/","url_meta":{"origin":47398,"position":3},"title":"Protestar\u00e1n el 1 de julio, trabajadores de la salud en Guadalajara y 12 estados","author":"grieta","date":"25 junio, 2020","format":false,"excerpt":"Foto: Ignacio P\u00e9rez Vega Ignacio P\u00e9rez Vega \/ UDGTV Guadalajara. El pr\u00f3ximo mi\u00e9rcoles 1 de julio a las 12:00 horas, al cumplirse el segundo a\u00f1o del triunfo electoral de Andr\u00e9s Manuel L\u00f3pez Obrador, trabajadores del IMSS y de la Secretar\u00eda de Salud realizar\u00e1n una manifestaci\u00f3n en plaza Universidad, en el\u2026","rel":"","context":"En &quot;CINTILLO&quot;","block_context":{"text":"CINTILLO","link":"https:\/\/www.grieta.org.mx\/index.php\/category\/cintillo\/"},"img":{"alt_text":"","src":"https:\/\/i0.wp.com\/www.grieta.org.mx\/wp-content\/uploads\/2020\/06\/Protesta-Trabajadores-Ignacio-P%C3%A9rez-Vega-696x928.jpeg?resize=350%2C200&ssl=1","width":350,"height":200,"srcset":"https:\/\/i0.wp.com\/www.grieta.org.mx\/wp-content\/uploads\/2020\/06\/Protesta-Trabajadores-Ignacio-P%C3%A9rez-Vega-696x928.jpeg?resize=350%2C200&ssl=1 1x, https:\/\/i0.wp.com\/www.grieta.org.mx\/wp-content\/uploads\/2020\/06\/Protesta-Trabajadores-Ignacio-P%C3%A9rez-Vega-696x928.jpeg?resize=525%2C300&ssl=1 1.5x"},"classes":[]},{"id":51425,"url":"https:\/\/www.grieta.org.mx\/index.php\/2020\/06\/26\/personal-de-salud-critica-nula-mejora-de-condicion-laboral-vs-covid\/","url_meta":{"origin":47398,"position":4},"title":"Personal de Salud critica nula mejora de condici\u00f3n laboral vs covid","author":"grieta","date":"26 junio, 2020","format":false,"excerpt":"Foto: La Silla Rota Manifestantes advierten que en una semana van 121 muertes de trabajadores de la salud a causa de covid, sumando un total de 584 decesos y 39 mil 32 contagias Mariluz Rold\u00e1n \/ La Silla Rota La\u00a0Uni\u00f3n Nacional de Trabajadores por la Salud de M\u00e9xico\u00a0se\u00f1al\u00f3 que no\u2026","rel":"","context":"En &quot;CINTILLO&quot;","block_context":{"text":"CINTILLO","link":"https:\/\/www.grieta.org.mx\/index.php\/category\/cintillo\/"},"img":{"alt_text":"","src":"https:\/\/i0.wp.com\/www.grieta.org.mx\/wp-content\/uploads\/2020\/06\/whatsappimage20200626at13.40.55-focus-0-min0.39-983-557.jpg?resize=350%2C200&ssl=1","width":350,"height":200,"srcset":"https:\/\/i0.wp.com\/www.grieta.org.mx\/wp-content\/uploads\/2020\/06\/whatsappimage20200626at13.40.55-focus-0-min0.39-983-557.jpg?resize=350%2C200&ssl=1 1x, https:\/\/i0.wp.com\/www.grieta.org.mx\/wp-content\/uploads\/2020\/06\/whatsappimage20200626at13.40.55-focus-0-min0.39-983-557.jpg?resize=525%2C300&ssl=1 1.5x, https:\/\/i0.wp.com\/www.grieta.org.mx\/wp-content\/uploads\/2020\/06\/whatsappimage20200626at13.40.55-focus-0-min0.39-983-557.jpg?resize=700%2C400&ssl=1 2x"},"classes":[]},{"id":47564,"url":"https:\/\/www.grieta.org.mx\/index.php\/2020\/03\/30\/protestan-medicos-de-hospitales-de-naucalpan-atizapan-y-coacalco-por-falta-de-insumos-estado-de-mexico\/","url_meta":{"origin":47398,"position":5},"title":"Protestan m\u00e9dicos de hospitales de Naucalpan, Atizap\u00e1n y Coacalco por falta de insumos (Estado de M\u00e9xico)","author":"grieta","date":"30 marzo, 2020","format":false,"excerpt":"Foto: Patricia Venegas \/ El Sol de Toluca Patricia Venegas \/ El Sol de Toluca Temen personal del sector salud infectarse por el COVID-19 M\u00e9dicos y enfermeras de los Hospitales Generales Salvador Gonz\u00e1lez Herrejon de Atizap\u00e1n, Maximiliano Ruiz Casta\u00f1eda de Naucalpan y del Centro de Salud de Coacalco realizaron protestas\u2026","rel":"","context":"En &quot;CINTILLO&quot;","block_context":{"text":"CINTILLO","link":"https:\/\/www.grieta.org.mx\/index.php\/category\/cintillo\/"},"img":{"alt_text":"","src":"https:\/\/i0.wp.com\/www.grieta.org.mx\/wp-content\/uploads\/2020\/04\/Protestan-m%C3%A9dicos-de-hospitales-de-Naucalpan-Atizap%C3%A1n-y-Coacalco-por-falta-de-insumos-edomex-abr.jpg?resize=350%2C200&ssl=1","width":350,"height":200,"srcset":"https:\/\/i0.wp.com\/www.grieta.org.mx\/wp-content\/uploads\/2020\/04\/Protestan-m%C3%A9dicos-de-hospitales-de-Naucalpan-Atizap%C3%A1n-y-Coacalco-por-falta-de-insumos-edomex-abr.jpg?resize=350%2C200&ssl=1 1x, https:\/\/i0.wp.com\/www.grieta.org.mx\/wp-content\/uploads\/2020\/04\/Protestan-m%C3%A9dicos-de-hospitales-de-Naucalpan-Atizap%C3%A1n-y-Coacalco-por-falta-de-insumos-edomex-abr.jpg?resize=525%2C300&ssl=1 1.5x, https:\/\/i0.wp.com\/www.grieta.org.mx\/wp-content\/uploads\/2020\/04\/Protestan-m%C3%A9dicos-de-hospitales-de-Naucalpan-Atizap%C3%A1n-y-Coacalco-por-falta-de-insumos-edomex-abr.jpg?resize=700%2C400&ssl=1 2x"},"classes":[]}],"_links":{"self":[{"href":"https:\/\/www.grieta.org.mx\/index.php\/wp-json\/wp\/v2\/posts\/47398","targetHints":{"allow":["GET"]}}],"collection":[{"href":"https:\/\/www.grieta.org.mx\/index.php\/wp-json\/wp\/v2\/posts"}],"about":[{"href":"https:\/\/www.grieta.org.mx\/index.php\/wp-json\/wp\/v2\/types\/post"}],"author":[{"embeddable":true,"href":"https:\/\/www.grieta.org.mx\/index.php\/wp-json\/wp\/v2\/users\/2"}],"replies":[{"embeddable":true,"href":"https:\/\/www.grieta.org.mx\/index.php\/wp-json\/wp\/v2\/comments?post=47398"}],"version-history":[{"count":1,"href":"https:\/\/www.grieta.org.mx\/index.php\/wp-json\/wp\/v2\/posts\/47398\/revisions"}],"predecessor-version":[{"id":47469,"href":"https:\/\/www.grieta.org.mx\/index.php\/wp-json\/wp\/v2\/posts\/47398\/revisions\/47469"}],"wp:featuredmedia":[{"embeddable":true,"href":"https:\/\/www.grieta.org.mx\/index.php\/wp-json\/wp\/v2\/media\/21928"}],"wp:attachment":[{"href":"https:\/\/www.grieta.org.mx\/index.php\/wp-json\/wp\/v2\/media?parent=47398"}],"wp:term":[{"taxonomy":"category","embeddable":true,"href":"https:\/\/www.grieta.org.mx\/index.php\/wp-json\/wp\/v2\/categories?post=47398"},{"taxonomy":"post_tag","embeddable":true,"href":"https:\/\/www.grieta.org.mx\/index.php\/wp-json\/wp\/v2\/tags?post=47398"}],"curies":[{"name":"wp","href":"https:\/\/api.w.org\/{rel}","templated":true}]}}